{"id":9883,"date":"2021-12-01T11:20:00","date_gmt":"2021-12-01T10:20:00","guid":{"rendered":"https:\/\/steuerportal.ch\/?post_type=sht_proarticle&#038;p=9883"},"modified":"2021-12-03T17:13:38","modified_gmt":"2021-12-03T16:13:38","slug":"blickpunkt-bundesbern-5-2021","status":"publish","type":"sht_proarticle","link":"https:\/\/steuerportal.ch\/fr\/articles-specialises\/blickpunkt-bundesbern-5-2021\/","title":{"rendered":"Blickpunkt Bundesbern 5-2021"},"content":{"rendered":"","protected":true},"excerpt":{"rendered":"<p>Herbstsession 2021 der eidgen\u00f6ssischen R\u00e4te: Die eidgen\u00f6ssischen R\u00e4te beschliessen die Erh\u00f6hung des Abzugs f\u00fcr Kinderbetreuungskosten. Der Nationalrat stimmt der Reform der Verrechnungssteuer zu, der St\u00e4nderat will den Eigenmietwert abschaffen. Der Vorstoss f\u00fcr einen Einheitssatz bei der Mehrwertsteuer scheitert fr\u00fchzeitig.<\/p>\n","protected":false},"author":4,"featured_media":0,"template":"","meta":{"_acf_changed":false,"authors":[{"ID":13,"display_name":"Fabian Baumer","first_name":"Fabian","last_name":"Baumer","description":"<p>Lic. iur., Rechtsanwalt, dipl. Steuerexperte, Vizedirektor der Eidgen\u00f6ssischen Steuerverwaltung, Leiter Hauptabteilung Steuerpolitik<\/p>\n","image":"https:\/\/steuerportal.ch\/wp-content\/uploads\/2025\/01\/Baumer_Fabian_sw-1-220x220.jpg","organiser_data":[],"url":"https:\/\/steuerportal.ch\/fr\/autoren\/fabian-baumer\/"}],"related_sht_promodule":["<a href=\"https:\/\/steuerportal.ch\/fachmodule\/steuerrevue\/steuerpolitik\/\">Steuer Revue &#8594; Steuerpolitik<\/a>"],"pdf":"https:\/\/steuerportal.ch\/fr\/articles-specialises\/blickpunkt-bundesbern-5-2021\/shtpdf\/","language":"de"},"sht_proarticle_category":[258],"sht_proarticle_tag":[],"class_list":["post-9883","sht_proarticle","type-sht_proarticle","status-publish","hentry","sht_proarticle_category-steuerpolitik"],"acf":{"authors":[13]},"shp_steuerportal_must_use":{"translations":[{"id":9883,"link":"https:\/\/steuerportal.ch\/fr\/articles-specialises\/blickpunkt-bundesbern-5-2021\/","title":{"rendered":"Blickpunkt Bundesbern 5-2021"},"language":"de"}]},"yoast_head":"<!-- This site is optimized with the Yoast SEO plugin v27.5 - https:\/\/yoast.com\/product\/yoast-seo-wordpress\/ -->\n<title>Blickpunkt Bundesbern 5-2021 &#8226; steuerportal.ch<\/title>\n<meta name=\"robots\" content=\"index, follow, max-snippet:-1, max-image-preview:large, max-video-preview:-1\" \/>\n<link rel=\"canonical\" href=\"https:\/\/steuerportal.ch\/fr\/articles-specialises\/blickpunkt-bundesbern-5-2021\/\" \/>\n<meta property=\"og:locale\" content=\"fr_FR\" \/>\n<meta property=\"og:type\" content=\"article\" \/>\n<meta property=\"og:title\" content=\"Blickpunkt Bundesbern 5-2021 &#8226; steuerportal.ch\" \/>\n<meta property=\"og:description\" content=\"Herbstsession 2021 der eidgen\u00f6ssischen R\u00e4te: Die eidgen\u00f6ssischen R\u00e4te beschliessen die Erh\u00f6hung des Abzugs f\u00fcr Kinderbetreuungskosten. Der Nationalrat stimmt der Reform der Verrechnungssteuer zu, der St\u00e4nderat will den Eigenmietwert abschaffen. Der Vorstoss f\u00fcr einen Einheitssatz bei der Mehrwertsteuer scheitert fr\u00fchzeitig.\" \/>\n<meta property=\"og:url\" content=\"https:\/\/steuerportal.ch\/fr\/articles-specialises\/blickpunkt-bundesbern-5-2021\/\" \/>\n<meta property=\"og:site_name\" content=\"steuerportal.ch\" \/>\n<meta property=\"article:modified_time\" content=\"2021-12-03T16:13:38+00:00\" \/>\n<meta name=\"twitter:card\" content=\"summary_large_image\" \/>\n<meta name=\"twitter:label1\" content=\"Dur\u00e9e de lecture estim\u00e9e\" \/>\n\t<meta name=\"twitter:data1\" content=\"3 minutes\" \/>\n<script type=\"application\/ld+json\" class=\"yoast-schema-graph\">{\"@context\":\"https:\\\/\\\/schema.org\",\"@graph\":[{\"@type\":\"WebPage\",\"@id\":\"https:\\\/\\\/steuerportal.ch\\\/fr\\\/articles-specialises\\\/blickpunkt-bundesbern-5-2021\\\/\",\"url\":\"https:\\\/\\\/steuerportal.ch\\\/fr\\\/articles-specialises\\\/blickpunkt-bundesbern-5-2021\\\/\",\"name\":\"Blickpunkt Bundesbern 5-2021 &#8226; steuerportal.ch\",\"isPartOf\":{\"@id\":\"https:\\\/\\\/steuerportal.ch\\\/fr\\\/#website\"},\"datePublished\":\"2021-12-01T10:20:00+00:00\",\"dateModified\":\"2021-12-03T16:13:38+00:00\",\"breadcrumb\":{\"@id\":\"https:\\\/\\\/steuerportal.ch\\\/fr\\\/articles-specialises\\\/blickpunkt-bundesbern-5-2021\\\/#breadcrumb\"},\"inLanguage\":\"fr-FR\",\"potentialAction\":[{\"@type\":\"ReadAction\",\"target\":[\"https:\\\/\\\/steuerportal.ch\\\/fr\\\/articles-specialises\\\/blickpunkt-bundesbern-5-2021\\\/\"]}]},{\"@type\":\"BreadcrumbList\",\"@id\":\"https:\\\/\\\/steuerportal.ch\\\/fr\\\/articles-specialises\\\/blickpunkt-bundesbern-5-2021\\\/#breadcrumb\",\"itemListElement\":[{\"@type\":\"ListItem\",\"position\":1,\"name\":\"Page d'accueil\",\"item\":\"https:\\\/\\\/steuerportal.ch\\\/fr\\\/\"},{\"@type\":\"ListItem\",\"position\":2,\"name\":\"Fachartikel\",\"item\":\"https:\\\/\\\/steuerportal.ch\\\/fr\\\/articles-specialises\\\/\"},{\"@type\":\"ListItem\",\"position\":3,\"name\":\"Blickpunkt Bundesbern 5-2021\"}]},{\"@type\":\"WebSite\",\"@id\":\"https:\\\/\\\/steuerportal.ch\\\/fr\\\/#website\",\"url\":\"https:\\\/\\\/steuerportal.ch\\\/fr\\\/\",\"name\":\"steuerportal.ch\",\"description\":\"Le portail suisse sp\u00e9cialis\u00e9 dans le domaine des imp\u00f4ts\",\"publisher\":{\"@id\":\"https:\\\/\\\/steuerportal.ch\\\/fr\\\/#organization\"},\"potentialAction\":[{\"@type\":\"SearchAction\",\"target\":{\"@type\":\"EntryPoint\",\"urlTemplate\":\"https:\\\/\\\/steuerportal.ch\\\/fr\\\/?s={search_term_string}\"},\"query-input\":{\"@type\":\"PropertyValueSpecification\",\"valueRequired\":true,\"valueName\":\"search_term_string\"}}],\"inLanguage\":\"fr-FR\"},{\"@type\":\"Organization\",\"@id\":\"https:\\\/\\\/steuerportal.ch\\\/fr\\\/#organization\",\"name\":\"Steuerportal (Cosmos Verlag)\",\"url\":\"https:\\\/\\\/steuerportal.ch\\\/fr\\\/\",\"logo\":{\"@type\":\"ImageObject\",\"inLanguage\":\"fr-FR\",\"@id\":\"https:\\\/\\\/steuerportal.ch\\\/fr\\\/#\\\/schema\\\/logo\\\/image\\\/\",\"url\":\"https:\\\/\\\/steuerportal.ch\\\/wp-content\\\/uploads\\\/2021\\\/06\\\/cosmos_c-strich_h_positiv_bunt.svg\",\"contentUrl\":\"https:\\\/\\\/steuerportal.ch\\\/wp-content\\\/uploads\\\/2021\\\/06\\\/cosmos_c-strich_h_positiv_bunt.svg\",\"width\":191,\"height\":44,\"caption\":\"Steuerportal (Cosmos Verlag)\"},\"image\":{\"@id\":\"https:\\\/\\\/steuerportal.ch\\\/fr\\\/#\\\/schema\\\/logo\\\/image\\\/\"}}]}<\/script>\n<!-- \/ Yoast SEO plugin. -->","yoast_head_json":{"title":"Blickpunkt Bundesbern 5-2021 &#8226; steuerportal.ch","robots":{"index":"index","follow":"follow","max-snippet":"max-snippet:-1","max-image-preview":"max-image-preview:large","max-video-preview":"max-video-preview:-1"},"canonical":"https:\/\/steuerportal.ch\/fr\/articles-specialises\/blickpunkt-bundesbern-5-2021\/","og_locale":"fr_FR","og_type":"article","og_title":"Blickpunkt Bundesbern 5-2021 &#8226; steuerportal.ch","og_description":"Herbstsession 2021 der eidgen\u00f6ssischen R\u00e4te: Die eidgen\u00f6ssischen R\u00e4te beschliessen die Erh\u00f6hung des Abzugs f\u00fcr Kinderbetreuungskosten. Der Nationalrat stimmt der Reform der Verrechnungssteuer zu, der St\u00e4nderat will den Eigenmietwert abschaffen. Der Vorstoss f\u00fcr einen Einheitssatz bei der Mehrwertsteuer scheitert fr\u00fchzeitig.","og_url":"https:\/\/steuerportal.ch\/fr\/articles-specialises\/blickpunkt-bundesbern-5-2021\/","og_site_name":"steuerportal.ch","article_modified_time":"2021-12-03T16:13:38+00:00","twitter_card":"summary_large_image","twitter_misc":{"Dur\u00e9e de lecture estim\u00e9e":"3 minutes"},"schema":{"@context":"https:\/\/schema.org","@graph":[{"@type":"WebPage","@id":"https:\/\/steuerportal.ch\/fr\/articles-specialises\/blickpunkt-bundesbern-5-2021\/","url":"https:\/\/steuerportal.ch\/fr\/articles-specialises\/blickpunkt-bundesbern-5-2021\/","name":"Blickpunkt Bundesbern 5-2021 &#8226; steuerportal.ch","isPartOf":{"@id":"https:\/\/steuerportal.ch\/fr\/#website"},"datePublished":"2021-12-01T10:20:00+00:00","dateModified":"2021-12-03T16:13:38+00:00","breadcrumb":{"@id":"https:\/\/steuerportal.ch\/fr\/articles-specialises\/blickpunkt-bundesbern-5-2021\/#breadcrumb"},"inLanguage":"fr-FR","potentialAction":[{"@type":"ReadAction","target":["https:\/\/steuerportal.ch\/fr\/articles-specialises\/blickpunkt-bundesbern-5-2021\/"]}]},{"@type":"BreadcrumbList","@id":"https:\/\/steuerportal.ch\/fr\/articles-specialises\/blickpunkt-bundesbern-5-2021\/#breadcrumb","itemListElement":[{"@type":"ListItem","position":1,"name":"Page d'accueil","item":"https:\/\/steuerportal.ch\/fr\/"},{"@type":"ListItem","position":2,"name":"Fachartikel","item":"https:\/\/steuerportal.ch\/fr\/articles-specialises\/"},{"@type":"ListItem","position":3,"name":"Blickpunkt Bundesbern 5-2021"}]},{"@type":"WebSite","@id":"https:\/\/steuerportal.ch\/fr\/#website","url":"https:\/\/steuerportal.ch\/fr\/","name":"steuerportal.ch","description":"Le portail suisse sp\u00e9cialis\u00e9 dans le domaine des imp\u00f4ts","publisher":{"@id":"https:\/\/steuerportal.ch\/fr\/#organization"},"potentialAction":[{"@type":"SearchAction","target":{"@type":"EntryPoint","urlTemplate":"https:\/\/steuerportal.ch\/fr\/?s={search_term_string}"},"query-input":{"@type":"PropertyValueSpecification","valueRequired":true,"valueName":"search_term_string"}}],"inLanguage":"fr-FR"},{"@type":"Organization","@id":"https:\/\/steuerportal.ch\/fr\/#organization","name":"Steuerportal (Cosmos Verlag)","url":"https:\/\/steuerportal.ch\/fr\/","logo":{"@type":"ImageObject","inLanguage":"fr-FR","@id":"https:\/\/steuerportal.ch\/fr\/#\/schema\/logo\/image\/","url":"https:\/\/steuerportal.ch\/wp-content\/uploads\/2021\/06\/cosmos_c-strich_h_positiv_bunt.svg","contentUrl":"https:\/\/steuerportal.ch\/wp-content\/uploads\/2021\/06\/cosmos_c-strich_h_positiv_bunt.svg","width":191,"height":44,"caption":"Steuerportal (Cosmos Verlag)"},"image":{"@id":"https:\/\/steuerportal.ch\/fr\/#\/schema\/logo\/image\/"}}]}},"_links":{"self":[{"href":"https:\/\/steuerportal.ch\/fr\/wp-json\/wp\/v2\/sht_proarticle\/9883","targetHints":{"allow":["GET"]}}],"collection":[{"href":"https:\/\/steuerportal.ch\/fr\/wp-json\/wp\/v2\/sht_proarticle"}],"about":[{"href":"https:\/\/steuerportal.ch\/fr\/wp-json\/wp\/v2\/types\/sht_proarticle"}],"author":[{"embeddable":true,"href":"https:\/\/steuerportal.ch\/fr\/wp-json\/wp\/v2\/users\/4"}],"version-history":[{"count":0,"href":"https:\/\/steuerportal.ch\/fr\/wp-json\/wp\/v2\/sht_proarticle\/9883\/revisions"}],"acf:user":[{"embeddable":true,"href":"https:\/\/steuerportal.ch\/fr\/wp-json\/wp\/v2\/users\/13"}],"wp:attachment":[{"href":"https:\/\/steuerportal.ch\/fr\/wp-json\/wp\/v2\/media?parent=9883"}],"wp:term":[{"taxonomy":"sht_proarticle_category","embeddable":true,"href":"https:\/\/steuerportal.ch\/fr\/wp-json\/wp\/v2\/sht_proarticle_category?post=9883"},{"taxonomy":"sht_proarticle_tag","embeddable":true,"href":"https:\/\/steuerportal.ch\/fr\/wp-json\/wp\/v2\/sht_proarticle_tag?post=9883"}],"curies":[{"name":"wp","href":"https:\/\/api.w.org\/{rel}","templated":true}]}}