{"id":6373,"date":"2021-03-29T10:18:36","date_gmt":"2021-03-29T08:18:36","guid":{"rendered":"https:\/\/steuerportal.ch\/?post_type=sht_proarticle&#038;p=6373"},"modified":"2021-03-29T23:27:15","modified_gmt":"2021-03-29T21:27:15","slug":"post-brexit-das-freihandelsabkommen-der-europaeischen-union-mit-dem-vereinigten-koenigreich","status":"publish","type":"sht_proarticle","link":"https:\/\/steuerportal.ch\/fr\/articles-specialises\/post-brexit-das-freihandelsabkommen-der-europaeischen-union-mit-dem-vereinigten-koenigreich\/","title":{"rendered":"Post-BREXIT: das Freihandelsabkommen der Europ\u00e4ischen Union mit dem Vereinigten K\u00f6nigreich"},"content":{"rendered":"","protected":true},"excerpt":{"rendered":"<p>Der Beitrag von Annette Reiser nimmt die Pr\u00e4ferenzregelungen des in letzter Minute zustande gekommenen Freihandelsabkommens der EU mit dem Vereinigten K\u00f6nigreich in den Blick und arbeitet ihre Bedeutung insbesondere auch f\u00fcr Schweizer Unternehmen heraus.<\/p>\n","protected":false},"author":4,"featured_media":0,"template":"","meta":{"_acf_changed":false,"authors":[{"ID":56,"display_name":"Annette Reiser","first_name":"Annette","last_name":"Reiser","description":"<p>Rechtsanw\u00e4ltin<\/p>\n","image":"https:\/\/steuerportal.ch\/wp-content\/uploads\/2020\/03\/annette_reiser-220x220.jpg","organiser_data":[],"url":"https:\/\/steuerportal.ch\/fr\/autoren\/annette-reiser\/"}],"related_sht_promodule":["<a href=\"https:\/\/steuerportal.ch\/fachmodule\/zollrevue\/abhandlungen\/\">Zoll Revue &#8594; Abhandlungen<\/a>"],"pdf":"https:\/\/steuerportal.ch\/fr\/articles-specialises\/post-brexit-das-freihandelsabkommen-der-europaeischen-union-mit-dem-vereinigten-koenigreich\/shtpdf\/","language":"de"},"sht_proarticle_category":[281],"sht_proarticle_tag":[],"class_list":["post-6373","sht_proarticle","type-sht_proarticle","status-publish","hentry","sht_proarticle_category-abhandlungen-2"],"acf":{"authors":[56]},"shp_steuerportal_must_use":{"translations":[{"id":6373,"link":"https:\/\/steuerportal.ch\/fr\/articles-specialises\/post-brexit-das-freihandelsabkommen-der-europaeischen-union-mit-dem-vereinigten-koenigreich\/","title":{"rendered":"Post-BREXIT: das Freihandelsabkommen der Europ\u00e4ischen Union mit dem Vereinigten K\u00f6nigreich"},"language":"de"}]},"yoast_head":"<!-- This site is optimized with the Yoast SEO plugin v27.5 - https:\/\/yoast.com\/product\/yoast-seo-wordpress\/ -->\n<title>Post-BREXIT: das Freihandelsabkommen der Europ\u00e4ischen Union mit dem Vereinigten K\u00f6nigreich &#8226; steuerportal.ch<\/title>\n<meta name=\"robots\" content=\"index, follow, max-snippet:-1, max-image-preview:large, max-video-preview:-1\" \/>\n<link rel=\"canonical\" href=\"https:\/\/steuerportal.ch\/fr\/articles-specialises\/post-brexit-das-freihandelsabkommen-der-europaeischen-union-mit-dem-vereinigten-koenigreich\/\" \/>\n<meta property=\"og:locale\" content=\"fr_FR\" \/>\n<meta property=\"og:type\" content=\"article\" \/>\n<meta property=\"og:title\" content=\"Post-BREXIT: das Freihandelsabkommen der Europ\u00e4ischen Union mit dem Vereinigten K\u00f6nigreich &#8226; steuerportal.ch\" \/>\n<meta property=\"og:description\" content=\"Der Beitrag von Annette Reiser nimmt die Pr\u00e4ferenzregelungen des in letzter Minute zustande gekommenen Freihandelsabkommens der EU mit dem Vereinigten K\u00f6nigreich in den Blick und arbeitet ihre Bedeutung insbesondere auch f\u00fcr Schweizer Unternehmen heraus.\" \/>\n<meta property=\"og:url\" content=\"https:\/\/steuerportal.ch\/fr\/articles-specialises\/post-brexit-das-freihandelsabkommen-der-europaeischen-union-mit-dem-vereinigten-koenigreich\/\" \/>\n<meta property=\"og:site_name\" content=\"steuerportal.ch\" \/>\n<meta property=\"article:modified_time\" content=\"2021-03-29T21:27:15+00:00\" \/>\n<meta name=\"twitter:card\" content=\"summary_large_image\" \/>\n<meta name=\"twitter:label1\" content=\"Dur\u00e9e de lecture estim\u00e9e\" \/>\n\t<meta name=\"twitter:data1\" content=\"9 minutes\" \/>\n<script type=\"application\/ld+json\" class=\"yoast-schema-graph\">{\"@context\":\"https:\\\/\\\/schema.org\",\"@graph\":[{\"@type\":\"WebPage\",\"@id\":\"https:\\\/\\\/steuerportal.ch\\\/fr\\\/articles-specialises\\\/post-brexit-das-freihandelsabkommen-der-europaeischen-union-mit-dem-vereinigten-koenigreich\\\/\",\"url\":\"https:\\\/\\\/steuerportal.ch\\\/fr\\\/articles-specialises\\\/post-brexit-das-freihandelsabkommen-der-europaeischen-union-mit-dem-vereinigten-koenigreich\\\/\",\"name\":\"Post-BREXIT: das Freihandelsabkommen der Europ\u00e4ischen Union mit dem Vereinigten K\u00f6nigreich &#8226; steuerportal.ch\",\"isPartOf\":{\"@id\":\"https:\\\/\\\/steuerportal.ch\\\/fr\\\/#website\"},\"datePublished\":\"2021-03-29T08:18:36+00:00\",\"dateModified\":\"2021-03-29T21:27:15+00:00\",\"breadcrumb\":{\"@id\":\"https:\\\/\\\/steuerportal.ch\\\/fr\\\/articles-specialises\\\/post-brexit-das-freihandelsabkommen-der-europaeischen-union-mit-dem-vereinigten-koenigreich\\\/#breadcrumb\"},\"inLanguage\":\"fr-FR\",\"potentialAction\":[{\"@type\":\"ReadAction\",\"target\":[\"https:\\\/\\\/steuerportal.ch\\\/fr\\\/articles-specialises\\\/post-brexit-das-freihandelsabkommen-der-europaeischen-union-mit-dem-vereinigten-koenigreich\\\/\"]}]},{\"@type\":\"BreadcrumbList\",\"@id\":\"https:\\\/\\\/steuerportal.ch\\\/fr\\\/articles-specialises\\\/post-brexit-das-freihandelsabkommen-der-europaeischen-union-mit-dem-vereinigten-koenigreich\\\/#breadcrumb\",\"itemListElement\":[{\"@type\":\"ListItem\",\"position\":1,\"name\":\"Page d'accueil\",\"item\":\"https:\\\/\\\/steuerportal.ch\\\/fr\\\/\"},{\"@type\":\"ListItem\",\"position\":2,\"name\":\"Fachartikel\",\"item\":\"https:\\\/\\\/steuerportal.ch\\\/fr\\\/articles-specialises\\\/\"},{\"@type\":\"ListItem\",\"position\":3,\"name\":\"Post-BREXIT: das Freihandelsabkommen der Europ\u00e4ischen Union mit dem Vereinigten K\u00f6nigreich\"}]},{\"@type\":\"WebSite\",\"@id\":\"https:\\\/\\\/steuerportal.ch\\\/fr\\\/#website\",\"url\":\"https:\\\/\\\/steuerportal.ch\\\/fr\\\/\",\"name\":\"steuerportal.ch\",\"description\":\"Le portail suisse sp\u00e9cialis\u00e9 dans le domaine des imp\u00f4ts\",\"publisher\":{\"@id\":\"https:\\\/\\\/steuerportal.ch\\\/fr\\\/#organization\"},\"potentialAction\":[{\"@type\":\"SearchAction\",\"target\":{\"@type\":\"EntryPoint\",\"urlTemplate\":\"https:\\\/\\\/steuerportal.ch\\\/fr\\\/?s={search_term_string}\"},\"query-input\":{\"@type\":\"PropertyValueSpecification\",\"valueRequired\":true,\"valueName\":\"search_term_string\"}}],\"inLanguage\":\"fr-FR\"},{\"@type\":\"Organization\",\"@id\":\"https:\\\/\\\/steuerportal.ch\\\/fr\\\/#organization\",\"name\":\"Steuerportal (Cosmos Verlag)\",\"url\":\"https:\\\/\\\/steuerportal.ch\\\/fr\\\/\",\"logo\":{\"@type\":\"ImageObject\",\"inLanguage\":\"fr-FR\",\"@id\":\"https:\\\/\\\/steuerportal.ch\\\/fr\\\/#\\\/schema\\\/logo\\\/image\\\/\",\"url\":\"https:\\\/\\\/steuerportal.ch\\\/wp-content\\\/uploads\\\/2021\\\/06\\\/cosmos_c-strich_h_positiv_bunt.svg\",\"contentUrl\":\"https:\\\/\\\/steuerportal.ch\\\/wp-content\\\/uploads\\\/2021\\\/06\\\/cosmos_c-strich_h_positiv_bunt.svg\",\"width\":191,\"height\":44,\"caption\":\"Steuerportal (Cosmos Verlag)\"},\"image\":{\"@id\":\"https:\\\/\\\/steuerportal.ch\\\/fr\\\/#\\\/schema\\\/logo\\\/image\\\/\"}}]}<\/script>\n<!-- \/ Yoast SEO plugin. -->","yoast_head_json":{"title":"Post-BREXIT: das Freihandelsabkommen der Europ\u00e4ischen Union mit dem Vereinigten K\u00f6nigreich &#8226; steuerportal.ch","robots":{"index":"index","follow":"follow","max-snippet":"max-snippet:-1","max-image-preview":"max-image-preview:large","max-video-preview":"max-video-preview:-1"},"canonical":"https:\/\/steuerportal.ch\/fr\/articles-specialises\/post-brexit-das-freihandelsabkommen-der-europaeischen-union-mit-dem-vereinigten-koenigreich\/","og_locale":"fr_FR","og_type":"article","og_title":"Post-BREXIT: das Freihandelsabkommen der Europ\u00e4ischen Union mit dem Vereinigten K\u00f6nigreich &#8226; steuerportal.ch","og_description":"Der Beitrag von Annette Reiser nimmt die Pr\u00e4ferenzregelungen des in letzter Minute zustande gekommenen Freihandelsabkommens der EU mit dem Vereinigten K\u00f6nigreich in den Blick und arbeitet ihre Bedeutung insbesondere auch f\u00fcr Schweizer Unternehmen heraus.","og_url":"https:\/\/steuerportal.ch\/fr\/articles-specialises\/post-brexit-das-freihandelsabkommen-der-europaeischen-union-mit-dem-vereinigten-koenigreich\/","og_site_name":"steuerportal.ch","article_modified_time":"2021-03-29T21:27:15+00:00","twitter_card":"summary_large_image","twitter_misc":{"Dur\u00e9e de lecture estim\u00e9e":"9 minutes"},"schema":{"@context":"https:\/\/schema.org","@graph":[{"@type":"WebPage","@id":"https:\/\/steuerportal.ch\/fr\/articles-specialises\/post-brexit-das-freihandelsabkommen-der-europaeischen-union-mit-dem-vereinigten-koenigreich\/","url":"https:\/\/steuerportal.ch\/fr\/articles-specialises\/post-brexit-das-freihandelsabkommen-der-europaeischen-union-mit-dem-vereinigten-koenigreich\/","name":"Post-BREXIT: das Freihandelsabkommen der Europ\u00e4ischen Union mit dem Vereinigten K\u00f6nigreich &#8226; steuerportal.ch","isPartOf":{"@id":"https:\/\/steuerportal.ch\/fr\/#website"},"datePublished":"2021-03-29T08:18:36+00:00","dateModified":"2021-03-29T21:27:15+00:00","breadcrumb":{"@id":"https:\/\/steuerportal.ch\/fr\/articles-specialises\/post-brexit-das-freihandelsabkommen-der-europaeischen-union-mit-dem-vereinigten-koenigreich\/#breadcrumb"},"inLanguage":"fr-FR","potentialAction":[{"@type":"ReadAction","target":["https:\/\/steuerportal.ch\/fr\/articles-specialises\/post-brexit-das-freihandelsabkommen-der-europaeischen-union-mit-dem-vereinigten-koenigreich\/"]}]},{"@type":"BreadcrumbList","@id":"https:\/\/steuerportal.ch\/fr\/articles-specialises\/post-brexit-das-freihandelsabkommen-der-europaeischen-union-mit-dem-vereinigten-koenigreich\/#breadcrumb","itemListElement":[{"@type":"ListItem","position":1,"name":"Page d'accueil","item":"https:\/\/steuerportal.ch\/fr\/"},{"@type":"ListItem","position":2,"name":"Fachartikel","item":"https:\/\/steuerportal.ch\/fr\/articles-specialises\/"},{"@type":"ListItem","position":3,"name":"Post-BREXIT: das Freihandelsabkommen der Europ\u00e4ischen Union mit dem Vereinigten K\u00f6nigreich"}]},{"@type":"WebSite","@id":"https:\/\/steuerportal.ch\/fr\/#website","url":"https:\/\/steuerportal.ch\/fr\/","name":"steuerportal.ch","description":"Le portail suisse sp\u00e9cialis\u00e9 dans le domaine des imp\u00f4ts","publisher":{"@id":"https:\/\/steuerportal.ch\/fr\/#organization"},"potentialAction":[{"@type":"SearchAction","target":{"@type":"EntryPoint","urlTemplate":"https:\/\/steuerportal.ch\/fr\/?s={search_term_string}"},"query-input":{"@type":"PropertyValueSpecification","valueRequired":true,"valueName":"search_term_string"}}],"inLanguage":"fr-FR"},{"@type":"Organization","@id":"https:\/\/steuerportal.ch\/fr\/#organization","name":"Steuerportal (Cosmos Verlag)","url":"https:\/\/steuerportal.ch\/fr\/","logo":{"@type":"ImageObject","inLanguage":"fr-FR","@id":"https:\/\/steuerportal.ch\/fr\/#\/schema\/logo\/image\/","url":"https:\/\/steuerportal.ch\/wp-content\/uploads\/2021\/06\/cosmos_c-strich_h_positiv_bunt.svg","contentUrl":"https:\/\/steuerportal.ch\/wp-content\/uploads\/2021\/06\/cosmos_c-strich_h_positiv_bunt.svg","width":191,"height":44,"caption":"Steuerportal (Cosmos Verlag)"},"image":{"@id":"https:\/\/steuerportal.ch\/fr\/#\/schema\/logo\/image\/"}}]}},"_links":{"self":[{"href":"https:\/\/steuerportal.ch\/fr\/wp-json\/wp\/v2\/sht_proarticle\/6373","targetHints":{"allow":["GET"]}}],"collection":[{"href":"https:\/\/steuerportal.ch\/fr\/wp-json\/wp\/v2\/sht_proarticle"}],"about":[{"href":"https:\/\/steuerportal.ch\/fr\/wp-json\/wp\/v2\/types\/sht_proarticle"}],"author":[{"embeddable":true,"href":"https:\/\/steuerportal.ch\/fr\/wp-json\/wp\/v2\/users\/4"}],"version-history":[{"count":0,"href":"https:\/\/steuerportal.ch\/fr\/wp-json\/wp\/v2\/sht_proarticle\/6373\/revisions"}],"acf:user":[{"embeddable":true,"href":"https:\/\/steuerportal.ch\/fr\/wp-json\/wp\/v2\/users\/56"}],"wp:attachment":[{"href":"https:\/\/steuerportal.ch\/fr\/wp-json\/wp\/v2\/media?parent=6373"}],"wp:term":[{"taxonomy":"sht_proarticle_category","embeddable":true,"href":"https:\/\/steuerportal.ch\/fr\/wp-json\/wp\/v2\/sht_proarticle_category?post=6373"},{"taxonomy":"sht_proarticle_tag","embeddable":true,"href":"https:\/\/steuerportal.ch\/fr\/wp-json\/wp\/v2\/sht_proarticle_tag?post=6373"}],"curies":[{"name":"wp","href":"https:\/\/api.w.org\/{rel}","templated":true}]}}