{"id":5314,"date":"2020-11-04T23:00:07","date_gmt":"2020-11-04T22:00:07","guid":{"rendered":"https:\/\/steuerportal.ch\/?post_type=sht_proarticle&#038;p=5314"},"modified":"2020-11-05T09:32:52","modified_gmt":"2020-11-05T08:32:52","slug":"bundesrat-wagt-befreiungsschlag-bei-der-verrechnungssteuer","status":"publish","type":"sht_proarticle","link":"https:\/\/steuerportal.ch\/fr\/articles-specialises\/bundesrat-wagt-befreiungsschlag-bei-der-verrechnungssteuer\/","title":{"rendered":"Bundesrat wagt Befreiungsschlag bei der Verrechnungssteuer"},"content":{"rendered":"","protected":true},"excerpt":{"rendered":"<p>Der Bundesrat wird dem Parlament beantragen, die Verrechnungssteuer auf Obligationen aufzuheben. Er reagiert damit auf das Ergebnis zu seiner Vernehmlassungsvorlage. Die entsprechende Botschaft an die Eidgen\u00f6ssischen R\u00e4te soll im 2. Quartal 2021 vorliegen.<\/p>\n","protected":false},"author":3,"featured_media":0,"template":"","meta":{"_acf_changed":false,"authors":[{"ID":13,"display_name":"Fabian Baumer","first_name":"Fabian","last_name":"Baumer","description":"<p>Lic. iur., Rechtsanwalt, dipl. Steuerexperte, Vizedirektor der Eidgen\u00f6ssischen Steuerverwaltung, Leiter Hauptabteilung Steuerpolitik<\/p>\n","image":"https:\/\/steuerportal.ch\/wp-content\/uploads\/2025\/01\/Baumer_Fabian_sw-1-220x220.jpg","organiser_data":[],"url":"https:\/\/steuerportal.ch\/fr\/autoren\/fabian-baumer\/"}],"related_sht_promodule":["<a href=\"https:\/\/steuerportal.ch\/fachmodule\/steuerrevue\/abhandlungen\/\">Steuer Revue &#8594; Abhandlungen<\/a>"],"pdf":"https:\/\/steuerportal.ch\/fr\/articles-specialises\/bundesrat-wagt-befreiungsschlag-bei-der-verrechnungssteuer\/shtpdf\/","language":"de"},"sht_proarticle_category":[17],"sht_proarticle_tag":[],"class_list":["post-5314","sht_proarticle","type-sht_proarticle","status-publish","hentry","sht_proarticle_category-abhandlungen"],"acf":{"authors":[13]},"shp_steuerportal_must_use":{"translations":[{"id":5314,"link":"https:\/\/steuerportal.ch\/fr\/articles-specialises\/bundesrat-wagt-befreiungsschlag-bei-der-verrechnungssteuer\/","title":{"rendered":"Bundesrat wagt Befreiungsschlag bei der Verrechnungssteuer"},"language":"de"}]},"yoast_head":"<!-- This site is optimized with the Yoast SEO plugin v27.5 - https:\/\/yoast.com\/product\/yoast-seo-wordpress\/ -->\n<title>Bundesrat wagt Befreiungsschlag bei der Verrechnungssteuer &#8226; steuerportal.ch<\/title>\n<meta name=\"robots\" content=\"index, follow, max-snippet:-1, max-image-preview:large, max-video-preview:-1\" \/>\n<link rel=\"canonical\" href=\"https:\/\/steuerportal.ch\/fr\/articles-specialises\/bundesrat-wagt-befreiungsschlag-bei-der-verrechnungssteuer\/\" \/>\n<meta property=\"og:locale\" content=\"fr_FR\" \/>\n<meta property=\"og:type\" content=\"article\" \/>\n<meta property=\"og:title\" content=\"Bundesrat wagt Befreiungsschlag bei der Verrechnungssteuer &#8226; steuerportal.ch\" \/>\n<meta property=\"og:description\" content=\"Der Bundesrat wird dem Parlament beantragen, die Verrechnungssteuer auf Obligationen aufzuheben. Er reagiert damit auf das Ergebnis zu seiner Vernehmlassungsvorlage. Die entsprechende Botschaft an die Eidgen\u00f6ssischen R\u00e4te soll im 2. Quartal 2021 vorliegen.\" \/>\n<meta property=\"og:url\" content=\"https:\/\/steuerportal.ch\/fr\/articles-specialises\/bundesrat-wagt-befreiungsschlag-bei-der-verrechnungssteuer\/\" \/>\n<meta property=\"og:site_name\" content=\"steuerportal.ch\" \/>\n<meta property=\"article:modified_time\" content=\"2020-11-05T08:32:52+00:00\" \/>\n<meta name=\"twitter:card\" content=\"summary_large_image\" \/>\n<meta name=\"twitter:label1\" content=\"Dur\u00e9e de lecture estim\u00e9e\" \/>\n\t<meta name=\"twitter:data1\" content=\"2 minutes\" \/>\n<script type=\"application\/ld+json\" class=\"yoast-schema-graph\">{\"@context\":\"https:\\\/\\\/schema.org\",\"@graph\":[{\"@type\":\"WebPage\",\"@id\":\"https:\\\/\\\/steuerportal.ch\\\/fr\\\/articles-specialises\\\/bundesrat-wagt-befreiungsschlag-bei-der-verrechnungssteuer\\\/\",\"url\":\"https:\\\/\\\/steuerportal.ch\\\/fr\\\/articles-specialises\\\/bundesrat-wagt-befreiungsschlag-bei-der-verrechnungssteuer\\\/\",\"name\":\"Bundesrat wagt Befreiungsschlag bei der Verrechnungssteuer &#8226; steuerportal.ch\",\"isPartOf\":{\"@id\":\"https:\\\/\\\/steuerportal.ch\\\/fr\\\/#website\"},\"datePublished\":\"2020-11-04T22:00:07+00:00\",\"dateModified\":\"2020-11-05T08:32:52+00:00\",\"breadcrumb\":{\"@id\":\"https:\\\/\\\/steuerportal.ch\\\/fr\\\/articles-specialises\\\/bundesrat-wagt-befreiungsschlag-bei-der-verrechnungssteuer\\\/#breadcrumb\"},\"inLanguage\":\"fr-FR\",\"potentialAction\":[{\"@type\":\"ReadAction\",\"target\":[\"https:\\\/\\\/steuerportal.ch\\\/fr\\\/articles-specialises\\\/bundesrat-wagt-befreiungsschlag-bei-der-verrechnungssteuer\\\/\"]}]},{\"@type\":\"BreadcrumbList\",\"@id\":\"https:\\\/\\\/steuerportal.ch\\\/fr\\\/articles-specialises\\\/bundesrat-wagt-befreiungsschlag-bei-der-verrechnungssteuer\\\/#breadcrumb\",\"itemListElement\":[{\"@type\":\"ListItem\",\"position\":1,\"name\":\"Page d'accueil\",\"item\":\"https:\\\/\\\/steuerportal.ch\\\/fr\\\/\"},{\"@type\":\"ListItem\",\"position\":2,\"name\":\"Fachartikel\",\"item\":\"https:\\\/\\\/steuerportal.ch\\\/fr\\\/articles-specialises\\\/\"},{\"@type\":\"ListItem\",\"position\":3,\"name\":\"Bundesrat wagt Befreiungsschlag bei der Verrechnungssteuer\"}]},{\"@type\":\"WebSite\",\"@id\":\"https:\\\/\\\/steuerportal.ch\\\/fr\\\/#website\",\"url\":\"https:\\\/\\\/steuerportal.ch\\\/fr\\\/\",\"name\":\"steuerportal.ch\",\"description\":\"Le portail suisse sp\u00e9cialis\u00e9 dans le domaine des imp\u00f4ts\",\"publisher\":{\"@id\":\"https:\\\/\\\/steuerportal.ch\\\/fr\\\/#organization\"},\"potentialAction\":[{\"@type\":\"SearchAction\",\"target\":{\"@type\":\"EntryPoint\",\"urlTemplate\":\"https:\\\/\\\/steuerportal.ch\\\/fr\\\/?s={search_term_string}\"},\"query-input\":{\"@type\":\"PropertyValueSpecification\",\"valueRequired\":true,\"valueName\":\"search_term_string\"}}],\"inLanguage\":\"fr-FR\"},{\"@type\":\"Organization\",\"@id\":\"https:\\\/\\\/steuerportal.ch\\\/fr\\\/#organization\",\"name\":\"Steuerportal (Cosmos Verlag)\",\"url\":\"https:\\\/\\\/steuerportal.ch\\\/fr\\\/\",\"logo\":{\"@type\":\"ImageObject\",\"inLanguage\":\"fr-FR\",\"@id\":\"https:\\\/\\\/steuerportal.ch\\\/fr\\\/#\\\/schema\\\/logo\\\/image\\\/\",\"url\":\"https:\\\/\\\/steuerportal.ch\\\/wp-content\\\/uploads\\\/2021\\\/06\\\/cosmos_c-strich_h_positiv_bunt.svg\",\"contentUrl\":\"https:\\\/\\\/steuerportal.ch\\\/wp-content\\\/uploads\\\/2021\\\/06\\\/cosmos_c-strich_h_positiv_bunt.svg\",\"width\":191,\"height\":44,\"caption\":\"Steuerportal (Cosmos Verlag)\"},\"image\":{\"@id\":\"https:\\\/\\\/steuerportal.ch\\\/fr\\\/#\\\/schema\\\/logo\\\/image\\\/\"}}]}<\/script>\n<!-- \/ Yoast SEO plugin. -->","yoast_head_json":{"title":"Bundesrat wagt Befreiungsschlag bei der Verrechnungssteuer &#8226; steuerportal.ch","robots":{"index":"index","follow":"follow","max-snippet":"max-snippet:-1","max-image-preview":"max-image-preview:large","max-video-preview":"max-video-preview:-1"},"canonical":"https:\/\/steuerportal.ch\/fr\/articles-specialises\/bundesrat-wagt-befreiungsschlag-bei-der-verrechnungssteuer\/","og_locale":"fr_FR","og_type":"article","og_title":"Bundesrat wagt Befreiungsschlag bei der Verrechnungssteuer &#8226; steuerportal.ch","og_description":"Der Bundesrat wird dem Parlament beantragen, die Verrechnungssteuer auf Obligationen aufzuheben. Er reagiert damit auf das Ergebnis zu seiner Vernehmlassungsvorlage. Die entsprechende Botschaft an die Eidgen\u00f6ssischen R\u00e4te soll im 2. Quartal 2021 vorliegen.","og_url":"https:\/\/steuerportal.ch\/fr\/articles-specialises\/bundesrat-wagt-befreiungsschlag-bei-der-verrechnungssteuer\/","og_site_name":"steuerportal.ch","article_modified_time":"2020-11-05T08:32:52+00:00","twitter_card":"summary_large_image","twitter_misc":{"Dur\u00e9e de lecture estim\u00e9e":"2 minutes"},"schema":{"@context":"https:\/\/schema.org","@graph":[{"@type":"WebPage","@id":"https:\/\/steuerportal.ch\/fr\/articles-specialises\/bundesrat-wagt-befreiungsschlag-bei-der-verrechnungssteuer\/","url":"https:\/\/steuerportal.ch\/fr\/articles-specialises\/bundesrat-wagt-befreiungsschlag-bei-der-verrechnungssteuer\/","name":"Bundesrat wagt Befreiungsschlag bei der Verrechnungssteuer &#8226; steuerportal.ch","isPartOf":{"@id":"https:\/\/steuerportal.ch\/fr\/#website"},"datePublished":"2020-11-04T22:00:07+00:00","dateModified":"2020-11-05T08:32:52+00:00","breadcrumb":{"@id":"https:\/\/steuerportal.ch\/fr\/articles-specialises\/bundesrat-wagt-befreiungsschlag-bei-der-verrechnungssteuer\/#breadcrumb"},"inLanguage":"fr-FR","potentialAction":[{"@type":"ReadAction","target":["https:\/\/steuerportal.ch\/fr\/articles-specialises\/bundesrat-wagt-befreiungsschlag-bei-der-verrechnungssteuer\/"]}]},{"@type":"BreadcrumbList","@id":"https:\/\/steuerportal.ch\/fr\/articles-specialises\/bundesrat-wagt-befreiungsschlag-bei-der-verrechnungssteuer\/#breadcrumb","itemListElement":[{"@type":"ListItem","position":1,"name":"Page d'accueil","item":"https:\/\/steuerportal.ch\/fr\/"},{"@type":"ListItem","position":2,"name":"Fachartikel","item":"https:\/\/steuerportal.ch\/fr\/articles-specialises\/"},{"@type":"ListItem","position":3,"name":"Bundesrat wagt Befreiungsschlag bei der Verrechnungssteuer"}]},{"@type":"WebSite","@id":"https:\/\/steuerportal.ch\/fr\/#website","url":"https:\/\/steuerportal.ch\/fr\/","name":"steuerportal.ch","description":"Le portail suisse sp\u00e9cialis\u00e9 dans le domaine des imp\u00f4ts","publisher":{"@id":"https:\/\/steuerportal.ch\/fr\/#organization"},"potentialAction":[{"@type":"SearchAction","target":{"@type":"EntryPoint","urlTemplate":"https:\/\/steuerportal.ch\/fr\/?s={search_term_string}"},"query-input":{"@type":"PropertyValueSpecification","valueRequired":true,"valueName":"search_term_string"}}],"inLanguage":"fr-FR"},{"@type":"Organization","@id":"https:\/\/steuerportal.ch\/fr\/#organization","name":"Steuerportal (Cosmos Verlag)","url":"https:\/\/steuerportal.ch\/fr\/","logo":{"@type":"ImageObject","inLanguage":"fr-FR","@id":"https:\/\/steuerportal.ch\/fr\/#\/schema\/logo\/image\/","url":"https:\/\/steuerportal.ch\/wp-content\/uploads\/2021\/06\/cosmos_c-strich_h_positiv_bunt.svg","contentUrl":"https:\/\/steuerportal.ch\/wp-content\/uploads\/2021\/06\/cosmos_c-strich_h_positiv_bunt.svg","width":191,"height":44,"caption":"Steuerportal (Cosmos Verlag)"},"image":{"@id":"https:\/\/steuerportal.ch\/fr\/#\/schema\/logo\/image\/"}}]}},"_links":{"self":[{"href":"https:\/\/steuerportal.ch\/fr\/wp-json\/wp\/v2\/sht_proarticle\/5314","targetHints":{"allow":["GET"]}}],"collection":[{"href":"https:\/\/steuerportal.ch\/fr\/wp-json\/wp\/v2\/sht_proarticle"}],"about":[{"href":"https:\/\/steuerportal.ch\/fr\/wp-json\/wp\/v2\/types\/sht_proarticle"}],"author":[{"embeddable":true,"href":"https:\/\/steuerportal.ch\/fr\/wp-json\/wp\/v2\/users\/3"}],"version-history":[{"count":0,"href":"https:\/\/steuerportal.ch\/fr\/wp-json\/wp\/v2\/sht_proarticle\/5314\/revisions"}],"acf:user":[{"embeddable":true,"href":"https:\/\/steuerportal.ch\/fr\/wp-json\/wp\/v2\/users\/13"}],"wp:attachment":[{"href":"https:\/\/steuerportal.ch\/fr\/wp-json\/wp\/v2\/media?parent=5314"}],"wp:term":[{"taxonomy":"sht_proarticle_category","embeddable":true,"href":"https:\/\/steuerportal.ch\/fr\/wp-json\/wp\/v2\/sht_proarticle_category?post=5314"},{"taxonomy":"sht_proarticle_tag","embeddable":true,"href":"https:\/\/steuerportal.ch\/fr\/wp-json\/wp\/v2\/sht_proarticle_tag?post=5314"}],"curies":[{"name":"wp","href":"https:\/\/api.w.org\/{rel}","templated":true}]}}