{"id":5300,"date":"2020-11-06T02:09:33","date_gmt":"2020-11-06T01:09:33","guid":{"rendered":"https:\/\/steuerportal.ch\/?post_type=sht_proarticle&#038;p=5300"},"modified":"2020-11-06T02:36:48","modified_gmt":"2020-11-06T01:36:48","slug":"treu-und-glauben-als-schranke-des-interkantonalen-doppelbesteuerungsverbots","status":"publish","type":"sht_proarticle","link":"https:\/\/steuerportal.ch\/fr\/articles-specialises\/treu-und-glauben-als-schranke-des-interkantonalen-doppelbesteuerungsverbots\/","title":{"rendered":"Treu und Glauben als Schranke des interkantonalen Doppelbesteuerungsverbots"},"content":{"rendered":"","protected":true},"excerpt":{"rendered":"<p>Marcel R. Jung untersucht in seinem Beitrag die traditionellen Schranken des Doppelbesteuerungsverbots sowie die j\u00fcngere Rechtsprechung des Bundesgerichts zum Doppelbesteuerungsverbot im Lichte des Verfassungsgrundsatzes von Treu und Glauben.<\/p>\n","protected":false},"author":3,"featured_media":0,"template":"","meta":{"_acf_changed":false,"authors":[{"ID":793,"display_name":"Marcel R. Jung","first_name":"Marcel R.","last_name":"Jung","description":"<p>Dr., LL.\u202fM., Rechtsanwalt, dipl. Steuerexperte, Partner, FRORIEP<\/p>\n","image":"https:\/\/steuerportal.ch\/wp-content\/uploads\/2020\/11\/2029605505121716509-220x220.jpeg","organiser_data":[],"url":"https:\/\/steuerportal.ch\/fr\/autoren\/marcel-r-jung\/"}],"related_sht_promodule":["<a href=\"https:\/\/steuerportal.ch\/fachmodule\/steuerrevue\/abhandlungen\/\">Steuer Revue &#8594; Abhandlungen<\/a>"],"pdf":"https:\/\/steuerportal.ch\/fr\/articles-specialises\/treu-und-glauben-als-schranke-des-interkantonalen-doppelbesteuerungsverbots\/shtpdf\/","language":"de"},"sht_proarticle_category":[17],"sht_proarticle_tag":[],"class_list":["post-5300","sht_proarticle","type-sht_proarticle","status-publish","hentry","sht_proarticle_category-abhandlungen"],"acf":{"authors":[793]},"shp_steuerportal_must_use":{"translations":[{"id":5300,"link":"https:\/\/steuerportal.ch\/fr\/articles-specialises\/treu-und-glauben-als-schranke-des-interkantonalen-doppelbesteuerungsverbots\/","title":{"rendered":"Treu und Glauben als Schranke des interkantonalen Doppelbesteuerungsverbots"},"language":"de"}]},"yoast_head":"<!-- This site is optimized with the Yoast SEO plugin v27.5 - https:\/\/yoast.com\/product\/yoast-seo-wordpress\/ -->\n<title>Treu und Glauben als Schranke des interkantonalen Doppelbesteuerungsverbots &#8226; steuerportal.ch<\/title>\n<meta name=\"robots\" content=\"index, follow, max-snippet:-1, max-image-preview:large, max-video-preview:-1\" \/>\n<link rel=\"canonical\" href=\"https:\/\/steuerportal.ch\/fr\/articles-specialises\/treu-und-glauben-als-schranke-des-interkantonalen-doppelbesteuerungsverbots\/\" \/>\n<meta property=\"og:locale\" content=\"fr_FR\" \/>\n<meta property=\"og:type\" content=\"article\" \/>\n<meta property=\"og:title\" content=\"Treu und Glauben als Schranke des interkantonalen Doppelbesteuerungsverbots &#8226; steuerportal.ch\" \/>\n<meta property=\"og:description\" content=\"Marcel R. Jung untersucht in seinem Beitrag die traditionellen Schranken des Doppelbesteuerungsverbots sowie die j\u00fcngere Rechtsprechung des Bundesgerichts zum Doppelbesteuerungsverbot im Lichte des Verfassungsgrundsatzes von Treu und Glauben.\" \/>\n<meta property=\"og:url\" content=\"https:\/\/steuerportal.ch\/fr\/articles-specialises\/treu-und-glauben-als-schranke-des-interkantonalen-doppelbesteuerungsverbots\/\" \/>\n<meta property=\"og:site_name\" content=\"steuerportal.ch\" \/>\n<meta property=\"article:modified_time\" content=\"2020-11-06T01:36:48+00:00\" \/>\n<meta name=\"twitter:card\" content=\"summary_large_image\" \/>\n<meta name=\"twitter:label1\" content=\"Dur\u00e9e de lecture estim\u00e9e\" \/>\n\t<meta name=\"twitter:data1\" content=\"22 minutes\" \/>\n<script type=\"application\/ld+json\" class=\"yoast-schema-graph\">{\"@context\":\"https:\\\/\\\/schema.org\",\"@graph\":[{\"@type\":\"WebPage\",\"@id\":\"https:\\\/\\\/steuerportal.ch\\\/fr\\\/articles-specialises\\\/treu-und-glauben-als-schranke-des-interkantonalen-doppelbesteuerungsverbots\\\/\",\"url\":\"https:\\\/\\\/steuerportal.ch\\\/fr\\\/articles-specialises\\\/treu-und-glauben-als-schranke-des-interkantonalen-doppelbesteuerungsverbots\\\/\",\"name\":\"Treu und Glauben als Schranke des interkantonalen Doppelbesteuerungsverbots &#8226; steuerportal.ch\",\"isPartOf\":{\"@id\":\"https:\\\/\\\/steuerportal.ch\\\/fr\\\/#website\"},\"datePublished\":\"2020-11-06T01:09:33+00:00\",\"dateModified\":\"2020-11-06T01:36:48+00:00\",\"breadcrumb\":{\"@id\":\"https:\\\/\\\/steuerportal.ch\\\/fr\\\/articles-specialises\\\/treu-und-glauben-als-schranke-des-interkantonalen-doppelbesteuerungsverbots\\\/#breadcrumb\"},\"inLanguage\":\"fr-FR\",\"potentialAction\":[{\"@type\":\"ReadAction\",\"target\":[\"https:\\\/\\\/steuerportal.ch\\\/fr\\\/articles-specialises\\\/treu-und-glauben-als-schranke-des-interkantonalen-doppelbesteuerungsverbots\\\/\"]}]},{\"@type\":\"BreadcrumbList\",\"@id\":\"https:\\\/\\\/steuerportal.ch\\\/fr\\\/articles-specialises\\\/treu-und-glauben-als-schranke-des-interkantonalen-doppelbesteuerungsverbots\\\/#breadcrumb\",\"itemListElement\":[{\"@type\":\"ListItem\",\"position\":1,\"name\":\"Page d'accueil\",\"item\":\"https:\\\/\\\/steuerportal.ch\\\/fr\\\/\"},{\"@type\":\"ListItem\",\"position\":2,\"name\":\"Fachartikel\",\"item\":\"https:\\\/\\\/steuerportal.ch\\\/fr\\\/articles-specialises\\\/\"},{\"@type\":\"ListItem\",\"position\":3,\"name\":\"Treu und Glauben als Schranke des interkantonalen Doppelbesteuerungsverbots\"}]},{\"@type\":\"WebSite\",\"@id\":\"https:\\\/\\\/steuerportal.ch\\\/fr\\\/#website\",\"url\":\"https:\\\/\\\/steuerportal.ch\\\/fr\\\/\",\"name\":\"steuerportal.ch\",\"description\":\"Le portail suisse sp\u00e9cialis\u00e9 dans le domaine des imp\u00f4ts\",\"publisher\":{\"@id\":\"https:\\\/\\\/steuerportal.ch\\\/fr\\\/#organization\"},\"potentialAction\":[{\"@type\":\"SearchAction\",\"target\":{\"@type\":\"EntryPoint\",\"urlTemplate\":\"https:\\\/\\\/steuerportal.ch\\\/fr\\\/?s={search_term_string}\"},\"query-input\":{\"@type\":\"PropertyValueSpecification\",\"valueRequired\":true,\"valueName\":\"search_term_string\"}}],\"inLanguage\":\"fr-FR\"},{\"@type\":\"Organization\",\"@id\":\"https:\\\/\\\/steuerportal.ch\\\/fr\\\/#organization\",\"name\":\"Steuerportal (Cosmos Verlag)\",\"url\":\"https:\\\/\\\/steuerportal.ch\\\/fr\\\/\",\"logo\":{\"@type\":\"ImageObject\",\"inLanguage\":\"fr-FR\",\"@id\":\"https:\\\/\\\/steuerportal.ch\\\/fr\\\/#\\\/schema\\\/logo\\\/image\\\/\",\"url\":\"https:\\\/\\\/steuerportal.ch\\\/wp-content\\\/uploads\\\/2021\\\/06\\\/cosmos_c-strich_h_positiv_bunt.svg\",\"contentUrl\":\"https:\\\/\\\/steuerportal.ch\\\/wp-content\\\/uploads\\\/2021\\\/06\\\/cosmos_c-strich_h_positiv_bunt.svg\",\"width\":191,\"height\":44,\"caption\":\"Steuerportal (Cosmos Verlag)\"},\"image\":{\"@id\":\"https:\\\/\\\/steuerportal.ch\\\/fr\\\/#\\\/schema\\\/logo\\\/image\\\/\"}}]}<\/script>\n<!-- \/ Yoast SEO plugin. -->","yoast_head_json":{"title":"Treu und Glauben als Schranke des interkantonalen Doppelbesteuerungsverbots &#8226; steuerportal.ch","robots":{"index":"index","follow":"follow","max-snippet":"max-snippet:-1","max-image-preview":"max-image-preview:large","max-video-preview":"max-video-preview:-1"},"canonical":"https:\/\/steuerportal.ch\/fr\/articles-specialises\/treu-und-glauben-als-schranke-des-interkantonalen-doppelbesteuerungsverbots\/","og_locale":"fr_FR","og_type":"article","og_title":"Treu und Glauben als Schranke des interkantonalen Doppelbesteuerungsverbots &#8226; steuerportal.ch","og_description":"Marcel R. Jung untersucht in seinem Beitrag die traditionellen Schranken des Doppelbesteuerungsverbots sowie die j\u00fcngere Rechtsprechung des Bundesgerichts zum Doppelbesteuerungsverbot im Lichte des Verfassungsgrundsatzes von Treu und Glauben.","og_url":"https:\/\/steuerportal.ch\/fr\/articles-specialises\/treu-und-glauben-als-schranke-des-interkantonalen-doppelbesteuerungsverbots\/","og_site_name":"steuerportal.ch","article_modified_time":"2020-11-06T01:36:48+00:00","twitter_card":"summary_large_image","twitter_misc":{"Dur\u00e9e de lecture estim\u00e9e":"22 minutes"},"schema":{"@context":"https:\/\/schema.org","@graph":[{"@type":"WebPage","@id":"https:\/\/steuerportal.ch\/fr\/articles-specialises\/treu-und-glauben-als-schranke-des-interkantonalen-doppelbesteuerungsverbots\/","url":"https:\/\/steuerportal.ch\/fr\/articles-specialises\/treu-und-glauben-als-schranke-des-interkantonalen-doppelbesteuerungsverbots\/","name":"Treu und Glauben als Schranke des interkantonalen Doppelbesteuerungsverbots &#8226; steuerportal.ch","isPartOf":{"@id":"https:\/\/steuerportal.ch\/fr\/#website"},"datePublished":"2020-11-06T01:09:33+00:00","dateModified":"2020-11-06T01:36:48+00:00","breadcrumb":{"@id":"https:\/\/steuerportal.ch\/fr\/articles-specialises\/treu-und-glauben-als-schranke-des-interkantonalen-doppelbesteuerungsverbots\/#breadcrumb"},"inLanguage":"fr-FR","potentialAction":[{"@type":"ReadAction","target":["https:\/\/steuerportal.ch\/fr\/articles-specialises\/treu-und-glauben-als-schranke-des-interkantonalen-doppelbesteuerungsverbots\/"]}]},{"@type":"BreadcrumbList","@id":"https:\/\/steuerportal.ch\/fr\/articles-specialises\/treu-und-glauben-als-schranke-des-interkantonalen-doppelbesteuerungsverbots\/#breadcrumb","itemListElement":[{"@type":"ListItem","position":1,"name":"Page d'accueil","item":"https:\/\/steuerportal.ch\/fr\/"},{"@type":"ListItem","position":2,"name":"Fachartikel","item":"https:\/\/steuerportal.ch\/fr\/articles-specialises\/"},{"@type":"ListItem","position":3,"name":"Treu und Glauben als Schranke des interkantonalen Doppelbesteuerungsverbots"}]},{"@type":"WebSite","@id":"https:\/\/steuerportal.ch\/fr\/#website","url":"https:\/\/steuerportal.ch\/fr\/","name":"steuerportal.ch","description":"Le portail suisse sp\u00e9cialis\u00e9 dans le domaine des imp\u00f4ts","publisher":{"@id":"https:\/\/steuerportal.ch\/fr\/#organization"},"potentialAction":[{"@type":"SearchAction","target":{"@type":"EntryPoint","urlTemplate":"https:\/\/steuerportal.ch\/fr\/?s={search_term_string}"},"query-input":{"@type":"PropertyValueSpecification","valueRequired":true,"valueName":"search_term_string"}}],"inLanguage":"fr-FR"},{"@type":"Organization","@id":"https:\/\/steuerportal.ch\/fr\/#organization","name":"Steuerportal (Cosmos Verlag)","url":"https:\/\/steuerportal.ch\/fr\/","logo":{"@type":"ImageObject","inLanguage":"fr-FR","@id":"https:\/\/steuerportal.ch\/fr\/#\/schema\/logo\/image\/","url":"https:\/\/steuerportal.ch\/wp-content\/uploads\/2021\/06\/cosmos_c-strich_h_positiv_bunt.svg","contentUrl":"https:\/\/steuerportal.ch\/wp-content\/uploads\/2021\/06\/cosmos_c-strich_h_positiv_bunt.svg","width":191,"height":44,"caption":"Steuerportal (Cosmos Verlag)"},"image":{"@id":"https:\/\/steuerportal.ch\/fr\/#\/schema\/logo\/image\/"}}]}},"_links":{"self":[{"href":"https:\/\/steuerportal.ch\/fr\/wp-json\/wp\/v2\/sht_proarticle\/5300","targetHints":{"allow":["GET"]}}],"collection":[{"href":"https:\/\/steuerportal.ch\/fr\/wp-json\/wp\/v2\/sht_proarticle"}],"about":[{"href":"https:\/\/steuerportal.ch\/fr\/wp-json\/wp\/v2\/types\/sht_proarticle"}],"author":[{"embeddable":true,"href":"https:\/\/steuerportal.ch\/fr\/wp-json\/wp\/v2\/users\/3"}],"version-history":[{"count":1,"href":"https:\/\/steuerportal.ch\/fr\/wp-json\/wp\/v2\/sht_proarticle\/5300\/revisions"}],"predecessor-version":[{"id":5840,"href":"https:\/\/steuerportal.ch\/fr\/wp-json\/wp\/v2\/sht_proarticle\/5300\/revisions\/5840"}],"acf:user":[{"embeddable":true,"href":"https:\/\/steuerportal.ch\/fr\/wp-json\/wp\/v2\/users\/793"}],"wp:attachment":[{"href":"https:\/\/steuerportal.ch\/fr\/wp-json\/wp\/v2\/media?parent=5300"}],"wp:term":[{"taxonomy":"sht_proarticle_category","embeddable":true,"href":"https:\/\/steuerportal.ch\/fr\/wp-json\/wp\/v2\/sht_proarticle_category?post=5300"},{"taxonomy":"sht_proarticle_tag","embeddable":true,"href":"https:\/\/steuerportal.ch\/fr\/wp-json\/wp\/v2\/sht_proarticle_tag?post=5300"}],"curies":[{"name":"wp","href":"https:\/\/api.w.org\/{rel}","templated":true}]}}