{"id":4053,"date":"2018-05-02T17:36:13","date_gmt":"2018-05-02T15:36:13","guid":{"rendered":"https:\/\/steuerportal.ch\/?post_type=sht_proarticle&#038;p=4053"},"modified":"2021-01-25T17:59:29","modified_gmt":"2021-01-25T16:59:29","slug":"geschaeftsfahrzeug-und-steuern","status":"publish","type":"sht_proarticle","link":"https:\/\/steuerportal.ch\/fr\/articles-specialises\/geschaeftsfahrzeug-und-steuern\/","title":{"rendered":"Gesch\u00e4ftsfahrzeug und Steuern"},"content":{"rendered":"","protected":true},"excerpt":{"rendered":"<p>Die Besteuerung von Gesch\u00e4ftsfahrzeugen erfuhr 2016 mit der Umsetzung der FABI-Initiative durch die ESTV einen gr\u00f6sseren Wandel, der momentan noch nicht abgeschlossen ist. Im vorliegenden Artikel zeichnet Adank den aktuellen Stand der Entwicklungen rund um die Besteuerung von Geschl\u00e4ftsfahrzeugen und die Berechnung des Privatanteils nach und skizziert zwei konkrete L\u00f6sungen zur Senkung der steuerlichen Belastung.<\/p>\n","protected":false},"author":448,"featured_media":0,"template":"","meta":{"_acf_changed":false,"authors":[{"ID":552,"display_name":"Adrian Adank","first_name":"Adrian","last_name":"Adank","description":"","image":"https:\/\/steuerportal.ch\/wp-content\/uploads\/2020\/07\/adank-220x220.png","organiser_data":[],"url":"https:\/\/steuerportal.ch\/fr\/autoren\/adrian-adank\/"}],"related_sht_promodule":["<a href=\"https:\/\/steuerportal.ch\/fachmodule\/steuerrevue\/abhandlungen\/\">Steuer Revue &#8594; Abhandlungen<\/a>"],"pdf":"https:\/\/steuerportal.ch\/fr\/articles-specialises\/geschaeftsfahrzeug-und-steuern\/shtpdf\/","language":"de"},"sht_proarticle_category":[17],"sht_proarticle_tag":[],"class_list":["post-4053","sht_proarticle","type-sht_proarticle","status-publish","hentry","sht_proarticle_category-abhandlungen"],"acf":{"authors":[552]},"shp_steuerportal_must_use":{"translations":[{"id":4053,"link":"https:\/\/steuerportal.ch\/fr\/articles-specialises\/geschaeftsfahrzeug-und-steuern\/","title":{"rendered":"Gesch\u00e4ftsfahrzeug und Steuern"},"language":"de"}]},"yoast_head":"<!-- This site is optimized with the Yoast SEO plugin v27.5 - https:\/\/yoast.com\/product\/yoast-seo-wordpress\/ -->\n<title>Gesch\u00e4ftsfahrzeug und Steuern &#8226; steuerportal.ch<\/title>\n<meta name=\"robots\" content=\"index, follow, max-snippet:-1, max-image-preview:large, max-video-preview:-1\" \/>\n<link rel=\"canonical\" href=\"https:\/\/steuerportal.ch\/fr\/articles-specialises\/geschaeftsfahrzeug-und-steuern\/\" \/>\n<meta property=\"og:locale\" content=\"fr_FR\" \/>\n<meta property=\"og:type\" content=\"article\" \/>\n<meta property=\"og:title\" content=\"Gesch\u00e4ftsfahrzeug und Steuern &#8226; steuerportal.ch\" \/>\n<meta property=\"og:description\" content=\"Die Besteuerung von Gesch\u00e4ftsfahrzeugen erfuhr 2016 mit der Umsetzung der FABI-Initiative durch die ESTV einen gr\u00f6sseren Wandel, der momentan noch nicht abgeschlossen ist. Im vorliegenden Artikel zeichnet Adank den aktuellen Stand der Entwicklungen rund um die Besteuerung von Geschl\u00e4ftsfahrzeugen und die Berechnung des Privatanteils nach und skizziert zwei konkrete L\u00f6sungen zur Senkung der steuerlichen Belastung.\" \/>\n<meta property=\"og:url\" content=\"https:\/\/steuerportal.ch\/fr\/articles-specialises\/geschaeftsfahrzeug-und-steuern\/\" \/>\n<meta property=\"og:site_name\" content=\"steuerportal.ch\" \/>\n<meta property=\"article:modified_time\" content=\"2021-01-25T16:59:29+00:00\" \/>\n<meta property=\"og:image\" content=\"https:\/\/steuerportal.ch\/wp-content\/uploads\/2020\/07\/05_01-1.png\" \/>\n<meta name=\"twitter:card\" content=\"summary_large_image\" \/>\n<meta name=\"twitter:label1\" content=\"Dur\u00e9e de lecture estim\u00e9e\" \/>\n\t<meta name=\"twitter:data1\" content=\"14 minutes\" \/>\n<script type=\"application\/ld+json\" class=\"yoast-schema-graph\">{\"@context\":\"https:\\\/\\\/schema.org\",\"@graph\":[{\"@type\":\"WebPage\",\"@id\":\"https:\\\/\\\/steuerportal.ch\\\/fr\\\/articles-specialises\\\/geschaeftsfahrzeug-und-steuern\\\/\",\"url\":\"https:\\\/\\\/steuerportal.ch\\\/fr\\\/articles-specialises\\\/geschaeftsfahrzeug-und-steuern\\\/\",\"name\":\"Gesch\u00e4ftsfahrzeug und Steuern &#8226; steuerportal.ch\",\"isPartOf\":{\"@id\":\"https:\\\/\\\/steuerportal.ch\\\/fr\\\/#website\"},\"primaryImageOfPage\":{\"@id\":\"https:\\\/\\\/steuerportal.ch\\\/fr\\\/articles-specialises\\\/geschaeftsfahrzeug-und-steuern\\\/#primaryimage\"},\"image\":{\"@id\":\"https:\\\/\\\/steuerportal.ch\\\/fr\\\/articles-specialises\\\/geschaeftsfahrzeug-und-steuern\\\/#primaryimage\"},\"thumbnailUrl\":\"https:\\\/\\\/steuerportal.ch\\\/wp-content\\\/uploads\\\/2020\\\/07\\\/05_01-1.png\",\"datePublished\":\"2018-05-02T15:36:13+00:00\",\"dateModified\":\"2021-01-25T16:59:29+00:00\",\"breadcrumb\":{\"@id\":\"https:\\\/\\\/steuerportal.ch\\\/fr\\\/articles-specialises\\\/geschaeftsfahrzeug-und-steuern\\\/#breadcrumb\"},\"inLanguage\":\"fr-FR\",\"potentialAction\":[{\"@type\":\"ReadAction\",\"target\":[\"https:\\\/\\\/steuerportal.ch\\\/fr\\\/articles-specialises\\\/geschaeftsfahrzeug-und-steuern\\\/\"]}]},{\"@type\":\"ImageObject\",\"inLanguage\":\"fr-FR\",\"@id\":\"https:\\\/\\\/steuerportal.ch\\\/fr\\\/articles-specialises\\\/geschaeftsfahrzeug-und-steuern\\\/#primaryimage\",\"url\":\"https:\\\/\\\/steuerportal.ch\\\/wp-content\\\/uploads\\\/2020\\\/07\\\/05_01-1.png\",\"contentUrl\":\"https:\\\/\\\/steuerportal.ch\\\/wp-content\\\/uploads\\\/2020\\\/07\\\/05_01-1.png\"},{\"@type\":\"BreadcrumbList\",\"@id\":\"https:\\\/\\\/steuerportal.ch\\\/fr\\\/articles-specialises\\\/geschaeftsfahrzeug-und-steuern\\\/#breadcrumb\",\"itemListElement\":[{\"@type\":\"ListItem\",\"position\":1,\"name\":\"Page d'accueil\",\"item\":\"https:\\\/\\\/steuerportal.ch\\\/fr\\\/\"},{\"@type\":\"ListItem\",\"position\":2,\"name\":\"Fachartikel\",\"item\":\"https:\\\/\\\/steuerportal.ch\\\/fr\\\/articles-specialises\\\/\"},{\"@type\":\"ListItem\",\"position\":3,\"name\":\"Gesch\u00e4ftsfahrzeug und Steuern\"}]},{\"@type\":\"WebSite\",\"@id\":\"https:\\\/\\\/steuerportal.ch\\\/fr\\\/#website\",\"url\":\"https:\\\/\\\/steuerportal.ch\\\/fr\\\/\",\"name\":\"steuerportal.ch\",\"description\":\"Le portail suisse sp\u00e9cialis\u00e9 dans le domaine des imp\u00f4ts\",\"publisher\":{\"@id\":\"https:\\\/\\\/steuerportal.ch\\\/fr\\\/#organization\"},\"potentialAction\":[{\"@type\":\"SearchAction\",\"target\":{\"@type\":\"EntryPoint\",\"urlTemplate\":\"https:\\\/\\\/steuerportal.ch\\\/fr\\\/?s={search_term_string}\"},\"query-input\":{\"@type\":\"PropertyValueSpecification\",\"valueRequired\":true,\"valueName\":\"search_term_string\"}}],\"inLanguage\":\"fr-FR\"},{\"@type\":\"Organization\",\"@id\":\"https:\\\/\\\/steuerportal.ch\\\/fr\\\/#organization\",\"name\":\"Steuerportal (Cosmos Verlag)\",\"url\":\"https:\\\/\\\/steuerportal.ch\\\/fr\\\/\",\"logo\":{\"@type\":\"ImageObject\",\"inLanguage\":\"fr-FR\",\"@id\":\"https:\\\/\\\/steuerportal.ch\\\/fr\\\/#\\\/schema\\\/logo\\\/image\\\/\",\"url\":\"https:\\\/\\\/steuerportal.ch\\\/wp-content\\\/uploads\\\/2021\\\/06\\\/cosmos_c-strich_h_positiv_bunt.svg\",\"contentUrl\":\"https:\\\/\\\/steuerportal.ch\\\/wp-content\\\/uploads\\\/2021\\\/06\\\/cosmos_c-strich_h_positiv_bunt.svg\",\"width\":191,\"height\":44,\"caption\":\"Steuerportal (Cosmos Verlag)\"},\"image\":{\"@id\":\"https:\\\/\\\/steuerportal.ch\\\/fr\\\/#\\\/schema\\\/logo\\\/image\\\/\"}}]}<\/script>\n<!-- \/ Yoast SEO plugin. -->","yoast_head_json":{"title":"Gesch\u00e4ftsfahrzeug und Steuern &#8226; steuerportal.ch","robots":{"index":"index","follow":"follow","max-snippet":"max-snippet:-1","max-image-preview":"max-image-preview:large","max-video-preview":"max-video-preview:-1"},"canonical":"https:\/\/steuerportal.ch\/fr\/articles-specialises\/geschaeftsfahrzeug-und-steuern\/","og_locale":"fr_FR","og_type":"article","og_title":"Gesch\u00e4ftsfahrzeug und Steuern &#8226; steuerportal.ch","og_description":"Die Besteuerung von Gesch\u00e4ftsfahrzeugen erfuhr 2016 mit der Umsetzung der FABI-Initiative durch die ESTV einen gr\u00f6sseren Wandel, der momentan noch nicht abgeschlossen ist. Im vorliegenden Artikel zeichnet Adank den aktuellen Stand der Entwicklungen rund um die Besteuerung von Geschl\u00e4ftsfahrzeugen und die Berechnung des Privatanteils nach und skizziert zwei konkrete L\u00f6sungen zur Senkung der steuerlichen Belastung.","og_url":"https:\/\/steuerportal.ch\/fr\/articles-specialises\/geschaeftsfahrzeug-und-steuern\/","og_site_name":"steuerportal.ch","article_modified_time":"2021-01-25T16:59:29+00:00","og_image":[{"url":"https:\/\/steuerportal.ch\/wp-content\/uploads\/2020\/07\/05_01-1.png","type":"","width":"","height":""}],"twitter_card":"summary_large_image","twitter_misc":{"Dur\u00e9e de lecture estim\u00e9e":"14 minutes"},"schema":{"@context":"https:\/\/schema.org","@graph":[{"@type":"WebPage","@id":"https:\/\/steuerportal.ch\/fr\/articles-specialises\/geschaeftsfahrzeug-und-steuern\/","url":"https:\/\/steuerportal.ch\/fr\/articles-specialises\/geschaeftsfahrzeug-und-steuern\/","name":"Gesch\u00e4ftsfahrzeug und Steuern &#8226; steuerportal.ch","isPartOf":{"@id":"https:\/\/steuerportal.ch\/fr\/#website"},"primaryImageOfPage":{"@id":"https:\/\/steuerportal.ch\/fr\/articles-specialises\/geschaeftsfahrzeug-und-steuern\/#primaryimage"},"image":{"@id":"https:\/\/steuerportal.ch\/fr\/articles-specialises\/geschaeftsfahrzeug-und-steuern\/#primaryimage"},"thumbnailUrl":"https:\/\/steuerportal.ch\/wp-content\/uploads\/2020\/07\/05_01-1.png","datePublished":"2018-05-02T15:36:13+00:00","dateModified":"2021-01-25T16:59:29+00:00","breadcrumb":{"@id":"https:\/\/steuerportal.ch\/fr\/articles-specialises\/geschaeftsfahrzeug-und-steuern\/#breadcrumb"},"inLanguage":"fr-FR","potentialAction":[{"@type":"ReadAction","target":["https:\/\/steuerportal.ch\/fr\/articles-specialises\/geschaeftsfahrzeug-und-steuern\/"]}]},{"@type":"ImageObject","inLanguage":"fr-FR","@id":"https:\/\/steuerportal.ch\/fr\/articles-specialises\/geschaeftsfahrzeug-und-steuern\/#primaryimage","url":"https:\/\/steuerportal.ch\/wp-content\/uploads\/2020\/07\/05_01-1.png","contentUrl":"https:\/\/steuerportal.ch\/wp-content\/uploads\/2020\/07\/05_01-1.png"},{"@type":"BreadcrumbList","@id":"https:\/\/steuerportal.ch\/fr\/articles-specialises\/geschaeftsfahrzeug-und-steuern\/#breadcrumb","itemListElement":[{"@type":"ListItem","position":1,"name":"Page d'accueil","item":"https:\/\/steuerportal.ch\/fr\/"},{"@type":"ListItem","position":2,"name":"Fachartikel","item":"https:\/\/steuerportal.ch\/fr\/articles-specialises\/"},{"@type":"ListItem","position":3,"name":"Gesch\u00e4ftsfahrzeug und Steuern"}]},{"@type":"WebSite","@id":"https:\/\/steuerportal.ch\/fr\/#website","url":"https:\/\/steuerportal.ch\/fr\/","name":"steuerportal.ch","description":"Le portail suisse sp\u00e9cialis\u00e9 dans le domaine des imp\u00f4ts","publisher":{"@id":"https:\/\/steuerportal.ch\/fr\/#organization"},"potentialAction":[{"@type":"SearchAction","target":{"@type":"EntryPoint","urlTemplate":"https:\/\/steuerportal.ch\/fr\/?s={search_term_string}"},"query-input":{"@type":"PropertyValueSpecification","valueRequired":true,"valueName":"search_term_string"}}],"inLanguage":"fr-FR"},{"@type":"Organization","@id":"https:\/\/steuerportal.ch\/fr\/#organization","name":"Steuerportal (Cosmos Verlag)","url":"https:\/\/steuerportal.ch\/fr\/","logo":{"@type":"ImageObject","inLanguage":"fr-FR","@id":"https:\/\/steuerportal.ch\/fr\/#\/schema\/logo\/image\/","url":"https:\/\/steuerportal.ch\/wp-content\/uploads\/2021\/06\/cosmos_c-strich_h_positiv_bunt.svg","contentUrl":"https:\/\/steuerportal.ch\/wp-content\/uploads\/2021\/06\/cosmos_c-strich_h_positiv_bunt.svg","width":191,"height":44,"caption":"Steuerportal (Cosmos Verlag)"},"image":{"@id":"https:\/\/steuerportal.ch\/fr\/#\/schema\/logo\/image\/"}}]}},"_links":{"self":[{"href":"https:\/\/steuerportal.ch\/fr\/wp-json\/wp\/v2\/sht_proarticle\/4053","targetHints":{"allow":["GET"]}}],"collection":[{"href":"https:\/\/steuerportal.ch\/fr\/wp-json\/wp\/v2\/sht_proarticle"}],"about":[{"href":"https:\/\/steuerportal.ch\/fr\/wp-json\/wp\/v2\/types\/sht_proarticle"}],"author":[{"embeddable":true,"href":"https:\/\/steuerportal.ch\/fr\/wp-json\/wp\/v2\/users\/448"}],"version-history":[{"count":0,"href":"https:\/\/steuerportal.ch\/fr\/wp-json\/wp\/v2\/sht_proarticle\/4053\/revisions"}],"acf:user":[{"embeddable":true,"href":"https:\/\/steuerportal.ch\/fr\/wp-json\/wp\/v2\/users\/552"}],"wp:attachment":[{"href":"https:\/\/steuerportal.ch\/fr\/wp-json\/wp\/v2\/media?parent=4053"}],"wp:term":[{"taxonomy":"sht_proarticle_category","embeddable":true,"href":"https:\/\/steuerportal.ch\/fr\/wp-json\/wp\/v2\/sht_proarticle_category?post=4053"},{"taxonomy":"sht_proarticle_tag","embeddable":true,"href":"https:\/\/steuerportal.ch\/fr\/wp-json\/wp\/v2\/sht_proarticle_tag?post=4053"}],"curies":[{"name":"wp","href":"https:\/\/api.w.org\/{rel}","templated":true}]}}