{"id":4048,"date":"2018-05-02T17:40:45","date_gmt":"2018-05-02T15:40:45","guid":{"rendered":"https:\/\/steuerportal.ch\/?post_type=sht_proarticle&#038;p=4048"},"modified":"2021-01-25T17:59:28","modified_gmt":"2021-01-25T16:59:28","slug":"verwirkung-des-rueckerstattungsanspruchs-gemaess-art-23-vstg","status":"publish","type":"sht_proarticle","link":"https:\/\/steuerportal.ch\/fr\/articles-specialises\/verwirkung-des-rueckerstattungsanspruchs-gemaess-art-23-vstg\/","title":{"rendered":"Verwirkung des R\u00fcckerstattungsanspruchs gem\u00e4ss Art. 23 VStG"},"content":{"rendered":"","protected":true},"excerpt":{"rendered":"<p>Anhand des Beispiels des Bundesgerichtsentscheids vom 6. Februar \u00fcber die Verwirkung des R\u00fcckerstattungsanspruchs im Verrechnungssteuerrecht diskutiert Maibach im vorliegenden Artikel, inwiefern die heute gelebte Praxis der Steuerbeh\u00f6rden wie auch diejenige des Bundesgerichts seiner Auffassung nach gegen den Grundsatz der Besteuerung nach der wirtschaftlichen Leistungsf\u00e4higkeit einerseits und gegen den vom Verrechnungssteuergesetz verfolgten Sicherungszweck andererseits verst\u00f6sst.<\/p>\n","protected":false},"author":448,"featured_media":0,"template":"","meta":{"_acf_changed":false,"authors":[{"ID":551,"display_name":"Eduard Maibach","first_name":"Eduard","last_name":"Maibach","description":"","image":"https:\/\/steuerportal.ch\/wp-content\/uploads\/2020\/07\/maibach-220x220.png","organiser_data":[],"url":"https:\/\/steuerportal.ch\/fr\/autoren\/eduard-maibach\/"}],"related_sht_promodule":["<a href=\"https:\/\/steuerportal.ch\/fachmodule\/steuerrevue\/abhandlungen\/\">Steuer Revue &#8594; Abhandlungen<\/a>"],"pdf":"https:\/\/steuerportal.ch\/fr\/articles-specialises\/verwirkung-des-rueckerstattungsanspruchs-gemaess-art-23-vstg\/shtpdf\/","language":"de"},"sht_proarticle_category":[17],"sht_proarticle_tag":[],"class_list":["post-4048","sht_proarticle","type-sht_proarticle","status-publish","hentry","sht_proarticle_category-abhandlungen"],"acf":{"authors":[551]},"shp_steuerportal_must_use":{"translations":[{"id":4048,"link":"https:\/\/steuerportal.ch\/fr\/articles-specialises\/verwirkung-des-rueckerstattungsanspruchs-gemaess-art-23-vstg\/","title":{"rendered":"Verwirkung des R\u00fcckerstattungsanspruchs gem\u00e4ss Art. 23 VStG"},"language":"de"}]},"yoast_head":"<!-- This site is optimized with the Yoast SEO plugin v27.5 - https:\/\/yoast.com\/product\/yoast-seo-wordpress\/ -->\n<title>Verwirkung des R\u00fcckerstattungsanspruchs gem\u00e4ss Art. 23 VStG &#8226; steuerportal.ch<\/title>\n<meta name=\"robots\" content=\"index, follow, max-snippet:-1, max-image-preview:large, max-video-preview:-1\" \/>\n<link rel=\"canonical\" href=\"https:\/\/steuerportal.ch\/fr\/articles-specialises\/verwirkung-des-rueckerstattungsanspruchs-gemaess-art-23-vstg\/\" \/>\n<meta property=\"og:locale\" content=\"fr_FR\" \/>\n<meta property=\"og:type\" content=\"article\" \/>\n<meta property=\"og:title\" content=\"Verwirkung des R\u00fcckerstattungsanspruchs gem\u00e4ss Art. 23 VStG &#8226; steuerportal.ch\" \/>\n<meta property=\"og:description\" content=\"Anhand des Beispiels des Bundesgerichtsentscheids vom 6. Februar \u00fcber die Verwirkung des R\u00fcckerstattungsanspruchs im Verrechnungssteuerrecht diskutiert Maibach im vorliegenden Artikel, inwiefern die heute gelebte Praxis der Steuerbeh\u00f6rden wie auch diejenige des Bundesgerichts seiner Auffassung nach gegen den Grundsatz der Besteuerung nach der wirtschaftlichen Leistungsf\u00e4higkeit einerseits und gegen den vom Verrechnungssteuergesetz verfolgten Sicherungszweck andererseits verst\u00f6sst.\" \/>\n<meta property=\"og:url\" content=\"https:\/\/steuerportal.ch\/fr\/articles-specialises\/verwirkung-des-rueckerstattungsanspruchs-gemaess-art-23-vstg\/\" \/>\n<meta property=\"og:site_name\" content=\"steuerportal.ch\" \/>\n<meta property=\"article:modified_time\" content=\"2021-01-25T16:59:28+00:00\" \/>\n<meta name=\"twitter:card\" content=\"summary_large_image\" \/>\n<meta name=\"twitter:label1\" content=\"Dur\u00e9e de lecture estim\u00e9e\" \/>\n\t<meta name=\"twitter:data1\" content=\"12 minutes\" \/>\n<script type=\"application\/ld+json\" class=\"yoast-schema-graph\">{\"@context\":\"https:\\\/\\\/schema.org\",\"@graph\":[{\"@type\":\"WebPage\",\"@id\":\"https:\\\/\\\/steuerportal.ch\\\/fr\\\/articles-specialises\\\/verwirkung-des-rueckerstattungsanspruchs-gemaess-art-23-vstg\\\/\",\"url\":\"https:\\\/\\\/steuerportal.ch\\\/fr\\\/articles-specialises\\\/verwirkung-des-rueckerstattungsanspruchs-gemaess-art-23-vstg\\\/\",\"name\":\"Verwirkung des R\u00fcckerstattungsanspruchs gem\u00e4ss Art. 23 VStG &#8226; steuerportal.ch\",\"isPartOf\":{\"@id\":\"https:\\\/\\\/steuerportal.ch\\\/fr\\\/#website\"},\"datePublished\":\"2018-05-02T15:40:45+00:00\",\"dateModified\":\"2021-01-25T16:59:28+00:00\",\"breadcrumb\":{\"@id\":\"https:\\\/\\\/steuerportal.ch\\\/fr\\\/articles-specialises\\\/verwirkung-des-rueckerstattungsanspruchs-gemaess-art-23-vstg\\\/#breadcrumb\"},\"inLanguage\":\"fr-FR\",\"potentialAction\":[{\"@type\":\"ReadAction\",\"target\":[\"https:\\\/\\\/steuerportal.ch\\\/fr\\\/articles-specialises\\\/verwirkung-des-rueckerstattungsanspruchs-gemaess-art-23-vstg\\\/\"]}]},{\"@type\":\"BreadcrumbList\",\"@id\":\"https:\\\/\\\/steuerportal.ch\\\/fr\\\/articles-specialises\\\/verwirkung-des-rueckerstattungsanspruchs-gemaess-art-23-vstg\\\/#breadcrumb\",\"itemListElement\":[{\"@type\":\"ListItem\",\"position\":1,\"name\":\"Page d'accueil\",\"item\":\"https:\\\/\\\/steuerportal.ch\\\/fr\\\/\"},{\"@type\":\"ListItem\",\"position\":2,\"name\":\"Fachartikel\",\"item\":\"https:\\\/\\\/steuerportal.ch\\\/fr\\\/articles-specialises\\\/\"},{\"@type\":\"ListItem\",\"position\":3,\"name\":\"Verwirkung des R\u00fcckerstattungsanspruchs gem\u00e4ss Art. 23 VStG\"}]},{\"@type\":\"WebSite\",\"@id\":\"https:\\\/\\\/steuerportal.ch\\\/fr\\\/#website\",\"url\":\"https:\\\/\\\/steuerportal.ch\\\/fr\\\/\",\"name\":\"steuerportal.ch\",\"description\":\"Le portail suisse sp\u00e9cialis\u00e9 dans le domaine des imp\u00f4ts\",\"publisher\":{\"@id\":\"https:\\\/\\\/steuerportal.ch\\\/fr\\\/#organization\"},\"potentialAction\":[{\"@type\":\"SearchAction\",\"target\":{\"@type\":\"EntryPoint\",\"urlTemplate\":\"https:\\\/\\\/steuerportal.ch\\\/fr\\\/?s={search_term_string}\"},\"query-input\":{\"@type\":\"PropertyValueSpecification\",\"valueRequired\":true,\"valueName\":\"search_term_string\"}}],\"inLanguage\":\"fr-FR\"},{\"@type\":\"Organization\",\"@id\":\"https:\\\/\\\/steuerportal.ch\\\/fr\\\/#organization\",\"name\":\"Steuerportal (Cosmos Verlag)\",\"url\":\"https:\\\/\\\/steuerportal.ch\\\/fr\\\/\",\"logo\":{\"@type\":\"ImageObject\",\"inLanguage\":\"fr-FR\",\"@id\":\"https:\\\/\\\/steuerportal.ch\\\/fr\\\/#\\\/schema\\\/logo\\\/image\\\/\",\"url\":\"https:\\\/\\\/steuerportal.ch\\\/wp-content\\\/uploads\\\/2021\\\/06\\\/cosmos_c-strich_h_positiv_bunt.svg\",\"contentUrl\":\"https:\\\/\\\/steuerportal.ch\\\/wp-content\\\/uploads\\\/2021\\\/06\\\/cosmos_c-strich_h_positiv_bunt.svg\",\"width\":191,\"height\":44,\"caption\":\"Steuerportal (Cosmos Verlag)\"},\"image\":{\"@id\":\"https:\\\/\\\/steuerportal.ch\\\/fr\\\/#\\\/schema\\\/logo\\\/image\\\/\"}}]}<\/script>\n<!-- \/ Yoast SEO plugin. -->","yoast_head_json":{"title":"Verwirkung des R\u00fcckerstattungsanspruchs gem\u00e4ss Art. 23 VStG &#8226; steuerportal.ch","robots":{"index":"index","follow":"follow","max-snippet":"max-snippet:-1","max-image-preview":"max-image-preview:large","max-video-preview":"max-video-preview:-1"},"canonical":"https:\/\/steuerportal.ch\/fr\/articles-specialises\/verwirkung-des-rueckerstattungsanspruchs-gemaess-art-23-vstg\/","og_locale":"fr_FR","og_type":"article","og_title":"Verwirkung des R\u00fcckerstattungsanspruchs gem\u00e4ss Art. 23 VStG &#8226; steuerportal.ch","og_description":"Anhand des Beispiels des Bundesgerichtsentscheids vom 6. Februar \u00fcber die Verwirkung des R\u00fcckerstattungsanspruchs im Verrechnungssteuerrecht diskutiert Maibach im vorliegenden Artikel, inwiefern die heute gelebte Praxis der Steuerbeh\u00f6rden wie auch diejenige des Bundesgerichts seiner Auffassung nach gegen den Grundsatz der Besteuerung nach der wirtschaftlichen Leistungsf\u00e4higkeit einerseits und gegen den vom Verrechnungssteuergesetz verfolgten Sicherungszweck andererseits verst\u00f6sst.","og_url":"https:\/\/steuerportal.ch\/fr\/articles-specialises\/verwirkung-des-rueckerstattungsanspruchs-gemaess-art-23-vstg\/","og_site_name":"steuerportal.ch","article_modified_time":"2021-01-25T16:59:28+00:00","twitter_card":"summary_large_image","twitter_misc":{"Dur\u00e9e de lecture estim\u00e9e":"12 minutes"},"schema":{"@context":"https:\/\/schema.org","@graph":[{"@type":"WebPage","@id":"https:\/\/steuerportal.ch\/fr\/articles-specialises\/verwirkung-des-rueckerstattungsanspruchs-gemaess-art-23-vstg\/","url":"https:\/\/steuerportal.ch\/fr\/articles-specialises\/verwirkung-des-rueckerstattungsanspruchs-gemaess-art-23-vstg\/","name":"Verwirkung des R\u00fcckerstattungsanspruchs gem\u00e4ss Art. 23 VStG &#8226; steuerportal.ch","isPartOf":{"@id":"https:\/\/steuerportal.ch\/fr\/#website"},"datePublished":"2018-05-02T15:40:45+00:00","dateModified":"2021-01-25T16:59:28+00:00","breadcrumb":{"@id":"https:\/\/steuerportal.ch\/fr\/articles-specialises\/verwirkung-des-rueckerstattungsanspruchs-gemaess-art-23-vstg\/#breadcrumb"},"inLanguage":"fr-FR","potentialAction":[{"@type":"ReadAction","target":["https:\/\/steuerportal.ch\/fr\/articles-specialises\/verwirkung-des-rueckerstattungsanspruchs-gemaess-art-23-vstg\/"]}]},{"@type":"BreadcrumbList","@id":"https:\/\/steuerportal.ch\/fr\/articles-specialises\/verwirkung-des-rueckerstattungsanspruchs-gemaess-art-23-vstg\/#breadcrumb","itemListElement":[{"@type":"ListItem","position":1,"name":"Page d'accueil","item":"https:\/\/steuerportal.ch\/fr\/"},{"@type":"ListItem","position":2,"name":"Fachartikel","item":"https:\/\/steuerportal.ch\/fr\/articles-specialises\/"},{"@type":"ListItem","position":3,"name":"Verwirkung des R\u00fcckerstattungsanspruchs gem\u00e4ss Art. 23 VStG"}]},{"@type":"WebSite","@id":"https:\/\/steuerportal.ch\/fr\/#website","url":"https:\/\/steuerportal.ch\/fr\/","name":"steuerportal.ch","description":"Le portail suisse sp\u00e9cialis\u00e9 dans le domaine des imp\u00f4ts","publisher":{"@id":"https:\/\/steuerportal.ch\/fr\/#organization"},"potentialAction":[{"@type":"SearchAction","target":{"@type":"EntryPoint","urlTemplate":"https:\/\/steuerportal.ch\/fr\/?s={search_term_string}"},"query-input":{"@type":"PropertyValueSpecification","valueRequired":true,"valueName":"search_term_string"}}],"inLanguage":"fr-FR"},{"@type":"Organization","@id":"https:\/\/steuerportal.ch\/fr\/#organization","name":"Steuerportal (Cosmos Verlag)","url":"https:\/\/steuerportal.ch\/fr\/","logo":{"@type":"ImageObject","inLanguage":"fr-FR","@id":"https:\/\/steuerportal.ch\/fr\/#\/schema\/logo\/image\/","url":"https:\/\/steuerportal.ch\/wp-content\/uploads\/2021\/06\/cosmos_c-strich_h_positiv_bunt.svg","contentUrl":"https:\/\/steuerportal.ch\/wp-content\/uploads\/2021\/06\/cosmos_c-strich_h_positiv_bunt.svg","width":191,"height":44,"caption":"Steuerportal (Cosmos Verlag)"},"image":{"@id":"https:\/\/steuerportal.ch\/fr\/#\/schema\/logo\/image\/"}}]}},"_links":{"self":[{"href":"https:\/\/steuerportal.ch\/fr\/wp-json\/wp\/v2\/sht_proarticle\/4048","targetHints":{"allow":["GET"]}}],"collection":[{"href":"https:\/\/steuerportal.ch\/fr\/wp-json\/wp\/v2\/sht_proarticle"}],"about":[{"href":"https:\/\/steuerportal.ch\/fr\/wp-json\/wp\/v2\/types\/sht_proarticle"}],"author":[{"embeddable":true,"href":"https:\/\/steuerportal.ch\/fr\/wp-json\/wp\/v2\/users\/448"}],"version-history":[{"count":0,"href":"https:\/\/steuerportal.ch\/fr\/wp-json\/wp\/v2\/sht_proarticle\/4048\/revisions"}],"acf:user":[{"embeddable":true,"href":"https:\/\/steuerportal.ch\/fr\/wp-json\/wp\/v2\/users\/551"}],"wp:attachment":[{"href":"https:\/\/steuerportal.ch\/fr\/wp-json\/wp\/v2\/media?parent=4048"}],"wp:term":[{"taxonomy":"sht_proarticle_category","embeddable":true,"href":"https:\/\/steuerportal.ch\/fr\/wp-json\/wp\/v2\/sht_proarticle_category?post=4048"},{"taxonomy":"sht_proarticle_tag","embeddable":true,"href":"https:\/\/steuerportal.ch\/fr\/wp-json\/wp\/v2\/sht_proarticle_tag?post=4048"}],"curies":[{"name":"wp","href":"https:\/\/api.w.org\/{rel}","templated":true}]}}