{"id":3555,"date":"2020-06-02T11:15:04","date_gmt":"2020-06-02T09:15:04","guid":{"rendered":"https:\/\/steuerportal.ch\/?post_type=sht_proarticle&#038;p=3555"},"modified":"2020-06-03T00:30:53","modified_gmt":"2020-06-02T22:30:53","slug":"ladmission-temporaire-des-aeronefs-daffaires-selon-la-convention-distanbul-2","status":"publish","type":"sht_proarticle","link":"https:\/\/steuerportal.ch\/fr\/articles-specialises\/ladmission-temporaire-des-aeronefs-daffaires-selon-la-convention-distanbul-2\/","title":{"rendered":"L\u2019admission temporaire des a\u00e9ronefs d\u2019affaires selon la Convention d\u2019Istanbul"},"content":{"rendered":"","protected":true},"excerpt":{"rendered":"<p>Der zweite Teil der Untersuchung von Antoine Labaume zur gewerblichen Verwendung von Luftfahrzeugen und dem Grundsatzentscheid des BVGer (A-6590\/2017 v. 27.11.2018)<\/p>\n","protected":false},"author":4,"featured_media":0,"template":"","meta":{"_acf_changed":false,"authors":[{"ID":349,"display_name":"Antoine Labaume","first_name":"Antoine","last_name":"Labaume","description":"<p>Avocat aux  barreaux de Gen\u00e8ve et Paris, collaborateur en l\u2019\u00e9tude Meyer Avocats, doctorant en droit (Universit\u00e9 de Gen\u00e8ve)<\/p>\n","image":"https:\/\/steuerportal.ch\/wp-content\/uploads\/2020\/03\/Foto-Labaume_Antoine-Labaume-avocat-aux-barreaux-de-Gen\u00e8ve-et-Paris-collaborateur-en-l\u2019\u00e9tude-Meyer-Avocats-doctorant-en-droit-UNIGE-220x220.jpg","organiser_data":[],"url":"https:\/\/steuerportal.ch\/fr\/autoren\/antoine-labaume\/"}],"related_sht_promodule":["<a href=\"https:\/\/steuerportal.ch\/fachmodule\/zollrevue\/abhandlungen\/\">Zoll Revue &#8594; Abhandlungen<\/a>"],"pdf":"https:\/\/steuerportal.ch\/fr\/articles-specialises\/ladmission-temporaire-des-aeronefs-daffaires-selon-la-convention-distanbul-2\/shtpdf\/","language":"de"},"sht_proarticle_category":[281],"sht_proarticle_tag":[],"class_list":["post-3555","sht_proarticle","type-sht_proarticle","status-publish","hentry","sht_proarticle_category-abhandlungen-2"],"acf":{"authors":[349]},"shp_steuerportal_must_use":{"translations":[{"id":3555,"link":"https:\/\/steuerportal.ch\/fr\/articles-specialises\/ladmission-temporaire-des-aeronefs-daffaires-selon-la-convention-distanbul-2\/","title":{"rendered":"L\u2019admission temporaire des a\u00e9ronefs d\u2019affaires selon la Convention d\u2019Istanbul"},"language":"de"}]},"yoast_head":"<!-- This site is optimized with the Yoast SEO plugin v27.5 - https:\/\/yoast.com\/product\/yoast-seo-wordpress\/ -->\n<title>L\u2019admission temporaire des a\u00e9ronefs d\u2019affaires selon la Convention d\u2019Istanbul &#8226; steuerportal.ch<\/title>\n<meta name=\"robots\" content=\"index, follow, max-snippet:-1, max-image-preview:large, max-video-preview:-1\" \/>\n<link rel=\"canonical\" href=\"https:\/\/steuerportal.ch\/fr\/articles-specialises\/ladmission-temporaire-des-aeronefs-daffaires-selon-la-convention-distanbul-2\/\" \/>\n<meta property=\"og:locale\" content=\"fr_FR\" \/>\n<meta property=\"og:type\" content=\"article\" \/>\n<meta property=\"og:title\" content=\"L\u2019admission temporaire des a\u00e9ronefs d\u2019affaires selon la Convention d\u2019Istanbul &#8226; steuerportal.ch\" \/>\n<meta property=\"og:description\" content=\"Der zweite Teil der Untersuchung von Antoine Labaume zur gewerblichen Verwendung von Luftfahrzeugen und dem Grundsatzentscheid des BVGer (A-6590\/2017 v. 27.11.2018)\" \/>\n<meta property=\"og:url\" content=\"https:\/\/steuerportal.ch\/fr\/articles-specialises\/ladmission-temporaire-des-aeronefs-daffaires-selon-la-convention-distanbul-2\/\" \/>\n<meta property=\"og:site_name\" content=\"steuerportal.ch\" \/>\n<meta property=\"article:modified_time\" content=\"2020-06-02T22:30:53+00:00\" \/>\n<meta name=\"twitter:card\" content=\"summary_large_image\" \/>\n<meta name=\"twitter:label1\" content=\"Dur\u00e9e de lecture estim\u00e9e\" \/>\n\t<meta name=\"twitter:data1\" content=\"41 minutes\" \/>\n<script type=\"application\/ld+json\" class=\"yoast-schema-graph\">{\"@context\":\"https:\\\/\\\/schema.org\",\"@graph\":[{\"@type\":\"WebPage\",\"@id\":\"https:\\\/\\\/steuerportal.ch\\\/fr\\\/articles-specialises\\\/ladmission-temporaire-des-aeronefs-daffaires-selon-la-convention-distanbul-2\\\/\",\"url\":\"https:\\\/\\\/steuerportal.ch\\\/fr\\\/articles-specialises\\\/ladmission-temporaire-des-aeronefs-daffaires-selon-la-convention-distanbul-2\\\/\",\"name\":\"L\u2019admission temporaire des a\u00e9ronefs d\u2019affaires selon la Convention d\u2019Istanbul &#8226; steuerportal.ch\",\"isPartOf\":{\"@id\":\"https:\\\/\\\/steuerportal.ch\\\/fr\\\/#website\"},\"datePublished\":\"2020-06-02T09:15:04+00:00\",\"dateModified\":\"2020-06-02T22:30:53+00:00\",\"breadcrumb\":{\"@id\":\"https:\\\/\\\/steuerportal.ch\\\/fr\\\/articles-specialises\\\/ladmission-temporaire-des-aeronefs-daffaires-selon-la-convention-distanbul-2\\\/#breadcrumb\"},\"inLanguage\":\"fr-FR\",\"potentialAction\":[{\"@type\":\"ReadAction\",\"target\":[\"https:\\\/\\\/steuerportal.ch\\\/fr\\\/articles-specialises\\\/ladmission-temporaire-des-aeronefs-daffaires-selon-la-convention-distanbul-2\\\/\"]}]},{\"@type\":\"BreadcrumbList\",\"@id\":\"https:\\\/\\\/steuerportal.ch\\\/fr\\\/articles-specialises\\\/ladmission-temporaire-des-aeronefs-daffaires-selon-la-convention-distanbul-2\\\/#breadcrumb\",\"itemListElement\":[{\"@type\":\"ListItem\",\"position\":1,\"name\":\"Page d'accueil\",\"item\":\"https:\\\/\\\/steuerportal.ch\\\/fr\\\/\"},{\"@type\":\"ListItem\",\"position\":2,\"name\":\"Fachartikel\",\"item\":\"https:\\\/\\\/steuerportal.ch\\\/fr\\\/articles-specialises\\\/\"},{\"@type\":\"ListItem\",\"position\":3,\"name\":\"L\u2019admission temporaire des a\u00e9ronefs d\u2019affaires selon la Convention d\u2019Istanbul\"}]},{\"@type\":\"WebSite\",\"@id\":\"https:\\\/\\\/steuerportal.ch\\\/fr\\\/#website\",\"url\":\"https:\\\/\\\/steuerportal.ch\\\/fr\\\/\",\"name\":\"steuerportal.ch\",\"description\":\"Le portail suisse sp\u00e9cialis\u00e9 dans le domaine des imp\u00f4ts\",\"publisher\":{\"@id\":\"https:\\\/\\\/steuerportal.ch\\\/fr\\\/#organization\"},\"potentialAction\":[{\"@type\":\"SearchAction\",\"target\":{\"@type\":\"EntryPoint\",\"urlTemplate\":\"https:\\\/\\\/steuerportal.ch\\\/fr\\\/?s={search_term_string}\"},\"query-input\":{\"@type\":\"PropertyValueSpecification\",\"valueRequired\":true,\"valueName\":\"search_term_string\"}}],\"inLanguage\":\"fr-FR\"},{\"@type\":\"Organization\",\"@id\":\"https:\\\/\\\/steuerportal.ch\\\/fr\\\/#organization\",\"name\":\"Steuerportal (Cosmos Verlag)\",\"url\":\"https:\\\/\\\/steuerportal.ch\\\/fr\\\/\",\"logo\":{\"@type\":\"ImageObject\",\"inLanguage\":\"fr-FR\",\"@id\":\"https:\\\/\\\/steuerportal.ch\\\/fr\\\/#\\\/schema\\\/logo\\\/image\\\/\",\"url\":\"https:\\\/\\\/steuerportal.ch\\\/wp-content\\\/uploads\\\/2021\\\/06\\\/cosmos_c-strich_h_positiv_bunt.svg\",\"contentUrl\":\"https:\\\/\\\/steuerportal.ch\\\/wp-content\\\/uploads\\\/2021\\\/06\\\/cosmos_c-strich_h_positiv_bunt.svg\",\"width\":191,\"height\":44,\"caption\":\"Steuerportal (Cosmos Verlag)\"},\"image\":{\"@id\":\"https:\\\/\\\/steuerportal.ch\\\/fr\\\/#\\\/schema\\\/logo\\\/image\\\/\"}}]}<\/script>\n<!-- \/ Yoast SEO plugin. -->","yoast_head_json":{"title":"L\u2019admission temporaire des a\u00e9ronefs d\u2019affaires selon la Convention d\u2019Istanbul &#8226; steuerportal.ch","robots":{"index":"index","follow":"follow","max-snippet":"max-snippet:-1","max-image-preview":"max-image-preview:large","max-video-preview":"max-video-preview:-1"},"canonical":"https:\/\/steuerportal.ch\/fr\/articles-specialises\/ladmission-temporaire-des-aeronefs-daffaires-selon-la-convention-distanbul-2\/","og_locale":"fr_FR","og_type":"article","og_title":"L\u2019admission temporaire des a\u00e9ronefs d\u2019affaires selon la Convention d\u2019Istanbul &#8226; steuerportal.ch","og_description":"Der zweite Teil der Untersuchung von Antoine Labaume zur gewerblichen Verwendung von Luftfahrzeugen und dem Grundsatzentscheid des BVGer (A-6590\/2017 v. 27.11.2018)","og_url":"https:\/\/steuerportal.ch\/fr\/articles-specialises\/ladmission-temporaire-des-aeronefs-daffaires-selon-la-convention-distanbul-2\/","og_site_name":"steuerportal.ch","article_modified_time":"2020-06-02T22:30:53+00:00","twitter_card":"summary_large_image","twitter_misc":{"Dur\u00e9e de lecture estim\u00e9e":"41 minutes"},"schema":{"@context":"https:\/\/schema.org","@graph":[{"@type":"WebPage","@id":"https:\/\/steuerportal.ch\/fr\/articles-specialises\/ladmission-temporaire-des-aeronefs-daffaires-selon-la-convention-distanbul-2\/","url":"https:\/\/steuerportal.ch\/fr\/articles-specialises\/ladmission-temporaire-des-aeronefs-daffaires-selon-la-convention-distanbul-2\/","name":"L\u2019admission temporaire des a\u00e9ronefs d\u2019affaires selon la Convention d\u2019Istanbul &#8226; steuerportal.ch","isPartOf":{"@id":"https:\/\/steuerportal.ch\/fr\/#website"},"datePublished":"2020-06-02T09:15:04+00:00","dateModified":"2020-06-02T22:30:53+00:00","breadcrumb":{"@id":"https:\/\/steuerportal.ch\/fr\/articles-specialises\/ladmission-temporaire-des-aeronefs-daffaires-selon-la-convention-distanbul-2\/#breadcrumb"},"inLanguage":"fr-FR","potentialAction":[{"@type":"ReadAction","target":["https:\/\/steuerportal.ch\/fr\/articles-specialises\/ladmission-temporaire-des-aeronefs-daffaires-selon-la-convention-distanbul-2\/"]}]},{"@type":"BreadcrumbList","@id":"https:\/\/steuerportal.ch\/fr\/articles-specialises\/ladmission-temporaire-des-aeronefs-daffaires-selon-la-convention-distanbul-2\/#breadcrumb","itemListElement":[{"@type":"ListItem","position":1,"name":"Page d'accueil","item":"https:\/\/steuerportal.ch\/fr\/"},{"@type":"ListItem","position":2,"name":"Fachartikel","item":"https:\/\/steuerportal.ch\/fr\/articles-specialises\/"},{"@type":"ListItem","position":3,"name":"L\u2019admission temporaire des a\u00e9ronefs d\u2019affaires selon la Convention d\u2019Istanbul"}]},{"@type":"WebSite","@id":"https:\/\/steuerportal.ch\/fr\/#website","url":"https:\/\/steuerportal.ch\/fr\/","name":"steuerportal.ch","description":"Le portail suisse sp\u00e9cialis\u00e9 dans le domaine des imp\u00f4ts","publisher":{"@id":"https:\/\/steuerportal.ch\/fr\/#organization"},"potentialAction":[{"@type":"SearchAction","target":{"@type":"EntryPoint","urlTemplate":"https:\/\/steuerportal.ch\/fr\/?s={search_term_string}"},"query-input":{"@type":"PropertyValueSpecification","valueRequired":true,"valueName":"search_term_string"}}],"inLanguage":"fr-FR"},{"@type":"Organization","@id":"https:\/\/steuerportal.ch\/fr\/#organization","name":"Steuerportal (Cosmos Verlag)","url":"https:\/\/steuerportal.ch\/fr\/","logo":{"@type":"ImageObject","inLanguage":"fr-FR","@id":"https:\/\/steuerportal.ch\/fr\/#\/schema\/logo\/image\/","url":"https:\/\/steuerportal.ch\/wp-content\/uploads\/2021\/06\/cosmos_c-strich_h_positiv_bunt.svg","contentUrl":"https:\/\/steuerportal.ch\/wp-content\/uploads\/2021\/06\/cosmos_c-strich_h_positiv_bunt.svg","width":191,"height":44,"caption":"Steuerportal (Cosmos Verlag)"},"image":{"@id":"https:\/\/steuerportal.ch\/fr\/#\/schema\/logo\/image\/"}}]}},"_links":{"self":[{"href":"https:\/\/steuerportal.ch\/fr\/wp-json\/wp\/v2\/sht_proarticle\/3555","targetHints":{"allow":["GET"]}}],"collection":[{"href":"https:\/\/steuerportal.ch\/fr\/wp-json\/wp\/v2\/sht_proarticle"}],"about":[{"href":"https:\/\/steuerportal.ch\/fr\/wp-json\/wp\/v2\/types\/sht_proarticle"}],"author":[{"embeddable":true,"href":"https:\/\/steuerportal.ch\/fr\/wp-json\/wp\/v2\/users\/4"}],"version-history":[{"count":0,"href":"https:\/\/steuerportal.ch\/fr\/wp-json\/wp\/v2\/sht_proarticle\/3555\/revisions"}],"acf:user":[{"embeddable":true,"href":"https:\/\/steuerportal.ch\/fr\/wp-json\/wp\/v2\/users\/349"}],"wp:attachment":[{"href":"https:\/\/steuerportal.ch\/fr\/wp-json\/wp\/v2\/media?parent=3555"}],"wp:term":[{"taxonomy":"sht_proarticle_category","embeddable":true,"href":"https:\/\/steuerportal.ch\/fr\/wp-json\/wp\/v2\/sht_proarticle_category?post=3555"},{"taxonomy":"sht_proarticle_tag","embeddable":true,"href":"https:\/\/steuerportal.ch\/fr\/wp-json\/wp\/v2\/sht_proarticle_tag?post=3555"}],"curies":[{"name":"wp","href":"https:\/\/api.w.org\/{rel}","templated":true}]}}