{"id":3364,"date":"2020-05-06T01:35:09","date_gmt":"2020-05-05T23:35:09","guid":{"rendered":"https:\/\/steuerportal.ch\/?post_type=sht_proarticle&#038;p=3364"},"modified":"2020-05-06T02:23:44","modified_gmt":"2020-05-06T00:23:44","slug":"zehn-jahre-straflose-selbstanzeige-eine-bestandesaufnahme","status":"publish","type":"sht_proarticle","link":"https:\/\/steuerportal.ch\/fr\/articles-specialises\/zehn-jahre-straflose-selbstanzeige-eine-bestandesaufnahme\/","title":{"rendered":"Zehn Jahre straflose Selbstanzeige \u2013 eine Bestandesaufnahme"},"content":{"rendered":"","protected":true},"excerpt":{"rendered":"<p>Die Einf\u00fchrung der straflosen Selbstanzeige per 1. Januar 2010 war nicht unumstritten. In quantitativer Hinsicht kann sie als Erfolgsstory bezeichnet werden, wurde doch der \u00f6ffentlichen Hand durch die offengelegten Steuerfaktoren auch erhebliches Steuersubstrat zugef\u00fchrt. Der vorliegende Beitrag von Olivier Margraf fokussiert auf verfahrensrechtliche Fragestellungen, die zum Teil gel\u00f6st sind, aber teilweise auch weiterhin einer h\u00f6chstrichterlichen Kl\u00e4rung harren.<\/p>\n","protected":false},"author":3,"featured_media":0,"template":"","meta":{"_acf_changed":false,"authors":[{"ID":41,"display_name":"Olivier Margraf","first_name":"Olivier","last_name":"Margraf","description":"<p>Dr. iur., Bereichsleiter Recht + Spezialsteuern, Steuerverwaltung Kanton Thurgau<\/p>\n","image":"https:\/\/steuerportal.ch\/wp-content\/uploads\/2021\/04\/olivier_margraf_cut_sw-220x220.jpg","organiser_data":[],"url":"https:\/\/steuerportal.ch\/fr\/autoren\/olivier-margraf\/"}],"related_sht_promodule":["<a href=\"https:\/\/steuerportal.ch\/fachmodule\/steuerrevue\/abhandlungen\/\">Steuer Revue &#8594; Abhandlungen<\/a>"],"pdf":"https:\/\/steuerportal.ch\/fr\/articles-specialises\/zehn-jahre-straflose-selbstanzeige-eine-bestandesaufnahme\/shtpdf\/","language":"de"},"sht_proarticle_category":[17],"sht_proarticle_tag":[],"class_list":["post-3364","sht_proarticle","type-sht_proarticle","status-publish","hentry","sht_proarticle_category-abhandlungen"],"acf":{"authors":[41]},"shp_steuerportal_must_use":{"translations":[{"id":3364,"link":"https:\/\/steuerportal.ch\/fr\/articles-specialises\/zehn-jahre-straflose-selbstanzeige-eine-bestandesaufnahme\/","title":{"rendered":"Zehn Jahre straflose Selbstanzeige \u2013 eine Bestandesaufnahme"},"language":"de"}]},"yoast_head":"<!-- This site is optimized with the Yoast SEO plugin v27.4 - https:\/\/yoast.com\/product\/yoast-seo-wordpress\/ -->\n<title>Zehn Jahre straflose Selbstanzeige \u2013 eine Bestandesaufnahme &#8226; steuerportal.ch<\/title>\n<meta name=\"robots\" content=\"index, follow, max-snippet:-1, max-image-preview:large, max-video-preview:-1\" \/>\n<link rel=\"canonical\" href=\"https:\/\/steuerportal.ch\/fr\/articles-specialises\/zehn-jahre-straflose-selbstanzeige-eine-bestandesaufnahme\/\" \/>\n<meta property=\"og:locale\" content=\"fr_FR\" \/>\n<meta property=\"og:type\" content=\"article\" \/>\n<meta property=\"og:title\" content=\"Zehn Jahre straflose Selbstanzeige \u2013 eine Bestandesaufnahme &#8226; steuerportal.ch\" \/>\n<meta property=\"og:description\" content=\"Die Einf\u00fchrung der straflosen Selbstanzeige per 1. Januar 2010 war nicht unumstritten. In quantitativer Hinsicht kann sie als Erfolgsstory bezeichnet werden, wurde doch der \u00f6ffentlichen Hand durch die offengelegten Steuerfaktoren auch erhebliches Steuersubstrat zugef\u00fchrt. Der vorliegende Beitrag von Olivier Margraf fokussiert auf verfahrensrechtliche Fragestellungen, die zum Teil gel\u00f6st sind, aber teilweise auch weiterhin einer h\u00f6chstrichterlichen Kl\u00e4rung harren.\" \/>\n<meta property=\"og:url\" content=\"https:\/\/steuerportal.ch\/fr\/articles-specialises\/zehn-jahre-straflose-selbstanzeige-eine-bestandesaufnahme\/\" \/>\n<meta property=\"og:site_name\" content=\"steuerportal.ch\" \/>\n<meta property=\"article:modified_time\" content=\"2020-05-06T00:23:44+00:00\" \/>\n<meta name=\"twitter:card\" content=\"summary_large_image\" \/>\n<meta name=\"twitter:label1\" content=\"Dur\u00e9e de lecture estim\u00e9e\" \/>\n\t<meta name=\"twitter:data1\" content=\"24 minutes\" \/>\n<script type=\"application\/ld+json\" class=\"yoast-schema-graph\">{\"@context\":\"https:\\\/\\\/schema.org\",\"@graph\":[{\"@type\":\"WebPage\",\"@id\":\"https:\\\/\\\/steuerportal.ch\\\/fr\\\/articles-specialises\\\/zehn-jahre-straflose-selbstanzeige-eine-bestandesaufnahme\\\/\",\"url\":\"https:\\\/\\\/steuerportal.ch\\\/fr\\\/articles-specialises\\\/zehn-jahre-straflose-selbstanzeige-eine-bestandesaufnahme\\\/\",\"name\":\"Zehn Jahre straflose Selbstanzeige \u2013 eine Bestandesaufnahme &#8226; steuerportal.ch\",\"isPartOf\":{\"@id\":\"https:\\\/\\\/steuerportal.ch\\\/fr\\\/#website\"},\"datePublished\":\"2020-05-05T23:35:09+00:00\",\"dateModified\":\"2020-05-06T00:23:44+00:00\",\"breadcrumb\":{\"@id\":\"https:\\\/\\\/steuerportal.ch\\\/fr\\\/articles-specialises\\\/zehn-jahre-straflose-selbstanzeige-eine-bestandesaufnahme\\\/#breadcrumb\"},\"inLanguage\":\"fr-FR\",\"potentialAction\":[{\"@type\":\"ReadAction\",\"target\":[\"https:\\\/\\\/steuerportal.ch\\\/fr\\\/articles-specialises\\\/zehn-jahre-straflose-selbstanzeige-eine-bestandesaufnahme\\\/\"]}]},{\"@type\":\"BreadcrumbList\",\"@id\":\"https:\\\/\\\/steuerportal.ch\\\/fr\\\/articles-specialises\\\/zehn-jahre-straflose-selbstanzeige-eine-bestandesaufnahme\\\/#breadcrumb\",\"itemListElement\":[{\"@type\":\"ListItem\",\"position\":1,\"name\":\"Page d'accueil\",\"item\":\"https:\\\/\\\/steuerportal.ch\\\/fr\\\/\"},{\"@type\":\"ListItem\",\"position\":2,\"name\":\"Fachartikel\",\"item\":\"https:\\\/\\\/steuerportal.ch\\\/fr\\\/articles-specialises\\\/\"},{\"@type\":\"ListItem\",\"position\":3,\"name\":\"Zehn Jahre straflose Selbstanzeige \u2013 eine Bestandesaufnahme\"}]},{\"@type\":\"WebSite\",\"@id\":\"https:\\\/\\\/steuerportal.ch\\\/fr\\\/#website\",\"url\":\"https:\\\/\\\/steuerportal.ch\\\/fr\\\/\",\"name\":\"steuerportal.ch\",\"description\":\"Le portail suisse sp\u00e9cialis\u00e9 dans le domaine des imp\u00f4ts\",\"publisher\":{\"@id\":\"https:\\\/\\\/steuerportal.ch\\\/fr\\\/#organization\"},\"potentialAction\":[{\"@type\":\"SearchAction\",\"target\":{\"@type\":\"EntryPoint\",\"urlTemplate\":\"https:\\\/\\\/steuerportal.ch\\\/fr\\\/?s={search_term_string}\"},\"query-input\":{\"@type\":\"PropertyValueSpecification\",\"valueRequired\":true,\"valueName\":\"search_term_string\"}}],\"inLanguage\":\"fr-FR\"},{\"@type\":\"Organization\",\"@id\":\"https:\\\/\\\/steuerportal.ch\\\/fr\\\/#organization\",\"name\":\"Steuerportal (Cosmos Verlag)\",\"url\":\"https:\\\/\\\/steuerportal.ch\\\/fr\\\/\",\"logo\":{\"@type\":\"ImageObject\",\"inLanguage\":\"fr-FR\",\"@id\":\"https:\\\/\\\/steuerportal.ch\\\/fr\\\/#\\\/schema\\\/logo\\\/image\\\/\",\"url\":\"https:\\\/\\\/steuerportal.ch\\\/wp-content\\\/uploads\\\/2021\\\/06\\\/cosmos_c-strich_h_positiv_bunt.svg\",\"contentUrl\":\"https:\\\/\\\/steuerportal.ch\\\/wp-content\\\/uploads\\\/2021\\\/06\\\/cosmos_c-strich_h_positiv_bunt.svg\",\"width\":191,\"height\":44,\"caption\":\"Steuerportal (Cosmos Verlag)\"},\"image\":{\"@id\":\"https:\\\/\\\/steuerportal.ch\\\/fr\\\/#\\\/schema\\\/logo\\\/image\\\/\"}}]}<\/script>\n<!-- \/ Yoast SEO plugin. -->","yoast_head_json":{"title":"Zehn Jahre straflose Selbstanzeige \u2013 eine Bestandesaufnahme &#8226; steuerportal.ch","robots":{"index":"index","follow":"follow","max-snippet":"max-snippet:-1","max-image-preview":"max-image-preview:large","max-video-preview":"max-video-preview:-1"},"canonical":"https:\/\/steuerportal.ch\/fr\/articles-specialises\/zehn-jahre-straflose-selbstanzeige-eine-bestandesaufnahme\/","og_locale":"fr_FR","og_type":"article","og_title":"Zehn Jahre straflose Selbstanzeige \u2013 eine Bestandesaufnahme &#8226; steuerportal.ch","og_description":"Die Einf\u00fchrung der straflosen Selbstanzeige per 1. Januar 2010 war nicht unumstritten. In quantitativer Hinsicht kann sie als Erfolgsstory bezeichnet werden, wurde doch der \u00f6ffentlichen Hand durch die offengelegten Steuerfaktoren auch erhebliches Steuersubstrat zugef\u00fchrt. Der vorliegende Beitrag von Olivier Margraf fokussiert auf verfahrensrechtliche Fragestellungen, die zum Teil gel\u00f6st sind, aber teilweise auch weiterhin einer h\u00f6chstrichterlichen Kl\u00e4rung harren.","og_url":"https:\/\/steuerportal.ch\/fr\/articles-specialises\/zehn-jahre-straflose-selbstanzeige-eine-bestandesaufnahme\/","og_site_name":"steuerportal.ch","article_modified_time":"2020-05-06T00:23:44+00:00","twitter_card":"summary_large_image","twitter_misc":{"Dur\u00e9e de lecture estim\u00e9e":"24 minutes"},"schema":{"@context":"https:\/\/schema.org","@graph":[{"@type":"WebPage","@id":"https:\/\/steuerportal.ch\/fr\/articles-specialises\/zehn-jahre-straflose-selbstanzeige-eine-bestandesaufnahme\/","url":"https:\/\/steuerportal.ch\/fr\/articles-specialises\/zehn-jahre-straflose-selbstanzeige-eine-bestandesaufnahme\/","name":"Zehn Jahre straflose Selbstanzeige \u2013 eine Bestandesaufnahme &#8226; steuerportal.ch","isPartOf":{"@id":"https:\/\/steuerportal.ch\/fr\/#website"},"datePublished":"2020-05-05T23:35:09+00:00","dateModified":"2020-05-06T00:23:44+00:00","breadcrumb":{"@id":"https:\/\/steuerportal.ch\/fr\/articles-specialises\/zehn-jahre-straflose-selbstanzeige-eine-bestandesaufnahme\/#breadcrumb"},"inLanguage":"fr-FR","potentialAction":[{"@type":"ReadAction","target":["https:\/\/steuerportal.ch\/fr\/articles-specialises\/zehn-jahre-straflose-selbstanzeige-eine-bestandesaufnahme\/"]}]},{"@type":"BreadcrumbList","@id":"https:\/\/steuerportal.ch\/fr\/articles-specialises\/zehn-jahre-straflose-selbstanzeige-eine-bestandesaufnahme\/#breadcrumb","itemListElement":[{"@type":"ListItem","position":1,"name":"Page d'accueil","item":"https:\/\/steuerportal.ch\/fr\/"},{"@type":"ListItem","position":2,"name":"Fachartikel","item":"https:\/\/steuerportal.ch\/fr\/articles-specialises\/"},{"@type":"ListItem","position":3,"name":"Zehn Jahre straflose Selbstanzeige \u2013 eine Bestandesaufnahme"}]},{"@type":"WebSite","@id":"https:\/\/steuerportal.ch\/fr\/#website","url":"https:\/\/steuerportal.ch\/fr\/","name":"steuerportal.ch","description":"Le portail suisse sp\u00e9cialis\u00e9 dans le domaine des imp\u00f4ts","publisher":{"@id":"https:\/\/steuerportal.ch\/fr\/#organization"},"potentialAction":[{"@type":"SearchAction","target":{"@type":"EntryPoint","urlTemplate":"https:\/\/steuerportal.ch\/fr\/?s={search_term_string}"},"query-input":{"@type":"PropertyValueSpecification","valueRequired":true,"valueName":"search_term_string"}}],"inLanguage":"fr-FR"},{"@type":"Organization","@id":"https:\/\/steuerportal.ch\/fr\/#organization","name":"Steuerportal (Cosmos Verlag)","url":"https:\/\/steuerportal.ch\/fr\/","logo":{"@type":"ImageObject","inLanguage":"fr-FR","@id":"https:\/\/steuerportal.ch\/fr\/#\/schema\/logo\/image\/","url":"https:\/\/steuerportal.ch\/wp-content\/uploads\/2021\/06\/cosmos_c-strich_h_positiv_bunt.svg","contentUrl":"https:\/\/steuerportal.ch\/wp-content\/uploads\/2021\/06\/cosmos_c-strich_h_positiv_bunt.svg","width":191,"height":44,"caption":"Steuerportal (Cosmos Verlag)"},"image":{"@id":"https:\/\/steuerportal.ch\/fr\/#\/schema\/logo\/image\/"}}]}},"_links":{"self":[{"href":"https:\/\/steuerportal.ch\/fr\/wp-json\/wp\/v2\/sht_proarticle\/3364","targetHints":{"allow":["GET"]}}],"collection":[{"href":"https:\/\/steuerportal.ch\/fr\/wp-json\/wp\/v2\/sht_proarticle"}],"about":[{"href":"https:\/\/steuerportal.ch\/fr\/wp-json\/wp\/v2\/types\/sht_proarticle"}],"author":[{"embeddable":true,"href":"https:\/\/steuerportal.ch\/fr\/wp-json\/wp\/v2\/users\/3"}],"version-history":[{"count":0,"href":"https:\/\/steuerportal.ch\/fr\/wp-json\/wp\/v2\/sht_proarticle\/3364\/revisions"}],"acf:user":[{"embeddable":true,"href":"https:\/\/steuerportal.ch\/fr\/wp-json\/wp\/v2\/users\/41"}],"wp:attachment":[{"href":"https:\/\/steuerportal.ch\/fr\/wp-json\/wp\/v2\/media?parent=3364"}],"wp:term":[{"taxonomy":"sht_proarticle_category","embeddable":true,"href":"https:\/\/steuerportal.ch\/fr\/wp-json\/wp\/v2\/sht_proarticle_category?post=3364"},{"taxonomy":"sht_proarticle_tag","embeddable":true,"href":"https:\/\/steuerportal.ch\/fr\/wp-json\/wp\/v2\/sht_proarticle_tag?post=3364"}],"curies":[{"name":"wp","href":"https:\/\/api.w.org\/{rel}","templated":true}]}}