{"id":30648,"date":"2026-09-01T05:54:00","date_gmt":"2026-09-01T03:54:00","guid":{"rendered":"https:\/\/steuerportal.ch\/?post_type=sht_proarticle&#038;p=30648"},"modified":"2026-08-31T13:50:45","modified_gmt":"2026-08-31T11:50:45","slug":"croyez-vous-en-une-puissance-superieure-diego-clavadetscher","status":"publish","type":"sht_proarticle","link":"https:\/\/steuerportal.ch\/fr\/articles-specialises\/croyez-vous-en-une-puissance-superieure-diego-clavadetscher\/","title":{"rendered":"Croyez-vous en une puissance sup\u00e9rieure, Diego\u00a0Clavadetscher?"},"content":{"rendered":"<div class=\"wp-block-media-text is-stacked-on-mobile\"><figure class=\"wp-block-media-text__media\"><img loading=\"lazy\" decoding=\"async\" width=\"734\" height=\"1024\" src=\"https:\/\/steuerportal.ch\/wp-content\/uploads\/2026\/08\/clavadetscher_diego_rendezvous-734x1024.jpg\" alt=\"\" class=\"wp-image-30644 size-full\" srcset=\"https:\/\/steuerportal.ch\/wp-content\/uploads\/2026\/08\/clavadetscher_diego_rendezvous-734x1024.jpg 734w, https:\/\/steuerportal.ch\/wp-content\/uploads\/2026\/08\/clavadetscher_diego_rendezvous-700x977.jpg 700w, https:\/\/steuerportal.ch\/wp-content\/uploads\/2026\/08\/clavadetscher_diego_rendezvous-768x1072.jpg 768w, https:\/\/steuerportal.ch\/wp-content\/uploads\/2026\/08\/clavadetscher_diego_rendezvous-1100x1536.jpg 1100w, https:\/\/steuerportal.ch\/wp-content\/uploads\/2026\/08\/clavadetscher_diego_rendezvous-1467x2048.jpg 1467w, https:\/\/steuerportal.ch\/wp-content\/uploads\/2026\/08\/clavadetscher_diego_rendezvous-1280x1787.jpg 1280w, https:\/\/steuerportal.ch\/wp-content\/uploads\/2026\/08\/clavadetscher_diego_rendezvous-201x280.jpg 201w, https:\/\/steuerportal.ch\/wp-content\/uploads\/2026\/08\/clavadetscher_diego_rendezvous-628x877.jpg 628w, https:\/\/steuerportal.ch\/wp-content\/uploads\/2026\/08\/clavadetscher_diego_rendezvous-296x413.jpg 296w, https:\/\/steuerportal.ch\/wp-content\/uploads\/2026\/08\/clavadetscher_diego_rendezvous.jpg 1669w\" sizes=\"auto, (max-width: 734px) 100vw, 734px\" \/><\/figure><div class=\"wp-block-media-text__content\">\n<p class=\"wp-block-paragraph\"><strong>Nom:<\/strong> Diego Clavadetscher<\/p>\n\n\n\n<p class=\"wp-block-paragraph\"><strong>Profession\/fonction:<\/strong> Avocat, expert fiscal dipl&ocirc;m&eacute; et notaire, associ&eacute; chez OBERSON ABELS AG &agrave; Berne ; charg&eacute; de cours &agrave; l&rsquo;Universit&eacute; de Berne<\/p>\n\n\n\n<p class=\"wp-block-paragraph\"><strong>Famille:<\/strong> mari&eacute; &agrave; une gyn&eacute;cologue, p&egrave;re de deux &eacute;tudiantes en m&eacute;decine et cheffes scoutes<\/p>\n\n\n\n<p class=\"wp-block-paragraph\"><strong>Loisirs:<\/strong> Montagne, randonn&eacute;es longue distance, th&eacute;ologie, lecture<\/p>\n\n\n\n<p class=\"wp-block-paragraph\"><a href=\"Hobbys:%20Berge,%20fernwandern,%20Theologie,%20lesen\"><\/a><\/p>\n<\/div><\/div><div class=\"wp-block-group is-style-info-box has-gray-xlight-background-color has-background is-layout-constrained wp-container-core-group-is-layout-2efc5061 wp-block-group-is-layout-constrained\" style=\"padding-top:var(--wp--preset--spacing--20);padding-right:var(--wp--preset--spacing--20);padding-bottom:var(--wp--preset--spacing--20);padding-left:var(--wp--preset--spacing--20)\">\n<p class=\"has-primary-dark-color has-text-color wp-block-paragraph\">Ce texte est une <strong>traduction automatique r&eacute;vis&eacute;e<\/strong> de l&rsquo;article original en allemand. Changez les param&egrave;tres de langue pour lire l&rsquo;article original en allemand. Vous ne voulez pas manquer un article en fran&ccedil;ais? Abonnez-vous &agrave; notre newsletter.<\/p>\n\n\n\n<div class=\"wp-block-group is-layout-flow wp-block-group-is-layout-flow\">\n<div class=\"wp-block-buttons is-layout-flex wp-block-buttons-is-layout-flex\">\n<div class=\"wp-block-button\"><a class=\"wp-block-button__link wp-element-button\" href=\"https:\/\/steuerportal.ch\/fr\/contact\/#Newsletter\" target=\"_blank\" rel=\"noreferrer noopener\">Inscription &agrave; la newsletter<\/a><\/div>\n<\/div>\n\n\n\n<div style=\"height:20px\" aria-hidden=\"true\" class=\"wp-block-spacer\"><\/div>\n<\/div>\n<\/div><p class=\"wp-block-paragraph\"><strong><em>Pourquoi &ecirc;tes-vous devenu avocat? Qu&rsquo;auriez-vous fait d&rsquo;autre?<\/em><\/strong><\/p><p class=\"wp-block-paragraph\">J&rsquo;ai opt&eacute; pour des &eacute;tudes de droit &agrave; l&rsquo;issue d&rsquo;un processus d&rsquo;&eacute;limination. L&rsquo;informatique a &eacute;t&eacute; la derni&egrave;re fili&egrave;re &agrave; &ecirc;tre &eacute;cart&eacute;e. La th&eacute;ologie a &eacute;t&eacute; l&rsquo;avant-derni&egrave;re.<\/p><p class=\"wp-block-paragraph\"><strong><em>Vous citez toutefois toujours la th&eacute;ologie parmi vos loisirs &ndash; qu&rsquo;entend-on exactement par l&agrave;?<\/em><\/strong><\/p><p class=\"wp-block-paragraph\">Pour moi, r&eacute;fl&eacute;chir aux grandes questions de notre existence est tr&egrave;s passionnant et stimulant. D&rsquo;apr&egrave;s mon exp&eacute;rience, c&rsquo;est aussi dans ces questions que r&eacute;side la cl&eacute; de la libert&eacute; individuelle. J&rsquo;aime lire sur ce sujet, je m&rsquo;int&eacute;resse aux exp&eacute;riences des autres et je consigne mes r&eacute;flexions. De plus, j&rsquo;essaie de commencer chaque journ&eacute;e par un quart d&rsquo;heure de silence, pendant lequel je me penche sur des th&egrave;mes existentiels.<\/p><p class=\"wp-block-paragraph\"><strong><em>Vivez-vous pour le droit fiscal?<\/em><\/strong><\/p><p class=\"wp-block-paragraph\">Non, mais je consacre beaucoup de temps de ma vie &agrave; ce sujet.<\/p><p class=\"wp-block-paragraph\"><strong><em>Avez-vous une devise dans la vie?<\/em><\/strong><\/p><p class=\"wp-block-paragraph\">Oui et non: il y a de nombreuses maximes qui me servent de ligne directrice, on ne peut donc pas parler d&rsquo;une seule devise. Par exemple &laquo;Servir et dispara&icirc;tre&raquo; ou &laquo;Audiatur et altera pars&raquo;.<\/p><p class=\"wp-block-paragraph\"><strong><em>Qui ou quoi est votre source d&rsquo;inspiration?<\/em><\/strong><\/p><p class=\"wp-block-paragraph\">Les personnes qui me lancent des d&eacute;fis, m&ecirc;me si ces d&eacute;fis prennent souvent la forme d&rsquo;une contradiction. L&rsquo;affirmation &laquo;ce n&rsquo;est pas possible!&raquo; (ou, dans le m&ecirc;me esprit, &laquo;on n&rsquo;a jamais fait &ccedil;a comme &ccedil;a!&raquo;) me motive souvent tout particuli&egrave;rement et me donne envie de prouver le contraire.<\/p><p class=\"wp-block-paragraph\"><strong><em>Quel m&eacute;tier r&ecirc;viez-vous d&rsquo;exercer quand vous &eacute;tiez enfant &ndash; et pourquoi ce r&ecirc;ve ne s&rsquo;est-il pas r&eacute;alis&eacute;?<\/em><\/strong><\/p><p class=\"wp-block-paragraph\">D&rsquo;apr&egrave;s ce que racontait ma m&egrave;re, quand j&rsquo;&eacute;tais petit gar&ccedil;on, j&rsquo;&eacute;tais fascin&eacute; par les &eacute;boueurs. Je ne me souviens pas pourquoi cet int&eacute;r&ecirc;t s&rsquo;est estomp&eacute;. Dans ce m&eacute;tier, on apporte une contribution importante au bien-&ecirc;tre de la soci&eacute;t&eacute;. Je consid&egrave;re ce &laquo;service&raquo; sans &eacute;clat &ndash; aujourd&rsquo;hui encore plus qu&rsquo;autrefois &ndash; comme un aspect essentiel d&rsquo;une vie &eacute;panouie.<\/p><p class=\"wp-block-paragraph\"><strong><em>Quels sont les trois mots-cl&eacute;s qui d&eacute;crivent votre quotidien?<\/em><\/strong><\/p><p class=\"wp-block-paragraph\">&Eacute;couter, parler et &ndash; esp&eacute;rons-le &ndash; r&eacute;fl&eacute;chir avant de parler.<\/p><p class=\"wp-block-paragraph\"><strong><em>Qu&rsquo;est-ce qui vous met hors de vous?<\/em><\/strong><\/p><p class=\"wp-block-paragraph\">Les gens qui refusent d&rsquo;accomplir la t&acirc;che qui leur incombe.<\/p><p class=\"wp-block-paragraph\"><strong><em>Quelle est la destination de vos r&ecirc;ves?<\/em><\/strong><\/p><p class=\"wp-block-paragraph\">Un endroit d&rsquo;o&ugrave; je peux voir de nombreux sommets et profiter d&rsquo;une vue imprenable. Le Brienzer Rothorn, par exemple, est un endroit que j&rsquo;aime beaucoup visiter et qui m&rsquo;inspire.<\/p><p class=\"wp-block-paragraph\"><strong><em>Que faites-vous pendant votre temps libre? En avez-vous d&rsquo;ailleurs?<\/em><\/strong><\/p><p class=\"wp-block-paragraph\">J&rsquo;ai du temps libre. J&rsquo;aime faire de longues randonn&eacute;es. Mais la lecture et l&rsquo;optimisation de la domotique de notre maison font &eacute;galement partie de mes loisirs. Pour l&rsquo;instant, c&rsquo;est toutefois la politique locale qui occupe la majeure partie de mon temps libre.<\/p><p class=\"wp-block-paragraph\"><strong><em>Quel devrait &ecirc;tre le titre de votre autobiographie?<\/em><\/strong><\/p><p class=\"wp-block-paragraph\">&laquo;Tout ce qu&rsquo;il reste encore &agrave; d&eacute;couvrir&raquo;. Je trouve plus passionnant de me pencher sur ce qui m&rsquo;attend encore.<\/p><p class=\"wp-block-paragraph\"><strong><em>Qu&rsquo;y aurait-il sur la couverture de votre autobiographie?<\/em><\/strong><\/p><p class=\"wp-block-paragraph\">Un livre vierge devant un panorama alpin.<\/p><p class=\"wp-block-paragraph\"><strong><em>Si vous aviez droit &agrave; trois v&oelig;ux, quels seraient-ils?<\/em><\/strong><\/p><p class=\"wp-block-paragraph\">Pour moi: savoir chanter; pour le monde: voir &agrave; nouveau davantage de personnes s&rsquo;engager pour le bien commun. Mais en r&eacute;alit&eacute;, je suis parfaitement heureux, je peux donc garder mon troisi&egrave;me v&oelig;u pour plus tard.<\/p><p class=\"wp-block-paragraph\"><strong><em>Y a-t-il quelque chose qui vous agace particuli&egrave;rement dans le domaine fiscal?<\/em><\/strong><\/p><p class=\"wp-block-paragraph\">D&rsquo;une mani&egrave;re g&eacute;n&eacute;rale, j&rsquo;aimerais que le l&eacute;gislateur s&rsquo;efforce &agrave; nouveau de mettre en place un syst&egrave;me fiscal coh&eacute;rent. Quant aux autorit&eacute;s et aux tribunaux, j&rsquo;aimerais qu&rsquo;ils adoptent plus souvent le point de vue des justiciables dans leurs d&eacute;cisions.<\/p><p class=\"wp-block-paragraph\"><strong><em>Avez-vous des mod&egrave;les?<\/em><\/strong><\/p><p class=\"wp-block-paragraph\">Cela change sans cesse: j&rsquo;essaie de m&rsquo;inspirer de personnes qui s&rsquo;investissent avec beaucoup d&rsquo;engagement personnel dans une cause ou, mieux encore, au service de la communaut&eacute;.<\/p><p class=\"wp-block-paragraph\"><strong><em>&Eacute;tiez-vous bon &eacute;l&egrave;ve?<\/em><\/strong><\/p><p class=\"wp-block-paragraph\">Mes notes n&rsquo;&eacute;taient pas exceptionnelles, mais j&rsquo;&eacute;tais tout de m&ecirc;me un &laquo;bon&raquo; &eacute;l&egrave;ve, car je profitais pleinement de ce que l&rsquo;&eacute;cole proposait &agrave; l&rsquo;&eacute;poque, au-del&agrave; du programme scolaire proprement dit. J&rsquo;ai eu la chance d&rsquo;&ecirc;tre accompagn&eacute; tout au long de ma scolarit&eacute; par de nombreux enseignants exceptionnels.<\/p><p class=\"wp-block-paragraph\"><strong><em>Croyez-vous en une puissance sup&eacute;rieure?<\/em><\/strong><\/p><p class=\"wp-block-paragraph\">Oui; sinon, notre vie serait vide de sens.<\/p><p class=\"wp-block-paragraph\"><strong><em>Quel conseil donneriez-vous &agrave; votre moi plus jeune?<\/em><\/strong><\/p><p class=\"wp-block-paragraph\">Essaie d&rsquo;acqu&eacute;rir autant de connaissances et de comp&eacute;tences que possible quand tu es jeune; on n&rsquo;apprend jamais aussi facilement que lorsqu&rsquo;on est jeune.<\/p><p class=\"wp-block-paragraph\"><strong><em>Qu&rsquo;est-ce qui vous fait rire?<\/em><\/strong><\/p><p class=\"wp-block-paragraph\">La spontan&eacute;it&eacute; enfantine ou une remarque pleine d&rsquo;esprit.<\/p><p class=\"wp-block-paragraph\"><strong><em>Avez-vous d&eacute;j&agrave; eu vraiment de la chance? Que s&rsquo;est-il pass&eacute;?<\/em><\/strong><\/p><p class=\"wp-block-paragraph\">La chance m&rsquo;a tr&egrave;s souvent souri dans ma vie. J&rsquo;ai eu une chance particuli&egrave;rement grande il y a plus de trente-cinq ans, lorsque j&rsquo;ai sauv&eacute; une &eacute;tudiante en m&eacute;decine polonaise que je ne connaissais pas, prise dans un tourbillon de l&rsquo;Aar. Elle est devenue ma femme et la m&egrave;re de nos deux filles.<\/p><p class=\"wp-block-paragraph\"><strong><em>Qu&rsquo;est-ce qui vous fait peur?<\/em><\/strong><\/p><p class=\"wp-block-paragraph\">L&rsquo;&eacute;rosion du sens de la collectivit&eacute;. Je ne pense pas que nous parviendrons &agrave; relever les d&eacute;fis qui se pr&eacute;sentent &agrave; chaque &eacute;tape en adoptant une attitude individualiste.<\/p><p class=\"wp-block-paragraph\"><strong><em>Pourriez-vous pr&eacute;ciser davantage?<\/em><\/strong><\/p><p class=\"wp-block-paragraph\">J&rsquo;ai l&rsquo;impression que nous (moi y compris) accordons de plus en plus d&rsquo;importance &agrave; nos int&eacute;r&ecirc;ts et besoins individuels, en oubliant que l&rsquo;humanit&eacute; a r&eacute;alis&eacute; les grands progr&egrave;s de la civilisation gr&acirc;ce &agrave; la solidarit&eacute;, c&rsquo;est-&agrave;-dire &agrave; la coop&eacute;ration de tous. Une communaut&eacute; qui fonctionne exige que tous ceux qui en font partie s&rsquo;investissent en fonction de leurs possibilit&eacute;s et de leurs capacit&eacute;s. Mais cela signifie aussi, en m&ecirc;me temps, que nous devons parfois mettre de c&ocirc;t&eacute; nos besoins personnels. Je suis convaincu que la libert&eacute; individuelle ne peut &ecirc;tre pr&eacute;serv&eacute;e que gr&acirc;ce &agrave; une communaut&eacute; qui fonctionne (ce qui nous ram&egrave;ne au d&eacute;but de cet entretien). Ou, en bref: je suis convaincu que chaque personne s&rsquo;en sort potentiellement mieux lorsque tout le monde va bien.<\/p><div style=\"height:25px\" aria-hidden=\"true\" class=\"wp-block-spacer\"><\/div><p class=\"wp-block-paragraph\"><em>R&eacute;vision par Margaux Stanton<\/em><\/p>\n","protected":false},"excerpt":{"rendered":"<p>Dans le Rendez-vous, Diego Clavadetscher aborde des sujets allant au-del\u00e0 des aspects techniques et r\u00e9pond \u00e0 nos questions.<\/p>\n","protected":false},"author":2371,"featured_media":0,"template":"","meta":{"_acf_changed":false,"_members_access_role":[],"_members_access_error":"","authors":[{"ID":74,"display_name":"Redaktion Steuer Revue","first_name":"","last_name":"","description":"","image":"https:\/\/steuerportal.ch\/wp-content\/uploads\/2024\/11\/StP_Profilbild_RED_DE_quadratisch.jpg","organiser_data":{"public_organiser_name":"Redaktion Steuer Revue","public_organiser_page":false,"offer":"","location":"","preamble":"","public_organiser_logo":false},"url":"https:\/\/steuerportal.ch\/fr\/autoren\/redaktion-steuer-revue\/"}],"related_sht_promodule":["<a href=\"https:\/\/steuerportal.ch\/fr\/modules-specialises\/revue-fiscale\/rendez-vous\/\">Revue fiscale &#8594; Rendez-vous<\/a>"],"pdf":"https:\/\/steuerportal.ch\/fr\/articles-specialises\/croyez-vous-en-une-puissance-superieure-diego-clavadetscher\/shtpdf\/","language":"fr"},"sht_proarticle_category":[271],"sht_proarticle_tag":[],"class_list":["post-30648","sht_proarticle","type-sht_proarticle","status-publish","hentry","sht_proarticle_category-rendez-vous-fr"],"acf":{"authors":[74]},"shp_steuerportal_must_use":{"translations":[{"id":30643,"link":"https:\/\/steuerportal.ch\/articles-specialises\/glauben-sie-an-eine-hoehere-macht-diego-clavadetscher\/","title":{"rendered":"Glauben Sie an eine h\u00f6here Macht, Diego Clavadetscher?"},"language":"de"},{"id":30648,"link":"https:\/\/steuerportal.ch\/fr\/articles-specialises\/croyez-vous-en-une-puissance-superieure-diego-clavadetscher\/","title":{"rendered":"Croyez-vous en une puissance sup\u00e9rieure, Diego\u00a0Clavadetscher?"},"language":"fr"}]},"yoast_head":"<!-- This site is optimized with the Yoast SEO plugin v28.4 - https:\/\/yoast.com\/product\/yoast-seo-wordpress\/ -->\n<title>Croyez-vous en une puissance sup\u00e9rieure, Diego\u00a0Clavadetscher? &#8226; steuerportal.ch<\/title>\n<meta name=\"robots\" content=\"index, follow, max-snippet:-1, max-image-preview:large, max-video-preview:-1\" \/>\n<link rel=\"canonical\" href=\"https:\/\/steuerportal.ch\/fr\/articles-specialises\/croyez-vous-en-une-puissance-superieure-diego-clavadetscher\/\" \/>\n<meta property=\"og:locale\" content=\"fr_FR\" \/>\n<meta property=\"og:type\" content=\"article\" \/>\n<meta property=\"og:title\" content=\"Croyez-vous en une puissance sup\u00e9rieure, Diego\u00a0Clavadetscher? &#8226; steuerportal.ch\" \/>\n<meta property=\"og:description\" content=\"Dans le Rendez-vous, Diego Clavadetscher aborde des sujets allant au-del\u00e0 des aspects techniques et r\u00e9pond \u00e0 nos questions.\" \/>\n<meta property=\"og:url\" content=\"https:\/\/steuerportal.ch\/fr\/articles-specialises\/croyez-vous-en-une-puissance-superieure-diego-clavadetscher\/\" \/>\n<meta property=\"og:site_name\" content=\"steuerportal.ch\" \/>\n<meta property=\"og:image\" content=\"https:\/\/steuerportal.ch\/wp-content\/uploads\/2026\/08\/clavadetscher_diego_rendezvous-734x1024.jpg\" \/>\n\t<meta property=\"og:image:width\" content=\"734\" \/>\n\t<meta property=\"og:image:height\" content=\"1024\" \/>\n\t<meta property=\"og:image:type\" content=\"image\/jpeg\" \/>\n<meta name=\"twitter:card\" content=\"summary_large_image\" \/>\n<meta name=\"twitter:label1\" content=\"Dur\u00e9e de lecture estim\u00e9e\" \/>\n\t<meta name=\"twitter:data1\" content=\"6 minutes\" \/>\n<script type=\"application\/ld+json\" class=\"yoast-schema-graph\">{\"@context\":\"https:\\\/\\\/schema.org\",\"@graph\":[{\"@type\":\"WebPage\",\"@id\":\"https:\\\/\\\/steuerportal.ch\\\/fr\\\/articles-specialises\\\/croyez-vous-en-une-puissance-superieure-diego-clavadetscher\\\/\",\"url\":\"https:\\\/\\\/steuerportal.ch\\\/fr\\\/articles-specialises\\\/croyez-vous-en-une-puissance-superieure-diego-clavadetscher\\\/\",\"name\":\"Croyez-vous en une puissance sup\u00e9rieure, Diego\u00a0Clavadetscher? &#8226; steuerportal.ch\",\"isPartOf\":{\"@id\":\"https:\\\/\\\/steuerportal.ch\\\/fr\\\/#website\"},\"primaryImageOfPage\":{\"@id\":\"https:\\\/\\\/steuerportal.ch\\\/fr\\\/articles-specialises\\\/croyez-vous-en-une-puissance-superieure-diego-clavadetscher\\\/#primaryimage\"},\"image\":{\"@id\":\"https:\\\/\\\/steuerportal.ch\\\/fr\\\/articles-specialises\\\/croyez-vous-en-une-puissance-superieure-diego-clavadetscher\\\/#primaryimage\"},\"thumbnailUrl\":\"https:\\\/\\\/steuerportal.ch\\\/wp-content\\\/uploads\\\/2026\\\/08\\\/clavadetscher_diego_rendezvous-734x1024.jpg\",\"datePublished\":\"2026-09-01T03:54:00+00:00\",\"breadcrumb\":{\"@id\":\"https:\\\/\\\/steuerportal.ch\\\/fr\\\/articles-specialises\\\/croyez-vous-en-une-puissance-superieure-diego-clavadetscher\\\/#breadcrumb\"},\"inLanguage\":\"fr-FR\",\"potentialAction\":[{\"@type\":\"ReadAction\",\"target\":[\"https:\\\/\\\/steuerportal.ch\\\/fr\\\/articles-specialises\\\/croyez-vous-en-une-puissance-superieure-diego-clavadetscher\\\/\"]}]},{\"@type\":\"ImageObject\",\"inLanguage\":\"fr-FR\",\"@id\":\"https:\\\/\\\/steuerportal.ch\\\/fr\\\/articles-specialises\\\/croyez-vous-en-une-puissance-superieure-diego-clavadetscher\\\/#primaryimage\",\"url\":\"https:\\\/\\\/steuerportal.ch\\\/wp-content\\\/uploads\\\/2026\\\/08\\\/clavadetscher_diego_rendezvous-734x1024.jpg\",\"contentUrl\":\"https:\\\/\\\/steuerportal.ch\\\/wp-content\\\/uploads\\\/2026\\\/08\\\/clavadetscher_diego_rendezvous-734x1024.jpg\"},{\"@type\":\"BreadcrumbList\",\"@id\":\"https:\\\/\\\/steuerportal.ch\\\/fr\\\/articles-specialises\\\/croyez-vous-en-une-puissance-superieure-diego-clavadetscher\\\/#breadcrumb\",\"itemListElement\":[{\"@type\":\"ListItem\",\"position\":1,\"name\":\"Page d'accueil\",\"item\":\"https:\\\/\\\/steuerportal.ch\\\/fr\\\/\"},{\"@type\":\"ListItem\",\"position\":2,\"name\":\"Fachartikel\",\"item\":\"https:\\\/\\\/steuerportal.ch\\\/fr\\\/articles-specialises\\\/\"},{\"@type\":\"ListItem\",\"position\":3,\"name\":\"Croyez-vous en une puissance sup\u00e9rieure, Diego\u00a0Clavadetscher?\"}]},{\"@type\":\"WebSite\",\"@id\":\"https:\\\/\\\/steuerportal.ch\\\/fr\\\/#website\",\"url\":\"https:\\\/\\\/steuerportal.ch\\\/fr\\\/\",\"name\":\"steuerportal.ch\",\"description\":\"Le portail suisse sp\u00e9cialis\u00e9 dans le domaine des imp\u00f4ts\",\"publisher\":{\"@id\":\"https:\\\/\\\/steuerportal.ch\\\/fr\\\/#organization\"},\"potentialAction\":[{\"@type\":\"SearchAction\",\"target\":{\"@type\":\"EntryPoint\",\"urlTemplate\":\"https:\\\/\\\/steuerportal.ch\\\/fr\\\/?s={search_term_string}\"},\"query-input\":{\"@type\":\"PropertyValueSpecification\",\"valueRequired\":true,\"valueName\":\"search_term_string\"}}],\"inLanguage\":\"fr-FR\"},{\"@type\":\"Organization\",\"@id\":\"https:\\\/\\\/steuerportal.ch\\\/fr\\\/#organization\",\"name\":\"Steuerportal (Cosmos Verlag)\",\"url\":\"https:\\\/\\\/steuerportal.ch\\\/fr\\\/\",\"logo\":{\"@type\":\"ImageObject\",\"inLanguage\":\"fr-FR\",\"@id\":\"https:\\\/\\\/steuerportal.ch\\\/fr\\\/#\\\/schema\\\/logo\\\/image\\\/\",\"url\":\"https:\\\/\\\/steuerportal.ch\\\/wp-content\\\/uploads\\\/2021\\\/06\\\/cosmos_c-strich_h_positiv_bunt.svg\",\"contentUrl\":\"https:\\\/\\\/steuerportal.ch\\\/wp-content\\\/uploads\\\/2021\\\/06\\\/cosmos_c-strich_h_positiv_bunt.svg\",\"width\":191,\"height\":44,\"caption\":\"Steuerportal (Cosmos Verlag)\"},\"image\":{\"@id\":\"https:\\\/\\\/steuerportal.ch\\\/fr\\\/#\\\/schema\\\/logo\\\/image\\\/\"}}]}<\/script>\n<!-- \/ Yoast SEO plugin. -->","yoast_head_json":{"title":"Croyez-vous en une puissance sup\u00e9rieure, Diego\u00a0Clavadetscher? &#8226; steuerportal.ch","robots":{"index":"index","follow":"follow","max-snippet":"max-snippet:-1","max-image-preview":"max-image-preview:large","max-video-preview":"max-video-preview:-1"},"canonical":"https:\/\/steuerportal.ch\/fr\/articles-specialises\/croyez-vous-en-une-puissance-superieure-diego-clavadetscher\/","og_locale":"fr_FR","og_type":"article","og_title":"Croyez-vous en une puissance sup\u00e9rieure, Diego\u00a0Clavadetscher? &#8226; steuerportal.ch","og_description":"Dans le Rendez-vous, Diego Clavadetscher aborde des sujets allant au-del\u00e0 des aspects techniques et r\u00e9pond \u00e0 nos questions.","og_url":"https:\/\/steuerportal.ch\/fr\/articles-specialises\/croyez-vous-en-une-puissance-superieure-diego-clavadetscher\/","og_site_name":"steuerportal.ch","og_image":[{"width":734,"height":1024,"url":"https:\/\/steuerportal.ch\/wp-content\/uploads\/2026\/08\/clavadetscher_diego_rendezvous-734x1024.jpg","type":"image\/jpeg"}],"twitter_card":"summary_large_image","twitter_misc":{"Dur\u00e9e de lecture estim\u00e9e":"6 minutes"},"schema":{"@context":"https:\/\/schema.org","@graph":[{"@type":"WebPage","@id":"https:\/\/steuerportal.ch\/fr\/articles-specialises\/croyez-vous-en-une-puissance-superieure-diego-clavadetscher\/","url":"https:\/\/steuerportal.ch\/fr\/articles-specialises\/croyez-vous-en-une-puissance-superieure-diego-clavadetscher\/","name":"Croyez-vous en une puissance sup\u00e9rieure, Diego\u00a0Clavadetscher? &#8226; steuerportal.ch","isPartOf":{"@id":"https:\/\/steuerportal.ch\/fr\/#website"},"primaryImageOfPage":{"@id":"https:\/\/steuerportal.ch\/fr\/articles-specialises\/croyez-vous-en-une-puissance-superieure-diego-clavadetscher\/#primaryimage"},"image":{"@id":"https:\/\/steuerportal.ch\/fr\/articles-specialises\/croyez-vous-en-une-puissance-superieure-diego-clavadetscher\/#primaryimage"},"thumbnailUrl":"https:\/\/steuerportal.ch\/wp-content\/uploads\/2026\/08\/clavadetscher_diego_rendezvous-734x1024.jpg","datePublished":"2026-09-01T03:54:00+00:00","breadcrumb":{"@id":"https:\/\/steuerportal.ch\/fr\/articles-specialises\/croyez-vous-en-une-puissance-superieure-diego-clavadetscher\/#breadcrumb"},"inLanguage":"fr-FR","potentialAction":[{"@type":"ReadAction","target":["https:\/\/steuerportal.ch\/fr\/articles-specialises\/croyez-vous-en-une-puissance-superieure-diego-clavadetscher\/"]}]},{"@type":"ImageObject","inLanguage":"fr-FR","@id":"https:\/\/steuerportal.ch\/fr\/articles-specialises\/croyez-vous-en-une-puissance-superieure-diego-clavadetscher\/#primaryimage","url":"https:\/\/steuerportal.ch\/wp-content\/uploads\/2026\/08\/clavadetscher_diego_rendezvous-734x1024.jpg","contentUrl":"https:\/\/steuerportal.ch\/wp-content\/uploads\/2026\/08\/clavadetscher_diego_rendezvous-734x1024.jpg"},{"@type":"BreadcrumbList","@id":"https:\/\/steuerportal.ch\/fr\/articles-specialises\/croyez-vous-en-une-puissance-superieure-diego-clavadetscher\/#breadcrumb","itemListElement":[{"@type":"ListItem","position":1,"name":"Page d'accueil","item":"https:\/\/steuerportal.ch\/fr\/"},{"@type":"ListItem","position":2,"name":"Fachartikel","item":"https:\/\/steuerportal.ch\/fr\/articles-specialises\/"},{"@type":"ListItem","position":3,"name":"Croyez-vous en une puissance sup\u00e9rieure, Diego\u00a0Clavadetscher?"}]},{"@type":"WebSite","@id":"https:\/\/steuerportal.ch\/fr\/#website","url":"https:\/\/steuerportal.ch\/fr\/","name":"steuerportal.ch","description":"Le portail suisse sp\u00e9cialis\u00e9 dans le domaine des imp\u00f4ts","publisher":{"@id":"https:\/\/steuerportal.ch\/fr\/#organization"},"potentialAction":[{"@type":"SearchAction","target":{"@type":"EntryPoint","urlTemplate":"https:\/\/steuerportal.ch\/fr\/?s={search_term_string}"},"query-input":{"@type":"PropertyValueSpecification","valueRequired":true,"valueName":"search_term_string"}}],"inLanguage":"fr-FR"},{"@type":"Organization","@id":"https:\/\/steuerportal.ch\/fr\/#organization","name":"Steuerportal (Cosmos Verlag)","url":"https:\/\/steuerportal.ch\/fr\/","logo":{"@type":"ImageObject","inLanguage":"fr-FR","@id":"https:\/\/steuerportal.ch\/fr\/#\/schema\/logo\/image\/","url":"https:\/\/steuerportal.ch\/wp-content\/uploads\/2021\/06\/cosmos_c-strich_h_positiv_bunt.svg","contentUrl":"https:\/\/steuerportal.ch\/wp-content\/uploads\/2021\/06\/cosmos_c-strich_h_positiv_bunt.svg","width":191,"height":44,"caption":"Steuerportal (Cosmos Verlag)"},"image":{"@id":"https:\/\/steuerportal.ch\/fr\/#\/schema\/logo\/image\/"}}]}},"_links":{"self":[{"href":"https:\/\/steuerportal.ch\/fr\/wp-json\/wp\/v2\/sht_proarticle\/30648","targetHints":{"allow":["GET"]}}],"collection":[{"href":"https:\/\/steuerportal.ch\/fr\/wp-json\/wp\/v2\/sht_proarticle"}],"about":[{"href":"https:\/\/steuerportal.ch\/fr\/wp-json\/wp\/v2\/types\/sht_proarticle"}],"author":[{"embeddable":true,"href":"https:\/\/steuerportal.ch\/fr\/wp-json\/wp\/v2\/users\/2371"}],"version-history":[{"count":5,"href":"https:\/\/steuerportal.ch\/fr\/wp-json\/wp\/v2\/sht_proarticle\/30648\/revisions"}],"predecessor-version":[{"id":30709,"href":"https:\/\/steuerportal.ch\/fr\/wp-json\/wp\/v2\/sht_proarticle\/30648\/revisions\/30709"}],"acf:user":[{"embeddable":true,"href":"https:\/\/steuerportal.ch\/fr\/wp-json\/wp\/v2\/users\/74"}],"wp:attachment":[{"href":"https:\/\/steuerportal.ch\/fr\/wp-json\/wp\/v2\/media?parent=30648"}],"wp:term":[{"taxonomy":"sht_proarticle_category","embeddable":true,"href":"https:\/\/steuerportal.ch\/fr\/wp-json\/wp\/v2\/sht_proarticle_category?post=30648"},{"taxonomy":"sht_proarticle_tag","embeddable":true,"href":"https:\/\/steuerportal.ch\/fr\/wp-json\/wp\/v2\/sht_proarticle_tag?post=30648"}],"curies":[{"name":"wp","href":"https:\/\/api.w.org\/{rel}","templated":true}]}}