{"id":29723,"date":"2026-05-03T04:53:00","date_gmt":"2026-05-03T02:53:00","guid":{"rendered":"https:\/\/steuerportal.ch\/?post_type=sht_proarticle&#038;p=29723"},"modified":"2026-05-01T12:17:24","modified_gmt":"2026-05-01T10:17:24","slug":"sur-quel-sujet-avez-vous-radicalement-change-davis-bruno-knusel","status":"publish","type":"sht_proarticle","link":"https:\/\/steuerportal.ch\/fr\/articles-specialises\/sur-quel-sujet-avez-vous-radicalement-change-davis-bruno-knusel\/","title":{"rendered":"Sur quoi avez-vous radicalement chang\u00e9 d\u2019avis, Bruno Kn\u00fcsel?"},"content":{"rendered":"<div class=\"wp-block-media-text is-stacked-on-mobile\"><figure class=\"wp-block-media-text__media\"><img loading=\"lazy\" decoding=\"async\" width=\"768\" height=\"1024\" src=\"https:\/\/steuerportal.ch\/wp-content\/uploads\/2026\/04\/knuesel_bruno_rendezvous-768x1024.jpg\" alt=\"\" class=\"wp-image-29720 size-full\" srcset=\"https:\/\/steuerportal.ch\/wp-content\/uploads\/2026\/04\/knuesel_bruno_rendezvous-768x1024.jpg 768w, https:\/\/steuerportal.ch\/wp-content\/uploads\/2026\/04\/knuesel_bruno_rendezvous-700x933.jpg 700w, https:\/\/steuerportal.ch\/wp-content\/uploads\/2026\/04\/knuesel_bruno_rendezvous-1152x1536.jpg 1152w, https:\/\/steuerportal.ch\/wp-content\/uploads\/2026\/04\/knuesel_bruno_rendezvous-210x280.jpg 210w, https:\/\/steuerportal.ch\/wp-content\/uploads\/2026\/04\/knuesel_bruno_rendezvous-628x837.jpg 628w, https:\/\/steuerportal.ch\/wp-content\/uploads\/2026\/04\/knuesel_bruno_rendezvous-296x395.jpg 296w, https:\/\/steuerportal.ch\/wp-content\/uploads\/2026\/04\/knuesel_bruno_rendezvous.jpg 1200w\" sizes=\"auto, (max-width: 768px) 100vw, 768px\" \/><\/figure><div class=\"wp-block-media-text__content\">\n<p><strong>Nom:&nbsp;<\/strong>Bruno Kn&uuml;sel<\/p>\n\n\n\n<p><strong>Profession\/fonction:<\/strong> ancien intendant des imp&ocirc;ts du Canton de Berne et Pr&eacute;sident de la CSI<\/p>\n<\/div><\/div><div class=\"wp-block-group is-style-info-box has-gray-xlight-background-color has-background is-layout-constrained wp-container-core-group-is-layout-c385debf wp-block-group-is-layout-constrained\" style=\"padding-top:var(--wp--preset--spacing--20);padding-right:var(--wp--preset--spacing--20);padding-bottom:var(--wp--preset--spacing--20);padding-left:var(--wp--preset--spacing--20)\">\n<p class=\"has-primary-dark-color has-text-color\">Ce texte est une <strong>traduction automatique r&eacute;vis&eacute;e<\/strong> de l&rsquo;article original en allemand. Changez les param&egrave;tres de langue pour lire l&rsquo;article original en allemand. Vous ne voulez pas manquer un article en fran&ccedil;ais? Abonnez-vous &agrave; notre newsletter.<\/p>\n\n\n\n<div class=\"wp-block-group is-layout-flow wp-block-group-is-layout-flow\">\n<div class=\"wp-block-buttons is-layout-flex wp-block-buttons-is-layout-flex\">\n<div class=\"wp-block-button\"><a class=\"wp-block-button__link wp-element-button\" href=\"https:\/\/steuerportal.ch\/fr\/contact\/#Newsletter\" target=\"_blank\" rel=\"noreferrer noopener\">Inscription &agrave; la newsletter<\/a><\/div>\n<\/div>\n\n\n\n<div style=\"height:20px\" aria-hidden=\"true\" class=\"wp-block-spacer\"><\/div>\n<\/div>\n<\/div><p><strong><em>Pourquoi &ecirc;tes-vous devenu intendant des imp&ocirc;ts? Qu&rsquo;auriez-vous fait autrement?<\/em><\/strong><\/p><p>C&rsquo;est une s&eacute;rie de heureux hasards qui m&rsquo;a finalement conduit &agrave; devenir intendant des imp&ocirc;ts. Sinon, j&rsquo;aurais probablement travaill&eacute; comme juriste dans un poste administratif.<\/p><p><strong><em>Vivez-vous pour le droit fiscal?<\/em><\/strong><\/p><p>J&rsquo;ai pass&eacute; presque toute ma vie professionnelle dans le droit fiscal, donc pendant des ann&eacute;es, j&rsquo;ai largement v&eacute;cu pour le droit fiscal.<\/p><p><strong><em>Avez-vous une devise dans la vie?<\/em><\/strong><\/p><p>Qui ne tente rien n&rsquo;a rien.<\/p><p><strong><em>Avez-vous une passion (secr&egrave;te) (en dehors du droit fiscal)?<\/em><\/strong><\/p><p>Les secrets n&rsquo;ont pas leur place dans ce texte, sinon ils ne seraient pas secrets.<\/p><p><strong><em>Quel m&eacute;tier r&ecirc;viez-vous d&rsquo;exercer quand vous &eacute;tiez enfant &ndash; et pourquoi ce r&ecirc;ve ne s&rsquo;est-il pas r&eacute;alis&eacute;?<\/em><\/strong><\/p><p>Je n&rsquo;avais pas vraiment de m&eacute;tier de r&ecirc;ve pr&eacute;cis en t&ecirc;te, je voulais simplement faire quelque chose de passionnant qui permette aussi d&rsquo;en vivre.<\/p><p><strong><em>Quels trois mots-cl&eacute;s d&eacute;crivent votre quotidien?<\/em><\/strong><\/p><p>Mon quotidien actuel est celui d&rsquo;un retrait&eacute; avec de nombreux contacts sociaux, mais qui continue &eacute;galement &agrave; suivre de pr&egrave;s l&rsquo;actualit&eacute; fiscale.<\/p><p><strong><em>Qu&rsquo;est-ce qui vous met hors de vous?<\/em><\/strong><\/p><p>Le manque de fiabilit&eacute; et la malhonn&ecirc;tet&eacute;.<\/p><p><strong><em>Quelle est la destination de vos r&ecirc;ves?<\/em><\/strong><\/p><p>J&rsquo;ai vu beaucoup de choses dans ma vie et je n&rsquo;ai plus vraiment de destination de r&ecirc;ve.<\/p><p><strong><em>Qu&rsquo;est-ce qui caract&eacute;rise un bon intendant des imp&ocirc;ts?<\/em><\/strong><\/p><p>De solides connaissances techniques, le sens des relations humaines ainsi que l&rsquo;&eacute;quit&eacute; entre les partenaires professionnels, sans oublier bien s&ucirc;r une bonne compr&eacute;hension du contexte politique, que l&rsquo;intendant des imp&ocirc;ts ne peut &eacute;videmment pas d&eacute;finir lui-m&ecirc;me.<\/p><p><strong><em>Que faites-vous depuis que vous avez quitt&eacute; votre poste d&rsquo;intendant des imp&ocirc;ts?<\/em><\/strong><\/p><p>En tant que retrait&eacute;, on n&rsquo;a plus que du temps libre. Je joue au tennis et je m&rsquo;occupe des finances du club. Je fais r&eacute;guli&egrave;rement des randonn&eacute;es dans des endroits que je ne connais pas encore, et au moins une fois par an, je fais une balade urbaine dans une ville europ&eacute;enne, o&ugrave; nous n&rsquo;allons pas courir apr&egrave;s les lieux touristiques, mais o&ugrave; nous explorons la ville &agrave; pied. Pendant la p&eacute;riode hivernale, je passe beaucoup de temps &agrave; pr&eacute;parer le prochain carnaval de Lucerne, auquel je participe encore activement, m&ecirc;me apr&egrave;s plus de 50 ans.<\/p><p><strong><em>Que repr&eacute;sentent pour vous Lucerne et le carnaval en particulier?<\/em><\/strong><\/p><p>C&rsquo;est au lyc&eacute;e cantonal de Lucerne, alors que j&rsquo;&eacute;tais lyc&eacute;en, que j&rsquo;ai fond&eacute; ma premi&egrave;re fanfare en 1979, puis, en 1975, la Ch&auml;ppeler-Guuggenmusig, qui existe encore aujourd&rsquo;hui et dans laquelle je continue de m&rsquo;investir activement.<\/p><p><strong><em>Si votre vie &eacute;tait adapt&eacute;e au cin&eacute;ma, quel acteur tiendrait le r&ocirc;le principal?<\/em><\/strong><\/p><p>Robert de Niro ou Sean Connery.<\/p><p><strong><em>Qui aimeriez-vous absolument rencontrer autour d&rsquo;une bi&egrave;re apr&egrave;s le travail?<\/em><\/strong><\/p><p>La nouvelle professeure titulaire de droit fiscal &agrave; Berne, Andrea Opel. (Note de la r&eacute;daction: elle ne boit de la bi&egrave;re qu&rsquo;en octobre.)<\/p><p><strong><em>Si vous aviez trois v&oelig;ux &agrave; formuler, quels seraient-ils?<\/em><\/strong><\/p><p>Un monde plus pacifique, pouvoir rester curieux et conserver la sant&eacute; n&eacute;cessaire pour cela.<\/p><p><strong><em>Que prendriez-vous avec vous sur une &icirc;le d&eacute;serte (pas plus de trois choses)?<\/em><\/strong><\/p><p>Je n&rsquo;y irais pas du tout, je m&rsquo;ennuierais trop<\/p><p><strong><em>Quel livre lisez-vous en ce moment?<\/em><\/strong><\/p><p>La biographie de Frank A. Meyer, en tant que t&eacute;moin int&eacute;ressant des cinquante derni&egrave;res ann&eacute;es.<\/p><p><strong><em>Y a-t-il quelque chose qui vous agace particuli&egrave;rement dans le domaine fiscal?<\/em><\/strong><\/p><p>Depuis des d&eacute;cennies, on parle de simplifier le droit fiscal. Mais &agrave; chaque r&eacute;vision, tout se complique avec de nouvelles d&eacute;ductions et de nouvelles questions de d&eacute;limitation, car tout le monde ne pense qu&rsquo;&agrave; ses propres int&eacute;r&ecirc;ts et &agrave; ceux de ses &eacute;lecteurs, sans avoir une vision d&rsquo;ensemble.<\/p><p><strong><em>On vous a d&eacute;j&agrave; surnomm&eacute; le &laquo;p&egrave;re de la d&eacute;claration d&rsquo;imp&ocirc;t &eacute;lectronique&raquo;. Que pensez-vous de l&rsquo;introduction de l&rsquo;imposition individuelle (votation du 8 mars)? Cela complique-t-il le monde fiscal?<\/em><\/strong><\/p><p>Merci pour le compliment! L&rsquo;imposition individuelle entra&icirc;ne dans un premier temps un travail l&eacute;gislatif consid&eacute;rable pour les cantons, avec toutes les discussions autour des nouveaux bar&egrave;mes. Par la suite, ce sera surtout difficile, pendant une p&eacute;riode de transition, de former les contribuables et de communiquer avec eux, afin que les deux parties sachent concr&egrave;tement comment proc&eacute;der. La mise en &oelig;uvre technique de la nouvelle situation en mati&egrave;re de donn&eacute;es sera &eacute;galement exigeante, car on ne pourra pas simplement utiliser les donn&eacute;es de l&rsquo;ann&eacute;e pr&eacute;c&eacute;dente disponibles aujourd&rsquo;hui &agrave; des fins de comparaison. L&rsquo;exp&eacute;rience montre toutefois que la situation devrait se stabiliser apr&egrave;s quelques ann&eacute;es.<\/p><p><strong><em>Avez-vous des propositions concr&egrave;tes pour simplifier le droit fiscal?<\/em><\/strong><\/p><p>Quand on lit la l&eacute;gislation fiscale actuelle, on se rend vite compte que la plus grande simplification consisterait &agrave; r&eacute;duire radicalement la multitude de d&eacute;ductions et, en contrepartie, de baisser les bar&egrave;mes. Mais ces d&eacute;ductions sont toujours le r&eacute;sultat de discussions politiques, au cours desquelles chacun tente d&rsquo;obtenir quelque chose pour son &eacute;lectorat. Au final, elles n&rsquo;apportent rien &agrave; l&rsquo;ensemble.<\/p><p><strong><em>Avez-vous un mod&egrave;le?<\/em><\/strong><\/p><p>Mon premier chef &agrave; l&rsquo;AFC, Fritz Banderet, chef du service juridique, un tr&egrave;s bon juriste, un humaniste et un pragmatique.<\/p><p><strong><em>&Eacute;tiez-vous bon &agrave; l&rsquo;&eacute;cole?<\/em><\/strong><\/p><p>J&rsquo;avais toujours suffisamment de ressources pour progresser.<\/p><p><strong><em>Croyez-vous en une puissance sup&eacute;rieure?<\/em><\/strong><\/p><p>En ce moment, avec toutes les crises qui secouent le monde, j&rsquo;ai du mal &agrave; y croire.<\/p><p><strong><em>Quel conseil donneriez-vous &agrave; votre moi plus jeune?<\/em><\/strong><\/p><p>Crois en toi et en tes capacit&eacute;s, et essaie d&rsquo;en tirer parti.<\/p><p><strong><em>Qu&rsquo;est-ce qui vous fait rire?<\/em><\/strong><\/p><p>Les petits enfants quand ils imitent les adultes, ou une bonne &laquo;&nbsp;Schnitzelbank&nbsp;&raquo; (sketch satirique) pendant le carnaval.<\/p><p>&Agrave; Lucerne, il y a le groupe &laquo; Urbi et Orbi &raquo;. Ce sont trois vrais pasteurs qui ont un excellent sens de la langue et qui savent se moquent d&rsquo;eux-m&ecirc;mes et de leur employeur, sans que cela devienne g&ecirc;nant.<\/p><p><strong><em>Avez-vous d&eacute;j&agrave; eu vraiment de la chance? Que s&rsquo;est-il pass&eacute;?<\/em><\/strong><\/p><p>Oui, j&rsquo;ai eu un accident au cours duquel j&rsquo;ai failli mourir de froid. Heureusement, quelqu&rsquo;un a entendu mes appels &agrave; l&rsquo;aide juste &agrave; temps.<\/p><p><strong><em>Sur quel sujet avez-vous radicalement chang&eacute; d&rsquo;avis et pourquoi?<\/em><\/strong><\/p><p>J&rsquo;&eacute;tais autrefois plus optimiste dans mon &eacute;valuation de la politique, et pas seulement en mati&egrave;re de droit fiscal. Mais l&rsquo;exp&eacute;rience m&rsquo;a montr&eacute; que l&rsquo;id&eacute;ologie prend de plus en plus le dessus, au d&eacute;triment d&rsquo;une vision d&rsquo;ensemble. Il en r&eacute;sulte une certaine r&eacute;signation, qui ne correspond pas vraiment &agrave; mon caract&egrave;re d&rsquo;optimiste.<\/p><p><strong><em>Qu&rsquo;est-ce qui vous fait peur?<\/em><\/strong><\/p><p>La situation mondiale actuelle, surtout apr&egrave;s les derniers d&eacute;veloppements au Moyen-Orient.<\/p><p><em>R&eacute;vision par Margaux Stanton<\/em><\/p>\n","protected":false},"excerpt":{"rendered":"<p>Dans le Rendez-vous, Bruno Kn\u00fcsel aborde des sujets allant au-del\u00e0 des aspects techniques et r\u00e9pond \u00e0 nos questions.<\/p>\n","protected":false},"author":2371,"featured_media":0,"template":"","meta":{"_acf_changed":false,"authors":[{"ID":74,"display_name":"Redaktion Steuer Revue","first_name":"","last_name":"","description":"","image":"https:\/\/steuerportal.ch\/wp-content\/uploads\/2024\/11\/StP_Profilbild_RED_DE_quadratisch.jpg","organiser_data":{"public_organiser_name":"Redaktion Steuer Revue","public_organiser_page":false,"offer":"","location":"","preamble":"","public_organiser_logo":false},"url":"https:\/\/steuerportal.ch\/fr\/autoren\/redaktion-steuer-revue\/"}],"related_sht_promodule":["<a href=\"https:\/\/steuerportal.ch\/fr\/modules-specialises\/revue-fiscale\/rendez-vous\/\">Revue fiscale &#8594; Rendez-vous<\/a>"],"pdf":"https:\/\/steuerportal.ch\/fr\/articles-specialises\/sur-quel-sujet-avez-vous-radicalement-change-davis-bruno-knusel\/shtpdf\/","language":"fr"},"sht_proarticle_category":[271],"sht_proarticle_tag":[],"class_list":["post-29723","sht_proarticle","type-sht_proarticle","status-publish","hentry","sht_proarticle_category-rendez-vous-fr"],"acf":{"authors":[74]},"shp_steuerportal_must_use":{"translations":[{"id":29719,"link":"https:\/\/steuerportal.ch\/articles-specialises\/worueber-haben-sie-ihre-meinung-radikal-geaendert-bruno-knuesel\/","title":{"rendered":"Wor\u00fcber haben Sie Ihre Meinung radikal ge\u00e4ndert, Bruno Kn\u00fcsel?"},"language":"de"},{"id":29723,"link":"https:\/\/steuerportal.ch\/fr\/articles-specialises\/sur-quel-sujet-avez-vous-radicalement-change-davis-bruno-knusel\/","title":{"rendered":"Sur quoi avez-vous radicalement chang\u00e9 d\u2019avis, Bruno Kn\u00fcsel?"},"language":"fr"}]},"yoast_head":"<!-- This site is optimized with the Yoast SEO plugin v27.5 - https:\/\/yoast.com\/product\/yoast-seo-wordpress\/ -->\n<title>Sur quoi avez-vous radicalement chang\u00e9 d\u2019avis, Bruno Kn\u00fcsel? &#8226; steuerportal.ch<\/title>\n<meta name=\"robots\" content=\"index, follow, max-snippet:-1, max-image-preview:large, max-video-preview:-1\" \/>\n<link rel=\"canonical\" href=\"https:\/\/steuerportal.ch\/fr\/articles-specialises\/sur-quel-sujet-avez-vous-radicalement-change-davis-bruno-knusel\/\" \/>\n<meta property=\"og:locale\" content=\"fr_FR\" \/>\n<meta property=\"og:type\" content=\"article\" \/>\n<meta property=\"og:title\" content=\"Sur quoi avez-vous radicalement chang\u00e9 d\u2019avis, Bruno Kn\u00fcsel? &#8226; steuerportal.ch\" \/>\n<meta property=\"og:description\" content=\"Dans le Rendez-vous, Bruno Kn\u00fcsel aborde des sujets allant au-del\u00e0 des aspects techniques et r\u00e9pond \u00e0 nos questions.\" \/>\n<meta property=\"og:url\" content=\"https:\/\/steuerportal.ch\/fr\/articles-specialises\/sur-quel-sujet-avez-vous-radicalement-change-davis-bruno-knusel\/\" \/>\n<meta property=\"og:site_name\" content=\"steuerportal.ch\" \/>\n<meta property=\"og:image\" content=\"https:\/\/steuerportal.ch\/wp-content\/uploads\/2026\/04\/knuesel_bruno_rendezvous.jpg\" \/>\n\t<meta property=\"og:image:width\" content=\"1200\" \/>\n\t<meta property=\"og:image:height\" content=\"1600\" \/>\n\t<meta property=\"og:image:type\" content=\"image\/jpeg\" \/>\n<meta name=\"twitter:card\" content=\"summary_large_image\" \/>\n<meta name=\"twitter:label1\" content=\"Dur\u00e9e de lecture estim\u00e9e\" \/>\n\t<meta name=\"twitter:data1\" content=\"7 minutes\" \/>\n<script type=\"application\/ld+json\" class=\"yoast-schema-graph\">{\"@context\":\"https:\\\/\\\/schema.org\",\"@graph\":[{\"@type\":\"WebPage\",\"@id\":\"https:\\\/\\\/steuerportal.ch\\\/fr\\\/articles-specialises\\\/sur-quel-sujet-avez-vous-radicalement-change-davis-bruno-knusel\\\/\",\"url\":\"https:\\\/\\\/steuerportal.ch\\\/fr\\\/articles-specialises\\\/sur-quel-sujet-avez-vous-radicalement-change-davis-bruno-knusel\\\/\",\"name\":\"Sur quoi avez-vous radicalement chang\u00e9 d\u2019avis, Bruno Kn\u00fcsel? &#8226; steuerportal.ch\",\"isPartOf\":{\"@id\":\"https:\\\/\\\/steuerportal.ch\\\/fr\\\/#website\"},\"primaryImageOfPage\":{\"@id\":\"https:\\\/\\\/steuerportal.ch\\\/fr\\\/articles-specialises\\\/sur-quel-sujet-avez-vous-radicalement-change-davis-bruno-knusel\\\/#primaryimage\"},\"image\":{\"@id\":\"https:\\\/\\\/steuerportal.ch\\\/fr\\\/articles-specialises\\\/sur-quel-sujet-avez-vous-radicalement-change-davis-bruno-knusel\\\/#primaryimage\"},\"thumbnailUrl\":\"https:\\\/\\\/steuerportal.ch\\\/wp-content\\\/uploads\\\/2026\\\/04\\\/knuesel_bruno_rendezvous-768x1024.jpg\",\"datePublished\":\"2026-05-03T02:53:00+00:00\",\"breadcrumb\":{\"@id\":\"https:\\\/\\\/steuerportal.ch\\\/fr\\\/articles-specialises\\\/sur-quel-sujet-avez-vous-radicalement-change-davis-bruno-knusel\\\/#breadcrumb\"},\"inLanguage\":\"fr-FR\",\"potentialAction\":[{\"@type\":\"ReadAction\",\"target\":[\"https:\\\/\\\/steuerportal.ch\\\/fr\\\/articles-specialises\\\/sur-quel-sujet-avez-vous-radicalement-change-davis-bruno-knusel\\\/\"]}]},{\"@type\":\"ImageObject\",\"inLanguage\":\"fr-FR\",\"@id\":\"https:\\\/\\\/steuerportal.ch\\\/fr\\\/articles-specialises\\\/sur-quel-sujet-avez-vous-radicalement-change-davis-bruno-knusel\\\/#primaryimage\",\"url\":\"https:\\\/\\\/steuerportal.ch\\\/wp-content\\\/uploads\\\/2026\\\/04\\\/knuesel_bruno_rendezvous-768x1024.jpg\",\"contentUrl\":\"https:\\\/\\\/steuerportal.ch\\\/wp-content\\\/uploads\\\/2026\\\/04\\\/knuesel_bruno_rendezvous-768x1024.jpg\"},{\"@type\":\"BreadcrumbList\",\"@id\":\"https:\\\/\\\/steuerportal.ch\\\/fr\\\/articles-specialises\\\/sur-quel-sujet-avez-vous-radicalement-change-davis-bruno-knusel\\\/#breadcrumb\",\"itemListElement\":[{\"@type\":\"ListItem\",\"position\":1,\"name\":\"Page d'accueil\",\"item\":\"https:\\\/\\\/steuerportal.ch\\\/fr\\\/\"},{\"@type\":\"ListItem\",\"position\":2,\"name\":\"Fachartikel\",\"item\":\"https:\\\/\\\/steuerportal.ch\\\/fr\\\/articles-specialises\\\/\"},{\"@type\":\"ListItem\",\"position\":3,\"name\":\"Sur quoi avez-vous radicalement chang\u00e9 d\u2019avis, Bruno Kn\u00fcsel?\"}]},{\"@type\":\"WebSite\",\"@id\":\"https:\\\/\\\/steuerportal.ch\\\/fr\\\/#website\",\"url\":\"https:\\\/\\\/steuerportal.ch\\\/fr\\\/\",\"name\":\"steuerportal.ch\",\"description\":\"Le portail suisse sp\u00e9cialis\u00e9 dans le domaine des imp\u00f4ts\",\"publisher\":{\"@id\":\"https:\\\/\\\/steuerportal.ch\\\/fr\\\/#organization\"},\"potentialAction\":[{\"@type\":\"SearchAction\",\"target\":{\"@type\":\"EntryPoint\",\"urlTemplate\":\"https:\\\/\\\/steuerportal.ch\\\/fr\\\/?s={search_term_string}\"},\"query-input\":{\"@type\":\"PropertyValueSpecification\",\"valueRequired\":true,\"valueName\":\"search_term_string\"}}],\"inLanguage\":\"fr-FR\"},{\"@type\":\"Organization\",\"@id\":\"https:\\\/\\\/steuerportal.ch\\\/fr\\\/#organization\",\"name\":\"Steuerportal (Cosmos Verlag)\",\"url\":\"https:\\\/\\\/steuerportal.ch\\\/fr\\\/\",\"logo\":{\"@type\":\"ImageObject\",\"inLanguage\":\"fr-FR\",\"@id\":\"https:\\\/\\\/steuerportal.ch\\\/fr\\\/#\\\/schema\\\/logo\\\/image\\\/\",\"url\":\"https:\\\/\\\/steuerportal.ch\\\/wp-content\\\/uploads\\\/2021\\\/06\\\/cosmos_c-strich_h_positiv_bunt.svg\",\"contentUrl\":\"https:\\\/\\\/steuerportal.ch\\\/wp-content\\\/uploads\\\/2021\\\/06\\\/cosmos_c-strich_h_positiv_bunt.svg\",\"width\":191,\"height\":44,\"caption\":\"Steuerportal (Cosmos Verlag)\"},\"image\":{\"@id\":\"https:\\\/\\\/steuerportal.ch\\\/fr\\\/#\\\/schema\\\/logo\\\/image\\\/\"}}]}<\/script>\n<!-- \/ Yoast SEO plugin. -->","yoast_head_json":{"title":"Sur quoi avez-vous radicalement chang\u00e9 d\u2019avis, Bruno Kn\u00fcsel? &#8226; steuerportal.ch","robots":{"index":"index","follow":"follow","max-snippet":"max-snippet:-1","max-image-preview":"max-image-preview:large","max-video-preview":"max-video-preview:-1"},"canonical":"https:\/\/steuerportal.ch\/fr\/articles-specialises\/sur-quel-sujet-avez-vous-radicalement-change-davis-bruno-knusel\/","og_locale":"fr_FR","og_type":"article","og_title":"Sur quoi avez-vous radicalement chang\u00e9 d\u2019avis, Bruno Kn\u00fcsel? &#8226; steuerportal.ch","og_description":"Dans le Rendez-vous, Bruno Kn\u00fcsel aborde des sujets allant au-del\u00e0 des aspects techniques et r\u00e9pond \u00e0 nos questions.","og_url":"https:\/\/steuerportal.ch\/fr\/articles-specialises\/sur-quel-sujet-avez-vous-radicalement-change-davis-bruno-knusel\/","og_site_name":"steuerportal.ch","og_image":[{"width":1200,"height":1600,"url":"https:\/\/steuerportal.ch\/wp-content\/uploads\/2026\/04\/knuesel_bruno_rendezvous.jpg","type":"image\/jpeg"}],"twitter_card":"summary_large_image","twitter_misc":{"Dur\u00e9e de lecture estim\u00e9e":"7 minutes"},"schema":{"@context":"https:\/\/schema.org","@graph":[{"@type":"WebPage","@id":"https:\/\/steuerportal.ch\/fr\/articles-specialises\/sur-quel-sujet-avez-vous-radicalement-change-davis-bruno-knusel\/","url":"https:\/\/steuerportal.ch\/fr\/articles-specialises\/sur-quel-sujet-avez-vous-radicalement-change-davis-bruno-knusel\/","name":"Sur quoi avez-vous radicalement chang\u00e9 d\u2019avis, Bruno Kn\u00fcsel? &#8226; steuerportal.ch","isPartOf":{"@id":"https:\/\/steuerportal.ch\/fr\/#website"},"primaryImageOfPage":{"@id":"https:\/\/steuerportal.ch\/fr\/articles-specialises\/sur-quel-sujet-avez-vous-radicalement-change-davis-bruno-knusel\/#primaryimage"},"image":{"@id":"https:\/\/steuerportal.ch\/fr\/articles-specialises\/sur-quel-sujet-avez-vous-radicalement-change-davis-bruno-knusel\/#primaryimage"},"thumbnailUrl":"https:\/\/steuerportal.ch\/wp-content\/uploads\/2026\/04\/knuesel_bruno_rendezvous-768x1024.jpg","datePublished":"2026-05-03T02:53:00+00:00","breadcrumb":{"@id":"https:\/\/steuerportal.ch\/fr\/articles-specialises\/sur-quel-sujet-avez-vous-radicalement-change-davis-bruno-knusel\/#breadcrumb"},"inLanguage":"fr-FR","potentialAction":[{"@type":"ReadAction","target":["https:\/\/steuerportal.ch\/fr\/articles-specialises\/sur-quel-sujet-avez-vous-radicalement-change-davis-bruno-knusel\/"]}]},{"@type":"ImageObject","inLanguage":"fr-FR","@id":"https:\/\/steuerportal.ch\/fr\/articles-specialises\/sur-quel-sujet-avez-vous-radicalement-change-davis-bruno-knusel\/#primaryimage","url":"https:\/\/steuerportal.ch\/wp-content\/uploads\/2026\/04\/knuesel_bruno_rendezvous-768x1024.jpg","contentUrl":"https:\/\/steuerportal.ch\/wp-content\/uploads\/2026\/04\/knuesel_bruno_rendezvous-768x1024.jpg"},{"@type":"BreadcrumbList","@id":"https:\/\/steuerportal.ch\/fr\/articles-specialises\/sur-quel-sujet-avez-vous-radicalement-change-davis-bruno-knusel\/#breadcrumb","itemListElement":[{"@type":"ListItem","position":1,"name":"Page d'accueil","item":"https:\/\/steuerportal.ch\/fr\/"},{"@type":"ListItem","position":2,"name":"Fachartikel","item":"https:\/\/steuerportal.ch\/fr\/articles-specialises\/"},{"@type":"ListItem","position":3,"name":"Sur quoi avez-vous radicalement chang\u00e9 d\u2019avis, Bruno Kn\u00fcsel?"}]},{"@type":"WebSite","@id":"https:\/\/steuerportal.ch\/fr\/#website","url":"https:\/\/steuerportal.ch\/fr\/","name":"steuerportal.ch","description":"Le portail suisse sp\u00e9cialis\u00e9 dans le domaine des imp\u00f4ts","publisher":{"@id":"https:\/\/steuerportal.ch\/fr\/#organization"},"potentialAction":[{"@type":"SearchAction","target":{"@type":"EntryPoint","urlTemplate":"https:\/\/steuerportal.ch\/fr\/?s={search_term_string}"},"query-input":{"@type":"PropertyValueSpecification","valueRequired":true,"valueName":"search_term_string"}}],"inLanguage":"fr-FR"},{"@type":"Organization","@id":"https:\/\/steuerportal.ch\/fr\/#organization","name":"Steuerportal (Cosmos Verlag)","url":"https:\/\/steuerportal.ch\/fr\/","logo":{"@type":"ImageObject","inLanguage":"fr-FR","@id":"https:\/\/steuerportal.ch\/fr\/#\/schema\/logo\/image\/","url":"https:\/\/steuerportal.ch\/wp-content\/uploads\/2021\/06\/cosmos_c-strich_h_positiv_bunt.svg","contentUrl":"https:\/\/steuerportal.ch\/wp-content\/uploads\/2021\/06\/cosmos_c-strich_h_positiv_bunt.svg","width":191,"height":44,"caption":"Steuerportal (Cosmos Verlag)"},"image":{"@id":"https:\/\/steuerportal.ch\/fr\/#\/schema\/logo\/image\/"}}]}},"_links":{"self":[{"href":"https:\/\/steuerportal.ch\/fr\/wp-json\/wp\/v2\/sht_proarticle\/29723","targetHints":{"allow":["GET"]}}],"collection":[{"href":"https:\/\/steuerportal.ch\/fr\/wp-json\/wp\/v2\/sht_proarticle"}],"about":[{"href":"https:\/\/steuerportal.ch\/fr\/wp-json\/wp\/v2\/types\/sht_proarticle"}],"author":[{"embeddable":true,"href":"https:\/\/steuerportal.ch\/fr\/wp-json\/wp\/v2\/users\/2371"}],"version-history":[{"count":4,"href":"https:\/\/steuerportal.ch\/fr\/wp-json\/wp\/v2\/sht_proarticle\/29723\/revisions"}],"predecessor-version":[{"id":29840,"href":"https:\/\/steuerportal.ch\/fr\/wp-json\/wp\/v2\/sht_proarticle\/29723\/revisions\/29840"}],"acf:user":[{"embeddable":true,"href":"https:\/\/steuerportal.ch\/fr\/wp-json\/wp\/v2\/users\/74"}],"wp:attachment":[{"href":"https:\/\/steuerportal.ch\/fr\/wp-json\/wp\/v2\/media?parent=29723"}],"wp:term":[{"taxonomy":"sht_proarticle_category","embeddable":true,"href":"https:\/\/steuerportal.ch\/fr\/wp-json\/wp\/v2\/sht_proarticle_category?post=29723"},{"taxonomy":"sht_proarticle_tag","embeddable":true,"href":"https:\/\/steuerportal.ch\/fr\/wp-json\/wp\/v2\/sht_proarticle_tag?post=29723"}],"curies":[{"name":"wp","href":"https:\/\/api.w.org\/{rel}","templated":true}]}}