{"id":29662,"date":"2026-05-03T04:59:00","date_gmt":"2026-05-03T02:59:00","guid":{"rendered":"https:\/\/steuerportal.ch\/?post_type=sht_proarticle&#038;p=29662"},"modified":"2026-04-30T16:47:47","modified_gmt":"2026-04-30T14:47:47","slug":"la-mise-a-disposition-d%ca%bcun-immeuble-ou-d%ca%bcune-part-d%ca%bcimmeuble-dans-le-cadre-de-la-separation-ou-du-divorce","status":"publish","type":"sht_proarticle","link":"https:\/\/steuerportal.ch\/fr\/articles-specialises\/la-mise-a-disposition-d%ca%bcun-immeuble-ou-d%ca%bcune-part-d%ca%bcimmeuble-dans-le-cadre-de-la-separation-ou-du-divorce\/","title":{"rendered":"La mise \u00e0 disposition d\u02bcun immeuble ou d\u02bcune part d\u02bcimmeuble dans le cadre de la s\u00e9paration ou du divorce"},"content":{"rendered":"","protected":true},"excerpt":{"rendered":"<p>Apr\u00e8s s\u00e9paration ou divorce, la mise \u00e0 disposition du logement \u00e0 l\u2019un des conjoints a des effets fiscaux \u00e0 la fois en tant que pension alimentaire et pour la d\u00e9duction des frais d\u2019entretien et des int\u00e9r\u00eats passifs. Les pratiques cantonales ne sont pas uniformes. Rapha\u00ebl Gani et J\u00e9r\u00f4me Sieber passent en revue les diff\u00e9rentes configurations possibles et examinent, pour chacune d&rsquo;entre elles, les cons\u00e9quences fiscales actuelles, mais aussi apr\u00e8s l\u2019abolition de la valeur locative.<\/p>\n","protected":false},"author":2371,"featured_media":0,"template":"","meta":{"_acf_changed":false,"authors":[{"ID":3353,"display_name":"Rapha\u00ebl Gani","first_name":"Rapha\u00ebl","last_name":"Gani","description":"<p>Dr. en droit, Juge au Tribunal cantonal vaudois<\/p>\n","image":"https:\/\/steuerportal.ch\/wp-content\/uploads\/2026\/04\/gani_raphael-220x220.jpg","organiser_data":[],"url":"https:\/\/steuerportal.ch\/fr\/autoren\/raphael-gani\/"},{"ID":3354,"display_name":"J\u00e9r\u00f4me Sieber","first_name":"J\u00e9r\u00f4me","last_name":"Sieber","description":"<p>Tit. du brevet d\u2019avocat, greffier au Tribunal cantonal vaudois<\/p>\n","image":"https:\/\/steuerportal.ch\/wp-content\/uploads\/2026\/04\/sieber_jerome-220x220.jpg","organiser_data":[],"url":"https:\/\/steuerportal.ch\/fr\/autoren\/jerome-sieber\/"}],"related_sht_promodule":["<a href=\"https:\/\/steuerportal.ch\/fr\/modules-specialises\/revue-fiscale\/articles-de-fond\/\">Revue fiscale &#8594; Articles de fond<\/a>"],"pdf":"https:\/\/steuerportal.ch\/fr\/articles-specialises\/la-mise-a-disposition-d%ca%bcun-immeuble-ou-d%ca%bcune-part-d%ca%bcimmeuble-dans-le-cadre-de-la-separation-ou-du-divorce\/shtpdf\/","language":"fr"},"sht_proarticle_category":[266],"sht_proarticle_tag":[],"class_list":["post-29662","sht_proarticle","type-sht_proarticle","status-publish","hentry","sht_proarticle_category-articles-de-fond"],"acf":{"authors":[3353,3354]},"shp_steuerportal_must_use":{"translations":[{"id":29660,"link":"https:\/\/steuerportal.ch\/articles-specialises\/die-ueberlassung-einer-liegenschaft-oder-eines-anteils-an-einer-liegenschaft-im-rahmen-der-trennung-oder-scheidung\/","title":{"rendered":"Die \u00dcberlassung einer Liegenschaft oder eines Anteils an einer Liegenschaft im Rahmen der Trennung oder Scheidung"},"language":"de"},{"id":29662,"link":"https:\/\/steuerportal.ch\/fr\/articles-specialises\/la-mise-a-disposition-d%ca%bcun-immeuble-ou-d%ca%bcune-part-d%ca%bcimmeuble-dans-le-cadre-de-la-separation-ou-du-divorce\/","title":{"rendered":"La mise \u00e0 disposition d\u02bcun immeuble ou d\u02bcune part d\u02bcimmeuble dans le cadre de la s\u00e9paration ou du divorce"},"language":"fr"}]},"yoast_head":"<!-- This site is optimized with the Yoast SEO plugin v27.5 - https:\/\/yoast.com\/product\/yoast-seo-wordpress\/ -->\n<title>La mise \u00e0 disposition d\u02bcun immeuble ou d\u02bcune part d\u02bcimmeuble dans le cadre de la s\u00e9paration ou du divorce &#8226; steuerportal.ch<\/title>\n<meta name=\"robots\" content=\"index, follow, max-snippet:-1, max-image-preview:large, max-video-preview:-1\" \/>\n<link rel=\"canonical\" href=\"https:\/\/steuerportal.ch\/fr\/articles-specialises\/la-mise-a-disposition-d%ca%bcun-immeuble-ou-d%ca%bcune-part-d%ca%bcimmeuble-dans-le-cadre-de-la-separation-ou-du-divorce\/\" \/>\n<meta property=\"og:locale\" content=\"fr_FR\" \/>\n<meta property=\"og:type\" content=\"article\" \/>\n<meta property=\"og:title\" content=\"La mise \u00e0 disposition d\u02bcun immeuble ou d\u02bcune part d\u02bcimmeuble dans le cadre de la s\u00e9paration ou du divorce &#8226; steuerportal.ch\" \/>\n<meta property=\"og:description\" content=\"Apr\u00e8s s\u00e9paration ou divorce, la mise \u00e0 disposition du logement \u00e0 l\u2019un des conjoints a des effets fiscaux \u00e0 la fois en tant que pension alimentaire et pour la d\u00e9duction des frais d\u2019entretien et des int\u00e9r\u00eats passifs. Les pratiques cantonales ne sont pas uniformes. Rapha\u00ebl Gani et J\u00e9r\u00f4me Sieber passent en revue les diff\u00e9rentes configurations possibles et examinent, pour chacune d&#039;entre elles, les cons\u00e9quences fiscales actuelles, mais aussi apr\u00e8s l\u2019abolition de la valeur locative.\" \/>\n<meta property=\"og:url\" content=\"https:\/\/steuerportal.ch\/fr\/articles-specialises\/la-mise-a-disposition-d%ca%bcun-immeuble-ou-d%ca%bcune-part-d%ca%bcimmeuble-dans-le-cadre-de-la-separation-ou-du-divorce\/\" \/>\n<meta property=\"og:site_name\" content=\"steuerportal.ch\" \/>\n<meta property=\"og:image\" content=\"https:\/\/steuerportal.ch\/wp-content\/uploads\/2026\/05\/image.png\" \/>\n\t<meta property=\"og:image:width\" content=\"827\" \/>\n\t<meta property=\"og:image:height\" content=\"1009\" \/>\n\t<meta property=\"og:image:type\" content=\"image\/png\" \/>\n<meta name=\"twitter:card\" content=\"summary_large_image\" \/>\n<meta name=\"twitter:label1\" content=\"Dur\u00e9e de lecture estim\u00e9e\" \/>\n\t<meta name=\"twitter:data1\" content=\"39 minutes\" \/>\n<script type=\"application\/ld+json\" class=\"yoast-schema-graph\">{\"@context\":\"https:\\\/\\\/schema.org\",\"@graph\":[{\"@type\":\"WebPage\",\"@id\":\"https:\\\/\\\/steuerportal.ch\\\/fr\\\/articles-specialises\\\/la-mise-a-disposition-d%ca%bcun-immeuble-ou-d%ca%bcune-part-d%ca%bcimmeuble-dans-le-cadre-de-la-separation-ou-du-divorce\\\/\",\"url\":\"https:\\\/\\\/steuerportal.ch\\\/fr\\\/articles-specialises\\\/la-mise-a-disposition-d%ca%bcun-immeuble-ou-d%ca%bcune-part-d%ca%bcimmeuble-dans-le-cadre-de-la-separation-ou-du-divorce\\\/\",\"name\":\"La mise \u00e0 disposition d\u02bcun immeuble ou d\u02bcune part d\u02bcimmeuble dans le cadre de la s\u00e9paration ou du divorce &#8226; steuerportal.ch\",\"isPartOf\":{\"@id\":\"https:\\\/\\\/steuerportal.ch\\\/fr\\\/#website\"},\"primaryImageOfPage\":{\"@id\":\"https:\\\/\\\/steuerportal.ch\\\/fr\\\/articles-specialises\\\/la-mise-a-disposition-d%ca%bcun-immeuble-ou-d%ca%bcune-part-d%ca%bcimmeuble-dans-le-cadre-de-la-separation-ou-du-divorce\\\/#primaryimage\"},\"image\":{\"@id\":\"https:\\\/\\\/steuerportal.ch\\\/fr\\\/articles-specialises\\\/la-mise-a-disposition-d%ca%bcun-immeuble-ou-d%ca%bcune-part-d%ca%bcimmeuble-dans-le-cadre-de-la-separation-ou-du-divorce\\\/#primaryimage\"},\"thumbnailUrl\":\"https:\\\/\\\/steuerportal.ch\\\/wp-content\\\/uploads\\\/2026\\\/05\\\/image.png\",\"datePublished\":\"2026-05-03T02:59:00+00:00\",\"breadcrumb\":{\"@id\":\"https:\\\/\\\/steuerportal.ch\\\/fr\\\/articles-specialises\\\/la-mise-a-disposition-d%ca%bcun-immeuble-ou-d%ca%bcune-part-d%ca%bcimmeuble-dans-le-cadre-de-la-separation-ou-du-divorce\\\/#breadcrumb\"},\"inLanguage\":\"fr-FR\",\"potentialAction\":[{\"@type\":\"ReadAction\",\"target\":[\"https:\\\/\\\/steuerportal.ch\\\/fr\\\/articles-specialises\\\/la-mise-a-disposition-d%ca%bcun-immeuble-ou-d%ca%bcune-part-d%ca%bcimmeuble-dans-le-cadre-de-la-separation-ou-du-divorce\\\/\"]}]},{\"@type\":\"ImageObject\",\"inLanguage\":\"fr-FR\",\"@id\":\"https:\\\/\\\/steuerportal.ch\\\/fr\\\/articles-specialises\\\/la-mise-a-disposition-d%ca%bcun-immeuble-ou-d%ca%bcune-part-d%ca%bcimmeuble-dans-le-cadre-de-la-separation-ou-du-divorce\\\/#primaryimage\",\"url\":\"https:\\\/\\\/steuerportal.ch\\\/wp-content\\\/uploads\\\/2026\\\/05\\\/image.png\",\"contentUrl\":\"https:\\\/\\\/steuerportal.ch\\\/wp-content\\\/uploads\\\/2026\\\/05\\\/image.png\"},{\"@type\":\"BreadcrumbList\",\"@id\":\"https:\\\/\\\/steuerportal.ch\\\/fr\\\/articles-specialises\\\/la-mise-a-disposition-d%ca%bcun-immeuble-ou-d%ca%bcune-part-d%ca%bcimmeuble-dans-le-cadre-de-la-separation-ou-du-divorce\\\/#breadcrumb\",\"itemListElement\":[{\"@type\":\"ListItem\",\"position\":1,\"name\":\"Page d'accueil\",\"item\":\"https:\\\/\\\/steuerportal.ch\\\/fr\\\/\"},{\"@type\":\"ListItem\",\"position\":2,\"name\":\"Fachartikel\",\"item\":\"https:\\\/\\\/steuerportal.ch\\\/fr\\\/articles-specialises\\\/\"},{\"@type\":\"ListItem\",\"position\":3,\"name\":\"La mise \u00e0 disposition d\u02bcun immeuble ou d\u02bcune part d\u02bcimmeuble dans le cadre de la s\u00e9paration ou du divorce\"}]},{\"@type\":\"WebSite\",\"@id\":\"https:\\\/\\\/steuerportal.ch\\\/fr\\\/#website\",\"url\":\"https:\\\/\\\/steuerportal.ch\\\/fr\\\/\",\"name\":\"steuerportal.ch\",\"description\":\"Le portail suisse sp\u00e9cialis\u00e9 dans le domaine des imp\u00f4ts\",\"publisher\":{\"@id\":\"https:\\\/\\\/steuerportal.ch\\\/fr\\\/#organization\"},\"potentialAction\":[{\"@type\":\"SearchAction\",\"target\":{\"@type\":\"EntryPoint\",\"urlTemplate\":\"https:\\\/\\\/steuerportal.ch\\\/fr\\\/?s={search_term_string}\"},\"query-input\":{\"@type\":\"PropertyValueSpecification\",\"valueRequired\":true,\"valueName\":\"search_term_string\"}}],\"inLanguage\":\"fr-FR\"},{\"@type\":\"Organization\",\"@id\":\"https:\\\/\\\/steuerportal.ch\\\/fr\\\/#organization\",\"name\":\"Steuerportal (Cosmos Verlag)\",\"url\":\"https:\\\/\\\/steuerportal.ch\\\/fr\\\/\",\"logo\":{\"@type\":\"ImageObject\",\"inLanguage\":\"fr-FR\",\"@id\":\"https:\\\/\\\/steuerportal.ch\\\/fr\\\/#\\\/schema\\\/logo\\\/image\\\/\",\"url\":\"https:\\\/\\\/steuerportal.ch\\\/wp-content\\\/uploads\\\/2021\\\/06\\\/cosmos_c-strich_h_positiv_bunt.svg\",\"contentUrl\":\"https:\\\/\\\/steuerportal.ch\\\/wp-content\\\/uploads\\\/2021\\\/06\\\/cosmos_c-strich_h_positiv_bunt.svg\",\"width\":191,\"height\":44,\"caption\":\"Steuerportal (Cosmos Verlag)\"},\"image\":{\"@id\":\"https:\\\/\\\/steuerportal.ch\\\/fr\\\/#\\\/schema\\\/logo\\\/image\\\/\"}}]}<\/script>\n<!-- \/ Yoast SEO plugin. -->","yoast_head_json":{"title":"La mise \u00e0 disposition d\u02bcun immeuble ou d\u02bcune part d\u02bcimmeuble dans le cadre de la s\u00e9paration ou du divorce &#8226; steuerportal.ch","robots":{"index":"index","follow":"follow","max-snippet":"max-snippet:-1","max-image-preview":"max-image-preview:large","max-video-preview":"max-video-preview:-1"},"canonical":"https:\/\/steuerportal.ch\/fr\/articles-specialises\/la-mise-a-disposition-d%ca%bcun-immeuble-ou-d%ca%bcune-part-d%ca%bcimmeuble-dans-le-cadre-de-la-separation-ou-du-divorce\/","og_locale":"fr_FR","og_type":"article","og_title":"La mise \u00e0 disposition d\u02bcun immeuble ou d\u02bcune part d\u02bcimmeuble dans le cadre de la s\u00e9paration ou du divorce &#8226; steuerportal.ch","og_description":"Apr\u00e8s s\u00e9paration ou divorce, la mise \u00e0 disposition du logement \u00e0 l\u2019un des conjoints a des effets fiscaux \u00e0 la fois en tant que pension alimentaire et pour la d\u00e9duction des frais d\u2019entretien et des int\u00e9r\u00eats passifs. Les pratiques cantonales ne sont pas uniformes. Rapha\u00ebl Gani et J\u00e9r\u00f4me Sieber passent en revue les diff\u00e9rentes configurations possibles et examinent, pour chacune d'entre elles, les cons\u00e9quences fiscales actuelles, mais aussi apr\u00e8s l\u2019abolition de la valeur locative.","og_url":"https:\/\/steuerportal.ch\/fr\/articles-specialises\/la-mise-a-disposition-d%ca%bcun-immeuble-ou-d%ca%bcune-part-d%ca%bcimmeuble-dans-le-cadre-de-la-separation-ou-du-divorce\/","og_site_name":"steuerportal.ch","og_image":[{"width":827,"height":1009,"url":"https:\/\/steuerportal.ch\/wp-content\/uploads\/2026\/05\/image.png","type":"image\/png"}],"twitter_card":"summary_large_image","twitter_misc":{"Dur\u00e9e de lecture estim\u00e9e":"39 minutes"},"schema":{"@context":"https:\/\/schema.org","@graph":[{"@type":"WebPage","@id":"https:\/\/steuerportal.ch\/fr\/articles-specialises\/la-mise-a-disposition-d%ca%bcun-immeuble-ou-d%ca%bcune-part-d%ca%bcimmeuble-dans-le-cadre-de-la-separation-ou-du-divorce\/","url":"https:\/\/steuerportal.ch\/fr\/articles-specialises\/la-mise-a-disposition-d%ca%bcun-immeuble-ou-d%ca%bcune-part-d%ca%bcimmeuble-dans-le-cadre-de-la-separation-ou-du-divorce\/","name":"La mise \u00e0 disposition d\u02bcun immeuble ou d\u02bcune part d\u02bcimmeuble dans le cadre de la s\u00e9paration ou du divorce &#8226; steuerportal.ch","isPartOf":{"@id":"https:\/\/steuerportal.ch\/fr\/#website"},"primaryImageOfPage":{"@id":"https:\/\/steuerportal.ch\/fr\/articles-specialises\/la-mise-a-disposition-d%ca%bcun-immeuble-ou-d%ca%bcune-part-d%ca%bcimmeuble-dans-le-cadre-de-la-separation-ou-du-divorce\/#primaryimage"},"image":{"@id":"https:\/\/steuerportal.ch\/fr\/articles-specialises\/la-mise-a-disposition-d%ca%bcun-immeuble-ou-d%ca%bcune-part-d%ca%bcimmeuble-dans-le-cadre-de-la-separation-ou-du-divorce\/#primaryimage"},"thumbnailUrl":"https:\/\/steuerportal.ch\/wp-content\/uploads\/2026\/05\/image.png","datePublished":"2026-05-03T02:59:00+00:00","breadcrumb":{"@id":"https:\/\/steuerportal.ch\/fr\/articles-specialises\/la-mise-a-disposition-d%ca%bcun-immeuble-ou-d%ca%bcune-part-d%ca%bcimmeuble-dans-le-cadre-de-la-separation-ou-du-divorce\/#breadcrumb"},"inLanguage":"fr-FR","potentialAction":[{"@type":"ReadAction","target":["https:\/\/steuerportal.ch\/fr\/articles-specialises\/la-mise-a-disposition-d%ca%bcun-immeuble-ou-d%ca%bcune-part-d%ca%bcimmeuble-dans-le-cadre-de-la-separation-ou-du-divorce\/"]}]},{"@type":"ImageObject","inLanguage":"fr-FR","@id":"https:\/\/steuerportal.ch\/fr\/articles-specialises\/la-mise-a-disposition-d%ca%bcun-immeuble-ou-d%ca%bcune-part-d%ca%bcimmeuble-dans-le-cadre-de-la-separation-ou-du-divorce\/#primaryimage","url":"https:\/\/steuerportal.ch\/wp-content\/uploads\/2026\/05\/image.png","contentUrl":"https:\/\/steuerportal.ch\/wp-content\/uploads\/2026\/05\/image.png"},{"@type":"BreadcrumbList","@id":"https:\/\/steuerportal.ch\/fr\/articles-specialises\/la-mise-a-disposition-d%ca%bcun-immeuble-ou-d%ca%bcune-part-d%ca%bcimmeuble-dans-le-cadre-de-la-separation-ou-du-divorce\/#breadcrumb","itemListElement":[{"@type":"ListItem","position":1,"name":"Page d'accueil","item":"https:\/\/steuerportal.ch\/fr\/"},{"@type":"ListItem","position":2,"name":"Fachartikel","item":"https:\/\/steuerportal.ch\/fr\/articles-specialises\/"},{"@type":"ListItem","position":3,"name":"La mise \u00e0 disposition d\u02bcun immeuble ou d\u02bcune part d\u02bcimmeuble dans le cadre de la s\u00e9paration ou du divorce"}]},{"@type":"WebSite","@id":"https:\/\/steuerportal.ch\/fr\/#website","url":"https:\/\/steuerportal.ch\/fr\/","name":"steuerportal.ch","description":"Le portail suisse sp\u00e9cialis\u00e9 dans le domaine des imp\u00f4ts","publisher":{"@id":"https:\/\/steuerportal.ch\/fr\/#organization"},"potentialAction":[{"@type":"SearchAction","target":{"@type":"EntryPoint","urlTemplate":"https:\/\/steuerportal.ch\/fr\/?s={search_term_string}"},"query-input":{"@type":"PropertyValueSpecification","valueRequired":true,"valueName":"search_term_string"}}],"inLanguage":"fr-FR"},{"@type":"Organization","@id":"https:\/\/steuerportal.ch\/fr\/#organization","name":"Steuerportal (Cosmos Verlag)","url":"https:\/\/steuerportal.ch\/fr\/","logo":{"@type":"ImageObject","inLanguage":"fr-FR","@id":"https:\/\/steuerportal.ch\/fr\/#\/schema\/logo\/image\/","url":"https:\/\/steuerportal.ch\/wp-content\/uploads\/2021\/06\/cosmos_c-strich_h_positiv_bunt.svg","contentUrl":"https:\/\/steuerportal.ch\/wp-content\/uploads\/2021\/06\/cosmos_c-strich_h_positiv_bunt.svg","width":191,"height":44,"caption":"Steuerportal (Cosmos Verlag)"},"image":{"@id":"https:\/\/steuerportal.ch\/fr\/#\/schema\/logo\/image\/"}}]}},"_links":{"self":[{"href":"https:\/\/steuerportal.ch\/fr\/wp-json\/wp\/v2\/sht_proarticle\/29662","targetHints":{"allow":["GET"]}}],"collection":[{"href":"https:\/\/steuerportal.ch\/fr\/wp-json\/wp\/v2\/sht_proarticle"}],"about":[{"href":"https:\/\/steuerportal.ch\/fr\/wp-json\/wp\/v2\/types\/sht_proarticle"}],"author":[{"embeddable":true,"href":"https:\/\/steuerportal.ch\/fr\/wp-json\/wp\/v2\/users\/2371"}],"version-history":[{"count":9,"href":"https:\/\/steuerportal.ch\/fr\/wp-json\/wp\/v2\/sht_proarticle\/29662\/revisions"}],"predecessor-version":[{"id":29843,"href":"https:\/\/steuerportal.ch\/fr\/wp-json\/wp\/v2\/sht_proarticle\/29662\/revisions\/29843"}],"acf:user":[{"embeddable":true,"href":"https:\/\/steuerportal.ch\/fr\/wp-json\/wp\/v2\/users\/3354"},{"embeddable":true,"href":"https:\/\/steuerportal.ch\/fr\/wp-json\/wp\/v2\/users\/3353"}],"wp:attachment":[{"href":"https:\/\/steuerportal.ch\/fr\/wp-json\/wp\/v2\/media?parent=29662"}],"wp:term":[{"taxonomy":"sht_proarticle_category","embeddable":true,"href":"https:\/\/steuerportal.ch\/fr\/wp-json\/wp\/v2\/sht_proarticle_category?post=29662"},{"taxonomy":"sht_proarticle_tag","embeddable":true,"href":"https:\/\/steuerportal.ch\/fr\/wp-json\/wp\/v2\/sht_proarticle_tag?post=29662"}],"curies":[{"name":"wp","href":"https:\/\/api.w.org\/{rel}","templated":true}]}}