{"id":27165,"date":"2025-10-01T05:52:00","date_gmt":"2025-10-01T03:52:00","guid":{"rendered":"https:\/\/steuerportal.ch\/?post_type=sht_proarticle&#038;p=27165"},"modified":"2025-10-01T10:38:46","modified_gmt":"2025-10-01T08:38:46","slug":"quel-serait-le-titre-de-votre-autobiographie-oliver-oppliger","status":"publish","type":"sht_proarticle","link":"https:\/\/steuerportal.ch\/fr\/articles-specialises\/quel-serait-le-titre-de-votre-autobiographie-oliver-oppliger\/","title":{"rendered":"Quel serait le titre de votre autobiographie, Oliver Oppliger?"},"content":{"rendered":"<div class=\"wp-block-media-text is-stacked-on-mobile\"><figure class=\"wp-block-media-text__media\"><img loading=\"lazy\" decoding=\"async\" width=\"815\" height=\"1024\" src=\"https:\/\/steuerportal.ch\/wp-content\/uploads\/2025\/09\/oliver_oppliger_rendezvous-1-815x1024.jpg\" alt=\"\" class=\"wp-image-27160 size-full\" srcset=\"https:\/\/steuerportal.ch\/wp-content\/uploads\/2025\/09\/oliver_oppliger_rendezvous-1-815x1024.jpg 815w, https:\/\/steuerportal.ch\/wp-content\/uploads\/2025\/09\/oliver_oppliger_rendezvous-1-700x880.jpg 700w, https:\/\/steuerportal.ch\/wp-content\/uploads\/2025\/09\/oliver_oppliger_rendezvous-1-768x965.jpg 768w, https:\/\/steuerportal.ch\/wp-content\/uploads\/2025\/09\/oliver_oppliger_rendezvous-1-1222x1536.jpg 1222w, https:\/\/steuerportal.ch\/wp-content\/uploads\/2025\/09\/oliver_oppliger_rendezvous-1-1629x2048.jpg 1629w, https:\/\/steuerportal.ch\/wp-content\/uploads\/2025\/09\/oliver_oppliger_rendezvous-1-1280x1609.jpg 1280w, https:\/\/steuerportal.ch\/wp-content\/uploads\/2025\/09\/oliver_oppliger_rendezvous-1-223x280.jpg 223w, https:\/\/steuerportal.ch\/wp-content\/uploads\/2025\/09\/oliver_oppliger_rendezvous-1-628x789.jpg 628w, https:\/\/steuerportal.ch\/wp-content\/uploads\/2025\/09\/oliver_oppliger_rendezvous-1-296x372.jpg 296w, https:\/\/steuerportal.ch\/wp-content\/uploads\/2025\/09\/oliver_oppliger_rendezvous-1.jpg 2028w\" sizes=\"auto, (max-width: 815px) 100vw, 815px\" \/><\/figure><div class=\"wp-block-media-text__content\">\n<p><strong>Name:<\/strong> Oliver Oppliger<\/p>\n\n\n\n<p><strong>Profession\/poste:<\/strong> Chef d&rsquo;&eacute;quipe et suppl&eacute;ant du chef de la division Remboursement de l&rsquo;AFC<\/p>\n\n\n\n<p><strong>Famille:<\/strong> c&eacute;libataire<\/p>\n\n\n\n<p><strong>Loisirs:<\/strong>&nbsp;Musique, jouer de la guitare<\/p>\n<\/div><\/div><div class=\"wp-block-group is-style-info-box has-gray-xlight-background-color has-background is-layout-constrained wp-container-core-group-is-layout-c385debf wp-block-group-is-layout-constrained\" style=\"padding-top:var(--wp--preset--spacing--20);padding-right:var(--wp--preset--spacing--20);padding-bottom:var(--wp--preset--spacing--20);padding-left:var(--wp--preset--spacing--20)\">\n<p class=\"has-primary-dark-color has-text-color\">Ce texte est une <strong>traduction automatique r&eacute;vis&eacute;e<\/strong> de l&rsquo;article original en allemand. Changez les param&egrave;tres de langue pour lire l&rsquo;article original en allemand. Vous ne voulez pas manquer un article en fran&ccedil;ais? Abonnez-vous &agrave; notre newsletter.<\/p>\n\n\n\n<div class=\"wp-block-group is-layout-flow wp-block-group-is-layout-flow\">\n<div class=\"wp-block-buttons is-layout-flex wp-block-buttons-is-layout-flex\">\n<div class=\"wp-block-button\"><a class=\"wp-block-button__link wp-element-button\" href=\"https:\/\/steuerportal.ch\/fr\/contact\/#Newsletter\" target=\"_blank\" rel=\"noreferrer noopener\">Inscription &agrave; la newsletter<\/a><\/div>\n<\/div>\n\n\n\n<div style=\"height:20px\" aria-hidden=\"true\" class=\"wp-block-spacer\"><\/div>\n<\/div>\n<\/div><p><strong><em>Vivez-vous pour le droit fiscal?<\/em><\/strong><\/p><p>Apr&egrave;s pr&egrave;s de 30 ans d&rsquo;activit&eacute; &agrave; l&rsquo;AFC, huit ann&eacute;es d&rsquo;enseignement du droit fiscal et deux livres publi&eacute;s, il m&rsquo;est difficile de nier un certain int&eacute;r&ecirc;t pour la mati&egrave;re. Mais comme j&rsquo;ai encore de nombreux autres int&eacute;r&ecirc;ts, j&rsquo;ose dire que je ne vis pas seulement pour le droit fiscal.<\/p><p><strong><em>Avez-vous une devise personnelle?<\/em><\/strong><\/p><p>Parfois, on gagne et parfois, ce sont les autres qui perdent.<\/p><p><strong><em>Avez-vous une passion (secr&egrave;te) en plus de celle pour le droit fiscal?<\/em><\/strong><\/p><p>Le bruit s&rsquo;est sans doute d&eacute;j&agrave; r&eacute;pandu que je suis un fan de hard rock et que je suis passionn&eacute; par le fait de jouer de la guitare. Cette passion m&rsquo;a permis de d&eacute;couvrir l&rsquo;une ou l&rsquo;autre salle de concert en Suisse, depuis la sc&egrave;ne. M&ecirc;me si cette &eacute;poque est quelque peu r&eacute;volue, la confrontation avec l&rsquo;instrument et l&rsquo;apprentissage de nouvelles techniques de jeu restent fascinantes et inspirantes.<\/p><p><strong><em>Qui est votre muse?<\/em><\/strong><\/p><p>Si je voulais combiner mes sources d&rsquo;inspiration priv&eacute;es et professionnelles, ce serait probablement un croisement entre le guitariste Eddie Van Halen et Stefan Oesterhelt: une sorte d&rsquo;Eddie Van Oesterhelt &hellip; \ud83d\ude09<\/p><p><strong><em>Quel &eacute;tait le m&eacute;tier de vos r&ecirc;ves en &eacute;tant enfant &ndash; et pourquoi cela n&rsquo;a-t-il rien donn&eacute;?<\/em><\/strong><\/p><p>Lorsque j&rsquo;&eacute;tais &agrave; l&rsquo;&eacute;cole, je gagnais de l&rsquo;argent de poche en allant travailler en for&ecirc;t durant mes vacances. En r&eacute;alit&eacute;, j&rsquo;aurais bien aim&eacute; effectuer un apprentissage de forestier-b&ucirc;cheron. Mais comme il n&rsquo;y avait pas de place d&rsquo;apprentissage, j&rsquo;ai opt&eacute; pour un apprentissage bancaire et j&rsquo;ai finalement atterri dans le monde fiscal. Je peux concevoir que certains parmi vos lecteurs auraient pr&eacute;f&eacute;r&eacute; que j&rsquo;obtienne une place d&rsquo;apprentissage de forestier-b&ucirc;cheron.<\/p><p><strong><em>Qu&rsquo;est-ce qui vous fait sortir de vos gonds?<\/em><\/strong><\/p><p>La r&eacute;ponse &laquo;<em>Kokosn&uuml;sse!<\/em>&raquo; appartient malheureusement d&eacute;j&agrave; &agrave; l&rsquo;ancien entra&icirc;neur de football Rolf Fringer <em>[N. d. T.<\/em>&nbsp;<em>la question pos&eacute;e en allemand &eacute;tait bas&eacute;e sur l&rsquo;expression &laquo;auf die Palme bringen&raquo;, soit litt&eacute;ralement: &laquo;Qu&rsquo;est-ce qui vous fait grimper sur un palmier?&raquo;]<\/em>. Je vais donc vous r&eacute;pondre l&rsquo;incomp&eacute;tence, l&rsquo;ignorance et l&rsquo;arrogance, surtout si ces trois caract&eacute;ristiques sont combin&eacute;es.<\/p><p><strong><em>Vous arrive-t-il d&rsquo;en avoir marre de votre activit&eacute; actuelle?<\/em><\/strong><\/p><p>Je vous mentirais si je pr&eacute;tendais que cela n&rsquo;a jamais &eacute;t&eacute; le cas. Heureusement, c&rsquo;est g&eacute;n&eacute;ralement de courte dur&eacute;e, puisque les aspects positifs de mon activit&eacute; l&rsquo;emportent en fin de compte.<\/p><p><strong><em>Que faites-vous pendant votre temps libre? En avez-vous r&eacute;ellement?<\/em><\/strong><\/p><p>Je m&rsquo;occupe b&eacute;n&eacute;volement des finances du club de hockey sur glace de mon village d&rsquo;origine, dont deux des &eacute;quipes &eacute;voluent en 2<sup>e<\/sup>, respectivement 3<sup>e<\/sup> ligue du championnat r&eacute;gional. Etant donn&eacute; que le sport populaire se professionnalise de plus en plus, il devient compliqu&eacute; de concilier les sources limit&eacute;es de revenus et les d&eacute;penses toujours plus importantes. Ce sont plut&ocirc;t mes connaissances en &eacute;conomie d&rsquo;entreprise qui sont alors mobilis&eacute;es, ce qui me permet de bien me d&eacute;tacher du travail quotidien au sein de l&rsquo;administration fiscale.<\/p><p><strong><em>Quel serait le titre de votre autobiographie?<\/em><\/strong><\/p><p>M&ecirc;me si je ne pense pas en avoir un jour besoin, je pense que le titre &laquo;Tax, Pucks &amp; Rock&rsquo;n&rsquo;Roll&raquo; serait probablement ad&eacute;quat.<\/p><p><strong><em>Si vous aviez trois v&oelig;ux &agrave; formuler, quels seraient-ils?<\/em><\/strong><\/p><ol class=\"wp-block-list\">\n<li>La sant&eacute; jusqu&rsquo;&agrave; un &acirc;ge avanc&eacute;,<\/li>\n\n\n\n<li>l&rsquo;ind&eacute;pendance financi&egrave;re,<\/li>\n\n\n\n<li>encore trois v&oelig;ux si les deux premiers ne se r&eacute;alisent pas.<\/li>\n<\/ol><p><strong><em>Quel livre lisez-vous actuellement?<\/em><\/strong><\/p><p>En ce moment, aucun. Mais je me r&eacute;jouis du livre d&rsquo;Anne Brorhilker, &laquo;<em>Cum\/Ex, Milliarden und Moral<\/em>&raquo;. Je pr&eacute;sume que plusieurs aspects me para&icirc;tront familiers, ce qui &eacute;tait d&rsquo;ailleurs d&eacute;j&agrave; le cas avec la s&eacute;rie t&eacute;l&eacute;vis&eacute;e r&eacute;cemment diffus&eacute;e &laquo;<em>Die Aff&auml;re Cum-Ex<\/em>&raquo;.<\/p><p><strong><em>Y a-t-il quelque chose qui vous &eacute;nerve beaucoup dans le domaine fiscal?<\/em><\/strong><\/p><p>Je suis tout &agrave; fait conscient que le remboursement de l&rsquo;imp&ocirc;t anticip&eacute; est un sujet hautement &eacute;motionnel, car il implique le plus souvent de tr&egrave;s grandes sommes d&rsquo;argent. Je n&rsquo;attends donc pas forc&eacute;ment une grande compr&eacute;hension pour les positions que mes collaborateurs et moi devons d&eacute;fendre. Je suis d&rsquo;avis que m&ecirc;me les d&eacute;bats les plus houleux doivent suivre les r&egrave;gles &eacute;l&eacute;mentaires de la biens&eacute;ance. Malheureusement, tous les acteurs du domaine fiscal n&rsquo;y parviennent pas toujours.<\/p><p><strong><em>Avez-vous des mod&egrave;les?<\/em><\/strong><\/p><p>Beaucoup. Si je devais en s&eacute;lectionner deux, il y aurait Norbert Lammert, ancien pr&eacute;sident du Bundestag allemand, et feu Lemmy Kilmister, bassiste et chanteur du groupe Mot&ouml;rhead. A premi&egrave;re vue, ce sont deux personnalit&eacute;s fondamentalement diff&eacute;rentes. Tous deux m&rsquo;ont toujours impressionn&eacute; par leur sinc&eacute;rit&eacute;, leur franc-parler et leur sens aigu de l&rsquo;humour et de l&rsquo;autod&eacute;rision. Ce dernier trait de caract&egrave;re est h&eacute;las trop rare &agrave; notre &eacute;poque.<\/p><p><strong><em>&Eacute;tiez-vous bon &agrave; l&rsquo;&eacute;cole?<\/em><\/strong><\/p><p>Je me souviens encore tr&egrave;s bien de ce que m&rsquo;a dit &ndash; avec son charmant accent fran&ccedil;ais &ndash; l&rsquo;officier charg&eacute; de mon recrutement: &laquo;<em>Oppliger, sie haben es mehr im Kopf als in den Beinen.<\/em>&raquo; Son appr&eacute;ciation, &eacute;tait tout sauf erron&eacute;e. J&rsquo;&eacute;tais un bon &eacute;l&egrave;ve, quoique pas toujours le plus assidu&hellip;<\/p><p><strong><em>A quel sujet avez-vous radicalement chang&eacute; d&rsquo;avis et pourquoi?<\/em><\/strong><\/p><p>Apr&egrave;s &ecirc;tre intervenu &agrave; plusieurs reprises aux conf&eacute;rences de l&rsquo;ILE, je suis parvenu &agrave; la conclusion que les saucisses &agrave; r&ocirc;tir de Saint-Gall sont tout &agrave; fait convenables m&ecirc;me sans moutarde.<\/p><p><em>R&eacute;vision par Victor Palma<\/em><\/p>\n","protected":false},"excerpt":{"rendered":"<p>Oliver Oppliger r\u00e9pond \u00e0 nos questions \u2013 pas forc\u00e9ment techniques \u2013 dans le Rendez-vous.<\/p>\n","protected":false},"author":2371,"featured_media":0,"template":"","meta":{"_acf_changed":false,"authors":[{"ID":74,"display_name":"Redaktion Steuer Revue","first_name":"","last_name":"","description":"","image":"https:\/\/steuerportal.ch\/wp-content\/uploads\/2024\/11\/StP_Profilbild_RED_DE_quadratisch.jpg","organiser_data":{"public_organiser_name":"Redaktion Steuer Revue","public_organiser_page":false,"offer":"","location":"","preamble":"","public_organiser_logo":false},"url":"https:\/\/steuerportal.ch\/fr\/autoren\/redaktion-steuer-revue\/"}],"related_sht_promodule":["<a href=\"https:\/\/steuerportal.ch\/fr\/modules-specialises\/revue-fiscale\/rendez-vous\/\">Revue fiscale &#8594; Rendez-vous<\/a>"],"pdf":"https:\/\/steuerportal.ch\/fr\/articles-specialises\/quel-serait-le-titre-de-votre-autobiographie-oliver-oppliger\/shtpdf\/","language":"fr"},"sht_proarticle_category":[271],"sht_proarticle_tag":[],"class_list":["post-27165","sht_proarticle","type-sht_proarticle","status-publish","hentry","sht_proarticle_category-rendez-vous-fr"],"acf":{"authors":[74]},"shp_steuerportal_must_use":{"translations":[{"id":27157,"link":"https:\/\/steuerportal.ch\/articles-specialises\/was-waere-der-titel-ihrer-autobiografie-oliver-oppliger\/","title":{"rendered":"Was w\u00e4re der Titel \u00adIhrer Autobiografie, Oliver Oppliger?"},"language":"de"},{"id":27165,"link":"https:\/\/steuerportal.ch\/fr\/articles-specialises\/quel-serait-le-titre-de-votre-autobiographie-oliver-oppliger\/","title":{"rendered":"Quel serait le titre de votre autobiographie, Oliver Oppliger?"},"language":"fr"}]},"yoast_head":"<!-- This site is optimized with the Yoast SEO plugin v27.4 - https:\/\/yoast.com\/product\/yoast-seo-wordpress\/ -->\n<title>Quel serait le titre de votre autobiographie, Oliver Oppliger? &#8226; steuerportal.ch<\/title>\n<meta name=\"robots\" content=\"index, follow, max-snippet:-1, max-image-preview:large, max-video-preview:-1\" \/>\n<link rel=\"canonical\" href=\"https:\/\/steuerportal.ch\/fr\/articles-specialises\/quel-serait-le-titre-de-votre-autobiographie-oliver-oppliger\/\" \/>\n<meta property=\"og:locale\" content=\"fr_FR\" \/>\n<meta property=\"og:type\" content=\"article\" \/>\n<meta property=\"og:title\" content=\"Quel serait le titre de votre autobiographie, Oliver Oppliger? &#8226; steuerportal.ch\" \/>\n<meta property=\"og:description\" content=\"Oliver Oppliger r\u00e9pond \u00e0 nos questions \u2013 pas forc\u00e9ment techniques \u2013 dans le Rendez-vous.\" \/>\n<meta property=\"og:url\" content=\"https:\/\/steuerportal.ch\/fr\/articles-specialises\/quel-serait-le-titre-de-votre-autobiographie-oliver-oppliger\/\" \/>\n<meta property=\"og:site_name\" content=\"steuerportal.ch\" \/>\n<meta property=\"article:modified_time\" content=\"2025-10-01T08:38:46+00:00\" \/>\n<meta property=\"og:image\" content=\"https:\/\/steuerportal.ch\/wp-content\/uploads\/2025\/09\/oliver_oppliger_rendezvous-1-815x1024.jpg\" \/>\n\t<meta property=\"og:image:width\" content=\"815\" \/>\n\t<meta property=\"og:image:height\" content=\"1024\" \/>\n\t<meta property=\"og:image:type\" content=\"image\/jpeg\" \/>\n<meta name=\"twitter:card\" content=\"summary_large_image\" \/>\n<meta name=\"twitter:label1\" content=\"Dur\u00e9e de lecture estim\u00e9e\" \/>\n\t<meta name=\"twitter:data1\" content=\"15 minutes\" \/>\n<script type=\"application\/ld+json\" class=\"yoast-schema-graph\">{\"@context\":\"https:\\\/\\\/schema.org\",\"@graph\":[{\"@type\":\"WebPage\",\"@id\":\"https:\\\/\\\/steuerportal.ch\\\/fr\\\/articles-specialises\\\/quel-serait-le-titre-de-votre-autobiographie-oliver-oppliger\\\/\",\"url\":\"https:\\\/\\\/steuerportal.ch\\\/fr\\\/articles-specialises\\\/quel-serait-le-titre-de-votre-autobiographie-oliver-oppliger\\\/\",\"name\":\"Quel serait le titre de votre autobiographie, Oliver Oppliger? &#8226; steuerportal.ch\",\"isPartOf\":{\"@id\":\"https:\\\/\\\/steuerportal.ch\\\/fr\\\/#website\"},\"primaryImageOfPage\":{\"@id\":\"https:\\\/\\\/steuerportal.ch\\\/fr\\\/articles-specialises\\\/quel-serait-le-titre-de-votre-autobiographie-oliver-oppliger\\\/#primaryimage\"},\"image\":{\"@id\":\"https:\\\/\\\/steuerportal.ch\\\/fr\\\/articles-specialises\\\/quel-serait-le-titre-de-votre-autobiographie-oliver-oppliger\\\/#primaryimage\"},\"thumbnailUrl\":\"https:\\\/\\\/steuerportal.ch\\\/wp-content\\\/uploads\\\/2025\\\/09\\\/oliver_oppliger_rendezvous-1-815x1024.jpg\",\"datePublished\":\"2025-10-01T03:52:00+00:00\",\"dateModified\":\"2025-10-01T08:38:46+00:00\",\"breadcrumb\":{\"@id\":\"https:\\\/\\\/steuerportal.ch\\\/fr\\\/articles-specialises\\\/quel-serait-le-titre-de-votre-autobiographie-oliver-oppliger\\\/#breadcrumb\"},\"inLanguage\":\"fr-FR\",\"potentialAction\":[{\"@type\":\"ReadAction\",\"target\":[\"https:\\\/\\\/steuerportal.ch\\\/fr\\\/articles-specialises\\\/quel-serait-le-titre-de-votre-autobiographie-oliver-oppliger\\\/\"]}]},{\"@type\":\"ImageObject\",\"inLanguage\":\"fr-FR\",\"@id\":\"https:\\\/\\\/steuerportal.ch\\\/fr\\\/articles-specialises\\\/quel-serait-le-titre-de-votre-autobiographie-oliver-oppliger\\\/#primaryimage\",\"url\":\"https:\\\/\\\/steuerportal.ch\\\/wp-content\\\/uploads\\\/2025\\\/09\\\/oliver_oppliger_rendezvous-1-815x1024.jpg\",\"contentUrl\":\"https:\\\/\\\/steuerportal.ch\\\/wp-content\\\/uploads\\\/2025\\\/09\\\/oliver_oppliger_rendezvous-1-815x1024.jpg\"},{\"@type\":\"BreadcrumbList\",\"@id\":\"https:\\\/\\\/steuerportal.ch\\\/fr\\\/articles-specialises\\\/quel-serait-le-titre-de-votre-autobiographie-oliver-oppliger\\\/#breadcrumb\",\"itemListElement\":[{\"@type\":\"ListItem\",\"position\":1,\"name\":\"Page d'accueil\",\"item\":\"https:\\\/\\\/steuerportal.ch\\\/fr\\\/\"},{\"@type\":\"ListItem\",\"position\":2,\"name\":\"Fachartikel\",\"item\":\"https:\\\/\\\/steuerportal.ch\\\/fr\\\/articles-specialises\\\/\"},{\"@type\":\"ListItem\",\"position\":3,\"name\":\"Quel serait le titre de votre autobiographie, Oliver Oppliger?\"}]},{\"@type\":\"WebSite\",\"@id\":\"https:\\\/\\\/steuerportal.ch\\\/fr\\\/#website\",\"url\":\"https:\\\/\\\/steuerportal.ch\\\/fr\\\/\",\"name\":\"steuerportal.ch\",\"description\":\"Le portail suisse sp\u00e9cialis\u00e9 dans le domaine des imp\u00f4ts\",\"publisher\":{\"@id\":\"https:\\\/\\\/steuerportal.ch\\\/fr\\\/#organization\"},\"potentialAction\":[{\"@type\":\"SearchAction\",\"target\":{\"@type\":\"EntryPoint\",\"urlTemplate\":\"https:\\\/\\\/steuerportal.ch\\\/fr\\\/?s={search_term_string}\"},\"query-input\":{\"@type\":\"PropertyValueSpecification\",\"valueRequired\":true,\"valueName\":\"search_term_string\"}}],\"inLanguage\":\"fr-FR\"},{\"@type\":\"Organization\",\"@id\":\"https:\\\/\\\/steuerportal.ch\\\/fr\\\/#organization\",\"name\":\"Steuerportal (Cosmos Verlag)\",\"url\":\"https:\\\/\\\/steuerportal.ch\\\/fr\\\/\",\"logo\":{\"@type\":\"ImageObject\",\"inLanguage\":\"fr-FR\",\"@id\":\"https:\\\/\\\/steuerportal.ch\\\/fr\\\/#\\\/schema\\\/logo\\\/image\\\/\",\"url\":\"https:\\\/\\\/steuerportal.ch\\\/wp-content\\\/uploads\\\/2021\\\/06\\\/cosmos_c-strich_h_positiv_bunt.svg\",\"contentUrl\":\"https:\\\/\\\/steuerportal.ch\\\/wp-content\\\/uploads\\\/2021\\\/06\\\/cosmos_c-strich_h_positiv_bunt.svg\",\"width\":191,\"height\":44,\"caption\":\"Steuerportal (Cosmos Verlag)\"},\"image\":{\"@id\":\"https:\\\/\\\/steuerportal.ch\\\/fr\\\/#\\\/schema\\\/logo\\\/image\\\/\"}}]}<\/script>\n<!-- \/ Yoast SEO plugin. -->","yoast_head_json":{"title":"Quel serait le titre de votre autobiographie, Oliver Oppliger? &#8226; steuerportal.ch","robots":{"index":"index","follow":"follow","max-snippet":"max-snippet:-1","max-image-preview":"max-image-preview:large","max-video-preview":"max-video-preview:-1"},"canonical":"https:\/\/steuerportal.ch\/fr\/articles-specialises\/quel-serait-le-titre-de-votre-autobiographie-oliver-oppliger\/","og_locale":"fr_FR","og_type":"article","og_title":"Quel serait le titre de votre autobiographie, Oliver Oppliger? &#8226; steuerportal.ch","og_description":"Oliver Oppliger r\u00e9pond \u00e0 nos questions \u2013 pas forc\u00e9ment techniques \u2013 dans le Rendez-vous.","og_url":"https:\/\/steuerportal.ch\/fr\/articles-specialises\/quel-serait-le-titre-de-votre-autobiographie-oliver-oppliger\/","og_site_name":"steuerportal.ch","article_modified_time":"2025-10-01T08:38:46+00:00","og_image":[{"width":815,"height":1024,"url":"https:\/\/steuerportal.ch\/wp-content\/uploads\/2025\/09\/oliver_oppliger_rendezvous-1-815x1024.jpg","type":"image\/jpeg"}],"twitter_card":"summary_large_image","twitter_misc":{"Dur\u00e9e de lecture estim\u00e9e":"15 minutes"},"schema":{"@context":"https:\/\/schema.org","@graph":[{"@type":"WebPage","@id":"https:\/\/steuerportal.ch\/fr\/articles-specialises\/quel-serait-le-titre-de-votre-autobiographie-oliver-oppliger\/","url":"https:\/\/steuerportal.ch\/fr\/articles-specialises\/quel-serait-le-titre-de-votre-autobiographie-oliver-oppliger\/","name":"Quel serait le titre de votre autobiographie, Oliver Oppliger? &#8226; steuerportal.ch","isPartOf":{"@id":"https:\/\/steuerportal.ch\/fr\/#website"},"primaryImageOfPage":{"@id":"https:\/\/steuerportal.ch\/fr\/articles-specialises\/quel-serait-le-titre-de-votre-autobiographie-oliver-oppliger\/#primaryimage"},"image":{"@id":"https:\/\/steuerportal.ch\/fr\/articles-specialises\/quel-serait-le-titre-de-votre-autobiographie-oliver-oppliger\/#primaryimage"},"thumbnailUrl":"https:\/\/steuerportal.ch\/wp-content\/uploads\/2025\/09\/oliver_oppliger_rendezvous-1-815x1024.jpg","datePublished":"2025-10-01T03:52:00+00:00","dateModified":"2025-10-01T08:38:46+00:00","breadcrumb":{"@id":"https:\/\/steuerportal.ch\/fr\/articles-specialises\/quel-serait-le-titre-de-votre-autobiographie-oliver-oppliger\/#breadcrumb"},"inLanguage":"fr-FR","potentialAction":[{"@type":"ReadAction","target":["https:\/\/steuerportal.ch\/fr\/articles-specialises\/quel-serait-le-titre-de-votre-autobiographie-oliver-oppliger\/"]}]},{"@type":"ImageObject","inLanguage":"fr-FR","@id":"https:\/\/steuerportal.ch\/fr\/articles-specialises\/quel-serait-le-titre-de-votre-autobiographie-oliver-oppliger\/#primaryimage","url":"https:\/\/steuerportal.ch\/wp-content\/uploads\/2025\/09\/oliver_oppliger_rendezvous-1-815x1024.jpg","contentUrl":"https:\/\/steuerportal.ch\/wp-content\/uploads\/2025\/09\/oliver_oppliger_rendezvous-1-815x1024.jpg"},{"@type":"BreadcrumbList","@id":"https:\/\/steuerportal.ch\/fr\/articles-specialises\/quel-serait-le-titre-de-votre-autobiographie-oliver-oppliger\/#breadcrumb","itemListElement":[{"@type":"ListItem","position":1,"name":"Page d'accueil","item":"https:\/\/steuerportal.ch\/fr\/"},{"@type":"ListItem","position":2,"name":"Fachartikel","item":"https:\/\/steuerportal.ch\/fr\/articles-specialises\/"},{"@type":"ListItem","position":3,"name":"Quel serait le titre de votre autobiographie, Oliver Oppliger?"}]},{"@type":"WebSite","@id":"https:\/\/steuerportal.ch\/fr\/#website","url":"https:\/\/steuerportal.ch\/fr\/","name":"steuerportal.ch","description":"Le portail suisse sp\u00e9cialis\u00e9 dans le domaine des imp\u00f4ts","publisher":{"@id":"https:\/\/steuerportal.ch\/fr\/#organization"},"potentialAction":[{"@type":"SearchAction","target":{"@type":"EntryPoint","urlTemplate":"https:\/\/steuerportal.ch\/fr\/?s={search_term_string}"},"query-input":{"@type":"PropertyValueSpecification","valueRequired":true,"valueName":"search_term_string"}}],"inLanguage":"fr-FR"},{"@type":"Organization","@id":"https:\/\/steuerportal.ch\/fr\/#organization","name":"Steuerportal (Cosmos Verlag)","url":"https:\/\/steuerportal.ch\/fr\/","logo":{"@type":"ImageObject","inLanguage":"fr-FR","@id":"https:\/\/steuerportal.ch\/fr\/#\/schema\/logo\/image\/","url":"https:\/\/steuerportal.ch\/wp-content\/uploads\/2021\/06\/cosmos_c-strich_h_positiv_bunt.svg","contentUrl":"https:\/\/steuerportal.ch\/wp-content\/uploads\/2021\/06\/cosmos_c-strich_h_positiv_bunt.svg","width":191,"height":44,"caption":"Steuerportal (Cosmos Verlag)"},"image":{"@id":"https:\/\/steuerportal.ch\/fr\/#\/schema\/logo\/image\/"}}]}},"_links":{"self":[{"href":"https:\/\/steuerportal.ch\/fr\/wp-json\/wp\/v2\/sht_proarticle\/27165","targetHints":{"allow":["GET"]}}],"collection":[{"href":"https:\/\/steuerportal.ch\/fr\/wp-json\/wp\/v2\/sht_proarticle"}],"about":[{"href":"https:\/\/steuerportal.ch\/fr\/wp-json\/wp\/v2\/types\/sht_proarticle"}],"author":[{"embeddable":true,"href":"https:\/\/steuerportal.ch\/fr\/wp-json\/wp\/v2\/users\/2371"}],"version-history":[{"count":4,"href":"https:\/\/steuerportal.ch\/fr\/wp-json\/wp\/v2\/sht_proarticle\/27165\/revisions"}],"predecessor-version":[{"id":27281,"href":"https:\/\/steuerportal.ch\/fr\/wp-json\/wp\/v2\/sht_proarticle\/27165\/revisions\/27281"}],"acf:user":[{"embeddable":true,"href":"https:\/\/steuerportal.ch\/fr\/wp-json\/wp\/v2\/users\/74"}],"wp:attachment":[{"href":"https:\/\/steuerportal.ch\/fr\/wp-json\/wp\/v2\/media?parent=27165"}],"wp:term":[{"taxonomy":"sht_proarticle_category","embeddable":true,"href":"https:\/\/steuerportal.ch\/fr\/wp-json\/wp\/v2\/sht_proarticle_category?post=27165"},{"taxonomy":"sht_proarticle_tag","embeddable":true,"href":"https:\/\/steuerportal.ch\/fr\/wp-json\/wp\/v2\/sht_proarticle_tag?post=27165"}],"curies":[{"name":"wp","href":"https:\/\/api.w.org\/{rel}","templated":true}]}}