{"id":27146,"date":"2025-10-01T05:53:00","date_gmt":"2025-10-01T03:53:00","guid":{"rendered":"https:\/\/steuerportal.ch\/?post_type=sht_proarticle&#038;p=27146"},"modified":"2025-10-01T15:16:48","modified_gmt":"2025-10-01T13:16:48","slug":"rezension-auf-den-punkt-die-verrechnungssteuer-in-zehn-stunden","status":"publish","type":"sht_proarticle","link":"https:\/\/steuerportal.ch\/fr\/articles-specialises\/rezension-auf-den-punkt-die-verrechnungssteuer-in-zehn-stunden\/","title":{"rendered":"Rezension: \u00abAuf den Punkt: Die  Verrechnungssteuer in zehn Stunden\u00bb"},"content":{"rendered":"<div class=\"wp-block-media-text is-stacked-on-mobile\"><figure class=\"wp-block-media-text__media\"><img loading=\"lazy\" decoding=\"async\" width=\"721\" height=\"1024\" src=\"https:\/\/steuerportal.ch\/wp-content\/uploads\/2025\/09\/verrechnungssteuer_adp_cover_250410_rgb-721x1024.jpg\" alt=\"\" class=\"wp-image-27147 size-full\" srcset=\"https:\/\/steuerportal.ch\/wp-content\/uploads\/2025\/09\/verrechnungssteuer_adp_cover_250410_rgb-721x1024.jpg 721w, https:\/\/steuerportal.ch\/wp-content\/uploads\/2025\/09\/verrechnungssteuer_adp_cover_250410_rgb-700x995.jpg 700w, https:\/\/steuerportal.ch\/wp-content\/uploads\/2025\/09\/verrechnungssteuer_adp_cover_250410_rgb-768x1091.jpg 768w, https:\/\/steuerportal.ch\/wp-content\/uploads\/2025\/09\/verrechnungssteuer_adp_cover_250410_rgb-1081x1536.jpg 1081w, https:\/\/steuerportal.ch\/wp-content\/uploads\/2025\/09\/verrechnungssteuer_adp_cover_250410_rgb-1441x2048.jpg 1441w, https:\/\/steuerportal.ch\/wp-content\/uploads\/2025\/09\/verrechnungssteuer_adp_cover_250410_rgb-1280x1819.jpg 1280w, https:\/\/steuerportal.ch\/wp-content\/uploads\/2025\/09\/verrechnungssteuer_adp_cover_250410_rgb-197x280.jpg 197w, https:\/\/steuerportal.ch\/wp-content\/uploads\/2025\/09\/verrechnungssteuer_adp_cover_250410_rgb-628x893.jpg 628w, https:\/\/steuerportal.ch\/wp-content\/uploads\/2025\/09\/verrechnungssteuer_adp_cover_250410_rgb-296x421.jpg 296w, https:\/\/steuerportal.ch\/wp-content\/uploads\/2025\/09\/verrechnungssteuer_adp_cover_250410_rgb.jpg 1745w\" sizes=\"auto, (max-width: 721px) 100vw, 721px\" \/><\/figure><div class=\"wp-block-media-text__content\">\n<p>Thomas Jaussi \/ Yves Strobel<\/p>\n\n\n\n<p><strong>Auf den Punkt:<br>Die Verrechnungssteuer in zehn Stunden<\/strong><\/p>\n\n\n\n<p>2025, 128 Seiten (broschiert)<br>CHF 48.&ndash;<br>Cosmos Verlag, Muri b. Bern<\/p>\n\n\n\n<p>Info und Bestellung:<br><a href=\"https:\/\/www.cosmosverlag.ch\/fachmedien\/produkt\/die-verrechnungssteuer-in-zehn-stunden\/\">www.cosmosverlag.ch<\/a><\/p>\n<\/div><\/div><p>Ein namhafter Steuerberater hat die Verrechnungssteuer vor ein paar Jahren anl&auml;sslich eines Kundenanlasses als&nbsp;<em>&laquo;the dark side of swiss taxation&raquo;<\/em>&nbsp;bezeichnet. Und in der Tat ist es nicht nur der mit 35% relativ hohe Steuersatz, welcher abschreckend wirkt&nbsp;&ndash; denn wer sich mit der Verrechnungssteuer auseinandersetzt, steht oft vor einer nicht zu untersch&auml;tzenden Herausforderung. Genau hier setzt das Buch&nbsp;<em>&laquo;Die Verrechnungssteuer in zehn Stunden&raquo;<\/em>&nbsp;von&nbsp;Thomas Jaussi&nbsp;und&nbsp;Yves Strobel&nbsp;an.<\/p><p>Bereits der Titel verspricht eine zeiteffiziente Einf&uuml;hrung in die Materie&nbsp;&ndash; ein Versprechen, welches nicht nur im Vorwort mit dem Verweis auf das Pareto-Prinzip wiederholt, sondern auch vollumf&auml;nglich eingehalten wird. Der Aufbau des Buches ist klar und logisch gegliedert und die Autoren pr&auml;sentieren die einzelnen Themengebiete in einer sinnvollen Reihenfolge, sodass sich ein roter Faden durch das gesamte Werk zieht.<\/p><p>Mit Hilfe von vielen einfachen, gut durchdachten und vor allem auch praxisnahen Beispielen werden die verschiedenen Merkmale der Verrechnungssteuer beleuchtet; so erm&ouml;glichen die beiden Autoren die direkte Anwendung des zuvor vermittelten Wissens und nehmen dem &laquo;Gespenst&raquo; Verrechnungssteuer in der Tat seinen Schrecken. Es eignet sich allerdings nicht nur als Einstiegswerk f&uuml;r Lernende und Berufseinsteiger, sondern auch als Nachschlagewerk f&uuml;r Praktizierende. Das Buch vermittelt n&auml;mlich sowohl ein solides Grundverst&auml;ndnis als auch &ndash;&nbsp;und hier wird das Versprechen im Vorwort nicht nur erf&uuml;llt, sondern &uuml;bertroffen&nbsp;&ndash; einen hervorragenden &Uuml;berblick der verschiedenen praktischen Aspekte der Verrechnungssteuer. Hervorheben m&ouml;chte ich an dieser Stelle speziell die Zusammenstellung der wichtigsten Formulare; diese ist auch f&uuml;r ausgewiesene Experten (inkl.&nbsp;langj&auml;hrige Mitarbeitende der&nbsp;ESTV!) sehr hilfreich.<\/p><p>Ein weiterer Pluspunkt: Die Autoren beschr&auml;nken sich in ihrem Buch nicht auf fachspezifische Problemstellungen rund um die Erhebung und die R&uuml;ckerstattung der Verrechnungssteuer&nbsp;&ndash; auch verfahrensrechtliche Fragen werden kurz und pr&auml;gnant erl&auml;utert; wie &uuml;blich anhand kurzer und verst&auml;ndlicher praktischer Beispiele.<\/p><p>Fachliteratur im Steuerbereich ist oft schwer zug&auml;nglich, doch hier gelingt es&nbsp;Thomas Jaussi&nbsp;und&nbsp;Yves Strobel, auch komplexere Sachverhalte leicht nachvollziehbar zu erkl&auml;ren. Ohne auf rechtliche Genauigkeit zu verzichten, wird das Thema so aufbereitet, dass es auch f&uuml;r Personen ohne juristische oder steuerliche Vorbildung zug&auml;nglich ist. Gem&auml;ss Vorwort erhebt dieses Kompendium keinen Anspruch auf Vollst&auml;ndigkeit, sondern verspricht, das Wesentliche zu vermitteln. Hier kann man den Autoren nicht widersprechen, aber es bleibt festzuhalten, dass das Wesentliche zwar kurz und pr&auml;gnant, aber durchaus vollst&auml;ndig abgebildet wird.<\/p><p>Insgesamt ist&nbsp;<em>&laquo;Die Verrechnungssteuer in zehn Stunden&raquo;<\/em>&nbsp;ein ausserordentlich gelungenes Fachbuch, das durch seine Praxisn&auml;he und seinen klaren Aufbau &uuml;berzeugt. Es ist ein Muss f&uuml;r alle, die sich fundiert, praxisnah und effizient mit der Schweizer Verrechnungssteuer auseinandersetzen wollen&nbsp;&ndash; sei es im Studium, im Berufsalltag oder zur gezielten Weiterbildung.<\/p><p><em>David Tschan, stellvertretender Teamchef Team&nbsp;Ruling, DVS-EP, ESTV<\/em><\/p>\n","protected":false},"excerpt":{"rendered":"<p>Jaussi\/Strobel: Auf den Punkt: \u00abDie Verrechnungssteuer in zehn Stunden\u00bb. Rezension von David Tschan<\/p>\n","protected":false},"author":2371,"featured_media":0,"template":"","meta":{"_acf_changed":false,"authors":[{"ID":3113,"display_name":"David Tschan","first_name":"David","last_name":"Tschan","description":"<p>Partner, Interational Tax and Transaction Services, Ernst &amp; Young, Z\u00fcrich<\/p>\n","image":"https:\/\/steuerportal.ch\/wp-content\/uploads\/2025\/09\/Tschan_David-220x220.jpg","organiser_data":[],"url":"https:\/\/steuerportal.ch\/fr\/autoren\/david-tschan\/"}],"related_sht_promodule":["<a href=\"https:\/\/steuerportal.ch\/fachmodule\/steuerrevue\/rezensionen\/\">Steuer Revue &#8594; Rezensionen<\/a>"],"pdf":"https:\/\/steuerportal.ch\/fr\/articles-specialises\/rezension-auf-den-punkt-die-verrechnungssteuer-in-zehn-stunden\/shtpdf\/","language":"de"},"sht_proarticle_category":[260],"sht_proarticle_tag":[],"class_list":["post-27146","sht_proarticle","type-sht_proarticle","status-publish","hentry","sht_proarticle_category-rezensionen"],"acf":{"authors":[3113]},"shp_steuerportal_must_use":{"translations":[{"id":27146,"link":"https:\/\/steuerportal.ch\/fr\/articles-specialises\/rezension-auf-den-punkt-die-verrechnungssteuer-in-zehn-stunden\/","title":{"rendered":"Rezension: \u00abAuf den Punkt: Die  Verrechnungssteuer in zehn Stunden\u00bb"},"language":"de"}]},"yoast_head":"<!-- This site is optimized with the Yoast SEO plugin v27.4 - https:\/\/yoast.com\/product\/yoast-seo-wordpress\/ -->\n<title>Rezension: \u00abAuf den Punkt: Die Verrechnungssteuer in zehn Stunden\u00bb &#8226; steuerportal.ch<\/title>\n<meta name=\"robots\" content=\"index, follow, max-snippet:-1, max-image-preview:large, max-video-preview:-1\" \/>\n<link rel=\"canonical\" href=\"https:\/\/steuerportal.ch\/fr\/articles-specialises\/rezension-auf-den-punkt-die-verrechnungssteuer-in-zehn-stunden\/\" \/>\n<meta property=\"og:locale\" content=\"fr_FR\" \/>\n<meta property=\"og:type\" content=\"article\" \/>\n<meta property=\"og:title\" content=\"Rezension: \u00abAuf den Punkt: Die Verrechnungssteuer in zehn Stunden\u00bb &#8226; steuerportal.ch\" \/>\n<meta property=\"og:description\" content=\"Jaussi\/Strobel: Auf den Punkt: \u00abDie Verrechnungssteuer in zehn Stunden\u00bb. Rezension von David Tschan\" \/>\n<meta property=\"og:url\" content=\"https:\/\/steuerportal.ch\/fr\/articles-specialises\/rezension-auf-den-punkt-die-verrechnungssteuer-in-zehn-stunden\/\" \/>\n<meta property=\"og:site_name\" content=\"steuerportal.ch\" \/>\n<meta property=\"article:modified_time\" content=\"2025-10-01T13:16:48+00:00\" \/>\n<meta name=\"twitter:card\" content=\"summary_large_image\" \/>\n<meta name=\"twitter:image\" content=\"https:\/\/steuerportal.ch\/wp-content\/uploads\/2025\/09\/verrechnungssteuer_adp_cover_250410_rgb.jpg\" \/>\n<meta name=\"twitter:label1\" content=\"Dur\u00e9e de lecture estim\u00e9e\" \/>\n\t<meta name=\"twitter:data1\" content=\"3 minutes\" \/>\n<script type=\"application\/ld+json\" class=\"yoast-schema-graph\">{\"@context\":\"https:\\\/\\\/schema.org\",\"@graph\":[{\"@type\":\"WebPage\",\"@id\":\"https:\\\/\\\/steuerportal.ch\\\/fr\\\/articles-specialises\\\/rezension-auf-den-punkt-die-verrechnungssteuer-in-zehn-stunden\\\/\",\"url\":\"https:\\\/\\\/steuerportal.ch\\\/fr\\\/articles-specialises\\\/rezension-auf-den-punkt-die-verrechnungssteuer-in-zehn-stunden\\\/\",\"name\":\"Rezension: \u00abAuf den Punkt: Die Verrechnungssteuer in zehn Stunden\u00bb &#8226; steuerportal.ch\",\"isPartOf\":{\"@id\":\"https:\\\/\\\/steuerportal.ch\\\/fr\\\/#website\"},\"primaryImageOfPage\":{\"@id\":\"https:\\\/\\\/steuerportal.ch\\\/fr\\\/articles-specialises\\\/rezension-auf-den-punkt-die-verrechnungssteuer-in-zehn-stunden\\\/#primaryimage\"},\"image\":{\"@id\":\"https:\\\/\\\/steuerportal.ch\\\/fr\\\/articles-specialises\\\/rezension-auf-den-punkt-die-verrechnungssteuer-in-zehn-stunden\\\/#primaryimage\"},\"thumbnailUrl\":\"https:\\\/\\\/steuerportal.ch\\\/wp-content\\\/uploads\\\/2025\\\/09\\\/verrechnungssteuer_adp_cover_250410_rgb-721x1024.jpg\",\"datePublished\":\"2025-10-01T03:53:00+00:00\",\"dateModified\":\"2025-10-01T13:16:48+00:00\",\"breadcrumb\":{\"@id\":\"https:\\\/\\\/steuerportal.ch\\\/fr\\\/articles-specialises\\\/rezension-auf-den-punkt-die-verrechnungssteuer-in-zehn-stunden\\\/#breadcrumb\"},\"inLanguage\":\"fr-FR\",\"potentialAction\":[{\"@type\":\"ReadAction\",\"target\":[\"https:\\\/\\\/steuerportal.ch\\\/fr\\\/articles-specialises\\\/rezension-auf-den-punkt-die-verrechnungssteuer-in-zehn-stunden\\\/\"]}]},{\"@type\":\"ImageObject\",\"inLanguage\":\"fr-FR\",\"@id\":\"https:\\\/\\\/steuerportal.ch\\\/fr\\\/articles-specialises\\\/rezension-auf-den-punkt-die-verrechnungssteuer-in-zehn-stunden\\\/#primaryimage\",\"url\":\"https:\\\/\\\/steuerportal.ch\\\/wp-content\\\/uploads\\\/2025\\\/09\\\/verrechnungssteuer_adp_cover_250410_rgb-721x1024.jpg\",\"contentUrl\":\"https:\\\/\\\/steuerportal.ch\\\/wp-content\\\/uploads\\\/2025\\\/09\\\/verrechnungssteuer_adp_cover_250410_rgb-721x1024.jpg\"},{\"@type\":\"BreadcrumbList\",\"@id\":\"https:\\\/\\\/steuerportal.ch\\\/fr\\\/articles-specialises\\\/rezension-auf-den-punkt-die-verrechnungssteuer-in-zehn-stunden\\\/#breadcrumb\",\"itemListElement\":[{\"@type\":\"ListItem\",\"position\":1,\"name\":\"Page d'accueil\",\"item\":\"https:\\\/\\\/steuerportal.ch\\\/fr\\\/\"},{\"@type\":\"ListItem\",\"position\":2,\"name\":\"Fachartikel\",\"item\":\"https:\\\/\\\/steuerportal.ch\\\/fr\\\/articles-specialises\\\/\"},{\"@type\":\"ListItem\",\"position\":3,\"name\":\"Rezension: \u00abAuf den Punkt: Die Verrechnungssteuer in zehn Stunden\u00bb\"}]},{\"@type\":\"WebSite\",\"@id\":\"https:\\\/\\\/steuerportal.ch\\\/fr\\\/#website\",\"url\":\"https:\\\/\\\/steuerportal.ch\\\/fr\\\/\",\"name\":\"steuerportal.ch\",\"description\":\"Le portail suisse sp\u00e9cialis\u00e9 dans le domaine des imp\u00f4ts\",\"publisher\":{\"@id\":\"https:\\\/\\\/steuerportal.ch\\\/fr\\\/#organization\"},\"potentialAction\":[{\"@type\":\"SearchAction\",\"target\":{\"@type\":\"EntryPoint\",\"urlTemplate\":\"https:\\\/\\\/steuerportal.ch\\\/fr\\\/?s={search_term_string}\"},\"query-input\":{\"@type\":\"PropertyValueSpecification\",\"valueRequired\":true,\"valueName\":\"search_term_string\"}}],\"inLanguage\":\"fr-FR\"},{\"@type\":\"Organization\",\"@id\":\"https:\\\/\\\/steuerportal.ch\\\/fr\\\/#organization\",\"name\":\"Steuerportal (Cosmos Verlag)\",\"url\":\"https:\\\/\\\/steuerportal.ch\\\/fr\\\/\",\"logo\":{\"@type\":\"ImageObject\",\"inLanguage\":\"fr-FR\",\"@id\":\"https:\\\/\\\/steuerportal.ch\\\/fr\\\/#\\\/schema\\\/logo\\\/image\\\/\",\"url\":\"https:\\\/\\\/steuerportal.ch\\\/wp-content\\\/uploads\\\/2021\\\/06\\\/cosmos_c-strich_h_positiv_bunt.svg\",\"contentUrl\":\"https:\\\/\\\/steuerportal.ch\\\/wp-content\\\/uploads\\\/2021\\\/06\\\/cosmos_c-strich_h_positiv_bunt.svg\",\"width\":191,\"height\":44,\"caption\":\"Steuerportal (Cosmos Verlag)\"},\"image\":{\"@id\":\"https:\\\/\\\/steuerportal.ch\\\/fr\\\/#\\\/schema\\\/logo\\\/image\\\/\"}}]}<\/script>\n<!-- \/ Yoast SEO plugin. -->","yoast_head_json":{"title":"Rezension: \u00abAuf den Punkt: Die Verrechnungssteuer in zehn Stunden\u00bb &#8226; steuerportal.ch","robots":{"index":"index","follow":"follow","max-snippet":"max-snippet:-1","max-image-preview":"max-image-preview:large","max-video-preview":"max-video-preview:-1"},"canonical":"https:\/\/steuerportal.ch\/fr\/articles-specialises\/rezension-auf-den-punkt-die-verrechnungssteuer-in-zehn-stunden\/","og_locale":"fr_FR","og_type":"article","og_title":"Rezension: \u00abAuf den Punkt: Die Verrechnungssteuer in zehn Stunden\u00bb &#8226; steuerportal.ch","og_description":"Jaussi\/Strobel: Auf den Punkt: \u00abDie Verrechnungssteuer in zehn Stunden\u00bb. Rezension von David Tschan","og_url":"https:\/\/steuerportal.ch\/fr\/articles-specialises\/rezension-auf-den-punkt-die-verrechnungssteuer-in-zehn-stunden\/","og_site_name":"steuerportal.ch","article_modified_time":"2025-10-01T13:16:48+00:00","twitter_card":"summary_large_image","twitter_image":"https:\/\/steuerportal.ch\/wp-content\/uploads\/2025\/09\/verrechnungssteuer_adp_cover_250410_rgb.jpg","twitter_misc":{"Dur\u00e9e de lecture estim\u00e9e":"3 minutes"},"schema":{"@context":"https:\/\/schema.org","@graph":[{"@type":"WebPage","@id":"https:\/\/steuerportal.ch\/fr\/articles-specialises\/rezension-auf-den-punkt-die-verrechnungssteuer-in-zehn-stunden\/","url":"https:\/\/steuerportal.ch\/fr\/articles-specialises\/rezension-auf-den-punkt-die-verrechnungssteuer-in-zehn-stunden\/","name":"Rezension: \u00abAuf den Punkt: Die Verrechnungssteuer in zehn Stunden\u00bb &#8226; steuerportal.ch","isPartOf":{"@id":"https:\/\/steuerportal.ch\/fr\/#website"},"primaryImageOfPage":{"@id":"https:\/\/steuerportal.ch\/fr\/articles-specialises\/rezension-auf-den-punkt-die-verrechnungssteuer-in-zehn-stunden\/#primaryimage"},"image":{"@id":"https:\/\/steuerportal.ch\/fr\/articles-specialises\/rezension-auf-den-punkt-die-verrechnungssteuer-in-zehn-stunden\/#primaryimage"},"thumbnailUrl":"https:\/\/steuerportal.ch\/wp-content\/uploads\/2025\/09\/verrechnungssteuer_adp_cover_250410_rgb-721x1024.jpg","datePublished":"2025-10-01T03:53:00+00:00","dateModified":"2025-10-01T13:16:48+00:00","breadcrumb":{"@id":"https:\/\/steuerportal.ch\/fr\/articles-specialises\/rezension-auf-den-punkt-die-verrechnungssteuer-in-zehn-stunden\/#breadcrumb"},"inLanguage":"fr-FR","potentialAction":[{"@type":"ReadAction","target":["https:\/\/steuerportal.ch\/fr\/articles-specialises\/rezension-auf-den-punkt-die-verrechnungssteuer-in-zehn-stunden\/"]}]},{"@type":"ImageObject","inLanguage":"fr-FR","@id":"https:\/\/steuerportal.ch\/fr\/articles-specialises\/rezension-auf-den-punkt-die-verrechnungssteuer-in-zehn-stunden\/#primaryimage","url":"https:\/\/steuerportal.ch\/wp-content\/uploads\/2025\/09\/verrechnungssteuer_adp_cover_250410_rgb-721x1024.jpg","contentUrl":"https:\/\/steuerportal.ch\/wp-content\/uploads\/2025\/09\/verrechnungssteuer_adp_cover_250410_rgb-721x1024.jpg"},{"@type":"BreadcrumbList","@id":"https:\/\/steuerportal.ch\/fr\/articles-specialises\/rezension-auf-den-punkt-die-verrechnungssteuer-in-zehn-stunden\/#breadcrumb","itemListElement":[{"@type":"ListItem","position":1,"name":"Page d'accueil","item":"https:\/\/steuerportal.ch\/fr\/"},{"@type":"ListItem","position":2,"name":"Fachartikel","item":"https:\/\/steuerportal.ch\/fr\/articles-specialises\/"},{"@type":"ListItem","position":3,"name":"Rezension: \u00abAuf den Punkt: Die Verrechnungssteuer in zehn Stunden\u00bb"}]},{"@type":"WebSite","@id":"https:\/\/steuerportal.ch\/fr\/#website","url":"https:\/\/steuerportal.ch\/fr\/","name":"steuerportal.ch","description":"Le portail suisse sp\u00e9cialis\u00e9 dans le domaine des imp\u00f4ts","publisher":{"@id":"https:\/\/steuerportal.ch\/fr\/#organization"},"potentialAction":[{"@type":"SearchAction","target":{"@type":"EntryPoint","urlTemplate":"https:\/\/steuerportal.ch\/fr\/?s={search_term_string}"},"query-input":{"@type":"PropertyValueSpecification","valueRequired":true,"valueName":"search_term_string"}}],"inLanguage":"fr-FR"},{"@type":"Organization","@id":"https:\/\/steuerportal.ch\/fr\/#organization","name":"Steuerportal (Cosmos Verlag)","url":"https:\/\/steuerportal.ch\/fr\/","logo":{"@type":"ImageObject","inLanguage":"fr-FR","@id":"https:\/\/steuerportal.ch\/fr\/#\/schema\/logo\/image\/","url":"https:\/\/steuerportal.ch\/wp-content\/uploads\/2021\/06\/cosmos_c-strich_h_positiv_bunt.svg","contentUrl":"https:\/\/steuerportal.ch\/wp-content\/uploads\/2021\/06\/cosmos_c-strich_h_positiv_bunt.svg","width":191,"height":44,"caption":"Steuerportal (Cosmos Verlag)"},"image":{"@id":"https:\/\/steuerportal.ch\/fr\/#\/schema\/logo\/image\/"}}]}},"_links":{"self":[{"href":"https:\/\/steuerportal.ch\/fr\/wp-json\/wp\/v2\/sht_proarticle\/27146","targetHints":{"allow":["GET"]}}],"collection":[{"href":"https:\/\/steuerportal.ch\/fr\/wp-json\/wp\/v2\/sht_proarticle"}],"about":[{"href":"https:\/\/steuerportal.ch\/fr\/wp-json\/wp\/v2\/types\/sht_proarticle"}],"author":[{"embeddable":true,"href":"https:\/\/steuerportal.ch\/fr\/wp-json\/wp\/v2\/users\/2371"}],"version-history":[{"count":5,"href":"https:\/\/steuerportal.ch\/fr\/wp-json\/wp\/v2\/sht_proarticle\/27146\/revisions"}],"predecessor-version":[{"id":27290,"href":"https:\/\/steuerportal.ch\/fr\/wp-json\/wp\/v2\/sht_proarticle\/27146\/revisions\/27290"}],"acf:user":[{"embeddable":true,"href":"https:\/\/steuerportal.ch\/fr\/wp-json\/wp\/v2\/users\/3113"}],"wp:attachment":[{"href":"https:\/\/steuerportal.ch\/fr\/wp-json\/wp\/v2\/media?parent=27146"}],"wp:term":[{"taxonomy":"sht_proarticle_category","embeddable":true,"href":"https:\/\/steuerportal.ch\/fr\/wp-json\/wp\/v2\/sht_proarticle_category?post=27146"},{"taxonomy":"sht_proarticle_tag","embeddable":true,"href":"https:\/\/steuerportal.ch\/fr\/wp-json\/wp\/v2\/sht_proarticle_tag?post=27146"}],"curies":[{"name":"wp","href":"https:\/\/api.w.org\/{rel}","templated":true}]}}