{"id":26241,"date":"2025-07-22T06:55:00","date_gmt":"2025-07-22T04:55:00","guid":{"rendered":"https:\/\/steuerportal.ch\/?post_type=sht_proarticle&#038;p=26241"},"modified":"2025-07-23T00:40:41","modified_gmt":"2025-07-22T22:40:41","slug":"rezension-bundesgesetz-ueber-die-mehrwertsteuer-loi-federale-regissant-la-taxe-sur-la-valeur-ajoutee","status":"publish","type":"sht_proarticle","link":"https:\/\/steuerportal.ch\/fr\/articles-specialises\/rezension-bundesgesetz-ueber-die-mehrwertsteuer-loi-federale-regissant-la-taxe-sur-la-valeur-ajoutee\/","title":{"rendered":"Rezension: Bundesgesetz \u00fcber die Mehrwertsteuer \/ Loi f\u00e9d\u00e9rale r\u00e9gissant la taxe sur la valeur ajout\u00e9e"},"content":{"rendered":"<div class=\"wp-block-media-text is-stacked-on-mobile\"><figure class=\"wp-block-media-text__media\"><img loading=\"lazy\" decoding=\"async\" width=\"678\" height=\"1024\" src=\"https:\/\/steuerportal.ch\/wp-content\/uploads\/2025\/07\/7190_4672_9_komm_bg_mwst-678x1024.jpg\" alt=\"\" class=\"wp-image-26242 size-full\" srcset=\"https:\/\/steuerportal.ch\/wp-content\/uploads\/2025\/07\/7190_4672_9_komm_bg_mwst-678x1024.jpg 678w, https:\/\/steuerportal.ch\/wp-content\/uploads\/2025\/07\/7190_4672_9_komm_bg_mwst-700x1058.jpg 700w, https:\/\/steuerportal.ch\/wp-content\/uploads\/2025\/07\/7190_4672_9_komm_bg_mwst-768x1161.jpg 768w, https:\/\/steuerportal.ch\/wp-content\/uploads\/2025\/07\/7190_4672_9_komm_bg_mwst-185x280.jpg 185w, https:\/\/steuerportal.ch\/wp-content\/uploads\/2025\/07\/7190_4672_9_komm_bg_mwst-628x949.jpg 628w, https:\/\/steuerportal.ch\/wp-content\/uploads\/2025\/07\/7190_4672_9_komm_bg_mwst-296x447.jpg 296w, https:\/\/steuerportal.ch\/wp-content\/uploads\/2025\/07\/7190_4672_9_komm_bg_mwst.jpg 800w\" sizes=\"auto, (max-width: 678px) 100vw, 678px\" \/><\/figure><div class=\"wp-block-media-text__content\">\n<p>Zweifel\/Beusch\/Glauser\/<br>Robinson (Hrsg.)<\/p>\n\n\n\n<p><strong>Bundesgesetz &uuml;ber die Mehrwertsteuer<br>Loi f&eacute;d&eacute;rale r&eacute;gissant la taxe sur la valeur ajout&eacute;e<\/strong><\/p>\n\n\n\n<p>2025, 2176 Seiten<br>CHF 478.&ndash;<br>Helbing Lichtenhahn Verlag, Basel<\/p>\n\n\n\n<p>Info und Bestellung:<br><a href=\"https:\/\/www.cosmosverlag.ch\/fachmedien\/produkt\/bundesgesetz-ueber-die-mehrwertsteuer-mwstg-loi-federale-regissant-la-taxe-sur-la-valeur-ajoutee-ltva-kommentar-zum-schweiz-steuerrecht\/\" target=\"_blank\" rel=\"noreferrer noopener\">www.cosmosverlag.ch<\/a><\/p>\n<\/div><\/div><p>Das Konzept des in der Reihe &laquo;Kommentar zum Schweizerischen Steuerrecht&raquo; nun in seiner 2.&nbsp;Auflage erschienenen Kommentars zum Bundesgesetz &uuml;ber die Mehrwertsteuer vom 12.&nbsp;Juni 2009 (MWSTG) h&auml;lt sich an den im Jahre&nbsp;2000 vom damaligen &laquo;Kompetenzzentrum MWST&raquo;<sup><a data-fnq id=\"fnq1\" href=\"#fn1\">1<\/a><\/sup>&nbsp;von&nbsp;EXPERTsuisse herausgegebenen und im gleichen Verlag erschienenen Kommentar zum am 1.&nbsp;Januar 2001 in Kraft getretenen Bundesgesetz &uuml;ber die Mehrwertsteuer vom 2.&nbsp;September 1999 (aMWSTG).<sup><a data-fnq id=\"fnq2\" href=\"#fn2\">2<\/a><\/sup>&nbsp;Aus der damaligen Redaktion sorgt&nbsp;Pierre-Marie Glauser&nbsp;als Mitherausgeber f&uuml;r Kontinuit&auml;t. In der Herausgeberschaft wird er bereits seit der 1.&nbsp;Auflage von&nbsp;Martin Zweifel&nbsp;und&nbsp;Michael Beusch, den beiden Herausgebern der Kommentarreihe zum Schweizerischen Steuerrecht, und von&nbsp;Philip Robinson&nbsp;erg&auml;nzt. Wie schon im Werk aus dem Jahre&nbsp;2000 und in der 1.&nbsp;Auflage des Kommentars (aus dem Jahre&nbsp;2015) zu dem am 1.&nbsp;Januar 2010 in Kraft getretenen Mehrwertsteuergesetz (MWSTG) wurde auch in der Neuauflage das Prinzip, dass die Autoren aus der ganzen Schweiz rekrutiert werden und ihre Beitr&auml;ge&nbsp;<em>wahlweise in deutscher oder in franz&ouml;sischer Sprache<\/em>&nbsp;verfassen k&ouml;nnen, beibehalten. Auf &Uuml;bersetzungen ist verzichtet worden,<sup><a data-fnq id=\"fnq3\" href=\"#fn3\">3<\/a><\/sup>&nbsp;wobei das Stichwortverzeichnis in einer deutschen wie in einer franz&ouml;sischen Fassung besteht und dabei s&auml;mtliche Beitr&auml;ge &ndash;&nbsp;unabh&auml;ngig von der Originalsprache&nbsp;&ndash; ber&uuml;cksichtigt werden. Die Texte in der Arbeitssprache der jeweiligen Autoren erlauben es dem Leser, den unverf&auml;lschten Gedankengang der Autoren nachverfolgen zu k&ouml;nnen, was insbesondere bei schwierigen Auslegungsfragen hilfreich sein kann.<\/p><p>Durch die weitergef&uuml;hrte Sprachenregelung war es m&ouml;glich, ausgewiesene Spezialisten aus der ganzen Schweiz f&uuml;r den Kommentar zu gewinnen. Im Werk aus dem Jahre&nbsp;2000 waren noch 64&nbsp;Autoren beteiligt, davon 56 aus der Beratung. In der ersten Auflage des Kommentars (2015) ist diese Zahl auf 39, davon 25 aus der Beratung, geschrumpft, um nun in der zweiten Auflage auf 46, davon 28 aus der Beratung, anzuwachsen. Von den 39&nbsp;Autoren der 1.&nbsp;Auflage sind 27 auch bei der 2.&nbsp;Auflage mit dabei. Dies gew&auml;hrleistet eine bemerkenswerte Kontinuit&auml;t. Die neuen Autoren sind indessen regelm&auml;ssig keine Neulinge, sondern in der Materie erfahrene Personen aus Beratung, Verwaltung oder Justiz. Wie schon in der 1.&nbsp;Auflage hat eine kleinere Gruppe von Autoren viele und auch zentrale Artikel kommentiert.<\/p><p>Die&nbsp;<em>Neuauflage<\/em>&nbsp;des Kommentars ist&nbsp;<em>sehnlichst erwartet worden<\/em>. Seit der 1.&nbsp;Auflage im Jahre&nbsp;2015 hat das&nbsp;MWSTG bereits zwei gr&ouml;ssere Revisionen (auf das Jahr&nbsp;2018 und das Jahr&nbsp;2025 hin), aber auch weitere &Auml;nderungen (auch durch die &Auml;nderungen anderer Erlasse) erfahren. Diese konnten in die 2.&nbsp;Auflage eingearbeitet werden, wobei einige wenige Praxisfestlegungen erst nach Redaktionsschluss definitiv ver&ouml;ffentlicht wurden. Die in Kraft getretenen &Auml;nderungen sind keineswegs marginal und lassen sich allzu oft nicht mit der konsistenten Logik, welche das&nbsp;MWSTG bei seiner Einf&uuml;hrung anstrebte, vereinbaren. Sie f&uuml;hren zu neuen Abgrenzungs-&nbsp;wie Auslegungsfragen. Insbesondere aufgrund des Inkrafttretens der neuesten Teilrevision auf den 1.&nbsp;Januar 2025 kommt die Neuauflage in zeitlicher Hinsicht richtig.<\/p><p>Mit der Neuauflage werden nicht nur die zwischenzeitlich eingetretenen Neuerungen (so namentlich Art.&nbsp;20a)<sup><a data-fnq id=\"fnq4\" href=\"#fn4\">4<\/a><\/sup>&nbsp;behandelt, sondern auch die inzwischen ergangenen Gerichtsurteile verarbeitet. Besonders hervorzuheben ist, dass wesentliche Bestimmungen, welche in der 1.&nbsp;Auflage wohl etwas zu kurz gekommen waren, nun merklich vertieft behandelt werden. Dies f&auml;llt namentlich beim Vorsteuerabzug auf.<sup><a data-fnq id=\"fnq5\" href=\"#fn5\">5<\/a><\/sup>&nbsp;Festzustellen ist eine Zunahme des Umfanges der Kommentierungen: Waren es in der 1.&nbsp;Auflage noch 1588&nbsp;Seiten, sind es nun 1926. Dies soll aber den Leser nicht abschrecken; der Kommentar bleibt trotz dieses Wachstums in seiner &auml;usseren Erscheinung und Handlichkeit praktisch identisch.<\/p><p>War die Qualit&auml;t der einzelnen Kommentierungen im Urwerk aus dem Jahre&nbsp;2000 noch auffallend heterogen, wurde diese bereits in der 1.&nbsp;Auflage verbessert. In der nun vorliegenden 2.&nbsp;Auflage gewinnt man den Eindruck, dass sie weiter gesteigert werden konnte. Betroffen davon sind auch die Kommentierungen von Artikeln, welche in der 2.&nbsp;Auflage in neue H&auml;nde gelegt wurden. Bei den Beitr&auml;gen von Autoren, welche ihre Kommentierungen weitergef&uuml;hrt haben, ist zudem viel in die Aktualisierung investiert worden. Die meisten Kommentierungen sind jeweils von einem Autor redigiert worden. Wo dies nicht der Fall ist, hat man sich auf eine gemeinsame Meinung geeinigt, wobei auch Ausnahmen davon zu sehen sind,<sup><a data-fnq id=\"fnq6\" href=\"#fn6\">6<\/a><\/sup>&nbsp;was aufzeigt, wie anspruchsvoll sich die Auslegung bestimmter Normen gestaltet. Ein solches Vorgehen ist auch f&uuml;r den Leser n&uuml;tzlich, um sich selbst eine Meinung bilden zu k&ouml;nnen, im Wissen, dass es unterschiedliche Meinungen gibt, und in Kenntnis der diesen zugrunde liegenden &Uuml;berlegungen. Auch ist klar, dass manche Autoren die Interpretationen von Gerichten oder der Verwaltung nicht nur darlegen, sondern auch kritisieren und eigene Wertungen vorbringen. Dies ist im Mehrwertsteuerrecht wieder eher anzutreffen. Die seit der Reform&nbsp;2010 vermehrt festzustellende Verkomplizierung des Mehrwertsteuerrechtes f&ouml;rdert dies. Auch deshalb ist der Nutzen des Kommentars f&uuml;r die praktische Anwendung gross.<\/p><p>Obschon der Kommentar zwei sehr lesenswerte Einleitungen aus der 1.&nbsp;Auflage weiterf&uuml;hrt, eine zur Entstehung der Mehrwertsteuer in der Schweiz<sup><a data-fnq id=\"fnq7\" href=\"#fn7\">7<\/a><\/sup>&nbsp;und eine zur Auslegung des&nbsp;MWSTG<sup><a data-fnq id=\"fnq8\" href=\"#fn8\">8<\/a><\/sup>, ist dieser weder als Lehrbuch noch als abschliessende Darstellung des Mehrwertsteuerrechtes gedacht und geeignet. Der Kommentar ist &ndash;&nbsp;wie seine Vorg&auml;nger&nbsp;&ndash; ein&nbsp;<em>unerl&auml;ssliches<\/em>&nbsp;<em>Arbeitsinstrument und eine Quelle von Referenzen und Anregungen f&uuml;r den erfahreneren Mehrwertsteueranwender<\/em>. In seiner umfassenden Art bestehen keine Alternativen zu diesem Kommentar. Wird etwas Zug&auml;nglicheres und Knappes gew&uuml;nscht, was den Einstieg in eine bestimmte Fragestellung erleichtern soll, sind eher andere Werke heranzuziehen. Soll jedoch ein Thema in seiner Tiefe untersucht werden, kommt man an diesem Kommentar nicht vorbei.<\/p><p><em>Ivo P.&nbsp;Baumgartner, Dr.&thinsp;oec.&thinsp;publ., dipl.&thinsp;Steuerexperte; Kellerhals Carrard, Z&uuml;rich; Vizedirektor ILE-HSG, Lehrbeauftragter an der Universit&auml;t St.&thinsp;Gallen<\/em><\/p><div class=\"wp-block-sht-footnotes b-footnotes\"><h2 class=\"wp-block-heading\" id=\"block-291ab72b-3c8b-43ce-a2cb-2ac044d10be6\">Fussnoten<\/h2>\n\n\n\n<p id=\"fn1\" class=\"b-footnote\">Heute &laquo;Fachgruppe indirekte Steuern&raquo;.<\/p>\n\n\n\n<p id=\"fn2\" class=\"b-footnote\">Kompetenzzentrum&nbsp;MWST der Treuhand-Kammer&nbsp;(Hrsg.), mwst.com, Kommentar zum Bundesgesetz &uuml;ber die Mehrwertsteuer, Basel\/Genf\/M&uuml;nchen&nbsp;2000. Rezension dazu s.&nbsp;FStR&nbsp;2001, 127&nbsp;f.<\/p>\n\n\n\n<p id=\"fn3\" class=\"b-footnote\">In der Onlineversion des Kommentars (legalis.ch) wird eine (wohl maschinelle) &Uuml;bersetzungsfunktion (f&uuml;r beide Sprachen) angeboten (dies f&uuml;r einzelne Abschnitte).<\/p>\n\n\n\n<p id=\"fn4\" class=\"b-footnote\">Zuordnung von Leistungen bei Lieferungen &uuml;ber Plattformen (Piere-Marie Glauser).<\/p>\n\n\n\n<p id=\"fn5\" class=\"b-footnote\">Art.&nbsp;28&nbsp;MWTSG (Benno Suter).<\/p>\n\n\n\n<p id=\"fn6\" class=\"b-footnote\">So Art.&nbsp;30 N&nbsp;38b&nbsp;ff. zur gemischten Verwendung (Diego Clavadetscher\/Ralf Imstepf).<\/p>\n\n\n\n<p id=\"fn7\" class=\"b-footnote\">&laquo;La gen&egrave;se de la&nbsp;TVA suisse&raquo; (Pascal Mollard).<\/p>\n\n\n\n<p id=\"fn8\" class=\"b-footnote\">&laquo;Auslegung&raquo; (Michael Beusch).<\/p>\n<\/div>\n","protected":false},"excerpt":{"rendered":"<p>Zweifel\/Beusch\/Glauser\/Robinson (Hrsg.): Bundesgesetz \u00fcber die Mehrwertsteuer \/ Loi f\u00e9d\u00e9rale r\u00e9gissant la taxe sur la valeur ajout\u00e9e. Rezension von Ivo P. Baumgartner<\/p>\n","protected":false},"author":2371,"featured_media":0,"template":"","meta":{"_acf_changed":false,"authors":[{"ID":3027,"display_name":"Ivo P. Baumgartner","first_name":"Ivo P.","last_name":"Baumgartner","description":"<p>Dr.\u2009oec.\u2009publ., dipl.\u2009Steuerexperte, Konsulent (Of Counsel), Kellerhals Carrard, Z\u00fcrich, Vizedirektor ILE-HSG, Lehrbeauftragter an der Universit\u00e4t St.\u2009Gallen<\/p>\n","image":"https:\/\/steuerportal.ch\/wp-content\/uploads\/2025\/08\/Ivo_Baumgartner_sw-220x220.jpg","organiser_data":[],"url":"https:\/\/steuerportal.ch\/fr\/autoren\/ivo-p-baumgartner\/"}],"related_sht_promodule":["<a href=\"https:\/\/steuerportal.ch\/fachmodule\/steuerrevue\/rezensionen\/\">Steuer Revue &#8594; Rezensionen<\/a>"],"pdf":"https:\/\/steuerportal.ch\/fr\/articles-specialises\/rezension-bundesgesetz-ueber-die-mehrwertsteuer-loi-federale-regissant-la-taxe-sur-la-valeur-ajoutee\/shtpdf\/","language":"de"},"sht_proarticle_category":[260],"sht_proarticle_tag":[],"class_list":["post-26241","sht_proarticle","type-sht_proarticle","status-publish","hentry","sht_proarticle_category-rezensionen"],"acf":{"authors":[3027]},"shp_steuerportal_must_use":{"translations":[{"id":26241,"link":"https:\/\/steuerportal.ch\/fr\/articles-specialises\/rezension-bundesgesetz-ueber-die-mehrwertsteuer-loi-federale-regissant-la-taxe-sur-la-valeur-ajoutee\/","title":{"rendered":"Rezension: Bundesgesetz \u00fcber die Mehrwertsteuer \/ Loi f\u00e9d\u00e9rale r\u00e9gissant la taxe sur la valeur ajout\u00e9e"},"language":"de"}]},"yoast_head":"<!-- This site is optimized with the Yoast SEO plugin v27.5 - https:\/\/yoast.com\/product\/yoast-seo-wordpress\/ -->\n<title>Rezension: Bundesgesetz \u00fcber die Mehrwertsteuer \/ Loi f\u00e9d\u00e9rale r\u00e9gissant la taxe sur la valeur ajout\u00e9e &#8226; steuerportal.ch<\/title>\n<meta name=\"robots\" content=\"index, follow, max-snippet:-1, max-image-preview:large, max-video-preview:-1\" \/>\n<link rel=\"canonical\" href=\"https:\/\/steuerportal.ch\/fr\/articles-specialises\/rezension-bundesgesetz-ueber-die-mehrwertsteuer-loi-federale-regissant-la-taxe-sur-la-valeur-ajoutee\/\" \/>\n<meta property=\"og:locale\" content=\"fr_FR\" \/>\n<meta property=\"og:type\" content=\"article\" \/>\n<meta property=\"og:title\" content=\"Rezension: Bundesgesetz \u00fcber die Mehrwertsteuer \/ Loi f\u00e9d\u00e9rale r\u00e9gissant la taxe sur la valeur ajout\u00e9e &#8226; steuerportal.ch\" \/>\n<meta property=\"og:description\" content=\"Zweifel\/Beusch\/Glauser\/Robinson (Hrsg.): Bundesgesetz \u00fcber die Mehrwertsteuer \/ Loi f\u00e9d\u00e9rale r\u00e9gissant la taxe sur la valeur ajout\u00e9e. Rezension von Ivo P. Baumgartner\" \/>\n<meta property=\"og:url\" content=\"https:\/\/steuerportal.ch\/fr\/articles-specialises\/rezension-bundesgesetz-ueber-die-mehrwertsteuer-loi-federale-regissant-la-taxe-sur-la-valeur-ajoutee\/\" \/>\n<meta property=\"og:site_name\" content=\"steuerportal.ch\" \/>\n<meta property=\"article:modified_time\" content=\"2025-07-22T22:40:41+00:00\" \/>\n<meta property=\"og:image\" content=\"https:\/\/steuerportal.ch\/wp-content\/uploads\/2025\/07\/7190_4672_9_komm_bg_mwst.jpg\" \/>\n\t<meta property=\"og:image:width\" content=\"800\" \/>\n\t<meta property=\"og:image:height\" content=\"1209\" \/>\n\t<meta property=\"og:image:type\" content=\"image\/jpeg\" \/>\n<meta name=\"twitter:card\" content=\"summary_large_image\" \/>\n<meta name=\"twitter:label1\" content=\"Dur\u00e9e de lecture estim\u00e9e\" \/>\n\t<meta name=\"twitter:data1\" content=\"6 minutes\" \/>\n<script type=\"application\/ld+json\" class=\"yoast-schema-graph\">{\"@context\":\"https:\\\/\\\/schema.org\",\"@graph\":[{\"@type\":\"WebPage\",\"@id\":\"https:\\\/\\\/steuerportal.ch\\\/fr\\\/articles-specialises\\\/rezension-bundesgesetz-ueber-die-mehrwertsteuer-loi-federale-regissant-la-taxe-sur-la-valeur-ajoutee\\\/\",\"url\":\"https:\\\/\\\/steuerportal.ch\\\/fr\\\/articles-specialises\\\/rezension-bundesgesetz-ueber-die-mehrwertsteuer-loi-federale-regissant-la-taxe-sur-la-valeur-ajoutee\\\/\",\"name\":\"Rezension: Bundesgesetz \u00fcber die Mehrwertsteuer \\\/ Loi f\u00e9d\u00e9rale r\u00e9gissant la taxe sur la valeur ajout\u00e9e &#8226; steuerportal.ch\",\"isPartOf\":{\"@id\":\"https:\\\/\\\/steuerportal.ch\\\/fr\\\/#website\"},\"primaryImageOfPage\":{\"@id\":\"https:\\\/\\\/steuerportal.ch\\\/fr\\\/articles-specialises\\\/rezension-bundesgesetz-ueber-die-mehrwertsteuer-loi-federale-regissant-la-taxe-sur-la-valeur-ajoutee\\\/#primaryimage\"},\"image\":{\"@id\":\"https:\\\/\\\/steuerportal.ch\\\/fr\\\/articles-specialises\\\/rezension-bundesgesetz-ueber-die-mehrwertsteuer-loi-federale-regissant-la-taxe-sur-la-valeur-ajoutee\\\/#primaryimage\"},\"thumbnailUrl\":\"https:\\\/\\\/steuerportal.ch\\\/wp-content\\\/uploads\\\/2025\\\/07\\\/7190_4672_9_komm_bg_mwst-678x1024.jpg\",\"datePublished\":\"2025-07-22T04:55:00+00:00\",\"dateModified\":\"2025-07-22T22:40:41+00:00\",\"breadcrumb\":{\"@id\":\"https:\\\/\\\/steuerportal.ch\\\/fr\\\/articles-specialises\\\/rezension-bundesgesetz-ueber-die-mehrwertsteuer-loi-federale-regissant-la-taxe-sur-la-valeur-ajoutee\\\/#breadcrumb\"},\"inLanguage\":\"fr-FR\",\"potentialAction\":[{\"@type\":\"ReadAction\",\"target\":[\"https:\\\/\\\/steuerportal.ch\\\/fr\\\/articles-specialises\\\/rezension-bundesgesetz-ueber-die-mehrwertsteuer-loi-federale-regissant-la-taxe-sur-la-valeur-ajoutee\\\/\"]}]},{\"@type\":\"ImageObject\",\"inLanguage\":\"fr-FR\",\"@id\":\"https:\\\/\\\/steuerportal.ch\\\/fr\\\/articles-specialises\\\/rezension-bundesgesetz-ueber-die-mehrwertsteuer-loi-federale-regissant-la-taxe-sur-la-valeur-ajoutee\\\/#primaryimage\",\"url\":\"https:\\\/\\\/steuerportal.ch\\\/wp-content\\\/uploads\\\/2025\\\/07\\\/7190_4672_9_komm_bg_mwst-678x1024.jpg\",\"contentUrl\":\"https:\\\/\\\/steuerportal.ch\\\/wp-content\\\/uploads\\\/2025\\\/07\\\/7190_4672_9_komm_bg_mwst-678x1024.jpg\"},{\"@type\":\"BreadcrumbList\",\"@id\":\"https:\\\/\\\/steuerportal.ch\\\/fr\\\/articles-specialises\\\/rezension-bundesgesetz-ueber-die-mehrwertsteuer-loi-federale-regissant-la-taxe-sur-la-valeur-ajoutee\\\/#breadcrumb\",\"itemListElement\":[{\"@type\":\"ListItem\",\"position\":1,\"name\":\"Page d'accueil\",\"item\":\"https:\\\/\\\/steuerportal.ch\\\/fr\\\/\"},{\"@type\":\"ListItem\",\"position\":2,\"name\":\"Fachartikel\",\"item\":\"https:\\\/\\\/steuerportal.ch\\\/fr\\\/articles-specialises\\\/\"},{\"@type\":\"ListItem\",\"position\":3,\"name\":\"Rezension: Bundesgesetz \u00fcber die Mehrwertsteuer \\\/ Loi f\u00e9d\u00e9rale r\u00e9gissant la taxe sur la valeur ajout\u00e9e\"}]},{\"@type\":\"WebSite\",\"@id\":\"https:\\\/\\\/steuerportal.ch\\\/fr\\\/#website\",\"url\":\"https:\\\/\\\/steuerportal.ch\\\/fr\\\/\",\"name\":\"steuerportal.ch\",\"description\":\"Le portail suisse sp\u00e9cialis\u00e9 dans le domaine des imp\u00f4ts\",\"publisher\":{\"@id\":\"https:\\\/\\\/steuerportal.ch\\\/fr\\\/#organization\"},\"potentialAction\":[{\"@type\":\"SearchAction\",\"target\":{\"@type\":\"EntryPoint\",\"urlTemplate\":\"https:\\\/\\\/steuerportal.ch\\\/fr\\\/?s={search_term_string}\"},\"query-input\":{\"@type\":\"PropertyValueSpecification\",\"valueRequired\":true,\"valueName\":\"search_term_string\"}}],\"inLanguage\":\"fr-FR\"},{\"@type\":\"Organization\",\"@id\":\"https:\\\/\\\/steuerportal.ch\\\/fr\\\/#organization\",\"name\":\"Steuerportal (Cosmos Verlag)\",\"url\":\"https:\\\/\\\/steuerportal.ch\\\/fr\\\/\",\"logo\":{\"@type\":\"ImageObject\",\"inLanguage\":\"fr-FR\",\"@id\":\"https:\\\/\\\/steuerportal.ch\\\/fr\\\/#\\\/schema\\\/logo\\\/image\\\/\",\"url\":\"https:\\\/\\\/steuerportal.ch\\\/wp-content\\\/uploads\\\/2021\\\/06\\\/cosmos_c-strich_h_positiv_bunt.svg\",\"contentUrl\":\"https:\\\/\\\/steuerportal.ch\\\/wp-content\\\/uploads\\\/2021\\\/06\\\/cosmos_c-strich_h_positiv_bunt.svg\",\"width\":191,\"height\":44,\"caption\":\"Steuerportal (Cosmos Verlag)\"},\"image\":{\"@id\":\"https:\\\/\\\/steuerportal.ch\\\/fr\\\/#\\\/schema\\\/logo\\\/image\\\/\"}}]}<\/script>\n<!-- \/ Yoast SEO plugin. -->","yoast_head_json":{"title":"Rezension: Bundesgesetz \u00fcber die Mehrwertsteuer \/ Loi f\u00e9d\u00e9rale r\u00e9gissant la taxe sur la valeur ajout\u00e9e &#8226; steuerportal.ch","robots":{"index":"index","follow":"follow","max-snippet":"max-snippet:-1","max-image-preview":"max-image-preview:large","max-video-preview":"max-video-preview:-1"},"canonical":"https:\/\/steuerportal.ch\/fr\/articles-specialises\/rezension-bundesgesetz-ueber-die-mehrwertsteuer-loi-federale-regissant-la-taxe-sur-la-valeur-ajoutee\/","og_locale":"fr_FR","og_type":"article","og_title":"Rezension: Bundesgesetz \u00fcber die Mehrwertsteuer \/ Loi f\u00e9d\u00e9rale r\u00e9gissant la taxe sur la valeur ajout\u00e9e &#8226; steuerportal.ch","og_description":"Zweifel\/Beusch\/Glauser\/Robinson (Hrsg.): Bundesgesetz \u00fcber die Mehrwertsteuer \/ Loi f\u00e9d\u00e9rale r\u00e9gissant la taxe sur la valeur ajout\u00e9e. Rezension von Ivo P. Baumgartner","og_url":"https:\/\/steuerportal.ch\/fr\/articles-specialises\/rezension-bundesgesetz-ueber-die-mehrwertsteuer-loi-federale-regissant-la-taxe-sur-la-valeur-ajoutee\/","og_site_name":"steuerportal.ch","article_modified_time":"2025-07-22T22:40:41+00:00","og_image":[{"width":800,"height":1209,"url":"https:\/\/steuerportal.ch\/wp-content\/uploads\/2025\/07\/7190_4672_9_komm_bg_mwst.jpg","type":"image\/jpeg"}],"twitter_card":"summary_large_image","twitter_misc":{"Dur\u00e9e de lecture estim\u00e9e":"6 minutes"},"schema":{"@context":"https:\/\/schema.org","@graph":[{"@type":"WebPage","@id":"https:\/\/steuerportal.ch\/fr\/articles-specialises\/rezension-bundesgesetz-ueber-die-mehrwertsteuer-loi-federale-regissant-la-taxe-sur-la-valeur-ajoutee\/","url":"https:\/\/steuerportal.ch\/fr\/articles-specialises\/rezension-bundesgesetz-ueber-die-mehrwertsteuer-loi-federale-regissant-la-taxe-sur-la-valeur-ajoutee\/","name":"Rezension: Bundesgesetz \u00fcber die Mehrwertsteuer \/ Loi f\u00e9d\u00e9rale r\u00e9gissant la taxe sur la valeur ajout\u00e9e &#8226; steuerportal.ch","isPartOf":{"@id":"https:\/\/steuerportal.ch\/fr\/#website"},"primaryImageOfPage":{"@id":"https:\/\/steuerportal.ch\/fr\/articles-specialises\/rezension-bundesgesetz-ueber-die-mehrwertsteuer-loi-federale-regissant-la-taxe-sur-la-valeur-ajoutee\/#primaryimage"},"image":{"@id":"https:\/\/steuerportal.ch\/fr\/articles-specialises\/rezension-bundesgesetz-ueber-die-mehrwertsteuer-loi-federale-regissant-la-taxe-sur-la-valeur-ajoutee\/#primaryimage"},"thumbnailUrl":"https:\/\/steuerportal.ch\/wp-content\/uploads\/2025\/07\/7190_4672_9_komm_bg_mwst-678x1024.jpg","datePublished":"2025-07-22T04:55:00+00:00","dateModified":"2025-07-22T22:40:41+00:00","breadcrumb":{"@id":"https:\/\/steuerportal.ch\/fr\/articles-specialises\/rezension-bundesgesetz-ueber-die-mehrwertsteuer-loi-federale-regissant-la-taxe-sur-la-valeur-ajoutee\/#breadcrumb"},"inLanguage":"fr-FR","potentialAction":[{"@type":"ReadAction","target":["https:\/\/steuerportal.ch\/fr\/articles-specialises\/rezension-bundesgesetz-ueber-die-mehrwertsteuer-loi-federale-regissant-la-taxe-sur-la-valeur-ajoutee\/"]}]},{"@type":"ImageObject","inLanguage":"fr-FR","@id":"https:\/\/steuerportal.ch\/fr\/articles-specialises\/rezension-bundesgesetz-ueber-die-mehrwertsteuer-loi-federale-regissant-la-taxe-sur-la-valeur-ajoutee\/#primaryimage","url":"https:\/\/steuerportal.ch\/wp-content\/uploads\/2025\/07\/7190_4672_9_komm_bg_mwst-678x1024.jpg","contentUrl":"https:\/\/steuerportal.ch\/wp-content\/uploads\/2025\/07\/7190_4672_9_komm_bg_mwst-678x1024.jpg"},{"@type":"BreadcrumbList","@id":"https:\/\/steuerportal.ch\/fr\/articles-specialises\/rezension-bundesgesetz-ueber-die-mehrwertsteuer-loi-federale-regissant-la-taxe-sur-la-valeur-ajoutee\/#breadcrumb","itemListElement":[{"@type":"ListItem","position":1,"name":"Page d'accueil","item":"https:\/\/steuerportal.ch\/fr\/"},{"@type":"ListItem","position":2,"name":"Fachartikel","item":"https:\/\/steuerportal.ch\/fr\/articles-specialises\/"},{"@type":"ListItem","position":3,"name":"Rezension: Bundesgesetz \u00fcber die Mehrwertsteuer \/ Loi f\u00e9d\u00e9rale r\u00e9gissant la taxe sur la valeur ajout\u00e9e"}]},{"@type":"WebSite","@id":"https:\/\/steuerportal.ch\/fr\/#website","url":"https:\/\/steuerportal.ch\/fr\/","name":"steuerportal.ch","description":"Le portail suisse sp\u00e9cialis\u00e9 dans le domaine des imp\u00f4ts","publisher":{"@id":"https:\/\/steuerportal.ch\/fr\/#organization"},"potentialAction":[{"@type":"SearchAction","target":{"@type":"EntryPoint","urlTemplate":"https:\/\/steuerportal.ch\/fr\/?s={search_term_string}"},"query-input":{"@type":"PropertyValueSpecification","valueRequired":true,"valueName":"search_term_string"}}],"inLanguage":"fr-FR"},{"@type":"Organization","@id":"https:\/\/steuerportal.ch\/fr\/#organization","name":"Steuerportal (Cosmos Verlag)","url":"https:\/\/steuerportal.ch\/fr\/","logo":{"@type":"ImageObject","inLanguage":"fr-FR","@id":"https:\/\/steuerportal.ch\/fr\/#\/schema\/logo\/image\/","url":"https:\/\/steuerportal.ch\/wp-content\/uploads\/2021\/06\/cosmos_c-strich_h_positiv_bunt.svg","contentUrl":"https:\/\/steuerportal.ch\/wp-content\/uploads\/2021\/06\/cosmos_c-strich_h_positiv_bunt.svg","width":191,"height":44,"caption":"Steuerportal (Cosmos Verlag)"},"image":{"@id":"https:\/\/steuerportal.ch\/fr\/#\/schema\/logo\/image\/"}}]}},"_links":{"self":[{"href":"https:\/\/steuerportal.ch\/fr\/wp-json\/wp\/v2\/sht_proarticle\/26241","targetHints":{"allow":["GET"]}}],"collection":[{"href":"https:\/\/steuerportal.ch\/fr\/wp-json\/wp\/v2\/sht_proarticle"}],"about":[{"href":"https:\/\/steuerportal.ch\/fr\/wp-json\/wp\/v2\/types\/sht_proarticle"}],"author":[{"embeddable":true,"href":"https:\/\/steuerportal.ch\/fr\/wp-json\/wp\/v2\/users\/2371"}],"version-history":[{"count":3,"href":"https:\/\/steuerportal.ch\/fr\/wp-json\/wp\/v2\/sht_proarticle\/26241\/revisions"}],"predecessor-version":[{"id":27145,"href":"https:\/\/steuerportal.ch\/fr\/wp-json\/wp\/v2\/sht_proarticle\/26241\/revisions\/27145"}],"acf:user":[{"embeddable":true,"href":"https:\/\/steuerportal.ch\/fr\/wp-json\/wp\/v2\/users\/3027"}],"wp:attachment":[{"href":"https:\/\/steuerportal.ch\/fr\/wp-json\/wp\/v2\/media?parent=26241"}],"wp:term":[{"taxonomy":"sht_proarticle_category","embeddable":true,"href":"https:\/\/steuerportal.ch\/fr\/wp-json\/wp\/v2\/sht_proarticle_category?post=26241"},{"taxonomy":"sht_proarticle_tag","embeddable":true,"href":"https:\/\/steuerportal.ch\/fr\/wp-json\/wp\/v2\/sht_proarticle_tag?post=26241"}],"curies":[{"name":"wp","href":"https:\/\/api.w.org\/{rel}","templated":true}]}}