{"id":26219,"date":"2025-07-22T06:59:00","date_gmt":"2025-07-22T04:59:00","guid":{"rendered":"https:\/\/steuerportal.ch\/?post_type=sht_proarticle&#038;p=26219"},"modified":"2025-08-06T22:49:47","modified_gmt":"2025-08-06T20:49:47","slug":"de-la-valeur-locative-a-limpot-sur-lobjet","status":"publish","type":"sht_proarticle","link":"https:\/\/steuerportal.ch\/fr\/articles-specialises\/de-la-valeur-locative-a-limpot-sur-lobjet\/","title":{"rendered":"De la valeur locative \u00e0 l\u2019imp\u00f4t sur l\u2019objet?"},"content":{"rendered":"","protected":true},"excerpt":{"rendered":"<p>La suppression de l\u2019imposition de la valeur locative n\u2019interviendra que l\u2019art. 127, al. 2bis, P-Cst., est accept\u00e9 par le peuple et les cantons. Cette disposition accorderait aux cantons le droit de pr\u00e9lever un imp\u00f4t sp\u00e9cial sur les r\u00e9sidences secondaires occup\u00e9es en majeure partie par leur propri\u00e9taire. Hess pr\u00e9sente et analyse les principaux changements et les questions en suspens li\u00e9s \u00e0 la suppression de l&rsquo;imposition de la valeur locative.<\/p>\n","protected":false},"author":2371,"featured_media":0,"template":"","meta":{"_acf_changed":false,"authors":[{"ID":2133,"display_name":"Toni Hess","first_name":"Toni","last_name":"Hess","description":"<p>Dr.\u2009iur., Leiter Rechtsdienst und Stellvertreter des Vorstehers der Kantonalen Steuerverwaltung Graub\u00fcnden, Chur<\/p>\n","image":"https:\/\/steuerportal.ch\/wp-content\/uploads\/2024\/08\/toni_hess-220x220.jpg","organiser_data":[],"url":"https:\/\/steuerportal.ch\/fr\/autoren\/toni-hess\/"}],"related_sht_promodule":["<a href=\"https:\/\/steuerportal.ch\/fr\/modules-specialises\/revue-fiscale\/articles-de-fond\/\">Revue fiscale &#8594; Articles de fond<\/a>"],"pdf":"https:\/\/steuerportal.ch\/fr\/articles-specialises\/de-la-valeur-locative-a-limpot-sur-lobjet\/shtpdf\/","language":"fr"},"sht_proarticle_category":[266],"sht_proarticle_tag":[],"class_list":["post-26219","sht_proarticle","type-sht_proarticle","status-publish","hentry","sht_proarticle_category-articles-de-fond"],"acf":{"authors":[2133]},"shp_steuerportal_must_use":{"translations":[{"id":26215,"link":"https:\/\/steuerportal.ch\/articles-specialises\/vom-eigenmietwert-zur-objektsteuer\/","title":{"rendered":"Vom Eigenmietwert zur Objektsteuer?"},"language":"de"},{"id":26219,"link":"https:\/\/steuerportal.ch\/fr\/articles-specialises\/de-la-valeur-locative-a-limpot-sur-lobjet\/","title":{"rendered":"De la valeur locative \u00e0 l\u2019imp\u00f4t sur l\u2019objet?"},"language":"fr"}]},"yoast_head":"<!-- This site is optimized with the Yoast SEO plugin v27.5 - https:\/\/yoast.com\/product\/yoast-seo-wordpress\/ -->\n<title>De la valeur locative \u00e0 l\u2019imp\u00f4t sur l\u2019objet? &#8226; steuerportal.ch<\/title>\n<meta name=\"robots\" content=\"index, follow, max-snippet:-1, max-image-preview:large, max-video-preview:-1\" \/>\n<link rel=\"canonical\" href=\"https:\/\/steuerportal.ch\/fr\/articles-specialises\/de-la-valeur-locative-a-limpot-sur-lobjet\/\" \/>\n<meta property=\"og:locale\" content=\"fr_FR\" \/>\n<meta property=\"og:type\" content=\"article\" \/>\n<meta property=\"og:title\" content=\"De la valeur locative \u00e0 l\u2019imp\u00f4t sur l\u2019objet? &#8226; steuerportal.ch\" \/>\n<meta property=\"og:description\" content=\"La suppression de l\u2019imposition de la valeur locative n\u2019interviendra que l\u2019art. 127, al. 2bis, P-Cst., est accept\u00e9 par le peuple et les cantons. Cette disposition accorderait aux cantons le droit de pr\u00e9lever un imp\u00f4t sp\u00e9cial sur les r\u00e9sidences secondaires occup\u00e9es en majeure partie par leur propri\u00e9taire. Hess pr\u00e9sente et analyse les principaux changements et les questions en suspens li\u00e9s \u00e0 la suppression de l&#039;imposition de la valeur locative.\" \/>\n<meta property=\"og:url\" content=\"https:\/\/steuerportal.ch\/fr\/articles-specialises\/de-la-valeur-locative-a-limpot-sur-lobjet\/\" \/>\n<meta property=\"og:site_name\" content=\"steuerportal.ch\" \/>\n<meta property=\"article:modified_time\" content=\"2025-08-06T20:49:47+00:00\" \/>\n<meta name=\"twitter:card\" content=\"summary_large_image\" \/>\n<meta name=\"twitter:label1\" content=\"Dur\u00e9e de lecture estim\u00e9e\" \/>\n\t<meta name=\"twitter:data1\" content=\"62 minutes\" \/>\n<script type=\"application\/ld+json\" class=\"yoast-schema-graph\">{\"@context\":\"https:\\\/\\\/schema.org\",\"@graph\":[{\"@type\":\"WebPage\",\"@id\":\"https:\\\/\\\/steuerportal.ch\\\/fr\\\/articles-specialises\\\/de-la-valeur-locative-a-limpot-sur-lobjet\\\/\",\"url\":\"https:\\\/\\\/steuerportal.ch\\\/fr\\\/articles-specialises\\\/de-la-valeur-locative-a-limpot-sur-lobjet\\\/\",\"name\":\"De la valeur locative \u00e0 l\u2019imp\u00f4t sur l\u2019objet? &#8226; steuerportal.ch\",\"isPartOf\":{\"@id\":\"https:\\\/\\\/steuerportal.ch\\\/fr\\\/#website\"},\"datePublished\":\"2025-07-22T04:59:00+00:00\",\"dateModified\":\"2025-08-06T20:49:47+00:00\",\"breadcrumb\":{\"@id\":\"https:\\\/\\\/steuerportal.ch\\\/fr\\\/articles-specialises\\\/de-la-valeur-locative-a-limpot-sur-lobjet\\\/#breadcrumb\"},\"inLanguage\":\"fr-FR\",\"potentialAction\":[{\"@type\":\"ReadAction\",\"target\":[\"https:\\\/\\\/steuerportal.ch\\\/fr\\\/articles-specialises\\\/de-la-valeur-locative-a-limpot-sur-lobjet\\\/\"]}]},{\"@type\":\"BreadcrumbList\",\"@id\":\"https:\\\/\\\/steuerportal.ch\\\/fr\\\/articles-specialises\\\/de-la-valeur-locative-a-limpot-sur-lobjet\\\/#breadcrumb\",\"itemListElement\":[{\"@type\":\"ListItem\",\"position\":1,\"name\":\"Page d'accueil\",\"item\":\"https:\\\/\\\/steuerportal.ch\\\/fr\\\/\"},{\"@type\":\"ListItem\",\"position\":2,\"name\":\"Fachartikel\",\"item\":\"https:\\\/\\\/steuerportal.ch\\\/fr\\\/articles-specialises\\\/\"},{\"@type\":\"ListItem\",\"position\":3,\"name\":\"De la valeur locative \u00e0 l\u2019imp\u00f4t sur l\u2019objet?\"}]},{\"@type\":\"WebSite\",\"@id\":\"https:\\\/\\\/steuerportal.ch\\\/fr\\\/#website\",\"url\":\"https:\\\/\\\/steuerportal.ch\\\/fr\\\/\",\"name\":\"steuerportal.ch\",\"description\":\"Le portail suisse sp\u00e9cialis\u00e9 dans le domaine des imp\u00f4ts\",\"publisher\":{\"@id\":\"https:\\\/\\\/steuerportal.ch\\\/fr\\\/#organization\"},\"potentialAction\":[{\"@type\":\"SearchAction\",\"target\":{\"@type\":\"EntryPoint\",\"urlTemplate\":\"https:\\\/\\\/steuerportal.ch\\\/fr\\\/?s={search_term_string}\"},\"query-input\":{\"@type\":\"PropertyValueSpecification\",\"valueRequired\":true,\"valueName\":\"search_term_string\"}}],\"inLanguage\":\"fr-FR\"},{\"@type\":\"Organization\",\"@id\":\"https:\\\/\\\/steuerportal.ch\\\/fr\\\/#organization\",\"name\":\"Steuerportal (Cosmos Verlag)\",\"url\":\"https:\\\/\\\/steuerportal.ch\\\/fr\\\/\",\"logo\":{\"@type\":\"ImageObject\",\"inLanguage\":\"fr-FR\",\"@id\":\"https:\\\/\\\/steuerportal.ch\\\/fr\\\/#\\\/schema\\\/logo\\\/image\\\/\",\"url\":\"https:\\\/\\\/steuerportal.ch\\\/wp-content\\\/uploads\\\/2021\\\/06\\\/cosmos_c-strich_h_positiv_bunt.svg\",\"contentUrl\":\"https:\\\/\\\/steuerportal.ch\\\/wp-content\\\/uploads\\\/2021\\\/06\\\/cosmos_c-strich_h_positiv_bunt.svg\",\"width\":191,\"height\":44,\"caption\":\"Steuerportal (Cosmos Verlag)\"},\"image\":{\"@id\":\"https:\\\/\\\/steuerportal.ch\\\/fr\\\/#\\\/schema\\\/logo\\\/image\\\/\"}}]}<\/script>\n<!-- \/ Yoast SEO plugin. -->","yoast_head_json":{"title":"De la valeur locative \u00e0 l\u2019imp\u00f4t sur l\u2019objet? &#8226; steuerportal.ch","robots":{"index":"index","follow":"follow","max-snippet":"max-snippet:-1","max-image-preview":"max-image-preview:large","max-video-preview":"max-video-preview:-1"},"canonical":"https:\/\/steuerportal.ch\/fr\/articles-specialises\/de-la-valeur-locative-a-limpot-sur-lobjet\/","og_locale":"fr_FR","og_type":"article","og_title":"De la valeur locative \u00e0 l\u2019imp\u00f4t sur l\u2019objet? &#8226; steuerportal.ch","og_description":"La suppression de l\u2019imposition de la valeur locative n\u2019interviendra que l\u2019art. 127, al. 2bis, P-Cst., est accept\u00e9 par le peuple et les cantons. Cette disposition accorderait aux cantons le droit de pr\u00e9lever un imp\u00f4t sp\u00e9cial sur les r\u00e9sidences secondaires occup\u00e9es en majeure partie par leur propri\u00e9taire. Hess pr\u00e9sente et analyse les principaux changements et les questions en suspens li\u00e9s \u00e0 la suppression de l'imposition de la valeur locative.","og_url":"https:\/\/steuerportal.ch\/fr\/articles-specialises\/de-la-valeur-locative-a-limpot-sur-lobjet\/","og_site_name":"steuerportal.ch","article_modified_time":"2025-08-06T20:49:47+00:00","twitter_card":"summary_large_image","twitter_misc":{"Dur\u00e9e de lecture estim\u00e9e":"62 minutes"},"schema":{"@context":"https:\/\/schema.org","@graph":[{"@type":"WebPage","@id":"https:\/\/steuerportal.ch\/fr\/articles-specialises\/de-la-valeur-locative-a-limpot-sur-lobjet\/","url":"https:\/\/steuerportal.ch\/fr\/articles-specialises\/de-la-valeur-locative-a-limpot-sur-lobjet\/","name":"De la valeur locative \u00e0 l\u2019imp\u00f4t sur l\u2019objet? &#8226; steuerportal.ch","isPartOf":{"@id":"https:\/\/steuerportal.ch\/fr\/#website"},"datePublished":"2025-07-22T04:59:00+00:00","dateModified":"2025-08-06T20:49:47+00:00","breadcrumb":{"@id":"https:\/\/steuerportal.ch\/fr\/articles-specialises\/de-la-valeur-locative-a-limpot-sur-lobjet\/#breadcrumb"},"inLanguage":"fr-FR","potentialAction":[{"@type":"ReadAction","target":["https:\/\/steuerportal.ch\/fr\/articles-specialises\/de-la-valeur-locative-a-limpot-sur-lobjet\/"]}]},{"@type":"BreadcrumbList","@id":"https:\/\/steuerportal.ch\/fr\/articles-specialises\/de-la-valeur-locative-a-limpot-sur-lobjet\/#breadcrumb","itemListElement":[{"@type":"ListItem","position":1,"name":"Page d'accueil","item":"https:\/\/steuerportal.ch\/fr\/"},{"@type":"ListItem","position":2,"name":"Fachartikel","item":"https:\/\/steuerportal.ch\/fr\/articles-specialises\/"},{"@type":"ListItem","position":3,"name":"De la valeur locative \u00e0 l\u2019imp\u00f4t sur l\u2019objet?"}]},{"@type":"WebSite","@id":"https:\/\/steuerportal.ch\/fr\/#website","url":"https:\/\/steuerportal.ch\/fr\/","name":"steuerportal.ch","description":"Le portail suisse sp\u00e9cialis\u00e9 dans le domaine des imp\u00f4ts","publisher":{"@id":"https:\/\/steuerportal.ch\/fr\/#organization"},"potentialAction":[{"@type":"SearchAction","target":{"@type":"EntryPoint","urlTemplate":"https:\/\/steuerportal.ch\/fr\/?s={search_term_string}"},"query-input":{"@type":"PropertyValueSpecification","valueRequired":true,"valueName":"search_term_string"}}],"inLanguage":"fr-FR"},{"@type":"Organization","@id":"https:\/\/steuerportal.ch\/fr\/#organization","name":"Steuerportal (Cosmos Verlag)","url":"https:\/\/steuerportal.ch\/fr\/","logo":{"@type":"ImageObject","inLanguage":"fr-FR","@id":"https:\/\/steuerportal.ch\/fr\/#\/schema\/logo\/image\/","url":"https:\/\/steuerportal.ch\/wp-content\/uploads\/2021\/06\/cosmos_c-strich_h_positiv_bunt.svg","contentUrl":"https:\/\/steuerportal.ch\/wp-content\/uploads\/2021\/06\/cosmos_c-strich_h_positiv_bunt.svg","width":191,"height":44,"caption":"Steuerportal (Cosmos Verlag)"},"image":{"@id":"https:\/\/steuerportal.ch\/fr\/#\/schema\/logo\/image\/"}}]}},"_links":{"self":[{"href":"https:\/\/steuerportal.ch\/fr\/wp-json\/wp\/v2\/sht_proarticle\/26219","targetHints":{"allow":["GET"]}}],"collection":[{"href":"https:\/\/steuerportal.ch\/fr\/wp-json\/wp\/v2\/sht_proarticle"}],"about":[{"href":"https:\/\/steuerportal.ch\/fr\/wp-json\/wp\/v2\/types\/sht_proarticle"}],"author":[{"embeddable":true,"href":"https:\/\/steuerportal.ch\/fr\/wp-json\/wp\/v2\/users\/2371"}],"version-history":[{"count":12,"href":"https:\/\/steuerportal.ch\/fr\/wp-json\/wp\/v2\/sht_proarticle\/26219\/revisions"}],"predecessor-version":[{"id":26509,"href":"https:\/\/steuerportal.ch\/fr\/wp-json\/wp\/v2\/sht_proarticle\/26219\/revisions\/26509"}],"acf:user":[{"embeddable":true,"href":"https:\/\/steuerportal.ch\/fr\/wp-json\/wp\/v2\/users\/2133"}],"wp:attachment":[{"href":"https:\/\/steuerportal.ch\/fr\/wp-json\/wp\/v2\/media?parent=26219"}],"wp:term":[{"taxonomy":"sht_proarticle_category","embeddable":true,"href":"https:\/\/steuerportal.ch\/fr\/wp-json\/wp\/v2\/sht_proarticle_category?post=26219"},{"taxonomy":"sht_proarticle_tag","embeddable":true,"href":"https:\/\/steuerportal.ch\/fr\/wp-json\/wp\/v2\/sht_proarticle_tag?post=26219"}],"curies":[{"name":"wp","href":"https:\/\/api.w.org\/{rel}","templated":true}]}}