{"id":25980,"date":"2025-06-01T05:59:00","date_gmt":"2025-06-01T03:59:00","guid":{"rendered":"https:\/\/steuerportal.ch\/?post_type=sht_proarticle&#038;p=25980"},"modified":"2025-06-16T12:54:48","modified_gmt":"2025-06-16T10:54:48","slug":"notification-le-week-end-et-les-jours-feries","status":"publish","type":"sht_proarticle","link":"https:\/\/steuerportal.ch\/fr\/articles-specialises\/notification-le-week-end-et-les-jours-feries\/","title":{"rendered":"Notification le week-end et les jours f\u00e9ri\u00e9s"},"content":{"rendered":"","protected":true},"excerpt":{"rendered":"<p>Le message adopt\u00e9 par le Conseil f\u00e9d\u00e9ral sur l\u2019harmonisation de la computation des d\u00e9lais vise notamment \u00e0 \u00e9viter que les destinataires de communications d\u00e9clenchant des d\u00e9lais ne soient d\u00e9savantag\u00e9s juridiquement par leur notification par courrier ordinaire le samedi (au lieu de la lettre recommand\u00e9e). Gassmann\/Gassmann analysent le projet du point de vue du droit (de proc\u00e9dure) fiscal.<\/p>\n","protected":false},"author":2371,"featured_media":0,"template":"","meta":{"_acf_changed":false,"authors":[{"ID":2821,"display_name":"Gregor Gassmann","first_name":"Gregor","last_name":"Gassmann","description":"<p>Dr. iur., Rechtsanwalt, Gerichtsschreiber am Bundesverwaltungsgericht, St. Gallen<\/p>\n","image":"https:\/\/steuerportal.ch\/wp-content\/uploads\/2024\/12\/gregor_gassmann-220x220.jpg","organiser_data":[],"url":"https:\/\/steuerportal.ch\/fr\/autoren\/gregor-gassmann\/"},{"ID":2977,"display_name":"Valerie Gassmann","first_name":"Valerie","last_name":"Gassmann","description":"<p>MLaw, Rechtsanw\u00e4ltin \/ Steueramt der Stadt Z\u00fcrich<\/p>\n","image":"https:\/\/steuerportal.ch\/wp-content\/uploads\/2025\/05\/gassmann_valerie-220x220.jpg","organiser_data":[],"url":"https:\/\/steuerportal.ch\/fr\/autoren\/valerie-gassmann\/"}],"related_sht_promodule":["<a href=\"https:\/\/steuerportal.ch\/fr\/modules-specialises\/revue-fiscale\/articles-de-fond\/\">Revue fiscale &#8594; Articles de fond<\/a>"],"pdf":"https:\/\/steuerportal.ch\/fr\/articles-specialises\/notification-le-week-end-et-les-jours-feries\/shtpdf\/","language":"fr"},"sht_proarticle_category":[266],"sht_proarticle_tag":[],"class_list":["post-25980","sht_proarticle","type-sht_proarticle","status-publish","hentry","sht_proarticle_category-articles-de-fond"],"acf":{"authors":[2821,2977]},"shp_steuerportal_must_use":{"translations":[{"id":25735,"link":"https:\/\/steuerportal.ch\/articles-specialises\/zustellungen-an-wochenenden-und-feiertagen\/","title":{"rendered":"Zustellungen an Wochenenden und Feiertagen"},"language":"de"},{"id":25980,"link":"https:\/\/steuerportal.ch\/fr\/articles-specialises\/notification-le-week-end-et-les-jours-feries\/","title":{"rendered":"Notification le week-end et les jours f\u00e9ri\u00e9s"},"language":"fr"}]},"yoast_head":"<!-- This site is optimized with the Yoast SEO plugin v27.5 - https:\/\/yoast.com\/product\/yoast-seo-wordpress\/ -->\n<title>Notification le week-end et les jours f\u00e9ri\u00e9s &#8226; steuerportal.ch<\/title>\n<meta name=\"robots\" content=\"index, follow, max-snippet:-1, max-image-preview:large, max-video-preview:-1\" \/>\n<link rel=\"canonical\" href=\"https:\/\/steuerportal.ch\/fr\/articles-specialises\/notification-le-week-end-et-les-jours-feries\/\" \/>\n<meta property=\"og:locale\" content=\"fr_FR\" \/>\n<meta property=\"og:type\" content=\"article\" \/>\n<meta property=\"og:title\" content=\"Notification le week-end et les jours f\u00e9ri\u00e9s &#8226; steuerportal.ch\" \/>\n<meta property=\"og:description\" content=\"Le message adopt\u00e9 par le Conseil f\u00e9d\u00e9ral sur l\u2019harmonisation de la computation des d\u00e9lais vise notamment \u00e0 \u00e9viter que les destinataires de communications d\u00e9clenchant des d\u00e9lais ne soient d\u00e9savantag\u00e9s juridiquement par leur notification par courrier ordinaire le samedi (au lieu de la lettre recommand\u00e9e). Gassmann\/Gassmann analysent le projet du point de vue du droit (de proc\u00e9dure) fiscal.\" \/>\n<meta property=\"og:url\" content=\"https:\/\/steuerportal.ch\/fr\/articles-specialises\/notification-le-week-end-et-les-jours-feries\/\" \/>\n<meta property=\"og:site_name\" content=\"steuerportal.ch\" \/>\n<meta property=\"article:modified_time\" content=\"2025-06-16T10:54:48+00:00\" \/>\n<meta name=\"twitter:card\" content=\"summary_large_image\" \/>\n<meta name=\"twitter:label1\" content=\"Dur\u00e9e de lecture estim\u00e9e\" \/>\n\t<meta name=\"twitter:data1\" content=\"24 minutes\" \/>\n<script type=\"application\/ld+json\" class=\"yoast-schema-graph\">{\"@context\":\"https:\\\/\\\/schema.org\",\"@graph\":[{\"@type\":\"WebPage\",\"@id\":\"https:\\\/\\\/steuerportal.ch\\\/fr\\\/articles-specialises\\\/notification-le-week-end-et-les-jours-feries\\\/\",\"url\":\"https:\\\/\\\/steuerportal.ch\\\/fr\\\/articles-specialises\\\/notification-le-week-end-et-les-jours-feries\\\/\",\"name\":\"Notification le week-end et les jours f\u00e9ri\u00e9s &#8226; steuerportal.ch\",\"isPartOf\":{\"@id\":\"https:\\\/\\\/steuerportal.ch\\\/fr\\\/#website\"},\"datePublished\":\"2025-06-01T03:59:00+00:00\",\"dateModified\":\"2025-06-16T10:54:48+00:00\",\"breadcrumb\":{\"@id\":\"https:\\\/\\\/steuerportal.ch\\\/fr\\\/articles-specialises\\\/notification-le-week-end-et-les-jours-feries\\\/#breadcrumb\"},\"inLanguage\":\"fr-FR\",\"potentialAction\":[{\"@type\":\"ReadAction\",\"target\":[\"https:\\\/\\\/steuerportal.ch\\\/fr\\\/articles-specialises\\\/notification-le-week-end-et-les-jours-feries\\\/\"]}]},{\"@type\":\"BreadcrumbList\",\"@id\":\"https:\\\/\\\/steuerportal.ch\\\/fr\\\/articles-specialises\\\/notification-le-week-end-et-les-jours-feries\\\/#breadcrumb\",\"itemListElement\":[{\"@type\":\"ListItem\",\"position\":1,\"name\":\"Page d'accueil\",\"item\":\"https:\\\/\\\/steuerportal.ch\\\/fr\\\/\"},{\"@type\":\"ListItem\",\"position\":2,\"name\":\"Fachartikel\",\"item\":\"https:\\\/\\\/steuerportal.ch\\\/fr\\\/articles-specialises\\\/\"},{\"@type\":\"ListItem\",\"position\":3,\"name\":\"Notification le week-end et les jours f\u00e9ri\u00e9s\"}]},{\"@type\":\"WebSite\",\"@id\":\"https:\\\/\\\/steuerportal.ch\\\/fr\\\/#website\",\"url\":\"https:\\\/\\\/steuerportal.ch\\\/fr\\\/\",\"name\":\"steuerportal.ch\",\"description\":\"Le portail suisse sp\u00e9cialis\u00e9 dans le domaine des imp\u00f4ts\",\"publisher\":{\"@id\":\"https:\\\/\\\/steuerportal.ch\\\/fr\\\/#organization\"},\"potentialAction\":[{\"@type\":\"SearchAction\",\"target\":{\"@type\":\"EntryPoint\",\"urlTemplate\":\"https:\\\/\\\/steuerportal.ch\\\/fr\\\/?s={search_term_string}\"},\"query-input\":{\"@type\":\"PropertyValueSpecification\",\"valueRequired\":true,\"valueName\":\"search_term_string\"}}],\"inLanguage\":\"fr-FR\"},{\"@type\":\"Organization\",\"@id\":\"https:\\\/\\\/steuerportal.ch\\\/fr\\\/#organization\",\"name\":\"Steuerportal (Cosmos Verlag)\",\"url\":\"https:\\\/\\\/steuerportal.ch\\\/fr\\\/\",\"logo\":{\"@type\":\"ImageObject\",\"inLanguage\":\"fr-FR\",\"@id\":\"https:\\\/\\\/steuerportal.ch\\\/fr\\\/#\\\/schema\\\/logo\\\/image\\\/\",\"url\":\"https:\\\/\\\/steuerportal.ch\\\/wp-content\\\/uploads\\\/2021\\\/06\\\/cosmos_c-strich_h_positiv_bunt.svg\",\"contentUrl\":\"https:\\\/\\\/steuerportal.ch\\\/wp-content\\\/uploads\\\/2021\\\/06\\\/cosmos_c-strich_h_positiv_bunt.svg\",\"width\":191,\"height\":44,\"caption\":\"Steuerportal (Cosmos Verlag)\"},\"image\":{\"@id\":\"https:\\\/\\\/steuerportal.ch\\\/fr\\\/#\\\/schema\\\/logo\\\/image\\\/\"}}]}<\/script>\n<!-- \/ Yoast SEO plugin. -->","yoast_head_json":{"title":"Notification le week-end et les jours f\u00e9ri\u00e9s &#8226; steuerportal.ch","robots":{"index":"index","follow":"follow","max-snippet":"max-snippet:-1","max-image-preview":"max-image-preview:large","max-video-preview":"max-video-preview:-1"},"canonical":"https:\/\/steuerportal.ch\/fr\/articles-specialises\/notification-le-week-end-et-les-jours-feries\/","og_locale":"fr_FR","og_type":"article","og_title":"Notification le week-end et les jours f\u00e9ri\u00e9s &#8226; steuerportal.ch","og_description":"Le message adopt\u00e9 par le Conseil f\u00e9d\u00e9ral sur l\u2019harmonisation de la computation des d\u00e9lais vise notamment \u00e0 \u00e9viter que les destinataires de communications d\u00e9clenchant des d\u00e9lais ne soient d\u00e9savantag\u00e9s juridiquement par leur notification par courrier ordinaire le samedi (au lieu de la lettre recommand\u00e9e). Gassmann\/Gassmann analysent le projet du point de vue du droit (de proc\u00e9dure) fiscal.","og_url":"https:\/\/steuerportal.ch\/fr\/articles-specialises\/notification-le-week-end-et-les-jours-feries\/","og_site_name":"steuerportal.ch","article_modified_time":"2025-06-16T10:54:48+00:00","twitter_card":"summary_large_image","twitter_misc":{"Dur\u00e9e de lecture estim\u00e9e":"24 minutes"},"schema":{"@context":"https:\/\/schema.org","@graph":[{"@type":"WebPage","@id":"https:\/\/steuerportal.ch\/fr\/articles-specialises\/notification-le-week-end-et-les-jours-feries\/","url":"https:\/\/steuerportal.ch\/fr\/articles-specialises\/notification-le-week-end-et-les-jours-feries\/","name":"Notification le week-end et les jours f\u00e9ri\u00e9s &#8226; steuerportal.ch","isPartOf":{"@id":"https:\/\/steuerportal.ch\/fr\/#website"},"datePublished":"2025-06-01T03:59:00+00:00","dateModified":"2025-06-16T10:54:48+00:00","breadcrumb":{"@id":"https:\/\/steuerportal.ch\/fr\/articles-specialises\/notification-le-week-end-et-les-jours-feries\/#breadcrumb"},"inLanguage":"fr-FR","potentialAction":[{"@type":"ReadAction","target":["https:\/\/steuerportal.ch\/fr\/articles-specialises\/notification-le-week-end-et-les-jours-feries\/"]}]},{"@type":"BreadcrumbList","@id":"https:\/\/steuerportal.ch\/fr\/articles-specialises\/notification-le-week-end-et-les-jours-feries\/#breadcrumb","itemListElement":[{"@type":"ListItem","position":1,"name":"Page d'accueil","item":"https:\/\/steuerportal.ch\/fr\/"},{"@type":"ListItem","position":2,"name":"Fachartikel","item":"https:\/\/steuerportal.ch\/fr\/articles-specialises\/"},{"@type":"ListItem","position":3,"name":"Notification le week-end et les jours f\u00e9ri\u00e9s"}]},{"@type":"WebSite","@id":"https:\/\/steuerportal.ch\/fr\/#website","url":"https:\/\/steuerportal.ch\/fr\/","name":"steuerportal.ch","description":"Le portail suisse sp\u00e9cialis\u00e9 dans le domaine des imp\u00f4ts","publisher":{"@id":"https:\/\/steuerportal.ch\/fr\/#organization"},"potentialAction":[{"@type":"SearchAction","target":{"@type":"EntryPoint","urlTemplate":"https:\/\/steuerportal.ch\/fr\/?s={search_term_string}"},"query-input":{"@type":"PropertyValueSpecification","valueRequired":true,"valueName":"search_term_string"}}],"inLanguage":"fr-FR"},{"@type":"Organization","@id":"https:\/\/steuerportal.ch\/fr\/#organization","name":"Steuerportal (Cosmos Verlag)","url":"https:\/\/steuerportal.ch\/fr\/","logo":{"@type":"ImageObject","inLanguage":"fr-FR","@id":"https:\/\/steuerportal.ch\/fr\/#\/schema\/logo\/image\/","url":"https:\/\/steuerportal.ch\/wp-content\/uploads\/2021\/06\/cosmos_c-strich_h_positiv_bunt.svg","contentUrl":"https:\/\/steuerportal.ch\/wp-content\/uploads\/2021\/06\/cosmos_c-strich_h_positiv_bunt.svg","width":191,"height":44,"caption":"Steuerportal (Cosmos Verlag)"},"image":{"@id":"https:\/\/steuerportal.ch\/fr\/#\/schema\/logo\/image\/"}}]}},"_links":{"self":[{"href":"https:\/\/steuerportal.ch\/fr\/wp-json\/wp\/v2\/sht_proarticle\/25980","targetHints":{"allow":["GET"]}}],"collection":[{"href":"https:\/\/steuerportal.ch\/fr\/wp-json\/wp\/v2\/sht_proarticle"}],"about":[{"href":"https:\/\/steuerportal.ch\/fr\/wp-json\/wp\/v2\/types\/sht_proarticle"}],"author":[{"embeddable":true,"href":"https:\/\/steuerportal.ch\/fr\/wp-json\/wp\/v2\/users\/2371"}],"version-history":[{"count":11,"href":"https:\/\/steuerportal.ch\/fr\/wp-json\/wp\/v2\/sht_proarticle\/25980\/revisions"}],"predecessor-version":[{"id":26097,"href":"https:\/\/steuerportal.ch\/fr\/wp-json\/wp\/v2\/sht_proarticle\/25980\/revisions\/26097"}],"acf:user":[{"embeddable":true,"href":"https:\/\/steuerportal.ch\/fr\/wp-json\/wp\/v2\/users\/2977"},{"embeddable":true,"href":"https:\/\/steuerportal.ch\/fr\/wp-json\/wp\/v2\/users\/2821"}],"wp:attachment":[{"href":"https:\/\/steuerportal.ch\/fr\/wp-json\/wp\/v2\/media?parent=25980"}],"wp:term":[{"taxonomy":"sht_proarticle_category","embeddable":true,"href":"https:\/\/steuerportal.ch\/fr\/wp-json\/wp\/v2\/sht_proarticle_category?post=25980"},{"taxonomy":"sht_proarticle_tag","embeddable":true,"href":"https:\/\/steuerportal.ch\/fr\/wp-json\/wp\/v2\/sht_proarticle_tag?post=25980"}],"curies":[{"name":"wp","href":"https:\/\/api.w.org\/{rel}","templated":true}]}}