{"id":25806,"date":"2025-06-01T05:54:00","date_gmt":"2025-06-01T03:54:00","guid":{"rendered":"https:\/\/steuerportal.ch\/?post_type=sht_proarticle&#038;p=25806"},"modified":"2025-08-06T19:46:38","modified_gmt":"2025-08-06T17:46:38","slug":"votre-chef-dequipe-peut-il-partir-en-vacances-david-tschan","status":"publish","type":"sht_proarticle","link":"https:\/\/steuerportal.ch\/fr\/articles-specialises\/votre-chef-dequipe-peut-il-partir-en-vacances-david-tschan\/","title":{"rendered":"Votre chef d\u2019\u00e9quipe peut-il partir en vacances, David Tschan?"},"content":{"rendered":"<div class=\"wp-block-media-text is-stacked-on-mobile\"><figure class=\"wp-block-media-text__media\"><img loading=\"lazy\" decoding=\"async\" width=\"768\" height=\"1024\" src=\"https:\/\/steuerportal.ch\/wp-content\/uploads\/2025\/05\/david_tschan_rendezvous-768x1024.jpg\" alt=\"\" class=\"wp-image-25768 size-full\" srcset=\"https:\/\/steuerportal.ch\/wp-content\/uploads\/2025\/05\/david_tschan_rendezvous-768x1024.jpg 768w, https:\/\/steuerportal.ch\/wp-content\/uploads\/2025\/05\/david_tschan_rendezvous-700x933.jpg 700w, https:\/\/steuerportal.ch\/wp-content\/uploads\/2025\/05\/david_tschan_rendezvous-1152x1536.jpg 1152w, https:\/\/steuerportal.ch\/wp-content\/uploads\/2025\/05\/david_tschan_rendezvous-210x280.jpg 210w, https:\/\/steuerportal.ch\/wp-content\/uploads\/2025\/05\/david_tschan_rendezvous-628x837.jpg 628w, https:\/\/steuerportal.ch\/wp-content\/uploads\/2025\/05\/david_tschan_rendezvous-296x395.jpg 296w, https:\/\/steuerportal.ch\/wp-content\/uploads\/2025\/05\/david_tschan_rendezvous.jpg 1200w\" sizes=\"auto, (max-width: 768px) 100vw, 768px\" \/><\/figure><div class=\"wp-block-media-text__content\">\n<p><strong>Nom:<\/strong> David Tschan<\/p>\n\n\n\n<p><strong>Profession\/position:<\/strong> chef d&rsquo;&eacute;quipe adjoint, Team Ruling, DVS-EP, AFC<\/p>\n\n\n\n<p><strong>Famille:<\/strong> deux filles<\/p>\n\n\n\n<p><strong>Loisirs:<\/strong> sport, &eacute;checs, histoire, litt&eacute;rature<\/p>\n<\/div><\/div><div class=\"wp-block-group is-style-info-box has-gray-xlight-background-color has-background is-layout-constrained wp-container-core-group-is-layout-c385debf wp-block-group-is-layout-constrained\" style=\"padding-top:var(--wp--preset--spacing--20);padding-right:var(--wp--preset--spacing--20);padding-bottom:var(--wp--preset--spacing--20);padding-left:var(--wp--preset--spacing--20)\">\n<p class=\"has-primary-dark-color has-text-color\">Ce texte est une <strong>traduction automatique r&eacute;vis&eacute;e<\/strong> de l&rsquo;article original en allemand. Changez les param&egrave;tres de langue pour lire l&rsquo;article original en allemand. Vous ne voulez pas manquer un article en fran&ccedil;ais? Abonnez-vous &agrave; notre newsletter.<\/p>\n\n\n\n<div class=\"wp-block-group is-layout-flow wp-block-group-is-layout-flow\">\n<div class=\"wp-block-buttons is-layout-flex wp-block-buttons-is-layout-flex\">\n<div class=\"wp-block-button\"><a class=\"wp-block-button__link wp-element-button\" href=\"https:\/\/steuerportal.ch\/fr\/contact\/#Newsletter\" target=\"_blank\" rel=\"noreferrer noopener\">Inscription &agrave; la newsletter<\/a><\/div>\n<\/div>\n\n\n\n<div style=\"height:20px\" aria-hidden=\"true\" class=\"wp-block-spacer\"><\/div>\n<\/div>\n<\/div><p><strong><em>Pourquoi &ecirc;tes-vous devenu chef d&rsquo;&eacute;quipe adjoint dans le Team Ruling? Qu&rsquo;auriez-vous fait autrement?<\/em><\/strong><\/p><p>Il n&rsquo;y avait pas d&rsquo;autres candidats. Sinon j&rsquo;aurais &eacute;t&eacute; le secr&eacute;taire personnel d&rsquo;Alphonso Deiss ou d&rsquo;Andreas Remund.<\/p><p><strong><em>Est-ce que vous vivez pour le droit fiscal?<\/em><\/strong><\/p><p>Non, le droit fiscal n&rsquo;est qu&rsquo;un loisir.<\/p><p><strong><em>Qui ou quoi est votre muse?<\/em><\/strong><\/p><p>Les conseillers fiscaux qui me demandent de cr&eacute;er des cas pour le s&eacute;minaire annuel pour la fiscalit&eacute; des entreprises ILE.<\/p><p><strong><em>Quel &eacute;tait votre souhait professionnel lorsque vous &eacute;tiez enfant &ndash; et pourquoi cela n&rsquo;a-t-il pas abouti?<\/em><\/strong><\/p><p>R&eacute;gisseur de milieu de terrain au Real Madrid &ndash; Zinedine Zidane m&rsquo;a piqu&eacute; ma place.<\/p><p><strong><em>Quels sont les trois mots cl&eacute;s qui d&eacute;crivent votre quotidien?<\/em><\/strong><\/p><p>Ruling, RAC et jogging<\/p><p><strong><em>Qu&rsquo;est-ce qui vous met en col&egrave;re?<\/em><\/strong><\/p><p>Le comportement des cochons dans le classique de George Orwell &laquo;Animal&nbsp;Farm&raquo;.<\/p><p><strong><em>O&ugrave; se situe votre objectif id&eacute;al?<\/em><\/strong><\/p><p>Moins d&rsquo;une heure au Grand Prix de Berne.<\/p><p><strong><em>Vous arrive-t-il d&rsquo;en avoir assez de votre activit&eacute; actuelle?<\/em><\/strong><\/p><p>Non, tout au plus lorsque notre chef d&rsquo;&eacute;quipe est en vacances et que je dois assumer des t&acirc;ches administratives.<\/p><p><strong><em>Que faites-vous pendant vos loisirs? En avez-vous vraiment?<\/em><\/strong><\/p><p>Bien s&ucirc;r, pendant mon temps libre, je concocte toujours de nouvelles pratiques m&eacute;chantes dans le domaine de l&rsquo;imp&ocirc;t anticip&eacute; et des droits de timbre. \ud83d\ude09<\/p><p><strong><em>Quel devrait &ecirc;tre le titre de votre autobiographie?<\/em><\/strong><\/p><p>Comme une bouteille vide.<\/p><p><strong><em>Qu&rsquo;est-ce qui figurerait sur la couverture de votre autobiographie?<\/em><\/strong><\/p><p>La bouteille vide d&rsquo;Amarone de Romano dal Forno.<\/p><p><strong><em>Si votre vie &eacute;tait adapt&eacute;e au cin&eacute;ma, quel acteur aurait le r&ocirc;le principal?<\/em><\/strong><\/p><p>Sir Sean Connery, ressuscit&eacute; pour l&rsquo;occasion.<\/p><p><strong><em>Si vous pouviez faire trois v&oelig;ux, quels seraient-ils?<\/em><\/strong><\/p><ol class=\"wp-block-list\">\n<li>une norme l&eacute;gale qui interdit l&rsquo;utilisation du terme &laquo;th&eacute;orie du triangle&raquo; dans le cadre de l&rsquo;imp&ocirc;t anticip&eacute;.<\/li>\n\n\n\n<li>une norme l&eacute;gale interdisant les paris en rapport avec des jugements &agrave; venir du Tribunal f&eacute;d&eacute;ral.<\/li>\n\n\n\n<li>une norme l&eacute;gale interdisant une remise en question critique de la pratique de l&rsquo;imp&ocirc;t anticip&eacute; en mati&egrave;re de debt push-down.<\/li>\n<\/ol><p><strong><em>Qu&rsquo;emporteriez-vous sur une &icirc;le d&eacute;serte (pas plus de trois choses)?<\/em><\/strong><\/p><p>L&rsquo;article sp&eacute;cialis&eacute; de Stefan Oesterhelt et Susanne Schreiber sur le Debt push&#8209;down ainsi qu&rsquo;un ordinateur portable pour que je puisse &eacute;crire une r&eacute;plique d&eacute;taill&eacute;e (j&rsquo;aurais certainement assez de temps sur l&rsquo;&icirc;le d&eacute;serte).<\/p><p><strong><em>Y a-t-il quelque chose qui vous agace extr&ecirc;mement dans le domaine fiscal?<\/em><\/strong><\/p><p>Lorsque le Tribunal f&eacute;d&eacute;ral ne se range pas &agrave; mon avis.<\/p><p><strong><em>Avez-vous un\/des mod&egrave;le(s)?<\/em><\/strong><\/p><p>Non.<\/p><p><strong><em>&Eacute;tiez-vous bon &agrave; l&rsquo;&eacute;cole?<\/em><\/strong><\/p><p>Plut&ocirc;t moyen &agrave; bon.<\/p><p><strong><em>Est-ce que vous croyez en une puissance sup&eacute;rieure?<\/em><\/strong><\/p><p>Non, peu importe qui est au pouvoir en dessous de moi. \ud83d\ude09<\/p><p><strong><em>Quel conseil donneriez-vous &agrave; votre cadet?<\/em><\/strong><\/p><p>Aucun. Qu&rsquo;il se fasse juste avoir quelques fois, comme moi.<\/p><p><strong><em>Qu&rsquo;est-ce qui vous fait rire?<\/em><\/strong><\/p><p>Giacobbo\/M&uuml;ller.<\/p><p><strong>Avez-vous d&eacute;j&agrave; eu de la chance ? Que s&rsquo;est-il pass&eacute;?<\/strong><\/p><p>Oui, lorsque les &eacute;lecteurs suisses ont vot&eacute; en f&eacute;vrier 2022 a rejet&eacute; l&rsquo;abolition du droit de timbre d&rsquo;&eacute;mission.<\/p><p><strong><em>Sur quoi avez-vous radicalement chang&eacute; d&rsquo;avis et pourquoi?<\/em><\/strong><\/p><p>Sur le droit fiscal &ndash; avec l&rsquo;&acirc;ge, j&rsquo;ai constat&eacute; qu&rsquo;il &eacute;tait tout &agrave; fait passionnant.<\/p><div style=\"height:25px\" aria-hidden=\"true\" class=\"wp-block-spacer\"><\/div><p><em>R&eacute;vision par Nicole Stucki-Racle<\/em><\/p>\n","protected":false},"excerpt":{"rendered":"<p>David Tschan r\u00e9pond \u00e0 nos questions \u2013 pas forc\u00e9ment techniques \u2013 dans le Rendez-vous.<\/p>\n","protected":false},"author":2371,"featured_media":0,"template":"","meta":{"_acf_changed":false,"authors":[{"ID":74,"display_name":"Redaktion Steuer Revue","first_name":"","last_name":"","description":"","image":"https:\/\/steuerportal.ch\/wp-content\/uploads\/2024\/11\/StP_Profilbild_RED_DE_quadratisch.jpg","organiser_data":{"public_organiser_name":"Redaktion Steuer Revue","public_organiser_page":false,"offer":"","location":"","preamble":"","public_organiser_logo":false},"url":"https:\/\/steuerportal.ch\/fr\/autoren\/redaktion-steuer-revue\/"}],"related_sht_promodule":["<a href=\"https:\/\/steuerportal.ch\/fr\/modules-specialises\/revue-fiscale\/rendez-vous\/\">Revue fiscale &#8594; Rendez-vous<\/a>"],"pdf":"https:\/\/steuerportal.ch\/fr\/articles-specialises\/votre-chef-dequipe-peut-il-partir-en-vacances-david-tschan\/shtpdf\/","language":"fr"},"sht_proarticle_category":[271],"sht_proarticle_tag":[],"class_list":["post-25806","sht_proarticle","type-sht_proarticle","status-publish","hentry","sht_proarticle_category-rendez-vous-fr"],"acf":{"authors":[74]},"shp_steuerportal_must_use":{"translations":[{"id":25767,"link":"https:\/\/steuerportal.ch\/articles-specialises\/darf-ihr-teamleiter-in-die-ferien-david-tschan\/","title":{"rendered":"Darf Ihr Teamleiter in die Ferien, David Tschan?"},"language":"de"},{"id":25806,"link":"https:\/\/steuerportal.ch\/fr\/articles-specialises\/votre-chef-dequipe-peut-il-partir-en-vacances-david-tschan\/","title":{"rendered":"Votre chef d\u2019\u00e9quipe peut-il partir en vacances, David Tschan?"},"language":"fr"}]},"yoast_head":"<!-- This site is optimized with the Yoast SEO plugin v27.5 - https:\/\/yoast.com\/product\/yoast-seo-wordpress\/ -->\n<title>Votre chef d\u2019\u00e9quipe peut-il partir en vacances, David Tschan? &#8226; steuerportal.ch<\/title>\n<meta name=\"robots\" content=\"index, follow, max-snippet:-1, max-image-preview:large, max-video-preview:-1\" \/>\n<link rel=\"canonical\" href=\"https:\/\/steuerportal.ch\/fr\/articles-specialises\/votre-chef-dequipe-peut-il-partir-en-vacances-david-tschan\/\" \/>\n<meta property=\"og:locale\" content=\"fr_FR\" \/>\n<meta property=\"og:type\" content=\"article\" \/>\n<meta property=\"og:title\" content=\"Votre chef d\u2019\u00e9quipe peut-il partir en vacances, David Tschan? &#8226; steuerportal.ch\" \/>\n<meta property=\"og:description\" content=\"David Tschan r\u00e9pond \u00e0 nos questions \u2013 pas forc\u00e9ment techniques \u2013 dans le Rendez-vous.\" \/>\n<meta property=\"og:url\" content=\"https:\/\/steuerportal.ch\/fr\/articles-specialises\/votre-chef-dequipe-peut-il-partir-en-vacances-david-tschan\/\" \/>\n<meta property=\"og:site_name\" content=\"steuerportal.ch\" \/>\n<meta property=\"article:modified_time\" content=\"2025-08-06T17:46:38+00:00\" \/>\n<meta name=\"twitter:card\" content=\"summary_large_image\" \/>\n<meta name=\"twitter:image\" content=\"https:\/\/steuerportal.ch\/wp-content\/uploads\/2025\/05\/david_tschan_rendezvous.jpg\" \/>\n<meta name=\"twitter:label1\" content=\"Dur\u00e9e de lecture estim\u00e9e\" \/>\n\t<meta name=\"twitter:data1\" content=\"4 minutes\" \/>\n<script type=\"application\/ld+json\" class=\"yoast-schema-graph\">{\"@context\":\"https:\\\/\\\/schema.org\",\"@graph\":[{\"@type\":\"WebPage\",\"@id\":\"https:\\\/\\\/steuerportal.ch\\\/fr\\\/articles-specialises\\\/votre-chef-dequipe-peut-il-partir-en-vacances-david-tschan\\\/\",\"url\":\"https:\\\/\\\/steuerportal.ch\\\/fr\\\/articles-specialises\\\/votre-chef-dequipe-peut-il-partir-en-vacances-david-tschan\\\/\",\"name\":\"Votre chef d\u2019\u00e9quipe peut-il partir en vacances, David Tschan? &#8226; steuerportal.ch\",\"isPartOf\":{\"@id\":\"https:\\\/\\\/steuerportal.ch\\\/fr\\\/#website\"},\"primaryImageOfPage\":{\"@id\":\"https:\\\/\\\/steuerportal.ch\\\/fr\\\/articles-specialises\\\/votre-chef-dequipe-peut-il-partir-en-vacances-david-tschan\\\/#primaryimage\"},\"image\":{\"@id\":\"https:\\\/\\\/steuerportal.ch\\\/fr\\\/articles-specialises\\\/votre-chef-dequipe-peut-il-partir-en-vacances-david-tschan\\\/#primaryimage\"},\"thumbnailUrl\":\"https:\\\/\\\/steuerportal.ch\\\/wp-content\\\/uploads\\\/2025\\\/05\\\/david_tschan_rendezvous-768x1024.jpg\",\"datePublished\":\"2025-06-01T03:54:00+00:00\",\"dateModified\":\"2025-08-06T17:46:38+00:00\",\"breadcrumb\":{\"@id\":\"https:\\\/\\\/steuerportal.ch\\\/fr\\\/articles-specialises\\\/votre-chef-dequipe-peut-il-partir-en-vacances-david-tschan\\\/#breadcrumb\"},\"inLanguage\":\"fr-FR\",\"potentialAction\":[{\"@type\":\"ReadAction\",\"target\":[\"https:\\\/\\\/steuerportal.ch\\\/fr\\\/articles-specialises\\\/votre-chef-dequipe-peut-il-partir-en-vacances-david-tschan\\\/\"]}]},{\"@type\":\"ImageObject\",\"inLanguage\":\"fr-FR\",\"@id\":\"https:\\\/\\\/steuerportal.ch\\\/fr\\\/articles-specialises\\\/votre-chef-dequipe-peut-il-partir-en-vacances-david-tschan\\\/#primaryimage\",\"url\":\"https:\\\/\\\/steuerportal.ch\\\/wp-content\\\/uploads\\\/2025\\\/05\\\/david_tschan_rendezvous-768x1024.jpg\",\"contentUrl\":\"https:\\\/\\\/steuerportal.ch\\\/wp-content\\\/uploads\\\/2025\\\/05\\\/david_tschan_rendezvous-768x1024.jpg\"},{\"@type\":\"BreadcrumbList\",\"@id\":\"https:\\\/\\\/steuerportal.ch\\\/fr\\\/articles-specialises\\\/votre-chef-dequipe-peut-il-partir-en-vacances-david-tschan\\\/#breadcrumb\",\"itemListElement\":[{\"@type\":\"ListItem\",\"position\":1,\"name\":\"Page d'accueil\",\"item\":\"https:\\\/\\\/steuerportal.ch\\\/fr\\\/\"},{\"@type\":\"ListItem\",\"position\":2,\"name\":\"Fachartikel\",\"item\":\"https:\\\/\\\/steuerportal.ch\\\/fr\\\/articles-specialises\\\/\"},{\"@type\":\"ListItem\",\"position\":3,\"name\":\"Votre chef d\u2019\u00e9quipe peut-il partir en vacances, David Tschan?\"}]},{\"@type\":\"WebSite\",\"@id\":\"https:\\\/\\\/steuerportal.ch\\\/fr\\\/#website\",\"url\":\"https:\\\/\\\/steuerportal.ch\\\/fr\\\/\",\"name\":\"steuerportal.ch\",\"description\":\"Le portail suisse sp\u00e9cialis\u00e9 dans le domaine des imp\u00f4ts\",\"publisher\":{\"@id\":\"https:\\\/\\\/steuerportal.ch\\\/fr\\\/#organization\"},\"potentialAction\":[{\"@type\":\"SearchAction\",\"target\":{\"@type\":\"EntryPoint\",\"urlTemplate\":\"https:\\\/\\\/steuerportal.ch\\\/fr\\\/?s={search_term_string}\"},\"query-input\":{\"@type\":\"PropertyValueSpecification\",\"valueRequired\":true,\"valueName\":\"search_term_string\"}}],\"inLanguage\":\"fr-FR\"},{\"@type\":\"Organization\",\"@id\":\"https:\\\/\\\/steuerportal.ch\\\/fr\\\/#organization\",\"name\":\"Steuerportal (Cosmos Verlag)\",\"url\":\"https:\\\/\\\/steuerportal.ch\\\/fr\\\/\",\"logo\":{\"@type\":\"ImageObject\",\"inLanguage\":\"fr-FR\",\"@id\":\"https:\\\/\\\/steuerportal.ch\\\/fr\\\/#\\\/schema\\\/logo\\\/image\\\/\",\"url\":\"https:\\\/\\\/steuerportal.ch\\\/wp-content\\\/uploads\\\/2021\\\/06\\\/cosmos_c-strich_h_positiv_bunt.svg\",\"contentUrl\":\"https:\\\/\\\/steuerportal.ch\\\/wp-content\\\/uploads\\\/2021\\\/06\\\/cosmos_c-strich_h_positiv_bunt.svg\",\"width\":191,\"height\":44,\"caption\":\"Steuerportal (Cosmos Verlag)\"},\"image\":{\"@id\":\"https:\\\/\\\/steuerportal.ch\\\/fr\\\/#\\\/schema\\\/logo\\\/image\\\/\"}}]}<\/script>\n<!-- \/ Yoast SEO plugin. -->","yoast_head_json":{"title":"Votre chef d\u2019\u00e9quipe peut-il partir en vacances, David Tschan? &#8226; steuerportal.ch","robots":{"index":"index","follow":"follow","max-snippet":"max-snippet:-1","max-image-preview":"max-image-preview:large","max-video-preview":"max-video-preview:-1"},"canonical":"https:\/\/steuerportal.ch\/fr\/articles-specialises\/votre-chef-dequipe-peut-il-partir-en-vacances-david-tschan\/","og_locale":"fr_FR","og_type":"article","og_title":"Votre chef d\u2019\u00e9quipe peut-il partir en vacances, David Tschan? &#8226; steuerportal.ch","og_description":"David Tschan r\u00e9pond \u00e0 nos questions \u2013 pas forc\u00e9ment techniques \u2013 dans le Rendez-vous.","og_url":"https:\/\/steuerportal.ch\/fr\/articles-specialises\/votre-chef-dequipe-peut-il-partir-en-vacances-david-tschan\/","og_site_name":"steuerportal.ch","article_modified_time":"2025-08-06T17:46:38+00:00","twitter_card":"summary_large_image","twitter_image":"https:\/\/steuerportal.ch\/wp-content\/uploads\/2025\/05\/david_tschan_rendezvous.jpg","twitter_misc":{"Dur\u00e9e de lecture estim\u00e9e":"4 minutes"},"schema":{"@context":"https:\/\/schema.org","@graph":[{"@type":"WebPage","@id":"https:\/\/steuerportal.ch\/fr\/articles-specialises\/votre-chef-dequipe-peut-il-partir-en-vacances-david-tschan\/","url":"https:\/\/steuerportal.ch\/fr\/articles-specialises\/votre-chef-dequipe-peut-il-partir-en-vacances-david-tschan\/","name":"Votre chef d\u2019\u00e9quipe peut-il partir en vacances, David Tschan? &#8226; steuerportal.ch","isPartOf":{"@id":"https:\/\/steuerportal.ch\/fr\/#website"},"primaryImageOfPage":{"@id":"https:\/\/steuerportal.ch\/fr\/articles-specialises\/votre-chef-dequipe-peut-il-partir-en-vacances-david-tschan\/#primaryimage"},"image":{"@id":"https:\/\/steuerportal.ch\/fr\/articles-specialises\/votre-chef-dequipe-peut-il-partir-en-vacances-david-tschan\/#primaryimage"},"thumbnailUrl":"https:\/\/steuerportal.ch\/wp-content\/uploads\/2025\/05\/david_tschan_rendezvous-768x1024.jpg","datePublished":"2025-06-01T03:54:00+00:00","dateModified":"2025-08-06T17:46:38+00:00","breadcrumb":{"@id":"https:\/\/steuerportal.ch\/fr\/articles-specialises\/votre-chef-dequipe-peut-il-partir-en-vacances-david-tschan\/#breadcrumb"},"inLanguage":"fr-FR","potentialAction":[{"@type":"ReadAction","target":["https:\/\/steuerportal.ch\/fr\/articles-specialises\/votre-chef-dequipe-peut-il-partir-en-vacances-david-tschan\/"]}]},{"@type":"ImageObject","inLanguage":"fr-FR","@id":"https:\/\/steuerportal.ch\/fr\/articles-specialises\/votre-chef-dequipe-peut-il-partir-en-vacances-david-tschan\/#primaryimage","url":"https:\/\/steuerportal.ch\/wp-content\/uploads\/2025\/05\/david_tschan_rendezvous-768x1024.jpg","contentUrl":"https:\/\/steuerportal.ch\/wp-content\/uploads\/2025\/05\/david_tschan_rendezvous-768x1024.jpg"},{"@type":"BreadcrumbList","@id":"https:\/\/steuerportal.ch\/fr\/articles-specialises\/votre-chef-dequipe-peut-il-partir-en-vacances-david-tschan\/#breadcrumb","itemListElement":[{"@type":"ListItem","position":1,"name":"Page d'accueil","item":"https:\/\/steuerportal.ch\/fr\/"},{"@type":"ListItem","position":2,"name":"Fachartikel","item":"https:\/\/steuerportal.ch\/fr\/articles-specialises\/"},{"@type":"ListItem","position":3,"name":"Votre chef d\u2019\u00e9quipe peut-il partir en vacances, David Tschan?"}]},{"@type":"WebSite","@id":"https:\/\/steuerportal.ch\/fr\/#website","url":"https:\/\/steuerportal.ch\/fr\/","name":"steuerportal.ch","description":"Le portail suisse sp\u00e9cialis\u00e9 dans le domaine des imp\u00f4ts","publisher":{"@id":"https:\/\/steuerportal.ch\/fr\/#organization"},"potentialAction":[{"@type":"SearchAction","target":{"@type":"EntryPoint","urlTemplate":"https:\/\/steuerportal.ch\/fr\/?s={search_term_string}"},"query-input":{"@type":"PropertyValueSpecification","valueRequired":true,"valueName":"search_term_string"}}],"inLanguage":"fr-FR"},{"@type":"Organization","@id":"https:\/\/steuerportal.ch\/fr\/#organization","name":"Steuerportal (Cosmos Verlag)","url":"https:\/\/steuerportal.ch\/fr\/","logo":{"@type":"ImageObject","inLanguage":"fr-FR","@id":"https:\/\/steuerportal.ch\/fr\/#\/schema\/logo\/image\/","url":"https:\/\/steuerportal.ch\/wp-content\/uploads\/2021\/06\/cosmos_c-strich_h_positiv_bunt.svg","contentUrl":"https:\/\/steuerportal.ch\/wp-content\/uploads\/2021\/06\/cosmos_c-strich_h_positiv_bunt.svg","width":191,"height":44,"caption":"Steuerportal (Cosmos Verlag)"},"image":{"@id":"https:\/\/steuerportal.ch\/fr\/#\/schema\/logo\/image\/"}}]}},"_links":{"self":[{"href":"https:\/\/steuerportal.ch\/fr\/wp-json\/wp\/v2\/sht_proarticle\/25806","targetHints":{"allow":["GET"]}}],"collection":[{"href":"https:\/\/steuerportal.ch\/fr\/wp-json\/wp\/v2\/sht_proarticle"}],"about":[{"href":"https:\/\/steuerportal.ch\/fr\/wp-json\/wp\/v2\/types\/sht_proarticle"}],"author":[{"embeddable":true,"href":"https:\/\/steuerportal.ch\/fr\/wp-json\/wp\/v2\/users\/2371"}],"version-history":[{"count":8,"href":"https:\/\/steuerportal.ch\/fr\/wp-json\/wp\/v2\/sht_proarticle\/25806\/revisions"}],"predecessor-version":[{"id":26502,"href":"https:\/\/steuerportal.ch\/fr\/wp-json\/wp\/v2\/sht_proarticle\/25806\/revisions\/26502"}],"acf:user":[{"embeddable":true,"href":"https:\/\/steuerportal.ch\/fr\/wp-json\/wp\/v2\/users\/74"}],"wp:attachment":[{"href":"https:\/\/steuerportal.ch\/fr\/wp-json\/wp\/v2\/media?parent=25806"}],"wp:term":[{"taxonomy":"sht_proarticle_category","embeddable":true,"href":"https:\/\/steuerportal.ch\/fr\/wp-json\/wp\/v2\/sht_proarticle_category?post=25806"},{"taxonomy":"sht_proarticle_tag","embeddable":true,"href":"https:\/\/steuerportal.ch\/fr\/wp-json\/wp\/v2\/sht_proarticle_tag?post=25806"}],"curies":[{"name":"wp","href":"https:\/\/api.w.org\/{rel}","templated":true}]}}