{"id":23597,"date":"2025-01-01T07:07:00","date_gmt":"2025-01-01T06:07:00","guid":{"rendered":"https:\/\/steuerportal.ch\/?post_type=sht_proarticle&#038;p=23597"},"modified":"2025-01-07T16:25:14","modified_gmt":"2025-01-07T15:25:14","slug":"determination-de-la-date-de-notification-dans-la-procedure-fiscale","status":"publish","type":"sht_proarticle","link":"https:\/\/steuerportal.ch\/fr\/articles-specialises\/determination-de-la-date-de-notification-dans-la-procedure-fiscale\/","title":{"rendered":"La d\u00e9termination de la date de notification dans la proc\u00e9dure fiscale"},"content":{"rendered":"","protected":true},"excerpt":{"rendered":"<p>Dans la proc\u00e9dure fiscale, \u00e0 la date de la notification d\u2019une d\u00e9cision correspond le d\u00e9but du d\u00e9lai de recours. Il est ainsi primordial qu\u2019elle soit d\u00e9termin\u00e9e pr\u00e9cis\u00e9ment, \u00e9tant donn\u00e9 que des int\u00e9r\u00eats financiers importants sont souvent en jeu. Gassmann clarifie, \u00e0 l\u2019aide de la proc\u00e9dure administrative, les droits et obligations cr\u00e9\u00e9s par la d\u00e9cision de l\u2019autorit\u00e9 ainsi que des cas de figure li\u00e9s \u00e0 une inobservation des d\u00e9lais.<\/p>\n","protected":false},"author":2371,"featured_media":0,"template":"","meta":{"_acf_changed":false,"authors":[{"ID":2821,"display_name":"Gregor Gassmann","first_name":"Gregor","last_name":"Gassmann","description":"<p>Dr. iur., Rechtsanwalt, Gerichtsschreiber am Bundesverwaltungsgericht, St. Gallen<\/p>\n","image":"https:\/\/steuerportal.ch\/wp-content\/uploads\/2024\/12\/gregor_gassmann-220x220.jpg","organiser_data":[],"url":"https:\/\/steuerportal.ch\/fr\/autoren\/gregor-gassmann\/"}],"related_sht_promodule":["<a href=\"https:\/\/steuerportal.ch\/fr\/modules-specialises\/revue-fiscale\/articles-de-fond\/\">Revue fiscale &#8594; Articles de fond<\/a>"],"pdf":"https:\/\/steuerportal.ch\/fr\/articles-specialises\/determination-de-la-date-de-notification-dans-la-procedure-fiscale\/shtpdf\/","language":"fr"},"sht_proarticle_category":[266],"sht_proarticle_tag":[],"class_list":["post-23597","sht_proarticle","type-sht_proarticle","status-publish","hentry","sht_proarticle_category-articles-de-fond"],"acf":{"authors":[2821]},"shp_steuerportal_must_use":{"translations":[{"id":23583,"link":"https:\/\/steuerportal.ch\/articles-specialises\/bestimmung-des-zustellungszeitpunkts-im-steuerverfahren\/","title":{"rendered":"Bestimmung des Zustellungszeitpunkts im Steuerverfahren"},"language":"de"},{"id":23597,"link":"https:\/\/steuerportal.ch\/fr\/articles-specialises\/determination-de-la-date-de-notification-dans-la-procedure-fiscale\/","title":{"rendered":"La d\u00e9termination de la date de notification dans la proc\u00e9dure fiscale"},"language":"fr"}]},"yoast_head":"<!-- This site is optimized with the Yoast SEO plugin v27.5 - https:\/\/yoast.com\/product\/yoast-seo-wordpress\/ -->\n<title>La d\u00e9termination de la date de notification dans la proc\u00e9dure fiscale &#8226; steuerportal.ch<\/title>\n<meta name=\"robots\" content=\"index, follow, max-snippet:-1, max-image-preview:large, max-video-preview:-1\" \/>\n<link rel=\"canonical\" href=\"https:\/\/steuerportal.ch\/fr\/articles-specialises\/determination-de-la-date-de-notification-dans-la-procedure-fiscale\/\" \/>\n<meta property=\"og:locale\" content=\"fr_FR\" \/>\n<meta property=\"og:type\" content=\"article\" \/>\n<meta property=\"og:title\" content=\"La d\u00e9termination de la date de notification dans la proc\u00e9dure fiscale &#8226; steuerportal.ch\" \/>\n<meta property=\"og:description\" content=\"Dans la proc\u00e9dure fiscale, \u00e0 la date de la notification d\u2019une d\u00e9cision correspond le d\u00e9but du d\u00e9lai de recours. Il est ainsi primordial qu\u2019elle soit d\u00e9termin\u00e9e pr\u00e9cis\u00e9ment, \u00e9tant donn\u00e9 que des int\u00e9r\u00eats financiers importants sont souvent en jeu. Gassmann clarifie, \u00e0 l\u2019aide de la proc\u00e9dure administrative, les droits et obligations cr\u00e9\u00e9s par la d\u00e9cision de l\u2019autorit\u00e9 ainsi que des cas de figure li\u00e9s \u00e0 une inobservation des d\u00e9lais.\" \/>\n<meta property=\"og:url\" content=\"https:\/\/steuerportal.ch\/fr\/articles-specialises\/determination-de-la-date-de-notification-dans-la-procedure-fiscale\/\" \/>\n<meta property=\"og:site_name\" content=\"steuerportal.ch\" \/>\n<meta property=\"article:modified_time\" content=\"2025-01-07T15:25:14+00:00\" \/>\n<meta property=\"og:image\" content=\"https:\/\/steuerportal.ch\/wp-content\/uploads\/2025\/01\/image-4.png\" \/>\n\t<meta property=\"og:image:width\" content=\"1707\" \/>\n\t<meta property=\"og:image:height\" content=\"344\" \/>\n\t<meta property=\"og:image:type\" content=\"image\/png\" \/>\n<meta name=\"twitter:card\" content=\"summary_large_image\" \/>\n<meta name=\"twitter:label1\" content=\"Dur\u00e9e de lecture estim\u00e9e\" \/>\n\t<meta name=\"twitter:data1\" content=\"40 minutes\" \/>\n<script type=\"application\/ld+json\" class=\"yoast-schema-graph\">{\"@context\":\"https:\\\/\\\/schema.org\",\"@graph\":[{\"@type\":\"WebPage\",\"@id\":\"https:\\\/\\\/steuerportal.ch\\\/fr\\\/articles-specialises\\\/determination-de-la-date-de-notification-dans-la-procedure-fiscale\\\/\",\"url\":\"https:\\\/\\\/steuerportal.ch\\\/fr\\\/articles-specialises\\\/determination-de-la-date-de-notification-dans-la-procedure-fiscale\\\/\",\"name\":\"La d\u00e9termination de la date de notification dans la proc\u00e9dure fiscale &#8226; steuerportal.ch\",\"isPartOf\":{\"@id\":\"https:\\\/\\\/steuerportal.ch\\\/fr\\\/#website\"},\"primaryImageOfPage\":{\"@id\":\"https:\\\/\\\/steuerportal.ch\\\/fr\\\/articles-specialises\\\/determination-de-la-date-de-notification-dans-la-procedure-fiscale\\\/#primaryimage\"},\"image\":{\"@id\":\"https:\\\/\\\/steuerportal.ch\\\/fr\\\/articles-specialises\\\/determination-de-la-date-de-notification-dans-la-procedure-fiscale\\\/#primaryimage\"},\"thumbnailUrl\":\"https:\\\/\\\/steuerportal.ch\\\/wp-content\\\/uploads\\\/2025\\\/01\\\/image-4-1024x206.png\",\"datePublished\":\"2025-01-01T06:07:00+00:00\",\"dateModified\":\"2025-01-07T15:25:14+00:00\",\"breadcrumb\":{\"@id\":\"https:\\\/\\\/steuerportal.ch\\\/fr\\\/articles-specialises\\\/determination-de-la-date-de-notification-dans-la-procedure-fiscale\\\/#breadcrumb\"},\"inLanguage\":\"fr-FR\",\"potentialAction\":[{\"@type\":\"ReadAction\",\"target\":[\"https:\\\/\\\/steuerportal.ch\\\/fr\\\/articles-specialises\\\/determination-de-la-date-de-notification-dans-la-procedure-fiscale\\\/\"]}]},{\"@type\":\"ImageObject\",\"inLanguage\":\"fr-FR\",\"@id\":\"https:\\\/\\\/steuerportal.ch\\\/fr\\\/articles-specialises\\\/determination-de-la-date-de-notification-dans-la-procedure-fiscale\\\/#primaryimage\",\"url\":\"https:\\\/\\\/steuerportal.ch\\\/wp-content\\\/uploads\\\/2025\\\/01\\\/image-4-1024x206.png\",\"contentUrl\":\"https:\\\/\\\/steuerportal.ch\\\/wp-content\\\/uploads\\\/2025\\\/01\\\/image-4-1024x206.png\"},{\"@type\":\"BreadcrumbList\",\"@id\":\"https:\\\/\\\/steuerportal.ch\\\/fr\\\/articles-specialises\\\/determination-de-la-date-de-notification-dans-la-procedure-fiscale\\\/#breadcrumb\",\"itemListElement\":[{\"@type\":\"ListItem\",\"position\":1,\"name\":\"Page d'accueil\",\"item\":\"https:\\\/\\\/steuerportal.ch\\\/fr\\\/\"},{\"@type\":\"ListItem\",\"position\":2,\"name\":\"Fachartikel\",\"item\":\"https:\\\/\\\/steuerportal.ch\\\/fr\\\/articles-specialises\\\/\"},{\"@type\":\"ListItem\",\"position\":3,\"name\":\"La d\u00e9termination de la date de notification dans la proc\u00e9dure fiscale\"}]},{\"@type\":\"WebSite\",\"@id\":\"https:\\\/\\\/steuerportal.ch\\\/fr\\\/#website\",\"url\":\"https:\\\/\\\/steuerportal.ch\\\/fr\\\/\",\"name\":\"steuerportal.ch\",\"description\":\"Le portail suisse sp\u00e9cialis\u00e9 dans le domaine des imp\u00f4ts\",\"publisher\":{\"@id\":\"https:\\\/\\\/steuerportal.ch\\\/fr\\\/#organization\"},\"potentialAction\":[{\"@type\":\"SearchAction\",\"target\":{\"@type\":\"EntryPoint\",\"urlTemplate\":\"https:\\\/\\\/steuerportal.ch\\\/fr\\\/?s={search_term_string}\"},\"query-input\":{\"@type\":\"PropertyValueSpecification\",\"valueRequired\":true,\"valueName\":\"search_term_string\"}}],\"inLanguage\":\"fr-FR\"},{\"@type\":\"Organization\",\"@id\":\"https:\\\/\\\/steuerportal.ch\\\/fr\\\/#organization\",\"name\":\"Steuerportal (Cosmos Verlag)\",\"url\":\"https:\\\/\\\/steuerportal.ch\\\/fr\\\/\",\"logo\":{\"@type\":\"ImageObject\",\"inLanguage\":\"fr-FR\",\"@id\":\"https:\\\/\\\/steuerportal.ch\\\/fr\\\/#\\\/schema\\\/logo\\\/image\\\/\",\"url\":\"https:\\\/\\\/steuerportal.ch\\\/wp-content\\\/uploads\\\/2021\\\/06\\\/cosmos_c-strich_h_positiv_bunt.svg\",\"contentUrl\":\"https:\\\/\\\/steuerportal.ch\\\/wp-content\\\/uploads\\\/2021\\\/06\\\/cosmos_c-strich_h_positiv_bunt.svg\",\"width\":191,\"height\":44,\"caption\":\"Steuerportal (Cosmos Verlag)\"},\"image\":{\"@id\":\"https:\\\/\\\/steuerportal.ch\\\/fr\\\/#\\\/schema\\\/logo\\\/image\\\/\"}}]}<\/script>\n<!-- \/ Yoast SEO plugin. -->","yoast_head_json":{"title":"La d\u00e9termination de la date de notification dans la proc\u00e9dure fiscale &#8226; steuerportal.ch","robots":{"index":"index","follow":"follow","max-snippet":"max-snippet:-1","max-image-preview":"max-image-preview:large","max-video-preview":"max-video-preview:-1"},"canonical":"https:\/\/steuerportal.ch\/fr\/articles-specialises\/determination-de-la-date-de-notification-dans-la-procedure-fiscale\/","og_locale":"fr_FR","og_type":"article","og_title":"La d\u00e9termination de la date de notification dans la proc\u00e9dure fiscale &#8226; steuerportal.ch","og_description":"Dans la proc\u00e9dure fiscale, \u00e0 la date de la notification d\u2019une d\u00e9cision correspond le d\u00e9but du d\u00e9lai de recours. Il est ainsi primordial qu\u2019elle soit d\u00e9termin\u00e9e pr\u00e9cis\u00e9ment, \u00e9tant donn\u00e9 que des int\u00e9r\u00eats financiers importants sont souvent en jeu. Gassmann clarifie, \u00e0 l\u2019aide de la proc\u00e9dure administrative, les droits et obligations cr\u00e9\u00e9s par la d\u00e9cision de l\u2019autorit\u00e9 ainsi que des cas de figure li\u00e9s \u00e0 une inobservation des d\u00e9lais.","og_url":"https:\/\/steuerportal.ch\/fr\/articles-specialises\/determination-de-la-date-de-notification-dans-la-procedure-fiscale\/","og_site_name":"steuerportal.ch","article_modified_time":"2025-01-07T15:25:14+00:00","og_image":[{"width":1707,"height":344,"url":"https:\/\/steuerportal.ch\/wp-content\/uploads\/2025\/01\/image-4.png","type":"image\/png"}],"twitter_card":"summary_large_image","twitter_misc":{"Dur\u00e9e de lecture estim\u00e9e":"40 minutes"},"schema":{"@context":"https:\/\/schema.org","@graph":[{"@type":"WebPage","@id":"https:\/\/steuerportal.ch\/fr\/articles-specialises\/determination-de-la-date-de-notification-dans-la-procedure-fiscale\/","url":"https:\/\/steuerportal.ch\/fr\/articles-specialises\/determination-de-la-date-de-notification-dans-la-procedure-fiscale\/","name":"La d\u00e9termination de la date de notification dans la proc\u00e9dure fiscale &#8226; steuerportal.ch","isPartOf":{"@id":"https:\/\/steuerportal.ch\/fr\/#website"},"primaryImageOfPage":{"@id":"https:\/\/steuerportal.ch\/fr\/articles-specialises\/determination-de-la-date-de-notification-dans-la-procedure-fiscale\/#primaryimage"},"image":{"@id":"https:\/\/steuerportal.ch\/fr\/articles-specialises\/determination-de-la-date-de-notification-dans-la-procedure-fiscale\/#primaryimage"},"thumbnailUrl":"https:\/\/steuerportal.ch\/wp-content\/uploads\/2025\/01\/image-4-1024x206.png","datePublished":"2025-01-01T06:07:00+00:00","dateModified":"2025-01-07T15:25:14+00:00","breadcrumb":{"@id":"https:\/\/steuerportal.ch\/fr\/articles-specialises\/determination-de-la-date-de-notification-dans-la-procedure-fiscale\/#breadcrumb"},"inLanguage":"fr-FR","potentialAction":[{"@type":"ReadAction","target":["https:\/\/steuerportal.ch\/fr\/articles-specialises\/determination-de-la-date-de-notification-dans-la-procedure-fiscale\/"]}]},{"@type":"ImageObject","inLanguage":"fr-FR","@id":"https:\/\/steuerportal.ch\/fr\/articles-specialises\/determination-de-la-date-de-notification-dans-la-procedure-fiscale\/#primaryimage","url":"https:\/\/steuerportal.ch\/wp-content\/uploads\/2025\/01\/image-4-1024x206.png","contentUrl":"https:\/\/steuerportal.ch\/wp-content\/uploads\/2025\/01\/image-4-1024x206.png"},{"@type":"BreadcrumbList","@id":"https:\/\/steuerportal.ch\/fr\/articles-specialises\/determination-de-la-date-de-notification-dans-la-procedure-fiscale\/#breadcrumb","itemListElement":[{"@type":"ListItem","position":1,"name":"Page d'accueil","item":"https:\/\/steuerportal.ch\/fr\/"},{"@type":"ListItem","position":2,"name":"Fachartikel","item":"https:\/\/steuerportal.ch\/fr\/articles-specialises\/"},{"@type":"ListItem","position":3,"name":"La d\u00e9termination de la date de notification dans la proc\u00e9dure fiscale"}]},{"@type":"WebSite","@id":"https:\/\/steuerportal.ch\/fr\/#website","url":"https:\/\/steuerportal.ch\/fr\/","name":"steuerportal.ch","description":"Le portail suisse sp\u00e9cialis\u00e9 dans le domaine des imp\u00f4ts","publisher":{"@id":"https:\/\/steuerportal.ch\/fr\/#organization"},"potentialAction":[{"@type":"SearchAction","target":{"@type":"EntryPoint","urlTemplate":"https:\/\/steuerportal.ch\/fr\/?s={search_term_string}"},"query-input":{"@type":"PropertyValueSpecification","valueRequired":true,"valueName":"search_term_string"}}],"inLanguage":"fr-FR"},{"@type":"Organization","@id":"https:\/\/steuerportal.ch\/fr\/#organization","name":"Steuerportal (Cosmos Verlag)","url":"https:\/\/steuerportal.ch\/fr\/","logo":{"@type":"ImageObject","inLanguage":"fr-FR","@id":"https:\/\/steuerportal.ch\/fr\/#\/schema\/logo\/image\/","url":"https:\/\/steuerportal.ch\/wp-content\/uploads\/2021\/06\/cosmos_c-strich_h_positiv_bunt.svg","contentUrl":"https:\/\/steuerportal.ch\/wp-content\/uploads\/2021\/06\/cosmos_c-strich_h_positiv_bunt.svg","width":191,"height":44,"caption":"Steuerportal (Cosmos Verlag)"},"image":{"@id":"https:\/\/steuerportal.ch\/fr\/#\/schema\/logo\/image\/"}}]}},"_links":{"self":[{"href":"https:\/\/steuerportal.ch\/fr\/wp-json\/wp\/v2\/sht_proarticle\/23597","targetHints":{"allow":["GET"]}}],"collection":[{"href":"https:\/\/steuerportal.ch\/fr\/wp-json\/wp\/v2\/sht_proarticle"}],"about":[{"href":"https:\/\/steuerportal.ch\/fr\/wp-json\/wp\/v2\/types\/sht_proarticle"}],"author":[{"embeddable":true,"href":"https:\/\/steuerportal.ch\/fr\/wp-json\/wp\/v2\/users\/2371"}],"version-history":[{"count":9,"href":"https:\/\/steuerportal.ch\/fr\/wp-json\/wp\/v2\/sht_proarticle\/23597\/revisions"}],"predecessor-version":[{"id":23772,"href":"https:\/\/steuerportal.ch\/fr\/wp-json\/wp\/v2\/sht_proarticle\/23597\/revisions\/23772"}],"acf:user":[{"embeddable":true,"href":"https:\/\/steuerportal.ch\/fr\/wp-json\/wp\/v2\/users\/2821"}],"wp:attachment":[{"href":"https:\/\/steuerportal.ch\/fr\/wp-json\/wp\/v2\/media?parent=23597"}],"wp:term":[{"taxonomy":"sht_proarticle_category","embeddable":true,"href":"https:\/\/steuerportal.ch\/fr\/wp-json\/wp\/v2\/sht_proarticle_category?post=23597"},{"taxonomy":"sht_proarticle_tag","embeddable":true,"href":"https:\/\/steuerportal.ch\/fr\/wp-json\/wp\/v2\/sht_proarticle_tag?post=23597"}],"curies":[{"name":"wp","href":"https:\/\/api.w.org\/{rel}","templated":true}]}}