{"id":23526,"date":"2025-01-01T07:00:00","date_gmt":"2025-01-01T06:00:00","guid":{"rendered":"https:\/\/steuerportal.ch\/?post_type=sht_proarticle&#038;p=23526"},"modified":"2025-01-08T17:13:50","modified_gmt":"2025-01-08T16:13:50","slug":"avez-vous-de-lessence-dans-le-sang-toni-amonn","status":"publish","type":"sht_proarticle","link":"https:\/\/steuerportal.ch\/fr\/articles-specialises\/avez-vous-de-lessence-dans-le-sang-toni-amonn\/","title":{"rendered":"Avez-vous de l\u2019essence dans le sang, Toni Amonn?"},"content":{"rendered":"<div class=\"wp-block-media-text is-stacked-on-mobile\"><figure class=\"wp-block-media-text__media\"><img loading=\"lazy\" decoding=\"async\" width=\"663\" height=\"1024\" src=\"https:\/\/steuerportal.ch\/wp-content\/uploads\/2024\/12\/rendezvous_toni_amonn-663x1024.jpg\" alt=\"\" class=\"wp-image-23520 size-full\" srcset=\"https:\/\/steuerportal.ch\/wp-content\/uploads\/2024\/12\/rendezvous_toni_amonn-663x1024.jpg 663w, https:\/\/steuerportal.ch\/wp-content\/uploads\/2024\/12\/rendezvous_toni_amonn-700x1081.jpg 700w, https:\/\/steuerportal.ch\/wp-content\/uploads\/2024\/12\/rendezvous_toni_amonn-768x1186.jpg 768w, https:\/\/steuerportal.ch\/wp-content\/uploads\/2024\/12\/rendezvous_toni_amonn-995x1536.jpg 995w, https:\/\/steuerportal.ch\/wp-content\/uploads\/2024\/12\/rendezvous_toni_amonn-181x280.jpg 181w, https:\/\/steuerportal.ch\/wp-content\/uploads\/2024\/12\/rendezvous_toni_amonn-628x970.jpg 628w, https:\/\/steuerportal.ch\/wp-content\/uploads\/2024\/12\/rendezvous_toni_amonn-296x457.jpg 296w, https:\/\/steuerportal.ch\/wp-content\/uploads\/2024\/12\/rendezvous_toni_amonn.jpg 1049w\" sizes=\"auto, (max-width: 663px) 100vw, 663px\" \/><\/figure><div class=\"wp-block-media-text__content\">\n<p><strong>Nom<\/strong>: Toni Amonn<\/p>\n\n\n\n<p><strong>Profession\/position<\/strong>: Avocat fiscaliste, partenaire chez Law Firm Switzerland<\/p>\n\n\n\n<p><strong>Famille<\/strong>: mari&eacute;, quatre fils<\/p>\n\n\n\n<p><strong>Loisirs<\/strong>: famille, voyages, sports motoris&eacute;s<\/p>\n<\/div><\/div><div class=\"wp-block-group is-style-info-box has-gray-xlight-background-color has-background is-layout-constrained wp-container-core-group-is-layout-c385debf wp-block-group-is-layout-constrained\" style=\"padding-top:var(--wp--preset--spacing--20);padding-right:var(--wp--preset--spacing--20);padding-bottom:var(--wp--preset--spacing--20);padding-left:var(--wp--preset--spacing--20)\">\n<p class=\"has-primary-dark-color has-text-color\">Ce texte est une <strong>traduction automatique r&eacute;vis&eacute;e<\/strong> de l&rsquo;article original en allemand. Changez les param&egrave;tres de langue pour lire l&rsquo;article original en allemand. Vous ne voulez pas manquer un article en fran&ccedil;ais? Abonnez-vous &agrave; notre newsletter.<\/p>\n\n\n\n<div class=\"wp-block-group is-layout-flow wp-block-group-is-layout-flow\">\n<div class=\"wp-block-buttons is-layout-flex wp-block-buttons-is-layout-flex\">\n<div class=\"wp-block-button\"><a class=\"wp-block-button__link wp-element-button\" href=\"https:\/\/steuerportal.ch\/fr\/contact\/#Newsletter\" target=\"_blank\" rel=\"noreferrer noopener\">Inscription &agrave; la newsletter<\/a><\/div>\n<\/div>\n\n\n\n<div style=\"height:20px\" aria-hidden=\"true\" class=\"wp-block-spacer\"><\/div>\n<\/div>\n<\/div><p><strong><em>Pourquoi &ecirc;tes-vous devenu avocat fiscaliste? Qu&rsquo;auriez-vous fait autrement?<\/em><\/strong><\/p><p>J&rsquo;ai choisi de faire des &eacute;tudes de droit parce que je voulais suivre une formation qui me permettrait de travailler &agrave; mon compte. Pendant mes &eacute;tudes, le droit fiscal &eacute;tait la seule mati&egrave;re que je n&rsquo;ai pas comprise du premier coup. Mon premier cours de droit fiscal m&rsquo;a sembl&eacute; &ecirc;tre du chinois. C&rsquo;est ce qui m&rsquo;a donn&eacute; envie de m&rsquo;y int&eacute;resser de plus pr&egrave;s.<\/p><p>Mon premier cours de droit fiscal m&rsquo;a sembl&eacute; &ecirc;tre du chinois<\/p><p><strong><em>Vivez-vous pour le droit fiscal?<\/em><\/strong><\/p><p>Le droit fiscal n&rsquo;est certainement pas ma vie, mais il n&rsquo;est pas non plus sans importance. Aujourd&rsquo;hui encore, je vais volontiers au travail tous les jours, car ce domaine continue de m&rsquo;int&eacute;resser beaucoup.<\/p><p><strong><em>Avez-vous une devise de vie?<\/em><\/strong><\/p><p>Vivre et laisser vivre &ndash; je suis une personne tr&egrave;s attach&eacute;e &agrave; la libert&eacute; et je ne me m&ecirc;le donc pas de la vie des autres. La tol&eacute;rance est importante et n&rsquo;a de limites que l&agrave; o&ugrave; les autres sont consid&eacute;rablement affect&eacute;s.<\/p><p><strong><em>Avez-vous une passion (secr&egrave;te) (en plus du droit fiscal)?<\/em><\/strong><\/p><p>Faire de la moto &ndash; c&rsquo;est peut-&ecirc;tre aussi li&eacute; au sentiment de libert&eacute;. Entre-temps, je roule aussi avec mes fils, et avec l&rsquo;un d&rsquo;eux r&eacute;guli&egrave;rement sur le circuit (mais pas en course).<\/p><p><strong><em>Avez-vous de l&rsquo;essence dans le sang?<\/em><\/strong><\/p><p>Oui, probablement, en tout cas certainement plus que l&rsquo;alcool.<\/p><p><strong><em>Quel &eacute;tait votre souhait professionnel lorsque vous &eacute;tiez enfant &ndash; et pourquoi cela n&rsquo;a-t-il pas abouti?<\/em><\/strong><\/p><p>Enfant, je n&rsquo;avais pas encore de projet professionnel (certainement pas avocat fiscaliste). Mon p&egrave;re &eacute;tait m&eacute;decin, mais ce m&eacute;tier ne m&rsquo;attirait pas. J&rsquo;ai peut-&ecirc;tre h&eacute;rit&eacute; de lui le d&eacute;sir d&rsquo;ind&eacute;pendance. Jusqu&rsquo;&agrave; la fin du lyc&eacute;e, je ne savais pas ce que je devais &eacute;tudier. Ce n&rsquo;est qu&rsquo;&agrave; l&rsquo;ER que j&rsquo;ai opt&eacute; pour des &eacute;tudes de droit.<\/p><p><strong><em>Qu&rsquo;est-ce qui fait le succ&egrave;s d&rsquo;un avocat fiscaliste?<\/em><\/strong><\/p><p>C&rsquo;est probablement individuel et pas le m&ecirc;me pour tous. De plus, on peut d&eacute;finir le succ&egrave;s de diff&eacute;rentes mani&egrave;res. Pour moi, le succ&egrave;s signifie que mon propre travail est appr&eacute;ci&eacute; par mes clients et que j&rsquo;y trouve moi-m&ecirc;me du plaisir. En tant qu&rsquo;avocat fiscaliste, il faut certainement un certain savoir-faire (sans &ecirc;tre un g&eacute;nie), puis une bonne &eacute;quipe et la capacit&eacute; de traiter avec les gens (clients et autorit&eacute;s).<\/p><p><strong><em>Que faites-vous pendant votre temps libre? En avez-vous d&rsquo;ailleurs?<\/em><\/strong><\/p><p>Au cours des vingt derni&egrave;res ann&eacute;es, j&rsquo;ai pass&eacute; presque tout mon temps libre avec ma famille. Il &eacute;tait et il est toujours plus important pour moi d&rsquo;avoir du temps pour ma famille que de faire du chiffre d&rsquo;affaires le week-end et pendant les vacances. Quand mes gar&ccedil;ons &eacute;taient plus petits, nous passions de nombreux week-ends &agrave; faire du karting de course, aujourd&rsquo;hui plut&ocirc;t &agrave; faire de la moto.<\/p><p><strong><em>Vous passez l&rsquo;&eacute;t&eacute; sur l&rsquo;&icirc;le d&rsquo;Elbe. R&ecirc;vez-vous d&rsquo;une vie dans le sud?<\/em><\/strong><\/p><p>Oui, l&rsquo;&icirc;le d&rsquo;Elbe est une sorte de deuxi&egrave;me patrie pour toute ma famille. Je pourrais tr&egrave;s bien m&rsquo;imaginer vivre dans le sud, mais uniquement en tant que touriste (de longue dur&eacute;e) (la bureaucratie est terrible) et, en hiver, plut&ocirc;t dans une ville que sur une &icirc;le.<\/p><p><strong><em>Qui souhaitez-vous absolument rencontrer pour une bi&egrave;re apr&egrave;s le travail?<\/em><\/strong><\/p><p>De pr&eacute;f&eacute;rence mes amis de longue date. Dans mon travail, je rencontre presque tous les jours de nombreuses personnes int&eacute;ressantes, mais je ne ressens pas le besoin de passer la fin de la journ&eacute;e avec elles. Entretenir un bon cercle d&rsquo;amis est plus important.<\/p><p><strong><em>Vous avez pass&eacute; deux ans &agrave; l&rsquo;IBFD d&rsquo;Amsterdam &ndash; qu&rsquo;en avez-vous retir&eacute;?<\/em><\/strong><\/p><p>De beaux souvenirs et quelques bons amis qui me sont rest&eacute;s jusqu&rsquo;&agrave; aujourd&rsquo;hui. Ensuite, bien s&ucirc;r, les connaissances de base du droit fiscal international et la langue n&eacute;erlandaise. Amsterdam a une atmosph&egrave;re particuli&egrave;re &ndash; toute personne qui s&rsquo;y installe se sent chez elle en tr&egrave;s peu de temps. Mais au final, la Suisse est plus belle et plus agr&eacute;able &agrave; vivre.<\/p><p><strong><em>Si vous pouviez faire trois v&oelig;ux, quels seraient-ils?<\/em><\/strong><\/p><p>La sant&eacute; et la paix, cela suffit.<\/p><p><strong><em>Croyez-vous en une puissance sup&eacute;rieure?<\/em><\/strong><\/p><p>Oui, je suis croyant &agrave; ma mani&egrave;re, mais sans l&rsquo;institution de l&rsquo;&Eacute;glise. Je crois que notre propre comportement nous retombe dessus t&ocirc;t ou tard, en bien ou en mal.<\/p><p><strong><em>Quel conseil donneriez-vous &agrave; votre cadet?<\/em><\/strong><\/p><p>De penser positivement et de traverser la vie de mani&egrave;re positive. Les jeunes devraient &ecirc;tre ouverts &agrave; apprendre et &agrave; vivre le plus de choses possibles, mais aussi &ecirc;tre pr&ecirc;ts &agrave; fournir des efforts. J&rsquo;ai parfois l&rsquo;impression que les jeunes se r&eacute;signent trop vite. Il est certain que l&rsquo;on ne peut pas influencer soi-m&ecirc;me tous les aspects de la vie, mais on peut faire beaucoup plus que ce que beaucoup pensent en adoptant une attitude positive face &agrave; la vie (mot-cl&eacute; &laquo;s&eacute;rendipit&eacute;&raquo;).<\/p><p><strong><em>Avez-vous d&eacute;j&agrave; eu de la chance? Qu&rsquo;est-ce qui s&rsquo;est pass&eacute;?<\/em><\/strong><\/p><p>En fait, j&rsquo;ai toujours eu de la chance dans ma vie. J&rsquo;ai certes perdu mon p&egrave;re &agrave; 19 ans, mais j&rsquo;ai eu une m&egrave;re attentionn&eacute;e et deux fr&egrave;res qui m&rsquo;&eacute;taient tr&egrave;s proches. Plus tard, j&rsquo;ai &eacute;pous&eacute; une femme merveilleuse et nous avons eu la chance d&rsquo;avoir quatre fils magnifiques. Enfin, tout s&rsquo;est toujours bien pass&eacute; dans les affaires et je suis reconnaissant de n&rsquo;avoir jamais eu de stress personnel avec mon partenaire commercial et toute l&rsquo;&eacute;quipe.<\/p><p><strong><em>Sur quoi avez-vous radicalement chang&eacute; d&rsquo;avis et pourquoi?<\/em><\/strong><\/p><p>Sur les relations entre la Suisse et l&rsquo;UE. En 1992, j&rsquo;&eacute;tais totalement frustr&eacute; par l&rsquo;&eacute;chec de l&rsquo;EEE en votation populaire. Aujourd&rsquo;hui, j&rsquo;en suis reconnaissant et je suis m&ecirc;me convaincu que nous ne devrions en aucun cas conclure l&rsquo;accord-cadre. Nous devons avoir le courage de rester ind&eacute;pendants, m&ecirc;me en acceptant des inconv&eacute;nients. A long terme, ces dommages sont bien moindres que l&rsquo;abandon de notre libert&eacute; et de notre ind&eacute;pendance. L&rsquo;ind&eacute;pendance est l&rsquo;ADN de la Suisse, sans elle, la Suisse n&rsquo;a pas besoin d&rsquo;elle. Dans le mainstream de l&rsquo;UE, nous dispara&icirc;trions politiquement et &eacute;conomiquement. C&rsquo;est d&rsquo;ailleurs l&rsquo;avis de pratiquement tous nos clients qui sont citoyens de l&rsquo;UE.<\/p><p><strong><em>Qu&rsquo;est-ce qui vous fait peur?<\/em><\/strong><\/p><p>L&rsquo;&eacute;volution &eacute;conomique en Europe. L&rsquo;UE m&egrave;ne son &eacute;conomie dans le mur pour des raisons id&eacute;ologiques, parce que la politique s&rsquo;est compl&egrave;tement coup&eacute;e du peuple. Je parle beaucoup avec de jeunes Allemands (des amis de nos fils) &ndash; ils ont perdu tout espoir et veulent quitter l&rsquo;Allemagne. C&rsquo;est plus que pr&eacute;occupant. Mais &agrave; plus long terme, je suis optimiste. Lorsque la mis&egrave;re sera suffisamment grande, il y aura un changement de mentalit&eacute;. La jeune g&eacute;n&eacute;ration doit r&eacute;apprendre &agrave; retrousser ses manches et &agrave; se battre pour la prosp&eacute;rit&eacute;. Je pense qu&rsquo;ils y parviendront.<\/p><p><strong><em>Pour terminer, une question de politique fiscale: vous vous occupez entre autres de personnes impos&eacute;es au forfait. Que pensez-vous de cet instrument?<\/em><\/strong><\/p><p>C&rsquo;est un syst&egrave;me fiscal qui se justifie pour de nombreuses raisons. Je consid&egrave;re le groupe cible comme des &laquo; membres passifs &raquo; qui ne gagnent pas leur argent ici, mais qui le d&eacute;pensent uniquement ici et qui paient des imp&ocirc;ts tr&egrave;s cons&eacute;quents. Les forfaitaires font partie des meilleurs contribuables dans l&rsquo;absolu, ce que beaucoup ne savent pas ou ne veulent pas admettre. Dans le canton de Berne, par exemple, il y a environ 200&nbsp;personnes qui d&eacute;clarent plus d&rsquo;un million de revenus &ndash; dont plus de la moiti&eacute; sont des forfaitaires. Mais la cr&eacute;ation de valeur qu&rsquo;ils g&eacute;n&egrave;rent est bien plus importante que les imp&ocirc;ts. Celle-ci s&rsquo;&eacute;l&egrave;ve &agrave; plusieurs milliards (pour l&rsquo;ensemble de la Suisse).<\/p><p><em>R&eacute;vision par Nicole Stucki-Racle<\/em><\/p>\n","protected":false},"excerpt":{"rendered":"<p>Toni Amonn r\u00e9pond \u00e0 nos questions \u2013 pas forc\u00e9ment techniques \u2013 dans le Rendez-vous.<\/p>\n","protected":false},"author":2371,"featured_media":0,"template":"","meta":{"_acf_changed":false,"authors":[{"ID":74,"display_name":"Redaktion Steuer Revue","first_name":"","last_name":"","description":"","image":"https:\/\/steuerportal.ch\/wp-content\/uploads\/2024\/11\/StP_Profilbild_RED_DE_quadratisch.jpg","organiser_data":{"public_organiser_name":"Redaktion Steuer Revue","public_organiser_page":false,"offer":"","location":"","preamble":"","public_organiser_logo":false},"url":"https:\/\/steuerportal.ch\/fr\/autoren\/redaktion-steuer-revue\/"}],"related_sht_promodule":["<a href=\"https:\/\/steuerportal.ch\/fr\/modules-specialises\/revue-fiscale\/rendez-vous\/\">Revue fiscale &#8594; Rendez-vous<\/a>"],"pdf":"https:\/\/steuerportal.ch\/fr\/articles-specialises\/avez-vous-de-lessence-dans-le-sang-toni-amonn\/shtpdf\/","language":"fr"},"sht_proarticle_category":[271],"sht_proarticle_tag":[],"class_list":["post-23526","sht_proarticle","type-sht_proarticle","status-publish","hentry","sht_proarticle_category-rendez-vous-fr"],"acf":{"authors":[74]},"shp_steuerportal_must_use":{"translations":[{"id":23519,"link":"https:\/\/steuerportal.ch\/articles-specialises\/haben-sie-benzin-im-blut-toni-amonn\/","title":{"rendered":"Haben Sie Benzin im Blut, Toni Amonn?"},"language":"de"},{"id":23526,"link":"https:\/\/steuerportal.ch\/fr\/articles-specialises\/avez-vous-de-lessence-dans-le-sang-toni-amonn\/","title":{"rendered":"Avez-vous de l\u2019essence dans le sang, Toni Amonn?"},"language":"fr"}]},"yoast_head":"<!-- This site is optimized with the Yoast SEO plugin v27.5 - https:\/\/yoast.com\/product\/yoast-seo-wordpress\/ -->\n<title>Avez-vous de l\u2019essence dans le sang, Toni Amonn? &#8226; steuerportal.ch<\/title>\n<meta name=\"robots\" content=\"index, follow, max-snippet:-1, max-image-preview:large, max-video-preview:-1\" \/>\n<link rel=\"canonical\" href=\"https:\/\/steuerportal.ch\/fr\/articles-specialises\/avez-vous-de-lessence-dans-le-sang-toni-amonn\/\" \/>\n<meta property=\"og:locale\" content=\"fr_FR\" \/>\n<meta property=\"og:type\" content=\"article\" \/>\n<meta property=\"og:title\" content=\"Avez-vous de l\u2019essence dans le sang, Toni Amonn? &#8226; steuerportal.ch\" \/>\n<meta property=\"og:description\" content=\"Toni Amonn r\u00e9pond \u00e0 nos questions \u2013 pas forc\u00e9ment techniques \u2013 dans le Rendez-vous.\" \/>\n<meta property=\"og:url\" content=\"https:\/\/steuerportal.ch\/fr\/articles-specialises\/avez-vous-de-lessence-dans-le-sang-toni-amonn\/\" \/>\n<meta property=\"og:site_name\" content=\"steuerportal.ch\" \/>\n<meta property=\"article:modified_time\" content=\"2025-01-08T16:13:50+00:00\" \/>\n<meta property=\"og:image\" content=\"https:\/\/steuerportal.ch\/wp-content\/uploads\/2024\/12\/rendezvous_toni_amonn.jpg\" \/>\n\t<meta property=\"og:image:width\" content=\"1049\" \/>\n\t<meta property=\"og:image:height\" content=\"1620\" \/>\n\t<meta property=\"og:image:type\" content=\"image\/jpeg\" \/>\n<meta name=\"twitter:card\" content=\"summary_large_image\" \/>\n<meta name=\"twitter:label1\" content=\"Dur\u00e9e de lecture estim\u00e9e\" \/>\n\t<meta name=\"twitter:data1\" content=\"8 minutes\" \/>\n<script type=\"application\/ld+json\" class=\"yoast-schema-graph\">{\"@context\":\"https:\\\/\\\/schema.org\",\"@graph\":[{\"@type\":\"WebPage\",\"@id\":\"https:\\\/\\\/steuerportal.ch\\\/fr\\\/articles-specialises\\\/avez-vous-de-lessence-dans-le-sang-toni-amonn\\\/\",\"url\":\"https:\\\/\\\/steuerportal.ch\\\/fr\\\/articles-specialises\\\/avez-vous-de-lessence-dans-le-sang-toni-amonn\\\/\",\"name\":\"Avez-vous de l\u2019essence dans le sang, Toni Amonn? &#8226; steuerportal.ch\",\"isPartOf\":{\"@id\":\"https:\\\/\\\/steuerportal.ch\\\/fr\\\/#website\"},\"primaryImageOfPage\":{\"@id\":\"https:\\\/\\\/steuerportal.ch\\\/fr\\\/articles-specialises\\\/avez-vous-de-lessence-dans-le-sang-toni-amonn\\\/#primaryimage\"},\"image\":{\"@id\":\"https:\\\/\\\/steuerportal.ch\\\/fr\\\/articles-specialises\\\/avez-vous-de-lessence-dans-le-sang-toni-amonn\\\/#primaryimage\"},\"thumbnailUrl\":\"https:\\\/\\\/steuerportal.ch\\\/wp-content\\\/uploads\\\/2024\\\/12\\\/rendezvous_toni_amonn-663x1024.jpg\",\"datePublished\":\"2025-01-01T06:00:00+00:00\",\"dateModified\":\"2025-01-08T16:13:50+00:00\",\"breadcrumb\":{\"@id\":\"https:\\\/\\\/steuerportal.ch\\\/fr\\\/articles-specialises\\\/avez-vous-de-lessence-dans-le-sang-toni-amonn\\\/#breadcrumb\"},\"inLanguage\":\"fr-FR\",\"potentialAction\":[{\"@type\":\"ReadAction\",\"target\":[\"https:\\\/\\\/steuerportal.ch\\\/fr\\\/articles-specialises\\\/avez-vous-de-lessence-dans-le-sang-toni-amonn\\\/\"]}]},{\"@type\":\"ImageObject\",\"inLanguage\":\"fr-FR\",\"@id\":\"https:\\\/\\\/steuerportal.ch\\\/fr\\\/articles-specialises\\\/avez-vous-de-lessence-dans-le-sang-toni-amonn\\\/#primaryimage\",\"url\":\"https:\\\/\\\/steuerportal.ch\\\/wp-content\\\/uploads\\\/2024\\\/12\\\/rendezvous_toni_amonn-663x1024.jpg\",\"contentUrl\":\"https:\\\/\\\/steuerportal.ch\\\/wp-content\\\/uploads\\\/2024\\\/12\\\/rendezvous_toni_amonn-663x1024.jpg\"},{\"@type\":\"BreadcrumbList\",\"@id\":\"https:\\\/\\\/steuerportal.ch\\\/fr\\\/articles-specialises\\\/avez-vous-de-lessence-dans-le-sang-toni-amonn\\\/#breadcrumb\",\"itemListElement\":[{\"@type\":\"ListItem\",\"position\":1,\"name\":\"Page d'accueil\",\"item\":\"https:\\\/\\\/steuerportal.ch\\\/fr\\\/\"},{\"@type\":\"ListItem\",\"position\":2,\"name\":\"Fachartikel\",\"item\":\"https:\\\/\\\/steuerportal.ch\\\/fr\\\/articles-specialises\\\/\"},{\"@type\":\"ListItem\",\"position\":3,\"name\":\"Avez-vous de l\u2019essence dans le sang, Toni Amonn?\"}]},{\"@type\":\"WebSite\",\"@id\":\"https:\\\/\\\/steuerportal.ch\\\/fr\\\/#website\",\"url\":\"https:\\\/\\\/steuerportal.ch\\\/fr\\\/\",\"name\":\"steuerportal.ch\",\"description\":\"Le portail suisse sp\u00e9cialis\u00e9 dans le domaine des imp\u00f4ts\",\"publisher\":{\"@id\":\"https:\\\/\\\/steuerportal.ch\\\/fr\\\/#organization\"},\"potentialAction\":[{\"@type\":\"SearchAction\",\"target\":{\"@type\":\"EntryPoint\",\"urlTemplate\":\"https:\\\/\\\/steuerportal.ch\\\/fr\\\/?s={search_term_string}\"},\"query-input\":{\"@type\":\"PropertyValueSpecification\",\"valueRequired\":true,\"valueName\":\"search_term_string\"}}],\"inLanguage\":\"fr-FR\"},{\"@type\":\"Organization\",\"@id\":\"https:\\\/\\\/steuerportal.ch\\\/fr\\\/#organization\",\"name\":\"Steuerportal (Cosmos Verlag)\",\"url\":\"https:\\\/\\\/steuerportal.ch\\\/fr\\\/\",\"logo\":{\"@type\":\"ImageObject\",\"inLanguage\":\"fr-FR\",\"@id\":\"https:\\\/\\\/steuerportal.ch\\\/fr\\\/#\\\/schema\\\/logo\\\/image\\\/\",\"url\":\"https:\\\/\\\/steuerportal.ch\\\/wp-content\\\/uploads\\\/2021\\\/06\\\/cosmos_c-strich_h_positiv_bunt.svg\",\"contentUrl\":\"https:\\\/\\\/steuerportal.ch\\\/wp-content\\\/uploads\\\/2021\\\/06\\\/cosmos_c-strich_h_positiv_bunt.svg\",\"width\":191,\"height\":44,\"caption\":\"Steuerportal (Cosmos Verlag)\"},\"image\":{\"@id\":\"https:\\\/\\\/steuerportal.ch\\\/fr\\\/#\\\/schema\\\/logo\\\/image\\\/\"}}]}<\/script>\n<!-- \/ Yoast SEO plugin. -->","yoast_head_json":{"title":"Avez-vous de l\u2019essence dans le sang, Toni Amonn? &#8226; steuerportal.ch","robots":{"index":"index","follow":"follow","max-snippet":"max-snippet:-1","max-image-preview":"max-image-preview:large","max-video-preview":"max-video-preview:-1"},"canonical":"https:\/\/steuerportal.ch\/fr\/articles-specialises\/avez-vous-de-lessence-dans-le-sang-toni-amonn\/","og_locale":"fr_FR","og_type":"article","og_title":"Avez-vous de l\u2019essence dans le sang, Toni Amonn? &#8226; steuerportal.ch","og_description":"Toni Amonn r\u00e9pond \u00e0 nos questions \u2013 pas forc\u00e9ment techniques \u2013 dans le Rendez-vous.","og_url":"https:\/\/steuerportal.ch\/fr\/articles-specialises\/avez-vous-de-lessence-dans-le-sang-toni-amonn\/","og_site_name":"steuerportal.ch","article_modified_time":"2025-01-08T16:13:50+00:00","og_image":[{"width":1049,"height":1620,"url":"https:\/\/steuerportal.ch\/wp-content\/uploads\/2024\/12\/rendezvous_toni_amonn.jpg","type":"image\/jpeg"}],"twitter_card":"summary_large_image","twitter_misc":{"Dur\u00e9e de lecture estim\u00e9e":"8 minutes"},"schema":{"@context":"https:\/\/schema.org","@graph":[{"@type":"WebPage","@id":"https:\/\/steuerportal.ch\/fr\/articles-specialises\/avez-vous-de-lessence-dans-le-sang-toni-amonn\/","url":"https:\/\/steuerportal.ch\/fr\/articles-specialises\/avez-vous-de-lessence-dans-le-sang-toni-amonn\/","name":"Avez-vous de l\u2019essence dans le sang, Toni Amonn? &#8226; steuerportal.ch","isPartOf":{"@id":"https:\/\/steuerportal.ch\/fr\/#website"},"primaryImageOfPage":{"@id":"https:\/\/steuerportal.ch\/fr\/articles-specialises\/avez-vous-de-lessence-dans-le-sang-toni-amonn\/#primaryimage"},"image":{"@id":"https:\/\/steuerportal.ch\/fr\/articles-specialises\/avez-vous-de-lessence-dans-le-sang-toni-amonn\/#primaryimage"},"thumbnailUrl":"https:\/\/steuerportal.ch\/wp-content\/uploads\/2024\/12\/rendezvous_toni_amonn-663x1024.jpg","datePublished":"2025-01-01T06:00:00+00:00","dateModified":"2025-01-08T16:13:50+00:00","breadcrumb":{"@id":"https:\/\/steuerportal.ch\/fr\/articles-specialises\/avez-vous-de-lessence-dans-le-sang-toni-amonn\/#breadcrumb"},"inLanguage":"fr-FR","potentialAction":[{"@type":"ReadAction","target":["https:\/\/steuerportal.ch\/fr\/articles-specialises\/avez-vous-de-lessence-dans-le-sang-toni-amonn\/"]}]},{"@type":"ImageObject","inLanguage":"fr-FR","@id":"https:\/\/steuerportal.ch\/fr\/articles-specialises\/avez-vous-de-lessence-dans-le-sang-toni-amonn\/#primaryimage","url":"https:\/\/steuerportal.ch\/wp-content\/uploads\/2024\/12\/rendezvous_toni_amonn-663x1024.jpg","contentUrl":"https:\/\/steuerportal.ch\/wp-content\/uploads\/2024\/12\/rendezvous_toni_amonn-663x1024.jpg"},{"@type":"BreadcrumbList","@id":"https:\/\/steuerportal.ch\/fr\/articles-specialises\/avez-vous-de-lessence-dans-le-sang-toni-amonn\/#breadcrumb","itemListElement":[{"@type":"ListItem","position":1,"name":"Page d'accueil","item":"https:\/\/steuerportal.ch\/fr\/"},{"@type":"ListItem","position":2,"name":"Fachartikel","item":"https:\/\/steuerportal.ch\/fr\/articles-specialises\/"},{"@type":"ListItem","position":3,"name":"Avez-vous de l\u2019essence dans le sang, Toni Amonn?"}]},{"@type":"WebSite","@id":"https:\/\/steuerportal.ch\/fr\/#website","url":"https:\/\/steuerportal.ch\/fr\/","name":"steuerportal.ch","description":"Le portail suisse sp\u00e9cialis\u00e9 dans le domaine des imp\u00f4ts","publisher":{"@id":"https:\/\/steuerportal.ch\/fr\/#organization"},"potentialAction":[{"@type":"SearchAction","target":{"@type":"EntryPoint","urlTemplate":"https:\/\/steuerportal.ch\/fr\/?s={search_term_string}"},"query-input":{"@type":"PropertyValueSpecification","valueRequired":true,"valueName":"search_term_string"}}],"inLanguage":"fr-FR"},{"@type":"Organization","@id":"https:\/\/steuerportal.ch\/fr\/#organization","name":"Steuerportal (Cosmos Verlag)","url":"https:\/\/steuerportal.ch\/fr\/","logo":{"@type":"ImageObject","inLanguage":"fr-FR","@id":"https:\/\/steuerportal.ch\/fr\/#\/schema\/logo\/image\/","url":"https:\/\/steuerportal.ch\/wp-content\/uploads\/2021\/06\/cosmos_c-strich_h_positiv_bunt.svg","contentUrl":"https:\/\/steuerportal.ch\/wp-content\/uploads\/2021\/06\/cosmos_c-strich_h_positiv_bunt.svg","width":191,"height":44,"caption":"Steuerportal (Cosmos Verlag)"},"image":{"@id":"https:\/\/steuerportal.ch\/fr\/#\/schema\/logo\/image\/"}}]}},"_links":{"self":[{"href":"https:\/\/steuerportal.ch\/fr\/wp-json\/wp\/v2\/sht_proarticle\/23526","targetHints":{"allow":["GET"]}}],"collection":[{"href":"https:\/\/steuerportal.ch\/fr\/wp-json\/wp\/v2\/sht_proarticle"}],"about":[{"href":"https:\/\/steuerportal.ch\/fr\/wp-json\/wp\/v2\/types\/sht_proarticle"}],"author":[{"embeddable":true,"href":"https:\/\/steuerportal.ch\/fr\/wp-json\/wp\/v2\/users\/2371"}],"version-history":[{"count":4,"href":"https:\/\/steuerportal.ch\/fr\/wp-json\/wp\/v2\/sht_proarticle\/23526\/revisions"}],"predecessor-version":[{"id":23816,"href":"https:\/\/steuerportal.ch\/fr\/wp-json\/wp\/v2\/sht_proarticle\/23526\/revisions\/23816"}],"acf:user":[{"embeddable":true,"href":"https:\/\/steuerportal.ch\/fr\/wp-json\/wp\/v2\/users\/74"}],"wp:attachment":[{"href":"https:\/\/steuerportal.ch\/fr\/wp-json\/wp\/v2\/media?parent=23526"}],"wp:term":[{"taxonomy":"sht_proarticle_category","embeddable":true,"href":"https:\/\/steuerportal.ch\/fr\/wp-json\/wp\/v2\/sht_proarticle_category?post=23526"},{"taxonomy":"sht_proarticle_tag","embeddable":true,"href":"https:\/\/steuerportal.ch\/fr\/wp-json\/wp\/v2\/sht_proarticle_tag?post=23526"}],"curies":[{"name":"wp","href":"https:\/\/api.w.org\/{rel}","templated":true}]}}