{"id":22918,"date":"2024-12-01T06:06:00","date_gmt":"2024-12-01T05:06:00","guid":{"rendered":"https:\/\/steuerportal.ch\/?post_type=sht_proarticle&#038;p=22918"},"modified":"2025-01-07T16:14:54","modified_gmt":"2025-01-07T15:14:54","slug":"alienation-de-ses-propres-actions","status":"publish","type":"sht_proarticle","link":"https:\/\/steuerportal.ch\/fr\/articles-specialises\/alienation-de-ses-propres-actions\/","title":{"rendered":"Ali\u00e9nation de ses propres actions"},"content":{"rendered":"","protected":true},"excerpt":{"rendered":"<p>Gernot Zitter et Silvan Loser discutent en d\u00e9tail de l\u2019arr\u00eat 9C_135\/2023, par lequel le Tribunal f\u00e9d\u00e9ral a renvers\u00e9, en relation avec un programme de participation des collaborateurs et en se r\u00e9f\u00e9rant au principe de l&rsquo;autorit\u00e9 du bilan commercial, la pratique actuelle des autorit\u00e9s fiscales, selon laquelle un gain en capital au niveau de la soci\u00e9t\u00e9, qui survient lors de la r\u00e9\u00e9mission de ses propres droits de participation dans un d\u00e9lai de 6 ans, est soumis \u00e0 l\u2019imp\u00f4t sur le&hellip;<\/p>\n","protected":false},"author":2371,"featured_media":0,"template":"","meta":{"_acf_changed":false,"authors":[{"ID":2080,"display_name":"Gernot Zitter","first_name":"Gernot","last_name":"Zitter","description":"<p>Dr. iur., LL.M. (Northwestern), dipl. Steuerexperte, Lehrbeauftragter an der Universit\u00e4t Luzern, Partner, KPMG Z\u00fcrich<\/p>\n","image":"https:\/\/steuerportal.ch\/wp-content\/uploads\/2023\/07\/gernot_zitter_sw-220x220.jpg","organiser_data":[],"url":"https:\/\/steuerportal.ch\/fr\/autoren\/gernot-zitter\/"},{"ID":2780,"display_name":"Silvan Loser","first_name":"Silvan","last_name":"Loser","description":"<p>Dr. oec. HSG, dipl. Wirtschaftspr\u00fcfer, Mitglied der Fachkommission Rechnungslegung OR von EXPERTsuisse, Lehrbeauftragter an der Universit\u00e4t St. Gallen, Partner, KPMG Z\u00fcrich<\/p>\n","image":"https:\/\/steuerportal.ch\/wp-content\/uploads\/2024\/11\/silvan_loser-220x220.jpg","organiser_data":[],"url":"https:\/\/steuerportal.ch\/fr\/autoren\/silvan-loser\/"}],"related_sht_promodule":["<a href=\"https:\/\/steuerportal.ch\/fr\/modules-specialises\/revue-fiscale\/articles-de-fond\/\">Revue fiscale &#8594; Articles de fond<\/a>"],"pdf":"https:\/\/steuerportal.ch\/fr\/articles-specialises\/alienation-de-ses-propres-actions\/shtpdf\/","language":"fr"},"sht_proarticle_category":[266],"sht_proarticle_tag":[],"class_list":["post-22918","sht_proarticle","type-sht_proarticle","status-publish","hentry","sht_proarticle_category-articles-de-fond"],"acf":{"authors":[2080,2780]},"shp_steuerportal_must_use":{"translations":[{"id":22907,"link":"https:\/\/steuerportal.ch\/articles-specialises\/veraeusserung-eigener-aktien\/","title":{"rendered":"Ver\u00e4usserung eigener Aktien"},"language":"de"},{"id":22918,"link":"https:\/\/steuerportal.ch\/fr\/articles-specialises\/alienation-de-ses-propres-actions\/","title":{"rendered":"Ali\u00e9nation de ses propres actions"},"language":"fr"}]},"yoast_head":"<!-- This site is optimized with the Yoast SEO plugin v27.4 - https:\/\/yoast.com\/product\/yoast-seo-wordpress\/ -->\n<title>Ali\u00e9nation de ses propres actions &#8226; steuerportal.ch<\/title>\n<meta name=\"robots\" content=\"index, follow, max-snippet:-1, max-image-preview:large, max-video-preview:-1\" \/>\n<link rel=\"canonical\" href=\"https:\/\/steuerportal.ch\/fr\/articles-specialises\/alienation-de-ses-propres-actions\/\" \/>\n<meta property=\"og:locale\" content=\"fr_FR\" \/>\n<meta property=\"og:type\" content=\"article\" \/>\n<meta property=\"og:title\" content=\"Ali\u00e9nation de ses propres actions &#8226; steuerportal.ch\" \/>\n<meta property=\"og:description\" content=\"Gernot Zitter et Silvan Loser discutent en d\u00e9tail de l\u2019arr\u00eat 9C_135\/2023, par lequel le Tribunal f\u00e9d\u00e9ral a renvers\u00e9, en relation avec un programme de participation des collaborateurs et en se r\u00e9f\u00e9rant au principe de l&#039;autorit\u00e9 du bilan commercial, la pratique actuelle des autorit\u00e9s fiscales, selon laquelle un gain en capital au niveau de la soci\u00e9t\u00e9, qui survient lors de la r\u00e9\u00e9mission de ses propres droits de participation dans un d\u00e9lai de 6 ans, est soumis \u00e0 l\u2019imp\u00f4t sur le&hellip;\" \/>\n<meta property=\"og:url\" content=\"https:\/\/steuerportal.ch\/fr\/articles-specialises\/alienation-de-ses-propres-actions\/\" \/>\n<meta property=\"og:site_name\" content=\"steuerportal.ch\" \/>\n<meta property=\"article:modified_time\" content=\"2025-01-07T15:14:54+00:00\" \/>\n<meta name=\"twitter:card\" content=\"summary_large_image\" \/>\n<meta name=\"twitter:label1\" content=\"Dur\u00e9e de lecture estim\u00e9e\" \/>\n\t<meta name=\"twitter:data1\" content=\"24 minutes\" \/>\n<script type=\"application\/ld+json\" class=\"yoast-schema-graph\">{\"@context\":\"https:\\\/\\\/schema.org\",\"@graph\":[{\"@type\":\"WebPage\",\"@id\":\"https:\\\/\\\/steuerportal.ch\\\/fr\\\/articles-specialises\\\/alienation-de-ses-propres-actions\\\/\",\"url\":\"https:\\\/\\\/steuerportal.ch\\\/fr\\\/articles-specialises\\\/alienation-de-ses-propres-actions\\\/\",\"name\":\"Ali\u00e9nation de ses propres actions &#8226; steuerportal.ch\",\"isPartOf\":{\"@id\":\"https:\\\/\\\/steuerportal.ch\\\/fr\\\/#website\"},\"datePublished\":\"2024-12-01T05:06:00+00:00\",\"dateModified\":\"2025-01-07T15:14:54+00:00\",\"breadcrumb\":{\"@id\":\"https:\\\/\\\/steuerportal.ch\\\/fr\\\/articles-specialises\\\/alienation-de-ses-propres-actions\\\/#breadcrumb\"},\"inLanguage\":\"fr-FR\",\"potentialAction\":[{\"@type\":\"ReadAction\",\"target\":[\"https:\\\/\\\/steuerportal.ch\\\/fr\\\/articles-specialises\\\/alienation-de-ses-propres-actions\\\/\"]}]},{\"@type\":\"BreadcrumbList\",\"@id\":\"https:\\\/\\\/steuerportal.ch\\\/fr\\\/articles-specialises\\\/alienation-de-ses-propres-actions\\\/#breadcrumb\",\"itemListElement\":[{\"@type\":\"ListItem\",\"position\":1,\"name\":\"Page d'accueil\",\"item\":\"https:\\\/\\\/steuerportal.ch\\\/fr\\\/\"},{\"@type\":\"ListItem\",\"position\":2,\"name\":\"Fachartikel\",\"item\":\"https:\\\/\\\/steuerportal.ch\\\/fr\\\/articles-specialises\\\/\"},{\"@type\":\"ListItem\",\"position\":3,\"name\":\"Ali\u00e9nation de ses propres actions\"}]},{\"@type\":\"WebSite\",\"@id\":\"https:\\\/\\\/steuerportal.ch\\\/fr\\\/#website\",\"url\":\"https:\\\/\\\/steuerportal.ch\\\/fr\\\/\",\"name\":\"steuerportal.ch\",\"description\":\"Le portail suisse sp\u00e9cialis\u00e9 dans le domaine des imp\u00f4ts\",\"publisher\":{\"@id\":\"https:\\\/\\\/steuerportal.ch\\\/fr\\\/#organization\"},\"potentialAction\":[{\"@type\":\"SearchAction\",\"target\":{\"@type\":\"EntryPoint\",\"urlTemplate\":\"https:\\\/\\\/steuerportal.ch\\\/fr\\\/?s={search_term_string}\"},\"query-input\":{\"@type\":\"PropertyValueSpecification\",\"valueRequired\":true,\"valueName\":\"search_term_string\"}}],\"inLanguage\":\"fr-FR\"},{\"@type\":\"Organization\",\"@id\":\"https:\\\/\\\/steuerportal.ch\\\/fr\\\/#organization\",\"name\":\"Steuerportal (Cosmos Verlag)\",\"url\":\"https:\\\/\\\/steuerportal.ch\\\/fr\\\/\",\"logo\":{\"@type\":\"ImageObject\",\"inLanguage\":\"fr-FR\",\"@id\":\"https:\\\/\\\/steuerportal.ch\\\/fr\\\/#\\\/schema\\\/logo\\\/image\\\/\",\"url\":\"https:\\\/\\\/steuerportal.ch\\\/wp-content\\\/uploads\\\/2021\\\/06\\\/cosmos_c-strich_h_positiv_bunt.svg\",\"contentUrl\":\"https:\\\/\\\/steuerportal.ch\\\/wp-content\\\/uploads\\\/2021\\\/06\\\/cosmos_c-strich_h_positiv_bunt.svg\",\"width\":191,\"height\":44,\"caption\":\"Steuerportal (Cosmos Verlag)\"},\"image\":{\"@id\":\"https:\\\/\\\/steuerportal.ch\\\/fr\\\/#\\\/schema\\\/logo\\\/image\\\/\"}}]}<\/script>\n<!-- \/ Yoast SEO plugin. -->","yoast_head_json":{"title":"Ali\u00e9nation de ses propres actions &#8226; steuerportal.ch","robots":{"index":"index","follow":"follow","max-snippet":"max-snippet:-1","max-image-preview":"max-image-preview:large","max-video-preview":"max-video-preview:-1"},"canonical":"https:\/\/steuerportal.ch\/fr\/articles-specialises\/alienation-de-ses-propres-actions\/","og_locale":"fr_FR","og_type":"article","og_title":"Ali\u00e9nation de ses propres actions &#8226; steuerportal.ch","og_description":"Gernot Zitter et Silvan Loser discutent en d\u00e9tail de l\u2019arr\u00eat 9C_135\/2023, par lequel le Tribunal f\u00e9d\u00e9ral a renvers\u00e9, en relation avec un programme de participation des collaborateurs et en se r\u00e9f\u00e9rant au principe de l'autorit\u00e9 du bilan commercial, la pratique actuelle des autorit\u00e9s fiscales, selon laquelle un gain en capital au niveau de la soci\u00e9t\u00e9, qui survient lors de la r\u00e9\u00e9mission de ses propres droits de participation dans un d\u00e9lai de 6 ans, est soumis \u00e0 l\u2019imp\u00f4t sur le&hellip;","og_url":"https:\/\/steuerportal.ch\/fr\/articles-specialises\/alienation-de-ses-propres-actions\/","og_site_name":"steuerportal.ch","article_modified_time":"2025-01-07T15:14:54+00:00","twitter_card":"summary_large_image","twitter_misc":{"Dur\u00e9e de lecture estim\u00e9e":"24 minutes"},"schema":{"@context":"https:\/\/schema.org","@graph":[{"@type":"WebPage","@id":"https:\/\/steuerportal.ch\/fr\/articles-specialises\/alienation-de-ses-propres-actions\/","url":"https:\/\/steuerportal.ch\/fr\/articles-specialises\/alienation-de-ses-propres-actions\/","name":"Ali\u00e9nation de ses propres actions &#8226; steuerportal.ch","isPartOf":{"@id":"https:\/\/steuerportal.ch\/fr\/#website"},"datePublished":"2024-12-01T05:06:00+00:00","dateModified":"2025-01-07T15:14:54+00:00","breadcrumb":{"@id":"https:\/\/steuerportal.ch\/fr\/articles-specialises\/alienation-de-ses-propres-actions\/#breadcrumb"},"inLanguage":"fr-FR","potentialAction":[{"@type":"ReadAction","target":["https:\/\/steuerportal.ch\/fr\/articles-specialises\/alienation-de-ses-propres-actions\/"]}]},{"@type":"BreadcrumbList","@id":"https:\/\/steuerportal.ch\/fr\/articles-specialises\/alienation-de-ses-propres-actions\/#breadcrumb","itemListElement":[{"@type":"ListItem","position":1,"name":"Page d'accueil","item":"https:\/\/steuerportal.ch\/fr\/"},{"@type":"ListItem","position":2,"name":"Fachartikel","item":"https:\/\/steuerportal.ch\/fr\/articles-specialises\/"},{"@type":"ListItem","position":3,"name":"Ali\u00e9nation de ses propres actions"}]},{"@type":"WebSite","@id":"https:\/\/steuerportal.ch\/fr\/#website","url":"https:\/\/steuerportal.ch\/fr\/","name":"steuerportal.ch","description":"Le portail suisse sp\u00e9cialis\u00e9 dans le domaine des imp\u00f4ts","publisher":{"@id":"https:\/\/steuerportal.ch\/fr\/#organization"},"potentialAction":[{"@type":"SearchAction","target":{"@type":"EntryPoint","urlTemplate":"https:\/\/steuerportal.ch\/fr\/?s={search_term_string}"},"query-input":{"@type":"PropertyValueSpecification","valueRequired":true,"valueName":"search_term_string"}}],"inLanguage":"fr-FR"},{"@type":"Organization","@id":"https:\/\/steuerportal.ch\/fr\/#organization","name":"Steuerportal (Cosmos Verlag)","url":"https:\/\/steuerportal.ch\/fr\/","logo":{"@type":"ImageObject","inLanguage":"fr-FR","@id":"https:\/\/steuerportal.ch\/fr\/#\/schema\/logo\/image\/","url":"https:\/\/steuerportal.ch\/wp-content\/uploads\/2021\/06\/cosmos_c-strich_h_positiv_bunt.svg","contentUrl":"https:\/\/steuerportal.ch\/wp-content\/uploads\/2021\/06\/cosmos_c-strich_h_positiv_bunt.svg","width":191,"height":44,"caption":"Steuerportal (Cosmos Verlag)"},"image":{"@id":"https:\/\/steuerportal.ch\/fr\/#\/schema\/logo\/image\/"}}]}},"_links":{"self":[{"href":"https:\/\/steuerportal.ch\/fr\/wp-json\/wp\/v2\/sht_proarticle\/22918","targetHints":{"allow":["GET"]}}],"collection":[{"href":"https:\/\/steuerportal.ch\/fr\/wp-json\/wp\/v2\/sht_proarticle"}],"about":[{"href":"https:\/\/steuerportal.ch\/fr\/wp-json\/wp\/v2\/types\/sht_proarticle"}],"author":[{"embeddable":true,"href":"https:\/\/steuerportal.ch\/fr\/wp-json\/wp\/v2\/users\/2371"}],"version-history":[{"count":11,"href":"https:\/\/steuerportal.ch\/fr\/wp-json\/wp\/v2\/sht_proarticle\/22918\/revisions"}],"predecessor-version":[{"id":23766,"href":"https:\/\/steuerportal.ch\/fr\/wp-json\/wp\/v2\/sht_proarticle\/22918\/revisions\/23766"}],"acf:user":[{"embeddable":true,"href":"https:\/\/steuerportal.ch\/fr\/wp-json\/wp\/v2\/users\/2780"},{"embeddable":true,"href":"https:\/\/steuerportal.ch\/fr\/wp-json\/wp\/v2\/users\/2080"}],"wp:attachment":[{"href":"https:\/\/steuerportal.ch\/fr\/wp-json\/wp\/v2\/media?parent=22918"}],"wp:term":[{"taxonomy":"sht_proarticle_category","embeddable":true,"href":"https:\/\/steuerportal.ch\/fr\/wp-json\/wp\/v2\/sht_proarticle_category?post=22918"},{"taxonomy":"sht_proarticle_tag","embeddable":true,"href":"https:\/\/steuerportal.ch\/fr\/wp-json\/wp\/v2\/sht_proarticle_tag?post=22918"}],"curies":[{"name":"wp","href":"https:\/\/api.w.org\/{rel}","templated":true}]}}