{"id":21730,"date":"2024-10-01T06:03:00","date_gmt":"2024-10-01T04:03:00","guid":{"rendered":"https:\/\/steuerportal.ch\/?post_type=sht_proarticle&#038;p=21730"},"modified":"2024-11-04T19:23:50","modified_gmt":"2024-11-04T18:23:50","slug":"rezension-rueckerstattung-der-verrechnungssteuer","status":"publish","type":"sht_proarticle","link":"https:\/\/steuerportal.ch\/fr\/articles-specialises\/rezension-rueckerstattung-der-verrechnungssteuer\/","title":{"rendered":"Rezension: R\u00fcckerstattung der Verrechnungssteuer"},"content":{"rendered":"<div class=\"wp-block-media-text is-stacked-on-mobile\"><figure class=\"wp-block-media-text__media\"><img loading=\"lazy\" decoding=\"async\" width=\"683\" height=\"1024\" src=\"https:\/\/steuerportal.ch\/wp-content\/uploads\/2024\/09\/oesterhelt_oppliger_rueckerstattung_vst-683x1024.jpg\" alt=\"\" class=\"wp-image-21732 size-full\" srcset=\"https:\/\/steuerportal.ch\/wp-content\/uploads\/2024\/09\/oesterhelt_oppliger_rueckerstattung_vst-683x1024.jpg 683w, https:\/\/steuerportal.ch\/wp-content\/uploads\/2024\/09\/oesterhelt_oppliger_rueckerstattung_vst-700x1049.jpg 700w, https:\/\/steuerportal.ch\/wp-content\/uploads\/2024\/09\/oesterhelt_oppliger_rueckerstattung_vst-768x1151.jpg 768w, https:\/\/steuerportal.ch\/wp-content\/uploads\/2024\/09\/oesterhelt_oppliger_rueckerstattung_vst-1025x1536.jpg 1025w, https:\/\/steuerportal.ch\/wp-content\/uploads\/2024\/09\/oesterhelt_oppliger_rueckerstattung_vst-187x280.jpg 187w, https:\/\/steuerportal.ch\/wp-content\/uploads\/2024\/09\/oesterhelt_oppliger_rueckerstattung_vst-628x941.jpg 628w, https:\/\/steuerportal.ch\/wp-content\/uploads\/2024\/09\/oesterhelt_oppliger_rueckerstattung_vst-296x444.jpg 296w, https:\/\/steuerportal.ch\/wp-content\/uploads\/2024\/09\/oesterhelt_oppliger_rueckerstattung_vst.jpg 1053w\" sizes=\"auto, (max-width: 683px) 100vw, 683px\" \/><\/figure><div class=\"wp-block-media-text__content\">\n<p>Oesterhelt\/Oppliger<\/p>\n\n\n\n<p><strong>R&uuml;ckerstattung der Verrechnungssteuer<\/strong><\/p>\n\n\n\n<p>2024, 356 Seiten<\/p>\n\n\n\n<p>CHF&nbsp;149.00<\/p>\n\n\n\n<p>St&auml;mpfli Verlag, Bern<\/p>\n\n\n\n<p>Info und Bestellung unter:<br><a href=\"https:\/\/www.cosmosverlag.ch\/fachmedien\/produkt\/rueckerstattung-der-verrechnungssteuer\/\">www.cosmosverlag.ch<\/a><\/p>\n<\/div><\/div><p>Endlich&nbsp;&ndash; eine Darstellung der R&uuml;ckerstattung der Verrechnungssteuer im internationalen Verh&auml;ltnis. Den Autoren&nbsp;Stefan Oesterhelt&nbsp;und&nbsp;Oliver Oppliger&nbsp;sei verdankt, dass sie diesen weissen Fleck auf der fiskalischen Landkarte der Schweiz in Pionierarbeit gef&uuml;llt haben.<\/p><p>Ein Steuerrechtsprofessor hat die Verrechnungssteuer wie folgt umschrieben: &laquo;Toujours prendre &ndash; jamais rendre.&raquo; Im Bereich der internationalen R&uuml;ckerstattung&nbsp;&ndash; zust&auml;ndig hierf&uuml;r ist ausschliesslich die Eidgen&ouml;ssische Steuerverwaltung (ESTV)&nbsp;&ndash; dr&auml;ngte sich manchmal das Gef&uuml;hl auf, dieser Grundsatz werde tats&auml;chlich gelebt: Es gibt weder ein Kreisschreiben noch andere hilfreiche Publikationen der ESTV, Gerichtsurteile sind selten und die internationale R&uuml;ckerstattung ist effektiv, wie von den Autoren im Vorwort ihres Buches erw&auml;hnt, ein Dschungel, wo bis anhin f&uuml;r viele F&auml;lle und Konstellationen Wegweiser und Kompass fehlten.<\/p><p>In die r&uuml;ckerstattungsrechtliche Dunkelheit fielen als Lichtschein die Pr&auml;sentationen der beiden Autoren ab 2017 am Internationalen Steuerseminar des Instituts f&uuml;r Law und Economics (bis 2022: IFF) der Universit&auml;t St.&thinsp;Gallen, welche nicht nur zu einer st&auml;ndigen Darstellung von praktischen F&auml;llen und L&ouml;sungen f&uuml;hrten, sondern auch wesentlich zur Kl&auml;rung, Festlegung, Auspr&auml;gung und Weiterentwicklung der heutigen R&uuml;ckerstattungspraxis beigetragen haben. Der Schritt, aus dieser Referentent&auml;tigkeit das vorliegende Buch zu schaffen, stellt eine wichtige weitere Entwicklungsstufe des R&uuml;ckerstattungsrechts dar.<\/p><p>Wertvoll an &laquo;R&uuml;ckerstattung der Verrechnungssteuer&raquo; ist, dass die Autoren den perfekten Spagat gefunden haben zwischen den notwendigen theoretischen Ausf&uuml;hrungen und der praktischen Anwendung auf konkrete F&auml;lle und eine kompakte und&nbsp;&ndash; soweit dies in einem dynamischen Rechtsgebiet wie dem internationalen Steuerrecht &uuml;berhaupt m&ouml;glich ist&nbsp;&ndash; vollst&auml;ndige Fallsammlung pr&auml;sentieren. Die Autoren haben es geschafft, aus den Fallpr&auml;sentationen ein fiskalisch-literarisches Bijou zu kreieren. Es ist eine verrechnungssteuerliche Kardinalsregel, dass eine Investition in die Schweiz nur gemacht werden darf, wenn auch die Repatriierung der Gewinne abgekl&auml;rt ist. Diese fiskalische Notwendigkeit in Verbindung damit, dass die internationale R&uuml;ckerstattung in manchen Bereichen ein schwarzes Loch war, hat viele Steuerberaterinnen und -berater zur Verzweiflung getrieben und die Verrechnungssteuer aufgrund der r&uuml;ckerstattungsrechtlichen Fallstricke und Stolpersteine zu einem fiskalischen Schreckensgespenst gemacht. Das vorliegende Buch f&uuml;llt diese bestehende L&uuml;cke.<\/p><p>Das Buch &uuml;berzeugt mit seinem sachlogischen Aufbau. Systematisch werden die Leserin und der Leser in die bis anhin doch f&uuml;r viele Fallkonstellationen &laquo;geheimnisvolle&raquo; Welt der R&uuml;ckerstattung eingef&uuml;hrt. Dabei &uuml;berzeugt der von den Autoren gew&auml;hlte Ansatz, nach einer kurzen allgemeinen Darstellung der Thematik die jeweils geltenden Beurteilungsgrunds&auml;tze anhand praktischer Fallbeispiele aufzuzeigen, wobei die graphischen Darstellungen und die Bilanzbeispiele das Fallverst&auml;ndnis erheblich verst&auml;rken. Die Falll&ouml;sungen zeichnen sich durch kompromisslose Konzentration auf das Wesentliche in Verbindung mit einem angepassten Detaillierungsgrad aus. Die Autoren haben es dabei geschafft, die einem Seminar aufgrund der Unmittelbarkeit inh&auml;rente Lebhaftigkeit in das Medium Buch zu &uuml;bertragen.<\/p><p>Neben der klaren und pr&auml;zisen Darstellung der Regeln f&uuml;r die privilegierte R&uuml;ckerstattung in den verschiedenen Konstellationen und insbesondere in Bezug auf das Vorliegen eines Abkommensmissbrauchs ist f&uuml;r die Praktikerin und den Praktiker &auml;ussert wertvoll, dass die Institute der Altreserven, der stellvertretenden Liquidation und der internationalen (auch erweiterten) Transponierung begrifflich sauber definiert und auf &auml;usserst verst&auml;ndliche Art erl&auml;utert werden. Bekannte Schlagworte wie &laquo;Aktivtest&raquo; und &laquo;Passivtest&raquo; werden zu belebten Begriffen.<\/p><p>Das Buch &uuml;berzeugt durch seine Vollst&auml;ndigkeit und kl&auml;rt die meisten Fragen, welche sich im Bereich der internationalen R&uuml;ckerstattung stellen (k&ouml;nnen). Es handelt auch aktuelle Problemfelder ab, wie z.&thinsp;B. die Frage nach der Nutzungsberechtigung beim Einsatz von Derivaten oder die r&uuml;ckerstattungsrechtliche Stellung von pauschalbesteuerten Personen in unterschiedlichen Jurisdiktionen. R&uuml;ckerstattungsrechtlich nicht zu untersch&auml;tzen ist die zeitliche Dynamik: R&uuml;ckerstattung ist nicht eine statische Momentaufnahme, sondern betrifft dynamische &Auml;nderungen von Lebenssachverhalten. Aus diesem Grund sind die Leserin und der Leser den Autoren dankbar, dass sie sich auch solchen Themen&nbsp;&ndash; z.&thinsp;B. dem Wechsel vom Regime einer pauschalbesteuerten Person in Land&nbsp;A zur ordentlich besteuerten Person im Land&nbsp;B oder in der Schweiz oder dem Zeitpunkt, wann die Substanzkriterien erf&uuml;llt sein m&uuml;ssen&nbsp;&ndash; gewidmet haben. Es sind oft solche Fragen, welche sich in der Praxis stellen und f&uuml;r die bis anhin Antworten fehlten.<\/p><p>&laquo;R&uuml;ckerstattung der Verrechnungssteuer&raquo;&nbsp;&ndash; die Bezeichnung &laquo;Kompendium&raquo; in all ihren Bedeutungen ist verdient. Das Buch deckt die bestehenden Bed&uuml;rfnisse nach einem Handbuch, einem Nachschlagewerk und einem Lehrbuch ab und stellt f&uuml;r Studierende und Praktizierende eine unerl&auml;ssliche Wissensquelle dar.<\/p><p>Das Versprechen der Autoren, erweiterte Neuauflagen in regelm&auml;ssigen Abst&auml;nden anzustreben, wird selbstverst&auml;ndlich dankend angenommen.<\/p><p><em>Thomas Jaussi, lic.&thinsp;iur., dipl.&thinsp;Steuerexperte, Betriebswirtschaftsingenieur HTL\/NDS, Partner und Mitinhaber JP&nbsp;Steuer&nbsp;AG, Basel<\/em><\/p>\n","protected":false},"excerpt":{"rendered":"<p>Oesterhelt\/Oppliger: R\u00fcckerstattung der Verrechnungssteuer.<br \/>\nRezension von Thomas Jaussi<\/p>\n","protected":false},"author":2371,"featured_media":0,"template":"","meta":{"_acf_changed":false,"authors":[{"ID":528,"display_name":"Thomas Jaussi","first_name":"Thomas","last_name":"Jaussi","description":"<p>lic. iur., dipl. Steuerexperte, Betriebswirtschaftsingenieur HTL\/NDS,<br \/>\nGr\u00fcnder und Partner, JP Steuer AG<\/p>\n","image":"https:\/\/steuerportal.ch\/wp-content\/uploads\/2020\/07\/jaussi_sw-199x220.png","organiser_data":[],"url":"https:\/\/steuerportal.ch\/fr\/autoren\/thomas-jaussi\/"}],"related_sht_promodule":["<a href=\"https:\/\/steuerportal.ch\/fachmodule\/steuerrevue\/rezensionen\/\">Steuer Revue &#8594; Rezensionen<\/a>"],"pdf":"https:\/\/steuerportal.ch\/fr\/articles-specialises\/rezension-rueckerstattung-der-verrechnungssteuer\/shtpdf\/","language":"de"},"sht_proarticle_category":[260],"sht_proarticle_tag":[],"class_list":["post-21730","sht_proarticle","type-sht_proarticle","status-publish","hentry","sht_proarticle_category-rezensionen"],"acf":{"authors":[528]},"shp_steuerportal_must_use":{"translations":[{"id":21730,"link":"https:\/\/steuerportal.ch\/fr\/articles-specialises\/rezension-rueckerstattung-der-verrechnungssteuer\/","title":{"rendered":"Rezension: R\u00fcckerstattung der Verrechnungssteuer"},"language":"de"}]},"yoast_head":"<!-- This site is optimized with the Yoast SEO plugin v27.4 - https:\/\/yoast.com\/product\/yoast-seo-wordpress\/ -->\n<title>Rezension: R\u00fcckerstattung der Verrechnungssteuer &#8226; steuerportal.ch<\/title>\n<meta name=\"robots\" content=\"index, follow, max-snippet:-1, max-image-preview:large, max-video-preview:-1\" \/>\n<link rel=\"canonical\" href=\"https:\/\/steuerportal.ch\/fr\/articles-specialises\/rezension-rueckerstattung-der-verrechnungssteuer\/\" \/>\n<meta property=\"og:locale\" content=\"fr_FR\" \/>\n<meta property=\"og:type\" content=\"article\" \/>\n<meta property=\"og:title\" content=\"Rezension: R\u00fcckerstattung der Verrechnungssteuer &#8226; steuerportal.ch\" \/>\n<meta property=\"og:description\" content=\"Oesterhelt\/Oppliger: R\u00fcckerstattung der Verrechnungssteuer. Rezension von Thomas Jaussi\" \/>\n<meta property=\"og:url\" content=\"https:\/\/steuerportal.ch\/fr\/articles-specialises\/rezension-rueckerstattung-der-verrechnungssteuer\/\" \/>\n<meta property=\"og:site_name\" content=\"steuerportal.ch\" \/>\n<meta property=\"article:modified_time\" content=\"2024-11-04T18:23:50+00:00\" \/>\n<meta property=\"og:image\" content=\"https:\/\/steuerportal.ch\/wp-content\/uploads\/2024\/09\/oesterhelt_oppliger_rueckerstattung_vst.jpg\" \/>\n\t<meta property=\"og:image:width\" content=\"1053\" \/>\n\t<meta property=\"og:image:height\" content=\"1578\" \/>\n\t<meta property=\"og:image:type\" content=\"image\/jpeg\" \/>\n<meta name=\"twitter:card\" content=\"summary_large_image\" \/>\n<meta name=\"twitter:label1\" content=\"Dur\u00e9e de lecture estim\u00e9e\" \/>\n\t<meta name=\"twitter:data1\" content=\"5 minutes\" \/>\n<script type=\"application\/ld+json\" class=\"yoast-schema-graph\">{\"@context\":\"https:\\\/\\\/schema.org\",\"@graph\":[{\"@type\":\"WebPage\",\"@id\":\"https:\\\/\\\/steuerportal.ch\\\/fr\\\/articles-specialises\\\/rezension-rueckerstattung-der-verrechnungssteuer\\\/\",\"url\":\"https:\\\/\\\/steuerportal.ch\\\/fr\\\/articles-specialises\\\/rezension-rueckerstattung-der-verrechnungssteuer\\\/\",\"name\":\"Rezension: R\u00fcckerstattung der Verrechnungssteuer &#8226; steuerportal.ch\",\"isPartOf\":{\"@id\":\"https:\\\/\\\/steuerportal.ch\\\/fr\\\/#website\"},\"primaryImageOfPage\":{\"@id\":\"https:\\\/\\\/steuerportal.ch\\\/fr\\\/articles-specialises\\\/rezension-rueckerstattung-der-verrechnungssteuer\\\/#primaryimage\"},\"image\":{\"@id\":\"https:\\\/\\\/steuerportal.ch\\\/fr\\\/articles-specialises\\\/rezension-rueckerstattung-der-verrechnungssteuer\\\/#primaryimage\"},\"thumbnailUrl\":\"https:\\\/\\\/steuerportal.ch\\\/wp-content\\\/uploads\\\/2024\\\/09\\\/oesterhelt_oppliger_rueckerstattung_vst-683x1024.jpg\",\"datePublished\":\"2024-10-01T04:03:00+00:00\",\"dateModified\":\"2024-11-04T18:23:50+00:00\",\"breadcrumb\":{\"@id\":\"https:\\\/\\\/steuerportal.ch\\\/fr\\\/articles-specialises\\\/rezension-rueckerstattung-der-verrechnungssteuer\\\/#breadcrumb\"},\"inLanguage\":\"fr-FR\",\"potentialAction\":[{\"@type\":\"ReadAction\",\"target\":[\"https:\\\/\\\/steuerportal.ch\\\/fr\\\/articles-specialises\\\/rezension-rueckerstattung-der-verrechnungssteuer\\\/\"]}]},{\"@type\":\"ImageObject\",\"inLanguage\":\"fr-FR\",\"@id\":\"https:\\\/\\\/steuerportal.ch\\\/fr\\\/articles-specialises\\\/rezension-rueckerstattung-der-verrechnungssteuer\\\/#primaryimage\",\"url\":\"https:\\\/\\\/steuerportal.ch\\\/wp-content\\\/uploads\\\/2024\\\/09\\\/oesterhelt_oppliger_rueckerstattung_vst-683x1024.jpg\",\"contentUrl\":\"https:\\\/\\\/steuerportal.ch\\\/wp-content\\\/uploads\\\/2024\\\/09\\\/oesterhelt_oppliger_rueckerstattung_vst-683x1024.jpg\"},{\"@type\":\"BreadcrumbList\",\"@id\":\"https:\\\/\\\/steuerportal.ch\\\/fr\\\/articles-specialises\\\/rezension-rueckerstattung-der-verrechnungssteuer\\\/#breadcrumb\",\"itemListElement\":[{\"@type\":\"ListItem\",\"position\":1,\"name\":\"Page d'accueil\",\"item\":\"https:\\\/\\\/steuerportal.ch\\\/fr\\\/\"},{\"@type\":\"ListItem\",\"position\":2,\"name\":\"Fachartikel\",\"item\":\"https:\\\/\\\/steuerportal.ch\\\/fr\\\/articles-specialises\\\/\"},{\"@type\":\"ListItem\",\"position\":3,\"name\":\"Rezension: R\u00fcckerstattung der Verrechnungssteuer\"}]},{\"@type\":\"WebSite\",\"@id\":\"https:\\\/\\\/steuerportal.ch\\\/fr\\\/#website\",\"url\":\"https:\\\/\\\/steuerportal.ch\\\/fr\\\/\",\"name\":\"steuerportal.ch\",\"description\":\"Le portail suisse sp\u00e9cialis\u00e9 dans le domaine des imp\u00f4ts\",\"publisher\":{\"@id\":\"https:\\\/\\\/steuerportal.ch\\\/fr\\\/#organization\"},\"potentialAction\":[{\"@type\":\"SearchAction\",\"target\":{\"@type\":\"EntryPoint\",\"urlTemplate\":\"https:\\\/\\\/steuerportal.ch\\\/fr\\\/?s={search_term_string}\"},\"query-input\":{\"@type\":\"PropertyValueSpecification\",\"valueRequired\":true,\"valueName\":\"search_term_string\"}}],\"inLanguage\":\"fr-FR\"},{\"@type\":\"Organization\",\"@id\":\"https:\\\/\\\/steuerportal.ch\\\/fr\\\/#organization\",\"name\":\"Steuerportal (Cosmos Verlag)\",\"url\":\"https:\\\/\\\/steuerportal.ch\\\/fr\\\/\",\"logo\":{\"@type\":\"ImageObject\",\"inLanguage\":\"fr-FR\",\"@id\":\"https:\\\/\\\/steuerportal.ch\\\/fr\\\/#\\\/schema\\\/logo\\\/image\\\/\",\"url\":\"https:\\\/\\\/steuerportal.ch\\\/wp-content\\\/uploads\\\/2021\\\/06\\\/cosmos_c-strich_h_positiv_bunt.svg\",\"contentUrl\":\"https:\\\/\\\/steuerportal.ch\\\/wp-content\\\/uploads\\\/2021\\\/06\\\/cosmos_c-strich_h_positiv_bunt.svg\",\"width\":191,\"height\":44,\"caption\":\"Steuerportal (Cosmos Verlag)\"},\"image\":{\"@id\":\"https:\\\/\\\/steuerportal.ch\\\/fr\\\/#\\\/schema\\\/logo\\\/image\\\/\"}}]}<\/script>\n<!-- \/ Yoast SEO plugin. -->","yoast_head_json":{"title":"Rezension: R\u00fcckerstattung der Verrechnungssteuer &#8226; steuerportal.ch","robots":{"index":"index","follow":"follow","max-snippet":"max-snippet:-1","max-image-preview":"max-image-preview:large","max-video-preview":"max-video-preview:-1"},"canonical":"https:\/\/steuerportal.ch\/fr\/articles-specialises\/rezension-rueckerstattung-der-verrechnungssteuer\/","og_locale":"fr_FR","og_type":"article","og_title":"Rezension: R\u00fcckerstattung der Verrechnungssteuer &#8226; steuerportal.ch","og_description":"Oesterhelt\/Oppliger: R\u00fcckerstattung der Verrechnungssteuer. Rezension von Thomas Jaussi","og_url":"https:\/\/steuerportal.ch\/fr\/articles-specialises\/rezension-rueckerstattung-der-verrechnungssteuer\/","og_site_name":"steuerportal.ch","article_modified_time":"2024-11-04T18:23:50+00:00","og_image":[{"width":1053,"height":1578,"url":"https:\/\/steuerportal.ch\/wp-content\/uploads\/2024\/09\/oesterhelt_oppliger_rueckerstattung_vst.jpg","type":"image\/jpeg"}],"twitter_card":"summary_large_image","twitter_misc":{"Dur\u00e9e de lecture estim\u00e9e":"5 minutes"},"schema":{"@context":"https:\/\/schema.org","@graph":[{"@type":"WebPage","@id":"https:\/\/steuerportal.ch\/fr\/articles-specialises\/rezension-rueckerstattung-der-verrechnungssteuer\/","url":"https:\/\/steuerportal.ch\/fr\/articles-specialises\/rezension-rueckerstattung-der-verrechnungssteuer\/","name":"Rezension: R\u00fcckerstattung der Verrechnungssteuer &#8226; steuerportal.ch","isPartOf":{"@id":"https:\/\/steuerportal.ch\/fr\/#website"},"primaryImageOfPage":{"@id":"https:\/\/steuerportal.ch\/fr\/articles-specialises\/rezension-rueckerstattung-der-verrechnungssteuer\/#primaryimage"},"image":{"@id":"https:\/\/steuerportal.ch\/fr\/articles-specialises\/rezension-rueckerstattung-der-verrechnungssteuer\/#primaryimage"},"thumbnailUrl":"https:\/\/steuerportal.ch\/wp-content\/uploads\/2024\/09\/oesterhelt_oppliger_rueckerstattung_vst-683x1024.jpg","datePublished":"2024-10-01T04:03:00+00:00","dateModified":"2024-11-04T18:23:50+00:00","breadcrumb":{"@id":"https:\/\/steuerportal.ch\/fr\/articles-specialises\/rezension-rueckerstattung-der-verrechnungssteuer\/#breadcrumb"},"inLanguage":"fr-FR","potentialAction":[{"@type":"ReadAction","target":["https:\/\/steuerportal.ch\/fr\/articles-specialises\/rezension-rueckerstattung-der-verrechnungssteuer\/"]}]},{"@type":"ImageObject","inLanguage":"fr-FR","@id":"https:\/\/steuerportal.ch\/fr\/articles-specialises\/rezension-rueckerstattung-der-verrechnungssteuer\/#primaryimage","url":"https:\/\/steuerportal.ch\/wp-content\/uploads\/2024\/09\/oesterhelt_oppliger_rueckerstattung_vst-683x1024.jpg","contentUrl":"https:\/\/steuerportal.ch\/wp-content\/uploads\/2024\/09\/oesterhelt_oppliger_rueckerstattung_vst-683x1024.jpg"},{"@type":"BreadcrumbList","@id":"https:\/\/steuerportal.ch\/fr\/articles-specialises\/rezension-rueckerstattung-der-verrechnungssteuer\/#breadcrumb","itemListElement":[{"@type":"ListItem","position":1,"name":"Page d'accueil","item":"https:\/\/steuerportal.ch\/fr\/"},{"@type":"ListItem","position":2,"name":"Fachartikel","item":"https:\/\/steuerportal.ch\/fr\/articles-specialises\/"},{"@type":"ListItem","position":3,"name":"Rezension: R\u00fcckerstattung der Verrechnungssteuer"}]},{"@type":"WebSite","@id":"https:\/\/steuerportal.ch\/fr\/#website","url":"https:\/\/steuerportal.ch\/fr\/","name":"steuerportal.ch","description":"Le portail suisse sp\u00e9cialis\u00e9 dans le domaine des imp\u00f4ts","publisher":{"@id":"https:\/\/steuerportal.ch\/fr\/#organization"},"potentialAction":[{"@type":"SearchAction","target":{"@type":"EntryPoint","urlTemplate":"https:\/\/steuerportal.ch\/fr\/?s={search_term_string}"},"query-input":{"@type":"PropertyValueSpecification","valueRequired":true,"valueName":"search_term_string"}}],"inLanguage":"fr-FR"},{"@type":"Organization","@id":"https:\/\/steuerportal.ch\/fr\/#organization","name":"Steuerportal (Cosmos Verlag)","url":"https:\/\/steuerportal.ch\/fr\/","logo":{"@type":"ImageObject","inLanguage":"fr-FR","@id":"https:\/\/steuerportal.ch\/fr\/#\/schema\/logo\/image\/","url":"https:\/\/steuerportal.ch\/wp-content\/uploads\/2021\/06\/cosmos_c-strich_h_positiv_bunt.svg","contentUrl":"https:\/\/steuerportal.ch\/wp-content\/uploads\/2021\/06\/cosmos_c-strich_h_positiv_bunt.svg","width":191,"height":44,"caption":"Steuerportal (Cosmos Verlag)"},"image":{"@id":"https:\/\/steuerportal.ch\/fr\/#\/schema\/logo\/image\/"}}]}},"_links":{"self":[{"href":"https:\/\/steuerportal.ch\/fr\/wp-json\/wp\/v2\/sht_proarticle\/21730","targetHints":{"allow":["GET"]}}],"collection":[{"href":"https:\/\/steuerportal.ch\/fr\/wp-json\/wp\/v2\/sht_proarticle"}],"about":[{"href":"https:\/\/steuerportal.ch\/fr\/wp-json\/wp\/v2\/types\/sht_proarticle"}],"author":[{"embeddable":true,"href":"https:\/\/steuerportal.ch\/fr\/wp-json\/wp\/v2\/users\/2371"}],"version-history":[{"count":3,"href":"https:\/\/steuerportal.ch\/fr\/wp-json\/wp\/v2\/sht_proarticle\/21730\/revisions"}],"predecessor-version":[{"id":21817,"href":"https:\/\/steuerportal.ch\/fr\/wp-json\/wp\/v2\/sht_proarticle\/21730\/revisions\/21817"}],"acf:user":[{"embeddable":true,"href":"https:\/\/steuerportal.ch\/fr\/wp-json\/wp\/v2\/users\/528"}],"wp:attachment":[{"href":"https:\/\/steuerportal.ch\/fr\/wp-json\/wp\/v2\/media?parent=21730"}],"wp:term":[{"taxonomy":"sht_proarticle_category","embeddable":true,"href":"https:\/\/steuerportal.ch\/fr\/wp-json\/wp\/v2\/sht_proarticle_category?post=21730"},{"taxonomy":"sht_proarticle_tag","embeddable":true,"href":"https:\/\/steuerportal.ch\/fr\/wp-json\/wp\/v2\/sht_proarticle_tag?post=21730"}],"curies":[{"name":"wp","href":"https:\/\/api.w.org\/{rel}","templated":true}]}}