{"id":21429,"date":"2024-09-02T23:41:44","date_gmt":"2024-09-02T21:41:44","guid":{"rendered":"https:\/\/steuerportal.ch\/?post_type=sht_proarticle&#038;p=21429"},"modified":"2024-09-02T23:46:59","modified_gmt":"2024-09-02T21:46:59","slug":"obenabe-undenufe-ou-slalom-peter-brulisauer","status":"publish","type":"sht_proarticle","link":"https:\/\/steuerportal.ch\/fr\/articles-specialises\/obenabe-undenufe-ou-slalom-peter-brulisauer\/","title":{"rendered":"\u00ab\u00a0Obenabe, Undenufe\u00a0\u00bb ou Slalom, Peter Br\u00fclisauer\u00a0?"},"content":{"rendered":"<div class=\"wp-block-media-text is-stacked-on-mobile\"><figure class=\"wp-block-media-text__media\"><img loading=\"lazy\" decoding=\"async\" width=\"768\" height=\"1024\" src=\"https:\/\/steuerportal.ch\/wp-content\/uploads\/2024\/08\/peter_bruelisauer_rendezvous-768x1024.jpg\" alt=\"\" class=\"wp-image-21394 size-full\" srcset=\"https:\/\/steuerportal.ch\/wp-content\/uploads\/2024\/08\/peter_bruelisauer_rendezvous-768x1024.jpg 768w, https:\/\/steuerportal.ch\/wp-content\/uploads\/2024\/08\/peter_bruelisauer_rendezvous-700x933.jpg 700w, https:\/\/steuerportal.ch\/wp-content\/uploads\/2024\/08\/peter_bruelisauer_rendezvous-1152x1536.jpg 1152w, https:\/\/steuerportal.ch\/wp-content\/uploads\/2024\/08\/peter_bruelisauer_rendezvous-1536x2048.jpg 1536w, https:\/\/steuerportal.ch\/wp-content\/uploads\/2024\/08\/peter_bruelisauer_rendezvous-1280x1707.jpg 1280w, https:\/\/steuerportal.ch\/wp-content\/uploads\/2024\/08\/peter_bruelisauer_rendezvous-210x280.jpg 210w, https:\/\/steuerportal.ch\/wp-content\/uploads\/2024\/08\/peter_bruelisauer_rendezvous-628x837.jpg 628w, https:\/\/steuerportal.ch\/wp-content\/uploads\/2024\/08\/peter_bruelisauer_rendezvous-296x395.jpg 296w, https:\/\/steuerportal.ch\/wp-content\/uploads\/2024\/08\/peter_bruelisauer_rendezvous-scaled.jpg 1920w\" sizes=\"auto, (max-width: 768px) 100vw, 768px\" \/><\/figure><div class=\"wp-block-media-text__content\">\n<p><strong>Nom<\/strong>&nbsp;: Peter Br&uuml;lisauer<\/p>\n\n\n\n<p><strong>Profession\/position<\/strong>&nbsp;: Tax Partner, MME, Legal | Tax | Compliance, juge suppl&eacute;ant CRF TG<\/p>\n\n\n\n<p><strong>Famille<\/strong>&nbsp;: partenaire Elmir, chien (labrador) Pongo<\/p>\n\n\n\n<p><strong>Loisirs<\/strong>&nbsp;: musique, jass, navigation et famille<\/p>\n<\/div><\/div><div class=\"wp-block-group is-style-info-box has-gray-xlight-background-color has-background is-layout-constrained wp-container-core-group-is-layout-c385debf wp-block-group-is-layout-constrained\" style=\"padding-top:var(--wp--preset--spacing--20);padding-right:var(--wp--preset--spacing--20);padding-bottom:var(--wp--preset--spacing--20);padding-left:var(--wp--preset--spacing--20)\">\n<p class=\"has-primary-dark-color has-text-color\">Ce texte est une <strong>traduction automatique r&eacute;vis&eacute;e<\/strong> de l&rsquo;article original en allemand. Changez les param&egrave;tres de langue pour lire l&rsquo;article original en allemand. Vous ne voulez pas manquer un article en fran&ccedil;ais? Abonnez-vous &agrave; notre newsletter.<\/p>\n\n\n\n<div class=\"wp-block-group is-layout-flow wp-block-group-is-layout-flow\">\n<div class=\"wp-block-buttons is-layout-flex wp-block-buttons-is-layout-flex\">\n<div class=\"wp-block-button\"><a class=\"wp-block-button__link wp-element-button\" href=\"https:\/\/steuerportal.ch\/fr\/contact\/#Newsletter\" target=\"_blank\" rel=\"noreferrer noopener\">Inscription &agrave; la newsletter<\/a><\/div>\n<\/div>\n\n\n\n<div style=\"height:20px\" aria-hidden=\"true\" class=\"wp-block-spacer\"><\/div>\n<\/div>\n<\/div><p><strong><em>Pourquoi &ecirc;tes-vous devenu conseiller fiscal&nbsp;? Qu&rsquo;auriez-vous fait autrement&nbsp;?<\/em><\/strong><\/p><p>J&rsquo;ai grandi dans un &laquo;&nbsp;bistrot de campagne&nbsp;&raquo; dans un village o&ugrave; il y avait plus de vaches que d&rsquo;habitants. C&rsquo;est au bistrot que se rencontraient jeunes et vieux, riches et pauvres, ceux qui r&eacute;ussissaient et ceux qui &eacute;chouaient. Au bistrot, j&rsquo;ai non seulement appris &agrave; jouer au jass, mais aussi &agrave; &ecirc;tre &agrave; l&rsquo;&eacute;coute de toutes sortes de personnes. C&rsquo;est pourquoi j&rsquo;ai toujours voulu avoir un contact avec les gens. Un jour, alors que je discutais avec un conseiller d&rsquo;orientation professionnelle, celui-ci m&rsquo;a dit qu&rsquo;il me verrait bien devenir soit un pasteur, soit un juriste, soit un h&ocirc;telier, soit un musicien. C&rsquo;est un peu par hasard que je suis devenu conseiller fiscal. La musique est devenue un hobby. J&rsquo;aime les h&ocirc;tels et les restaurants, car chez moi &laquo;&nbsp;beaucoup de choses&nbsp;&raquo; passent par l&rsquo;estomac, ce qui ressort parfois (pas toujours) de ma silhouette.<\/p><p><strong><em>Est-ce que vous vivez pour le droit fiscal&nbsp;?<\/em><\/strong><\/p><p>Je trouve le droit fiscal passionnant parce qu&rsquo;il illustre la vie en commun entre les hommes, en d&rsquo;autres termes&nbsp;: parce qu&rsquo;il fait partie de notre vie et nous accompagne au quotidien. Presque tout ce que nous faisons a une composante fiscale et &ndash; bien plus encore &ndash; une composante humaine. Le droit fiscal est (seulement) le concept, les interactions entre les personnes sont le chemin. Pour moi, c&rsquo;est un privil&egrave;ge d&rsquo;&ecirc;tre conseiller fiscal, car je suis quotidiennement en contact avec des personnes et je peux traiter ou vivre les situations de vie les plus diverses. Dans ce contexte, j&rsquo;admets volontiers que je vis &laquo;&nbsp;un peu&nbsp;&raquo; pour le droit fiscal, qui est pour moi &agrave; la fois un m&eacute;tier et un hobby.<\/p><p><strong><em>Avez-vous une devise de vie&nbsp;?<\/em><\/strong><\/p><p>Je vis selon la devise &laquo;&nbsp;work hard (smart serait mieux) et (parfois) play hard&nbsp;&raquo;. Pour moi, il est tr&egrave;s important de profiter de la vie, de passer du temps avec ma famille et mes amis, de c&eacute;l&eacute;brer le succ&egrave;s quand il est l&agrave;. J&rsquo;aime aussi me battre, non pas pour l&rsquo;argent, mais pour la cause. Parfois je suis gagnant et parfois je suis perdant, comme dans un jeu, ce qui n&rsquo;est pas si grave, car on peut tirer quelque chose de chaque exp&eacute;rience.<\/p><p><strong><em>Avez-vous une passion (secr&egrave;te) (en dehors du droit fiscal)&nbsp;?<\/em><\/strong><\/p><p>J&rsquo;ai quelques passions secr&egrave;tes, mais il vaut mieux les laisser de c&ocirc;t&eacute;. Je suis un passionn&eacute; de jass, ce qui se traduit par le fait que je n&rsquo;aime pas perdre au jass. Je pr&eacute;f&egrave;re jouer avec des joueurs exp&eacute;riment&eacute;s ; il n&rsquo;y a rien de plus ennuyeux qu&rsquo;une personne qui met une demi-heure &agrave; d&eacute;cider si elle veut faire &laquo;&nbsp;unde&nbsp;&raquo; ou &laquo;&nbsp;obe&nbsp;&raquo;. L&rsquo;autre passion, c&rsquo;est la musique : sans musique, rien ne va ! En raison de mon amour pour la musique, j&rsquo;ai &eacute;galement suivi des cours de chef d&rsquo;orchestre en tant que clarinettiste pendant mes &eacute;tudes, puis j&rsquo;ai dirig&eacute; une fanfare pendant plus de cinq ans. J&rsquo;esp&egrave;re qu&rsquo;un jour, je pourrai &agrave; nouveau diriger une musique ! Et puis il y a ceci : J&rsquo;ai aussi savour&eacute; l&rsquo;Eurovision 2024, o&ugrave; Nemo a gagn&eacute; pour la Suisse !<\/p><p><strong><em>Qui ou quoi est votre muse&nbsp;?<\/em><\/strong><\/p><p>J&rsquo;aime boire un bon verre de vin rouge (parfois un peu plus) en &eacute;coutant de la musique classique. Cela me permet de me d&eacute;connecter, de ralentir et de profiter tout simplement.<\/p><p><strong><em>Qu&rsquo;est-ce qui vous met en col&egrave;re&nbsp;?<\/em><\/strong><\/p><p>Les gens qui ont des animaux domestiques, mais qui ne s&rsquo;en occupent pas et les traitent mal.<\/p><p><strong><em>O&ugrave; se trouve votre destination de r&ecirc;ve&nbsp;?<\/em><\/strong><\/p><p>Profiter du soleil et de la mer dans un bel endroit du sud pendant les mois d&rsquo;hiver. Et : assister &laquo; en direct &raquo; au concert du Nouvel An de l&rsquo;Orchestre symphonique de Vienne.<\/p><p><strong><em>Que faites-vous de votre temps libre&nbsp;? En avez-vous vraiment&nbsp;?<\/em><\/strong><\/p><p>Les loisirs sont importants pour moi, et je m&rsquo;accorde du temps pour cela. Je peux aussi ne rien faire et rester &laquo;&nbsp;paresseux&nbsp;&raquo;. Comme j&rsquo;adore la navigation et que je veux faire une croisi&egrave;re depuis longtemps, ce qui n&rsquo;a pas encore &eacute;t&eacute; le cas, je regarde parfois &laquo;&nbsp;Traumschiff&nbsp;&raquo; ou &laquo;&nbsp;Kreuzfahrt ins Gl&uuml;ck&nbsp;&raquo; &agrave; la t&eacute;l&eacute;vision. Nous aimons nous promener avec notre chien ou faire du v&eacute;lo. Notre chien est aussi toujours avec nous lorsque nous partons en vacances ou au spa.<\/p><p><strong><em>Qui souhaitez-vous absolument rencontrer pour une bi&egrave;re de f&ecirc;te&nbsp;?<\/em><\/strong><\/p><p>Un chef d&rsquo;orchestre vedette, comme Christian Thielemann, avec qui je pourrais discuter de la motivation.<\/p><p><strong><em>Y a-t-il quelque chose qui vous &eacute;nerve dans le domaine fiscal&nbsp;?<\/em><\/strong><\/p><p>Le fait que le droit fiscal soit si dynamique et que je me sente toujours (parfois) comme un &laquo;&nbsp;d&eacute;butant&nbsp;&raquo; dans le cadre du conseil : Non, cela ne m&rsquo;&eacute;nerve pas du tout, au contraire, cela me stimule ! Mais ce qui m&rsquo;&eacute;nerve, c&rsquo;est qu&rsquo;en mati&egrave;re d&rsquo;informatique et de formulaires, nous sommes toujours tr&egrave;s organis&eacute;s au niveau cantonal, malgr&eacute; l&rsquo;harmonisation fiscale. Pour le reste, je suis un d&eacute;fenseur de la concurrence fiscale.<\/p><p><strong><em>Croyez-vous en une puissance sup&eacute;rieure&nbsp;?<\/em><\/strong><\/p><p>Je ne sais pas si l&rsquo;on peut parler d&rsquo;une force sup&eacute;rieure. Mais je crois que tout nous revient d&rsquo;une mani&egrave;re ou d&rsquo;une autre, ou que dans la vie, on se rencontre toujours deux fois. J&rsquo;essaie donc d&rsquo;organiser ma vie de mani&egrave;re &agrave; pouvoir regarder mon interlocuteur dans les yeux &agrave; tout moment.<\/p><p><strong><em>Quel conseil donneriez-vous &agrave; votre cadet&nbsp;?<\/em><\/strong><\/p><p>&Ecirc;tre soi-m&ecirc;me et rire de soi-m&ecirc;me de temps en temps &ndash; c&rsquo;est plus facile &agrave; vivre&nbsp;!<\/p><p><strong><em>Avez-vous d&eacute;j&agrave; eu de la chance&nbsp;? Qu&rsquo;est-ce qui s&rsquo;est pass&eacute;&nbsp;?<\/em><\/strong><\/p><p>J&rsquo;ai la chance d&rsquo;&ecirc;tre entour&eacute; depuis des ann&eacute;es par les m&ecirc;mes personnes dans mon cercle familial et amical, sur lesquelles je peux compter dans les bons comme dans les mauvais moments. Ces personnes me prennent comme je suis : parfois gentil, parfois fatigant et &eacute;nervant, mais toujours avec le c&oelig;ur&nbsp;; Peter Br&uuml;lisauer, tout simplement. Et je suis heureux d&rsquo;avoir pu, il y a deux ans, &laquo;&nbsp;tomber amoureux&nbsp;&raquo; encore une fois comme un adolescent. Je suis tr&egrave;s reconnaissant &agrave; mon partenaire Elmir pour cela&nbsp;!<\/p><p><em><strong>Sur quoi avez-vous radicalement chang&eacute; d&rsquo;avis et pourquoi&nbsp;?<\/strong> <\/em><\/p><p>Le fait que l&rsquo;&eacute;tablissement stable b&eacute;n&eacute;ficie d&rsquo;une fiction d&rsquo;ind&eacute;pendance absolue en droit fiscal et non d&rsquo;une fiction d&rsquo;ind&eacute;pendance limit&eacute;e, ce que je d&eacute;fendais dans le cadre de ma th&egrave;se de doctorat. Pourquoi&nbsp;: je suppose que je n&rsquo;ai vraiment compris le concept d&rsquo;&eacute;tablissement stable qu&rsquo;au cours de mes consultations pratiques.<\/p><p><em>R&eacute;vision par Nicole Stucki-Racle<\/em><\/p>\n","protected":false},"excerpt":{"rendered":"<p>Peter Br\u00fclisauer r\u00e9pond \u00e0 nos questions \u2013 pas forc\u00e9ment techniques \u2013 dans le Rendez-vous.<\/p>\n","protected":false},"author":2371,"featured_media":0,"template":"","meta":{"_acf_changed":false,"authors":[{"ID":74,"display_name":"Redaktion Steuer Revue","first_name":"","last_name":"","description":"","image":"https:\/\/steuerportal.ch\/wp-content\/uploads\/2024\/11\/StP_Profilbild_RED_DE_quadratisch.jpg","organiser_data":{"public_organiser_name":"Redaktion Steuer Revue","public_organiser_page":false,"offer":"","location":"","preamble":"","public_organiser_logo":false},"url":"https:\/\/steuerportal.ch\/fr\/autoren\/redaktion-steuer-revue\/"}],"related_sht_promodule":["<a href=\"https:\/\/steuerportal.ch\/fr\/modules-specialises\/revue-fiscale\/rendez-vous\/\">Revue fiscale &#8594; Rendez-vous<\/a>"],"pdf":"https:\/\/steuerportal.ch\/fr\/articles-specialises\/obenabe-undenufe-ou-slalom-peter-brulisauer\/shtpdf\/","language":"fr"},"sht_proarticle_category":[271],"sht_proarticle_tag":[],"class_list":["post-21429","sht_proarticle","type-sht_proarticle","status-publish","hentry","sht_proarticle_category-rendez-vous-fr"],"acf":{"authors":[74]},"shp_steuerportal_must_use":{"translations":[{"id":21393,"link":"https:\/\/steuerportal.ch\/articles-specialises\/obenabe-undenufe-oder-slalom-peter-bruelisauer\/","title":{"rendered":"Obenabe, Undenufe oder Slalom, Peter Br\u00fclisauer?"},"language":"de"},{"id":21429,"link":"https:\/\/steuerportal.ch\/fr\/articles-specialises\/obenabe-undenufe-ou-slalom-peter-brulisauer\/","title":{"rendered":"\u00ab\u00a0Obenabe, Undenufe\u00a0\u00bb ou Slalom, Peter Br\u00fclisauer\u00a0?"},"language":"fr"}]},"yoast_head":"<!-- This site is optimized with the Yoast SEO plugin v27.5 - https:\/\/yoast.com\/product\/yoast-seo-wordpress\/ -->\n<title>\u00ab\u00a0Obenabe, Undenufe\u00a0\u00bb ou Slalom, Peter Br\u00fclisauer\u00a0? &#8226; steuerportal.ch<\/title>\n<meta name=\"robots\" content=\"index, follow, max-snippet:-1, max-image-preview:large, max-video-preview:-1\" \/>\n<link rel=\"canonical\" href=\"https:\/\/steuerportal.ch\/fr\/articles-specialises\/obenabe-undenufe-ou-slalom-peter-brulisauer\/\" \/>\n<meta property=\"og:locale\" content=\"fr_FR\" \/>\n<meta property=\"og:type\" content=\"article\" \/>\n<meta property=\"og:title\" content=\"\u00ab\u00a0Obenabe, Undenufe\u00a0\u00bb ou Slalom, Peter Br\u00fclisauer\u00a0? &#8226; steuerportal.ch\" \/>\n<meta property=\"og:description\" content=\"Peter Br\u00fclisauer r\u00e9pond \u00e0 nos questions \u2013 pas forc\u00e9ment techniques \u2013 dans le Rendez-vous.\" \/>\n<meta property=\"og:url\" content=\"https:\/\/steuerportal.ch\/fr\/articles-specialises\/obenabe-undenufe-ou-slalom-peter-brulisauer\/\" \/>\n<meta property=\"og:site_name\" content=\"steuerportal.ch\" \/>\n<meta property=\"article:modified_time\" content=\"2024-09-02T21:46:59+00:00\" \/>\n<meta property=\"og:image\" content=\"https:\/\/steuerportal.ch\/wp-content\/uploads\/2024\/08\/peter_bruelisauer_rendezvous-768x1024.jpg\" \/>\n<meta name=\"twitter:card\" content=\"summary_large_image\" \/>\n<meta name=\"twitter:label1\" content=\"Dur\u00e9e de lecture estim\u00e9e\" \/>\n\t<meta name=\"twitter:data1\" content=\"19 minutes\" \/>\n<script type=\"application\/ld+json\" class=\"yoast-schema-graph\">{\"@context\":\"https:\\\/\\\/schema.org\",\"@graph\":[{\"@type\":\"WebPage\",\"@id\":\"https:\\\/\\\/steuerportal.ch\\\/fr\\\/articles-specialises\\\/obenabe-undenufe-ou-slalom-peter-brulisauer\\\/\",\"url\":\"https:\\\/\\\/steuerportal.ch\\\/fr\\\/articles-specialises\\\/obenabe-undenufe-ou-slalom-peter-brulisauer\\\/\",\"name\":\"\u00ab\u00a0Obenabe, Undenufe\u00a0\u00bb ou Slalom, Peter Br\u00fclisauer\u00a0? &#8226; steuerportal.ch\",\"isPartOf\":{\"@id\":\"https:\\\/\\\/steuerportal.ch\\\/fr\\\/#website\"},\"primaryImageOfPage\":{\"@id\":\"https:\\\/\\\/steuerportal.ch\\\/fr\\\/articles-specialises\\\/obenabe-undenufe-ou-slalom-peter-brulisauer\\\/#primaryimage\"},\"image\":{\"@id\":\"https:\\\/\\\/steuerportal.ch\\\/fr\\\/articles-specialises\\\/obenabe-undenufe-ou-slalom-peter-brulisauer\\\/#primaryimage\"},\"thumbnailUrl\":\"https:\\\/\\\/steuerportal.ch\\\/wp-content\\\/uploads\\\/2024\\\/08\\\/peter_bruelisauer_rendezvous-768x1024.jpg\",\"datePublished\":\"2024-09-02T21:41:44+00:00\",\"dateModified\":\"2024-09-02T21:46:59+00:00\",\"breadcrumb\":{\"@id\":\"https:\\\/\\\/steuerportal.ch\\\/fr\\\/articles-specialises\\\/obenabe-undenufe-ou-slalom-peter-brulisauer\\\/#breadcrumb\"},\"inLanguage\":\"fr-FR\",\"potentialAction\":[{\"@type\":\"ReadAction\",\"target\":[\"https:\\\/\\\/steuerportal.ch\\\/fr\\\/articles-specialises\\\/obenabe-undenufe-ou-slalom-peter-brulisauer\\\/\"]}]},{\"@type\":\"ImageObject\",\"inLanguage\":\"fr-FR\",\"@id\":\"https:\\\/\\\/steuerportal.ch\\\/fr\\\/articles-specialises\\\/obenabe-undenufe-ou-slalom-peter-brulisauer\\\/#primaryimage\",\"url\":\"https:\\\/\\\/steuerportal.ch\\\/wp-content\\\/uploads\\\/2024\\\/08\\\/peter_bruelisauer_rendezvous-768x1024.jpg\",\"contentUrl\":\"https:\\\/\\\/steuerportal.ch\\\/wp-content\\\/uploads\\\/2024\\\/08\\\/peter_bruelisauer_rendezvous-768x1024.jpg\"},{\"@type\":\"BreadcrumbList\",\"@id\":\"https:\\\/\\\/steuerportal.ch\\\/fr\\\/articles-specialises\\\/obenabe-undenufe-ou-slalom-peter-brulisauer\\\/#breadcrumb\",\"itemListElement\":[{\"@type\":\"ListItem\",\"position\":1,\"name\":\"Page d'accueil\",\"item\":\"https:\\\/\\\/steuerportal.ch\\\/fr\\\/\"},{\"@type\":\"ListItem\",\"position\":2,\"name\":\"Fachartikel\",\"item\":\"https:\\\/\\\/steuerportal.ch\\\/fr\\\/articles-specialises\\\/\"},{\"@type\":\"ListItem\",\"position\":3,\"name\":\"\u00ab\u00a0Obenabe, Undenufe\u00a0\u00bb ou Slalom, Peter Br\u00fclisauer\u00a0?\"}]},{\"@type\":\"WebSite\",\"@id\":\"https:\\\/\\\/steuerportal.ch\\\/fr\\\/#website\",\"url\":\"https:\\\/\\\/steuerportal.ch\\\/fr\\\/\",\"name\":\"steuerportal.ch\",\"description\":\"Le portail suisse sp\u00e9cialis\u00e9 dans le domaine des imp\u00f4ts\",\"publisher\":{\"@id\":\"https:\\\/\\\/steuerportal.ch\\\/fr\\\/#organization\"},\"potentialAction\":[{\"@type\":\"SearchAction\",\"target\":{\"@type\":\"EntryPoint\",\"urlTemplate\":\"https:\\\/\\\/steuerportal.ch\\\/fr\\\/?s={search_term_string}\"},\"query-input\":{\"@type\":\"PropertyValueSpecification\",\"valueRequired\":true,\"valueName\":\"search_term_string\"}}],\"inLanguage\":\"fr-FR\"},{\"@type\":\"Organization\",\"@id\":\"https:\\\/\\\/steuerportal.ch\\\/fr\\\/#organization\",\"name\":\"Steuerportal (Cosmos Verlag)\",\"url\":\"https:\\\/\\\/steuerportal.ch\\\/fr\\\/\",\"logo\":{\"@type\":\"ImageObject\",\"inLanguage\":\"fr-FR\",\"@id\":\"https:\\\/\\\/steuerportal.ch\\\/fr\\\/#\\\/schema\\\/logo\\\/image\\\/\",\"url\":\"https:\\\/\\\/steuerportal.ch\\\/wp-content\\\/uploads\\\/2021\\\/06\\\/cosmos_c-strich_h_positiv_bunt.svg\",\"contentUrl\":\"https:\\\/\\\/steuerportal.ch\\\/wp-content\\\/uploads\\\/2021\\\/06\\\/cosmos_c-strich_h_positiv_bunt.svg\",\"width\":191,\"height\":44,\"caption\":\"Steuerportal (Cosmos Verlag)\"},\"image\":{\"@id\":\"https:\\\/\\\/steuerportal.ch\\\/fr\\\/#\\\/schema\\\/logo\\\/image\\\/\"}}]}<\/script>\n<!-- \/ Yoast SEO plugin. -->","yoast_head_json":{"title":"\u00ab\u00a0Obenabe, Undenufe\u00a0\u00bb ou Slalom, Peter Br\u00fclisauer\u00a0? &#8226; steuerportal.ch","robots":{"index":"index","follow":"follow","max-snippet":"max-snippet:-1","max-image-preview":"max-image-preview:large","max-video-preview":"max-video-preview:-1"},"canonical":"https:\/\/steuerportal.ch\/fr\/articles-specialises\/obenabe-undenufe-ou-slalom-peter-brulisauer\/","og_locale":"fr_FR","og_type":"article","og_title":"\u00ab\u00a0Obenabe, Undenufe\u00a0\u00bb ou Slalom, Peter Br\u00fclisauer\u00a0? &#8226; steuerportal.ch","og_description":"Peter Br\u00fclisauer r\u00e9pond \u00e0 nos questions \u2013 pas forc\u00e9ment techniques \u2013 dans le Rendez-vous.","og_url":"https:\/\/steuerportal.ch\/fr\/articles-specialises\/obenabe-undenufe-ou-slalom-peter-brulisauer\/","og_site_name":"steuerportal.ch","article_modified_time":"2024-09-02T21:46:59+00:00","og_image":[{"url":"https:\/\/steuerportal.ch\/wp-content\/uploads\/2024\/08\/peter_bruelisauer_rendezvous-768x1024.jpg","type":"","width":"","height":""}],"twitter_card":"summary_large_image","twitter_misc":{"Dur\u00e9e de lecture estim\u00e9e":"19 minutes"},"schema":{"@context":"https:\/\/schema.org","@graph":[{"@type":"WebPage","@id":"https:\/\/steuerportal.ch\/fr\/articles-specialises\/obenabe-undenufe-ou-slalom-peter-brulisauer\/","url":"https:\/\/steuerportal.ch\/fr\/articles-specialises\/obenabe-undenufe-ou-slalom-peter-brulisauer\/","name":"\u00ab\u00a0Obenabe, Undenufe\u00a0\u00bb ou Slalom, Peter Br\u00fclisauer\u00a0? &#8226; steuerportal.ch","isPartOf":{"@id":"https:\/\/steuerportal.ch\/fr\/#website"},"primaryImageOfPage":{"@id":"https:\/\/steuerportal.ch\/fr\/articles-specialises\/obenabe-undenufe-ou-slalom-peter-brulisauer\/#primaryimage"},"image":{"@id":"https:\/\/steuerportal.ch\/fr\/articles-specialises\/obenabe-undenufe-ou-slalom-peter-brulisauer\/#primaryimage"},"thumbnailUrl":"https:\/\/steuerportal.ch\/wp-content\/uploads\/2024\/08\/peter_bruelisauer_rendezvous-768x1024.jpg","datePublished":"2024-09-02T21:41:44+00:00","dateModified":"2024-09-02T21:46:59+00:00","breadcrumb":{"@id":"https:\/\/steuerportal.ch\/fr\/articles-specialises\/obenabe-undenufe-ou-slalom-peter-brulisauer\/#breadcrumb"},"inLanguage":"fr-FR","potentialAction":[{"@type":"ReadAction","target":["https:\/\/steuerportal.ch\/fr\/articles-specialises\/obenabe-undenufe-ou-slalom-peter-brulisauer\/"]}]},{"@type":"ImageObject","inLanguage":"fr-FR","@id":"https:\/\/steuerportal.ch\/fr\/articles-specialises\/obenabe-undenufe-ou-slalom-peter-brulisauer\/#primaryimage","url":"https:\/\/steuerportal.ch\/wp-content\/uploads\/2024\/08\/peter_bruelisauer_rendezvous-768x1024.jpg","contentUrl":"https:\/\/steuerportal.ch\/wp-content\/uploads\/2024\/08\/peter_bruelisauer_rendezvous-768x1024.jpg"},{"@type":"BreadcrumbList","@id":"https:\/\/steuerportal.ch\/fr\/articles-specialises\/obenabe-undenufe-ou-slalom-peter-brulisauer\/#breadcrumb","itemListElement":[{"@type":"ListItem","position":1,"name":"Page d'accueil","item":"https:\/\/steuerportal.ch\/fr\/"},{"@type":"ListItem","position":2,"name":"Fachartikel","item":"https:\/\/steuerportal.ch\/fr\/articles-specialises\/"},{"@type":"ListItem","position":3,"name":"\u00ab\u00a0Obenabe, Undenufe\u00a0\u00bb ou Slalom, Peter Br\u00fclisauer\u00a0?"}]},{"@type":"WebSite","@id":"https:\/\/steuerportal.ch\/fr\/#website","url":"https:\/\/steuerportal.ch\/fr\/","name":"steuerportal.ch","description":"Le portail suisse sp\u00e9cialis\u00e9 dans le domaine des imp\u00f4ts","publisher":{"@id":"https:\/\/steuerportal.ch\/fr\/#organization"},"potentialAction":[{"@type":"SearchAction","target":{"@type":"EntryPoint","urlTemplate":"https:\/\/steuerportal.ch\/fr\/?s={search_term_string}"},"query-input":{"@type":"PropertyValueSpecification","valueRequired":true,"valueName":"search_term_string"}}],"inLanguage":"fr-FR"},{"@type":"Organization","@id":"https:\/\/steuerportal.ch\/fr\/#organization","name":"Steuerportal (Cosmos Verlag)","url":"https:\/\/steuerportal.ch\/fr\/","logo":{"@type":"ImageObject","inLanguage":"fr-FR","@id":"https:\/\/steuerportal.ch\/fr\/#\/schema\/logo\/image\/","url":"https:\/\/steuerportal.ch\/wp-content\/uploads\/2021\/06\/cosmos_c-strich_h_positiv_bunt.svg","contentUrl":"https:\/\/steuerportal.ch\/wp-content\/uploads\/2021\/06\/cosmos_c-strich_h_positiv_bunt.svg","width":191,"height":44,"caption":"Steuerportal (Cosmos Verlag)"},"image":{"@id":"https:\/\/steuerportal.ch\/fr\/#\/schema\/logo\/image\/"}}]}},"_links":{"self":[{"href":"https:\/\/steuerportal.ch\/fr\/wp-json\/wp\/v2\/sht_proarticle\/21429","targetHints":{"allow":["GET"]}}],"collection":[{"href":"https:\/\/steuerportal.ch\/fr\/wp-json\/wp\/v2\/sht_proarticle"}],"about":[{"href":"https:\/\/steuerportal.ch\/fr\/wp-json\/wp\/v2\/types\/sht_proarticle"}],"author":[{"embeddable":true,"href":"https:\/\/steuerportal.ch\/fr\/wp-json\/wp\/v2\/users\/2371"}],"version-history":[{"count":3,"href":"https:\/\/steuerportal.ch\/fr\/wp-json\/wp\/v2\/sht_proarticle\/21429\/revisions"}],"predecessor-version":[{"id":21494,"href":"https:\/\/steuerportal.ch\/fr\/wp-json\/wp\/v2\/sht_proarticle\/21429\/revisions\/21494"}],"acf:user":[{"embeddable":true,"href":"https:\/\/steuerportal.ch\/fr\/wp-json\/wp\/v2\/users\/74"}],"wp:attachment":[{"href":"https:\/\/steuerportal.ch\/fr\/wp-json\/wp\/v2\/media?parent=21429"}],"wp:term":[{"taxonomy":"sht_proarticle_category","embeddable":true,"href":"https:\/\/steuerportal.ch\/fr\/wp-json\/wp\/v2\/sht_proarticle_category?post=21429"},{"taxonomy":"sht_proarticle_tag","embeddable":true,"href":"https:\/\/steuerportal.ch\/fr\/wp-json\/wp\/v2\/sht_proarticle_tag?post=21429"}],"curies":[{"name":"wp","href":"https:\/\/api.w.org\/{rel}","templated":true}]}}