{"id":20977,"date":"2024-07-24T06:52:00","date_gmt":"2024-07-24T04:52:00","guid":{"rendered":"https:\/\/steuerportal.ch\/?post_type=sht_proarticle&#038;p=20977"},"modified":"2024-07-23T13:42:56","modified_gmt":"2024-07-23T11:42:56","slug":"avez-vous-une-passion-secrete-en-dehors-du-droit-fiscal-adriano-marantelli","status":"publish","type":"sht_proarticle","link":"https:\/\/steuerportal.ch\/fr\/articles-specialises\/avez-vous-une-passion-secrete-en-dehors-du-droit-fiscal-adriano-marantelli\/","title":{"rendered":"Avez-vous une passion secr\u00e8te en dehors du droit fiscal, Adriano Marantelli\u00a0?"},"content":{"rendered":"<div class=\"wp-block-media-text is-stacked-on-mobile\"><figure class=\"wp-block-media-text__media\"><img loading=\"lazy\" decoding=\"async\" width=\"703\" height=\"1024\" src=\"https:\/\/steuerportal.ch\/wp-content\/uploads\/2024\/07\/adriano_marantelli-703x1024.jpg\" alt=\"\" class=\"wp-image-20972 size-full\" srcset=\"https:\/\/steuerportal.ch\/wp-content\/uploads\/2024\/07\/adriano_marantelli-703x1024.jpg 703w, https:\/\/steuerportal.ch\/wp-content\/uploads\/2024\/07\/adriano_marantelli-700x1019.jpg 700w, https:\/\/steuerportal.ch\/wp-content\/uploads\/2024\/07\/adriano_marantelli-768x1118.jpg 768w, https:\/\/steuerportal.ch\/wp-content\/uploads\/2024\/07\/adriano_marantelli-192x280.jpg 192w, https:\/\/steuerportal.ch\/wp-content\/uploads\/2024\/07\/adriano_marantelli-628x914.jpg 628w, https:\/\/steuerportal.ch\/wp-content\/uploads\/2024\/07\/adriano_marantelli-296x431.jpg 296w, https:\/\/steuerportal.ch\/wp-content\/uploads\/2024\/07\/adriano_marantelli.jpg 924w\" sizes=\"auto, (max-width: 703px) 100vw, 703px\" \/><\/figure><div class=\"wp-block-media-text__content\">\n<p><strong>Nom&nbsp;:<\/strong> Adriano Marantelli<\/p>\n\n\n\n<p><strong>Profession\/position&nbsp;:<\/strong> professeur de droit fiscal &agrave; l&rsquo;Universit&eacute; de Berne<\/p>\n\n\n\n<p><strong>Famille&nbsp;: <\/strong>mari&eacute; &agrave; Vera Marantelli<\/p>\n\n\n\n<p><strong>Loisirs&nbsp;: <\/strong>voyages, lecture, et ceux mentionn&eacute;s dans le texte<\/p>\n<\/div><\/div><div class=\"wp-block-group is-style-info-box has-gray-xlight-background-color has-background is-layout-constrained wp-container-core-group-is-layout-c385debf wp-block-group-is-layout-constrained\" style=\"padding-top:var(--wp--preset--spacing--20);padding-right:var(--wp--preset--spacing--20);padding-bottom:var(--wp--preset--spacing--20);padding-left:var(--wp--preset--spacing--20)\">\n<p class=\"has-primary-dark-color has-text-color\">Ce texte est une <strong>traduction automatique r&eacute;vis&eacute;e<\/strong> de l&rsquo;article original en allemand. Changez les param&egrave;tres de langue pour lire l&rsquo;article original en allemand. Vous ne voulez pas manquer un article en fran&ccedil;ais? Abonnez-vous &agrave; notre newsletter.<\/p>\n\n\n\n<div class=\"wp-block-group is-layout-flow wp-block-group-is-layout-flow\">\n<div class=\"wp-block-buttons is-layout-flex wp-block-buttons-is-layout-flex\">\n<div class=\"wp-block-button\"><a class=\"wp-block-button__link wp-element-button\" href=\"https:\/\/steuerportal.ch\/fr\/contact\/#Newsletter\" target=\"_blank\" rel=\"noreferrer noopener\">Inscription &agrave; la newsletter<\/a><\/div>\n<\/div>\n\n\n\n<div style=\"height:20px\" aria-hidden=\"true\" class=\"wp-block-spacer\"><\/div>\n<\/div>\n<\/div><p><strong><em>Avez-vous une devise de vie&nbsp;?<\/em><\/strong><\/p><p>&laquo; Fortiter in re suaviter in modo &raquo;. (&laquo; Pers&eacute;v&eacute;rant dans l&rsquo;affaire, doux dans la m&eacute;thode &raquo; &ndash; ou librement traduit : &laquo; Des principes, oui, mais avec mesure &raquo;). Car l&rsquo;inverse, &laquo; suaviter in re fortiter in modo &raquo;, n&rsquo;a g&eacute;n&eacute;ralement pas de bons r&eacute;sultats. C&rsquo;est ce qu&rsquo;a d&eacute;j&agrave; montr&eacute; la R&eacute;volution fran&ccedil;aise il y a environ 230 ans, lorsque le dirigeant parisien de l&rsquo;&eacute;poque, Maximilien Robespierre, a tent&eacute; de faire comprendre aux Fran&ccedil;ais les acquis de &laquo; Libert&eacute;\/&Eacute;galit&eacute;\/Fraternit&eacute; &raquo; au moyen de la guillotine.<\/p><p><strong><em>Avez-vous une passion secr&egrave;te en dehors du droit fiscal&nbsp;?<\/em><\/strong><\/p><p>Dans le sens d&rsquo;une &laquo; passion inoffensive &raquo;, je m&rsquo;int&eacute;resse beaucoup &agrave; l&rsquo;histoire et aux contextes historiques. En regardant notre biblioth&egrave;que &agrave; la maison, on pourrait penser que l&rsquo;histoire est mon m&eacute;tier et le droit fiscal mon hobby. Mais si l&rsquo;on regarde les &eacute;tag&egrave;res de livres dans mon bureau &agrave; l&rsquo;universit&eacute;, on s&rsquo;aper&ccedil;oit tr&egrave;s vite que c&rsquo;est malgr&eacute; tout l&rsquo;inverse. Je collectionne &eacute;galement la porcelaine et les cravates. C&rsquo;est d&rsquo;ailleurs pour cette derni&egrave;re raison que je porte souvent une cravate, m&ecirc;me &agrave; l&rsquo;universit&eacute;, malgr&eacute; la tendance actuelle plut&ocirc;t &laquo; cravatophobe &raquo;. Une petite touche de couleur par temps gris et brumeux, comme c&rsquo;est parfois le cas sous nos latitudes, ne fait jamais de mal.<\/p><p><strong><em>Quel &eacute;tait votre souhait professionnel lorsque vous &eacute;tiez enfant&nbsp;&ndash; et pourquoi cela n&rsquo;a-t-il pas abouti&nbsp;?<\/em><\/strong><\/p><ul class=\"wp-block-list\">\n<li>Architecte (malheureusement, je ne dessine pas assez bien, ce que mes &eacute;tudiants confirmeraient en voyant certains de mes transparents) ou bien<\/li>\n\n\n\n<li>Chef d&rsquo;un orchestre symphonique classique (mes m&eacute;diocres talents de pianiste laissaient toutefois pr&eacute;sager que j&rsquo;aurais &eacute;t&eacute; plus dou&eacute; pour le triangle dans la fosse d&rsquo;orchestre que pour le pupitre de chef d&rsquo;orchestre).<\/li>\n<\/ul><p><strong><em>Qu&rsquo;est-ce qui vous met hors de vous&nbsp;?<\/em><\/strong><\/p><p>Les articles sp&eacute;cialis&eacute;s de trois pages avec quatre photos d&rsquo;auteur ; les th&egrave;ses de master r&eacute;dig&eacute;s par des &eacute;tudiants juste avant la fin de leurs &eacute;tudes dont la bibliographie est class&eacute;e par ordre alphab&eacute;tique des pr&eacute;noms, et enfin le mot &laquo;&nbsp;unbehelflich&nbsp;&raquo; dans les arr&ecirc;ts du Tribunal f&eacute;d&eacute;ral, qui sert parfois &agrave; balayer des arguments valables. Pour moi, le terme cit&eacute; est candidat au &laquo; non-mot &raquo; juridique de l&rsquo;ann&eacute;e. Le qualificatif &laquo;unbehelflich&raquo; ne serait appropri&eacute; que si les plaignants n&rsquo;avaient pas tenu compte, lors de la r&eacute;daction de leur m&eacute;moire juridique, du conseil de Mark Twain selon lequel il faut conna&icirc;tre les faits avant de les d&eacute;former.<\/p><p><strong><em>O&ugrave; se trouve votre destination de r&ecirc;ve&nbsp;?<\/em><\/strong><\/p><p>Ma femme et moi avons deux villes pr&eacute;f&eacute;r&eacute;es, notamment Venise et Vienne. Nous avons la chance de pouvoir r&eacute;aliser ces deux souhaits &ndash; ou destinations de r&ecirc;ve &ndash; &agrave; chaque fois.<\/p><p><strong><em>Quels livres lisez-vous en ce moment&nbsp;?<\/em><\/strong><\/p><p>Apr&egrave;s mon r&eacute;cent s&eacute;jour en France, et comme j&rsquo;aime bien fouiller dans les librairies de notre pays voisin, je lis actuellement deux livres en fran&ccedil;ais qui traitent d&rsquo;histoire et de politique (S&eacute;bastien Le Fol, &laquo; Les lieux du pouvoir, une histoire secr&egrave;te et intime de la politique &raquo;, et Hubert V&eacute;drine, &laquo; Grands Diplomates, Les ma&icirc;tres des relations internationales de Mazarin &agrave; nos jours &raquo;). Parall&egrave;lement, je lis encore en ce moment le nouveau roman de Bodo Kirchhoff (&laquo;Seit er sein Leben mit einem Tier teilt&raquo;). Je n&rsquo;ai toutefois pas termin&eacute; le livre de Pierre Bayard intitul&eacute; &laquo; Comment parler de livres que l&rsquo;on n&rsquo;a pas lus? &raquo;, car jusqu&rsquo;&agrave; la moiti&eacute;, il ne contenait aucun mode d&rsquo;emploi sur la mani&egrave;re de parler de litt&eacute;rature sp&eacute;cialis&eacute;e que l&rsquo;on n&rsquo;a pas lue.<\/p><p><strong><em>Y a-t-il quelque chose qui vous agace extr&ecirc;mement dans la jurisprudence ou le droit fiscal&nbsp;?<\/em><\/strong><\/p><p>Dans la jurisprudence en g&eacute;n&eacute;ral : les juges qui ne con&ccedil;oivent pas la jurisprudence comme la d&eacute;couverte du droit, mais comme la poursuite de la politique par d&rsquo;autres moyens. En droit fiscal en particulier : La perte de souverainet&eacute; des petits &Eacute;tats en mati&egrave;re de droit fiscal international face &agrave; des organisations telles que l&rsquo;OCDE ou des groupes d&rsquo;&Eacute;tats comme le G20 (en termes un peu moins distingu&eacute;s, on pourrait aussi parler de leur dictat fiscal). Je crains toutefois que rien ne puisse &ecirc;tre chang&eacute; dans un avenir proche et que l&rsquo;on ne puisse que reprendre le refrain du professeur de chant Alfred dans le premier acte de l&rsquo;op&eacute;rette &laquo; La Chauve-Souris &raquo; de Johann Strauss : &laquo; Heureux celui qui oublie ce qui ne peut pas &ecirc;tre chang&eacute; &raquo;.<\/p><p><strong><em>Croyez-vous en une puissance sup&eacute;rieure&nbsp;?<\/em><\/strong><\/p><p>Oui, bien que dans le cas contraire, je me r&eacute;f&eacute;rerais &agrave; Voltaire, qui a dit : &laquo; Si Dieu n&rsquo;existait pas, il faudrait l&rsquo;inventer &raquo;. Mais si l&rsquo;on observe ce qui se passe sur notre globe, je peux aussi comprendre que des gens arrivent &agrave; une autre conclusion. En outre, il faut reconna&icirc;tre que la preuve du &laquo; oui &raquo; est difficile, presque impossible &agrave; apporter. Le mieux est peut-&ecirc;tre de s&rsquo;appuyer sur des sources secondaires, qui pourraient &ecirc;tre les suivantes : La Divine Com&eacute;die de Dante, la Chapelle Sixtine de Michel-Ange ou la 9<sup>e<\/sup> symphonie de Beethoven. Et &agrave; la fin, il reste toujours la contre-question un peu ostensible &laquo; Qu&rsquo;y avait-il avant le big-bang ? &raquo; ou le &laquo; pari de Pascal &raquo; &ndash; certes controvers&eacute; -, ce qui permettrait d&rsquo;honorer un autre penseur fran&ccedil;ais.<\/p><p><strong><em>Quels conseils donneriez-vous &agrave; votre successeur&nbsp;?<\/em><\/strong><\/p><p>Par ma nature, je ne suis pas une personne qui prodigue des conseils &agrave; son successeur en lui tapant sur l&rsquo;&eacute;paule, au moins c&rsquo;est ce que je pense. Je suis plut&ocirc;t d&rsquo;accord avec Fr&eacute;d&eacute;ric II (&eacute;galement appel&eacute; &laquo; le Grand &raquo; ou &laquo; alter Fritz &raquo;), le c&eacute;l&egrave;bre roi de Prusse, qui a manifestement &eacute;crit dans son journal (17&nbsp;d&eacute;cembre&nbsp;1763)&nbsp;: &laquo; Il est dans l&rsquo;esprit de l&rsquo;homme que les exemples n&rsquo;am&eacute;liorent personne : les b&ecirc;tises des p&egrave;res sont perdues pour leurs enfants ; chaque g&eacute;n&eacute;ration doit commettre les siennes &raquo;.<\/p><p>Si je souhaite malgr&eacute; tout &ecirc;tre infid&egrave;le &agrave; mon principe susmentionn&eacute;, je conseillerais &agrave; une personne qui me succ&egrave;de &agrave; la Chaire de Berne de ne pas confondre dogmatisme fiscal et id&eacute;ologie et de ne pas oublier compl&egrave;tement le bon sens malgr&eacute; tout le dogmatisme.<\/p><p><strong><em>Avez-vous d&eacute;j&agrave; vraiment eu de la chance ? Que s&rsquo;est-il pass&eacute;&nbsp;?<\/em><\/strong><\/p><p>En janvier de cette ann&eacute;e, alors que je faisais du tourisme &agrave; Rome, je suis tomb&eacute; si malencontreusement que je me suis cass&eacute; le nez &agrave; plusieurs reprises et que j&rsquo;ai d&ucirc; &ecirc;tre transport&eacute; sous gyrophare &agrave; l&rsquo;Ospedale San Camillo, o&ugrave; il s&rsquo;est heureusement av&eacute;r&eacute; aux urgences que tout semblait plus grave en apparence qu&rsquo;en r&eacute;alit&eacute;.<\/p><p><em><strong>Qu&rsquo;est-ce qui vous fait peur&nbsp;?<\/strong> <\/em><\/p><p>Qu&rsquo;une Europe d&eacute;sunie perde encore plus d&rsquo;influence sur le plan &eacute;conomique, technique et donc politique et devienne de plus en plus un simple jouet d&rsquo;int&eacute;r&ecirc;ts &eacute;trangers dans la lutte mondiale. En outre, la polarisation politique croissante et l&rsquo;affaiblissement de la d&eacute;mocratie lib&eacute;rale de type occidental qui en r&eacute;sulte.<\/p><p><em>R&eacute;vision Nicole Stucki-Racle<\/em><\/p>\n","protected":false},"excerpt":{"rendered":"<p>Adriano Marantelli r\u00e9pond \u00e0 nos questions \u2013 pas forc\u00e9ment techniques \u2013 dans le Rendez-vous.<\/p>\n","protected":false},"author":2371,"featured_media":0,"template":"","meta":{"_acf_changed":false,"authors":[{"ID":74,"display_name":"Redaktion Steuer Revue","first_name":"","last_name":"","description":"","image":"https:\/\/steuerportal.ch\/wp-content\/uploads\/2024\/11\/StP_Profilbild_RED_DE_quadratisch.jpg","organiser_data":{"public_organiser_name":"Redaktion Steuer Revue","public_organiser_page":false,"offer":"","location":"","preamble":"","public_organiser_logo":false},"url":"https:\/\/steuerportal.ch\/fr\/autoren\/redaktion-steuer-revue\/"}],"related_sht_promodule":["<a href=\"https:\/\/steuerportal.ch\/fr\/modules-specialises\/revue-fiscale\/rendez-vous\/\">Revue fiscale &#8594; Rendez-vous<\/a>"],"pdf":"https:\/\/steuerportal.ch\/fr\/articles-specialises\/avez-vous-une-passion-secrete-en-dehors-du-droit-fiscal-adriano-marantelli\/shtpdf\/","language":"fr"},"sht_proarticle_category":[271],"sht_proarticle_tag":[],"class_list":["post-20977","sht_proarticle","type-sht_proarticle","status-publish","hentry","sht_proarticle_category-rendez-vous-fr"],"acf":{"authors":[74]},"shp_steuerportal_must_use":{"translations":[{"id":20971,"link":"https:\/\/steuerportal.ch\/articles-specialises\/haben-sie-eine-geheime-leidenschaft-neben-dem-steuerrecht-adriano-marantelli\/","title":{"rendered":"Haben Sie eine geheime Leidenschaft neben dem Steuerrecht, Adriano Marantelli?"},"language":"de"},{"id":20977,"link":"https:\/\/steuerportal.ch\/fr\/articles-specialises\/avez-vous-une-passion-secrete-en-dehors-du-droit-fiscal-adriano-marantelli\/","title":{"rendered":"Avez-vous une passion secr\u00e8te en dehors du droit fiscal, Adriano Marantelli\u00a0?"},"language":"fr"}]},"yoast_head":"<!-- This site is optimized with the Yoast SEO plugin v27.5 - https:\/\/yoast.com\/product\/yoast-seo-wordpress\/ -->\n<title>Avez-vous une passion secr\u00e8te en dehors du droit fiscal, Adriano Marantelli\u00a0? &#8226; steuerportal.ch<\/title>\n<meta name=\"robots\" content=\"index, follow, max-snippet:-1, max-image-preview:large, max-video-preview:-1\" \/>\n<link rel=\"canonical\" href=\"https:\/\/steuerportal.ch\/fr\/articles-specialises\/avez-vous-une-passion-secrete-en-dehors-du-droit-fiscal-adriano-marantelli\/\" \/>\n<meta property=\"og:locale\" content=\"fr_FR\" \/>\n<meta property=\"og:type\" content=\"article\" \/>\n<meta property=\"og:title\" content=\"Avez-vous une passion secr\u00e8te en dehors du droit fiscal, Adriano Marantelli\u00a0? &#8226; steuerportal.ch\" \/>\n<meta property=\"og:description\" content=\"Adriano Marantelli r\u00e9pond \u00e0 nos questions \u2013 pas forc\u00e9ment techniques \u2013 dans le Rendez-vous.\" \/>\n<meta property=\"og:url\" content=\"https:\/\/steuerportal.ch\/fr\/articles-specialises\/avez-vous-une-passion-secrete-en-dehors-du-droit-fiscal-adriano-marantelli\/\" \/>\n<meta property=\"og:site_name\" content=\"steuerportal.ch\" \/>\n<meta property=\"og:image\" content=\"https:\/\/steuerportal.ch\/wp-content\/uploads\/2024\/07\/adriano_marantelli-703x1024.jpg\" \/>\n<meta name=\"twitter:card\" content=\"summary_large_image\" \/>\n<meta name=\"twitter:label1\" content=\"Dur\u00e9e de lecture estim\u00e9e\" \/>\n\t<meta name=\"twitter:data1\" content=\"7 minutes\" \/>\n<script type=\"application\/ld+json\" class=\"yoast-schema-graph\">{\"@context\":\"https:\\\/\\\/schema.org\",\"@graph\":[{\"@type\":\"WebPage\",\"@id\":\"https:\\\/\\\/steuerportal.ch\\\/fr\\\/articles-specialises\\\/avez-vous-une-passion-secrete-en-dehors-du-droit-fiscal-adriano-marantelli\\\/\",\"url\":\"https:\\\/\\\/steuerportal.ch\\\/fr\\\/articles-specialises\\\/avez-vous-une-passion-secrete-en-dehors-du-droit-fiscal-adriano-marantelli\\\/\",\"name\":\"Avez-vous une passion secr\u00e8te en dehors du droit fiscal, Adriano Marantelli\u00a0? &#8226; steuerportal.ch\",\"isPartOf\":{\"@id\":\"https:\\\/\\\/steuerportal.ch\\\/fr\\\/#website\"},\"primaryImageOfPage\":{\"@id\":\"https:\\\/\\\/steuerportal.ch\\\/fr\\\/articles-specialises\\\/avez-vous-une-passion-secrete-en-dehors-du-droit-fiscal-adriano-marantelli\\\/#primaryimage\"},\"image\":{\"@id\":\"https:\\\/\\\/steuerportal.ch\\\/fr\\\/articles-specialises\\\/avez-vous-une-passion-secrete-en-dehors-du-droit-fiscal-adriano-marantelli\\\/#primaryimage\"},\"thumbnailUrl\":\"https:\\\/\\\/steuerportal.ch\\\/wp-content\\\/uploads\\\/2024\\\/07\\\/adriano_marantelli-703x1024.jpg\",\"datePublished\":\"2024-07-24T04:52:00+00:00\",\"breadcrumb\":{\"@id\":\"https:\\\/\\\/steuerportal.ch\\\/fr\\\/articles-specialises\\\/avez-vous-une-passion-secrete-en-dehors-du-droit-fiscal-adriano-marantelli\\\/#breadcrumb\"},\"inLanguage\":\"fr-FR\",\"potentialAction\":[{\"@type\":\"ReadAction\",\"target\":[\"https:\\\/\\\/steuerportal.ch\\\/fr\\\/articles-specialises\\\/avez-vous-une-passion-secrete-en-dehors-du-droit-fiscal-adriano-marantelli\\\/\"]}]},{\"@type\":\"ImageObject\",\"inLanguage\":\"fr-FR\",\"@id\":\"https:\\\/\\\/steuerportal.ch\\\/fr\\\/articles-specialises\\\/avez-vous-une-passion-secrete-en-dehors-du-droit-fiscal-adriano-marantelli\\\/#primaryimage\",\"url\":\"https:\\\/\\\/steuerportal.ch\\\/wp-content\\\/uploads\\\/2024\\\/07\\\/adriano_marantelli-703x1024.jpg\",\"contentUrl\":\"https:\\\/\\\/steuerportal.ch\\\/wp-content\\\/uploads\\\/2024\\\/07\\\/adriano_marantelli-703x1024.jpg\"},{\"@type\":\"BreadcrumbList\",\"@id\":\"https:\\\/\\\/steuerportal.ch\\\/fr\\\/articles-specialises\\\/avez-vous-une-passion-secrete-en-dehors-du-droit-fiscal-adriano-marantelli\\\/#breadcrumb\",\"itemListElement\":[{\"@type\":\"ListItem\",\"position\":1,\"name\":\"Page d'accueil\",\"item\":\"https:\\\/\\\/steuerportal.ch\\\/fr\\\/\"},{\"@type\":\"ListItem\",\"position\":2,\"name\":\"Fachartikel\",\"item\":\"https:\\\/\\\/steuerportal.ch\\\/fr\\\/articles-specialises\\\/\"},{\"@type\":\"ListItem\",\"position\":3,\"name\":\"Avez-vous une passion secr\u00e8te en dehors du droit fiscal, Adriano Marantelli\u00a0?\"}]},{\"@type\":\"WebSite\",\"@id\":\"https:\\\/\\\/steuerportal.ch\\\/fr\\\/#website\",\"url\":\"https:\\\/\\\/steuerportal.ch\\\/fr\\\/\",\"name\":\"steuerportal.ch\",\"description\":\"Le portail suisse sp\u00e9cialis\u00e9 dans le domaine des imp\u00f4ts\",\"publisher\":{\"@id\":\"https:\\\/\\\/steuerportal.ch\\\/fr\\\/#organization\"},\"potentialAction\":[{\"@type\":\"SearchAction\",\"target\":{\"@type\":\"EntryPoint\",\"urlTemplate\":\"https:\\\/\\\/steuerportal.ch\\\/fr\\\/?s={search_term_string}\"},\"query-input\":{\"@type\":\"PropertyValueSpecification\",\"valueRequired\":true,\"valueName\":\"search_term_string\"}}],\"inLanguage\":\"fr-FR\"},{\"@type\":\"Organization\",\"@id\":\"https:\\\/\\\/steuerportal.ch\\\/fr\\\/#organization\",\"name\":\"Steuerportal (Cosmos Verlag)\",\"url\":\"https:\\\/\\\/steuerportal.ch\\\/fr\\\/\",\"logo\":{\"@type\":\"ImageObject\",\"inLanguage\":\"fr-FR\",\"@id\":\"https:\\\/\\\/steuerportal.ch\\\/fr\\\/#\\\/schema\\\/logo\\\/image\\\/\",\"url\":\"https:\\\/\\\/steuerportal.ch\\\/wp-content\\\/uploads\\\/2021\\\/06\\\/cosmos_c-strich_h_positiv_bunt.svg\",\"contentUrl\":\"https:\\\/\\\/steuerportal.ch\\\/wp-content\\\/uploads\\\/2021\\\/06\\\/cosmos_c-strich_h_positiv_bunt.svg\",\"width\":191,\"height\":44,\"caption\":\"Steuerportal (Cosmos Verlag)\"},\"image\":{\"@id\":\"https:\\\/\\\/steuerportal.ch\\\/fr\\\/#\\\/schema\\\/logo\\\/image\\\/\"}}]}<\/script>\n<!-- \/ Yoast SEO plugin. -->","yoast_head_json":{"title":"Avez-vous une passion secr\u00e8te en dehors du droit fiscal, Adriano Marantelli\u00a0? &#8226; steuerportal.ch","robots":{"index":"index","follow":"follow","max-snippet":"max-snippet:-1","max-image-preview":"max-image-preview:large","max-video-preview":"max-video-preview:-1"},"canonical":"https:\/\/steuerportal.ch\/fr\/articles-specialises\/avez-vous-une-passion-secrete-en-dehors-du-droit-fiscal-adriano-marantelli\/","og_locale":"fr_FR","og_type":"article","og_title":"Avez-vous une passion secr\u00e8te en dehors du droit fiscal, Adriano Marantelli\u00a0? &#8226; steuerportal.ch","og_description":"Adriano Marantelli r\u00e9pond \u00e0 nos questions \u2013 pas forc\u00e9ment techniques \u2013 dans le Rendez-vous.","og_url":"https:\/\/steuerportal.ch\/fr\/articles-specialises\/avez-vous-une-passion-secrete-en-dehors-du-droit-fiscal-adriano-marantelli\/","og_site_name":"steuerportal.ch","og_image":[{"url":"https:\/\/steuerportal.ch\/wp-content\/uploads\/2024\/07\/adriano_marantelli-703x1024.jpg","type":"","width":"","height":""}],"twitter_card":"summary_large_image","twitter_misc":{"Dur\u00e9e de lecture estim\u00e9e":"7 minutes"},"schema":{"@context":"https:\/\/schema.org","@graph":[{"@type":"WebPage","@id":"https:\/\/steuerportal.ch\/fr\/articles-specialises\/avez-vous-une-passion-secrete-en-dehors-du-droit-fiscal-adriano-marantelli\/","url":"https:\/\/steuerportal.ch\/fr\/articles-specialises\/avez-vous-une-passion-secrete-en-dehors-du-droit-fiscal-adriano-marantelli\/","name":"Avez-vous une passion secr\u00e8te en dehors du droit fiscal, Adriano Marantelli\u00a0? &#8226; steuerportal.ch","isPartOf":{"@id":"https:\/\/steuerportal.ch\/fr\/#website"},"primaryImageOfPage":{"@id":"https:\/\/steuerportal.ch\/fr\/articles-specialises\/avez-vous-une-passion-secrete-en-dehors-du-droit-fiscal-adriano-marantelli\/#primaryimage"},"image":{"@id":"https:\/\/steuerportal.ch\/fr\/articles-specialises\/avez-vous-une-passion-secrete-en-dehors-du-droit-fiscal-adriano-marantelli\/#primaryimage"},"thumbnailUrl":"https:\/\/steuerportal.ch\/wp-content\/uploads\/2024\/07\/adriano_marantelli-703x1024.jpg","datePublished":"2024-07-24T04:52:00+00:00","breadcrumb":{"@id":"https:\/\/steuerportal.ch\/fr\/articles-specialises\/avez-vous-une-passion-secrete-en-dehors-du-droit-fiscal-adriano-marantelli\/#breadcrumb"},"inLanguage":"fr-FR","potentialAction":[{"@type":"ReadAction","target":["https:\/\/steuerportal.ch\/fr\/articles-specialises\/avez-vous-une-passion-secrete-en-dehors-du-droit-fiscal-adriano-marantelli\/"]}]},{"@type":"ImageObject","inLanguage":"fr-FR","@id":"https:\/\/steuerportal.ch\/fr\/articles-specialises\/avez-vous-une-passion-secrete-en-dehors-du-droit-fiscal-adriano-marantelli\/#primaryimage","url":"https:\/\/steuerportal.ch\/wp-content\/uploads\/2024\/07\/adriano_marantelli-703x1024.jpg","contentUrl":"https:\/\/steuerportal.ch\/wp-content\/uploads\/2024\/07\/adriano_marantelli-703x1024.jpg"},{"@type":"BreadcrumbList","@id":"https:\/\/steuerportal.ch\/fr\/articles-specialises\/avez-vous-une-passion-secrete-en-dehors-du-droit-fiscal-adriano-marantelli\/#breadcrumb","itemListElement":[{"@type":"ListItem","position":1,"name":"Page d'accueil","item":"https:\/\/steuerportal.ch\/fr\/"},{"@type":"ListItem","position":2,"name":"Fachartikel","item":"https:\/\/steuerportal.ch\/fr\/articles-specialises\/"},{"@type":"ListItem","position":3,"name":"Avez-vous une passion secr\u00e8te en dehors du droit fiscal, Adriano Marantelli\u00a0?"}]},{"@type":"WebSite","@id":"https:\/\/steuerportal.ch\/fr\/#website","url":"https:\/\/steuerportal.ch\/fr\/","name":"steuerportal.ch","description":"Le portail suisse sp\u00e9cialis\u00e9 dans le domaine des imp\u00f4ts","publisher":{"@id":"https:\/\/steuerportal.ch\/fr\/#organization"},"potentialAction":[{"@type":"SearchAction","target":{"@type":"EntryPoint","urlTemplate":"https:\/\/steuerportal.ch\/fr\/?s={search_term_string}"},"query-input":{"@type":"PropertyValueSpecification","valueRequired":true,"valueName":"search_term_string"}}],"inLanguage":"fr-FR"},{"@type":"Organization","@id":"https:\/\/steuerportal.ch\/fr\/#organization","name":"Steuerportal (Cosmos Verlag)","url":"https:\/\/steuerportal.ch\/fr\/","logo":{"@type":"ImageObject","inLanguage":"fr-FR","@id":"https:\/\/steuerportal.ch\/fr\/#\/schema\/logo\/image\/","url":"https:\/\/steuerportal.ch\/wp-content\/uploads\/2021\/06\/cosmos_c-strich_h_positiv_bunt.svg","contentUrl":"https:\/\/steuerportal.ch\/wp-content\/uploads\/2021\/06\/cosmos_c-strich_h_positiv_bunt.svg","width":191,"height":44,"caption":"Steuerportal (Cosmos Verlag)"},"image":{"@id":"https:\/\/steuerportal.ch\/fr\/#\/schema\/logo\/image\/"}}]}},"_links":{"self":[{"href":"https:\/\/steuerportal.ch\/fr\/wp-json\/wp\/v2\/sht_proarticle\/20977","targetHints":{"allow":["GET"]}}],"collection":[{"href":"https:\/\/steuerportal.ch\/fr\/wp-json\/wp\/v2\/sht_proarticle"}],"about":[{"href":"https:\/\/steuerportal.ch\/fr\/wp-json\/wp\/v2\/types\/sht_proarticle"}],"author":[{"embeddable":true,"href":"https:\/\/steuerportal.ch\/fr\/wp-json\/wp\/v2\/users\/2371"}],"version-history":[{"count":0,"href":"https:\/\/steuerportal.ch\/fr\/wp-json\/wp\/v2\/sht_proarticle\/20977\/revisions"}],"acf:user":[{"embeddable":true,"href":"https:\/\/steuerportal.ch\/fr\/wp-json\/wp\/v2\/users\/74"}],"wp:attachment":[{"href":"https:\/\/steuerportal.ch\/fr\/wp-json\/wp\/v2\/media?parent=20977"}],"wp:term":[{"taxonomy":"sht_proarticle_category","embeddable":true,"href":"https:\/\/steuerportal.ch\/fr\/wp-json\/wp\/v2\/sht_proarticle_category?post=20977"},{"taxonomy":"sht_proarticle_tag","embeddable":true,"href":"https:\/\/steuerportal.ch\/fr\/wp-json\/wp\/v2\/sht_proarticle_tag?post=20977"}],"curies":[{"name":"wp","href":"https:\/\/api.w.org\/{rel}","templated":true}]}}