{"id":19517,"date":"2015-10-01T15:49:06","date_gmt":"2015-10-01T13:49:06","guid":{"rendered":"https:\/\/steuerportal.ch\/?post_type=sht_proarticle&#038;p=19517"},"modified":"2024-06-13T11:01:52","modified_gmt":"2024-06-13T09:01:52","slug":"das-doppelbesteuerungsabkommen-zwischen-liechtenstein-und-der-schweiz","status":"publish","type":"sht_proarticle","link":"https:\/\/steuerportal.ch\/fr\/articles-specialises\/das-doppelbesteuerungsabkommen-zwischen-liechtenstein-und-der-schweiz\/","title":{"rendered":"Das Doppelbesteuerungsabkommen zwischen Liechtenstein und der Schweiz"},"content":{"rendered":"","protected":true},"excerpt":{"rendered":"<p>Liechtenstein und die Schweiz sind seit Ende des ersten Weltkriegs durch zahlreiche bilaterale Vertr\u00e4ge eng miteinander verbunden. Der insbesondere durch den Zollvertrag von 1923 sowie den W\u00e4hrungsvertrag von 1980 umgesetzte gemeinsame Wirtschafts- und W\u00e4hrungsraum f\u00f6rdert die wirtschaftlichen Verflechtungen der beiden L\u00e4nder, die seither in umfassenden real- und  finanzwirtschaftlichen Beziehungen zueinander stehen. Liechtenstein und die Schweiz verf\u00fcgen \u00fcber einen hohen Anteil an&hellip;<\/p>\n","protected":false},"author":2371,"featured_media":0,"template":"","meta":{"_acf_changed":false,"authors":[{"ID":2584,"display_name":"Martin Wenz","first_name":"Martin","last_name":"Wenz","description":"<p>Prof. Dr., Lehrstuhlinhaber, Lehrstuhl f\u00fcr Betriebswirtschaftliche Steuerlehre, Internationales und Liechtensteinisches Steuerrecht, Institutsleiter des Instituts f\u00fcr Finanzdienstleistungen: FL House of Finance, Universit\u00e4t Liechtenstein, Vaduz<\/p>\n","image":"https:\/\/steuerportal.ch\/wp-content\/uploads\/2024\/06\/martin_wenz-220x220.jpg","organiser_data":[],"url":"https:\/\/steuerportal.ch\/fr\/autoren\/martin-wenz\/"},{"ID":38,"display_name":"Anja Gierhake","first_name":"Anja","last_name":"Gierhake","description":"<p>StBin Dipl.-Kffr., LL.M., Lehrbeauftragte an der Universit\u00e4t Liechtenstein<br \/>\nVerm\u00f6gensschutz AG, Rapperswil, Verm\u00f6gensschutz Gierhake AG, Triesen<\/p>\n","image":"https:\/\/steuerportal.ch\/wp-content\/uploads\/2019\/11\/agierhake-220x220.png","organiser_data":[],"url":"https:\/\/steuerportal.ch\/fr\/autoren\/anja-gierhake\/"}],"related_sht_promodule":["<a href=\"https:\/\/steuerportal.ch\/fachmodule\/steuerrevue\/abhandlungen\/\">Steuer Revue &#8594; Abhandlungen<\/a>"],"pdf":"https:\/\/steuerportal.ch\/fr\/articles-specialises\/das-doppelbesteuerungsabkommen-zwischen-liechtenstein-und-der-schweiz\/shtpdf\/","language":"de"},"sht_proarticle_category":[17],"sht_proarticle_tag":[],"class_list":["post-19517","sht_proarticle","type-sht_proarticle","status-publish","hentry","sht_proarticle_category-abhandlungen"],"acf":{"authors":[2584,38]},"shp_steuerportal_must_use":{"translations":[{"id":19517,"link":"https:\/\/steuerportal.ch\/fr\/articles-specialises\/das-doppelbesteuerungsabkommen-zwischen-liechtenstein-und-der-schweiz\/","title":{"rendered":"Das Doppelbesteuerungsabkommen zwischen Liechtenstein und der Schweiz"},"language":"de"}]},"yoast_head":"<!-- This site is optimized with the Yoast SEO plugin v27.5 - https:\/\/yoast.com\/product\/yoast-seo-wordpress\/ -->\n<title>Das Doppelbesteuerungsabkommen zwischen Liechtenstein und der Schweiz &#8226; steuerportal.ch<\/title>\n<meta name=\"robots\" content=\"index, follow, max-snippet:-1, max-image-preview:large, max-video-preview:-1\" \/>\n<link rel=\"canonical\" href=\"https:\/\/steuerportal.ch\/fr\/articles-specialises\/das-doppelbesteuerungsabkommen-zwischen-liechtenstein-und-der-schweiz\/\" \/>\n<meta property=\"og:locale\" content=\"fr_FR\" \/>\n<meta property=\"og:type\" content=\"article\" \/>\n<meta property=\"og:title\" content=\"Das Doppelbesteuerungsabkommen zwischen Liechtenstein und der Schweiz &#8226; steuerportal.ch\" \/>\n<meta property=\"og:description\" content=\"Liechtenstein und die Schweiz sind seit Ende des ersten Weltkriegs durch zahlreiche bilaterale Vertr\u00e4ge eng miteinander verbunden. Der insbesondere durch den Zollvertrag von 1923 sowie den W\u00e4hrungsvertrag von 1980 umgesetzte gemeinsame Wirtschafts- und W\u00e4hrungsraum f\u00f6rdert die wirtschaftlichen Verflechtungen der beiden L\u00e4nder, die seither in umfassenden real- und finanzwirtschaftlichen Beziehungen zueinander stehen. Liechtenstein und die Schweiz verf\u00fcgen \u00fcber einen hohen Anteil an&hellip;\" \/>\n<meta property=\"og:url\" content=\"https:\/\/steuerportal.ch\/fr\/articles-specialises\/das-doppelbesteuerungsabkommen-zwischen-liechtenstein-und-der-schweiz\/\" \/>\n<meta property=\"og:site_name\" content=\"steuerportal.ch\" \/>\n<meta property=\"article:modified_time\" content=\"2024-06-13T09:01:52+00:00\" \/>\n<meta name=\"twitter:card\" content=\"summary_large_image\" \/>\n<meta name=\"twitter:label1\" content=\"Dur\u00e9e de lecture estim\u00e9e\" \/>\n\t<meta name=\"twitter:data1\" content=\"1 minute\" \/>\n<script type=\"application\/ld+json\" class=\"yoast-schema-graph\">{\"@context\":\"https:\\\/\\\/schema.org\",\"@graph\":[{\"@type\":\"WebPage\",\"@id\":\"https:\\\/\\\/steuerportal.ch\\\/fr\\\/articles-specialises\\\/das-doppelbesteuerungsabkommen-zwischen-liechtenstein-und-der-schweiz\\\/\",\"url\":\"https:\\\/\\\/steuerportal.ch\\\/fr\\\/articles-specialises\\\/das-doppelbesteuerungsabkommen-zwischen-liechtenstein-und-der-schweiz\\\/\",\"name\":\"Das Doppelbesteuerungsabkommen zwischen Liechtenstein und der Schweiz &#8226; steuerportal.ch\",\"isPartOf\":{\"@id\":\"https:\\\/\\\/steuerportal.ch\\\/fr\\\/#website\"},\"datePublished\":\"2015-10-01T13:49:06+00:00\",\"dateModified\":\"2024-06-13T09:01:52+00:00\",\"breadcrumb\":{\"@id\":\"https:\\\/\\\/steuerportal.ch\\\/fr\\\/articles-specialises\\\/das-doppelbesteuerungsabkommen-zwischen-liechtenstein-und-der-schweiz\\\/#breadcrumb\"},\"inLanguage\":\"fr-FR\",\"potentialAction\":[{\"@type\":\"ReadAction\",\"target\":[\"https:\\\/\\\/steuerportal.ch\\\/fr\\\/articles-specialises\\\/das-doppelbesteuerungsabkommen-zwischen-liechtenstein-und-der-schweiz\\\/\"]}]},{\"@type\":\"BreadcrumbList\",\"@id\":\"https:\\\/\\\/steuerportal.ch\\\/fr\\\/articles-specialises\\\/das-doppelbesteuerungsabkommen-zwischen-liechtenstein-und-der-schweiz\\\/#breadcrumb\",\"itemListElement\":[{\"@type\":\"ListItem\",\"position\":1,\"name\":\"Page d'accueil\",\"item\":\"https:\\\/\\\/steuerportal.ch\\\/fr\\\/\"},{\"@type\":\"ListItem\",\"position\":2,\"name\":\"Fachartikel\",\"item\":\"https:\\\/\\\/steuerportal.ch\\\/fr\\\/articles-specialises\\\/\"},{\"@type\":\"ListItem\",\"position\":3,\"name\":\"Das Doppelbesteuerungsabkommen zwischen Liechtenstein und der Schweiz\"}]},{\"@type\":\"WebSite\",\"@id\":\"https:\\\/\\\/steuerportal.ch\\\/fr\\\/#website\",\"url\":\"https:\\\/\\\/steuerportal.ch\\\/fr\\\/\",\"name\":\"steuerportal.ch\",\"description\":\"Le portail suisse sp\u00e9cialis\u00e9 dans le domaine des imp\u00f4ts\",\"publisher\":{\"@id\":\"https:\\\/\\\/steuerportal.ch\\\/fr\\\/#organization\"},\"potentialAction\":[{\"@type\":\"SearchAction\",\"target\":{\"@type\":\"EntryPoint\",\"urlTemplate\":\"https:\\\/\\\/steuerportal.ch\\\/fr\\\/?s={search_term_string}\"},\"query-input\":{\"@type\":\"PropertyValueSpecification\",\"valueRequired\":true,\"valueName\":\"search_term_string\"}}],\"inLanguage\":\"fr-FR\"},{\"@type\":\"Organization\",\"@id\":\"https:\\\/\\\/steuerportal.ch\\\/fr\\\/#organization\",\"name\":\"Steuerportal (Cosmos Verlag)\",\"url\":\"https:\\\/\\\/steuerportal.ch\\\/fr\\\/\",\"logo\":{\"@type\":\"ImageObject\",\"inLanguage\":\"fr-FR\",\"@id\":\"https:\\\/\\\/steuerportal.ch\\\/fr\\\/#\\\/schema\\\/logo\\\/image\\\/\",\"url\":\"https:\\\/\\\/steuerportal.ch\\\/wp-content\\\/uploads\\\/2021\\\/06\\\/cosmos_c-strich_h_positiv_bunt.svg\",\"contentUrl\":\"https:\\\/\\\/steuerportal.ch\\\/wp-content\\\/uploads\\\/2021\\\/06\\\/cosmos_c-strich_h_positiv_bunt.svg\",\"width\":191,\"height\":44,\"caption\":\"Steuerportal (Cosmos Verlag)\"},\"image\":{\"@id\":\"https:\\\/\\\/steuerportal.ch\\\/fr\\\/#\\\/schema\\\/logo\\\/image\\\/\"}}]}<\/script>\n<!-- \/ Yoast SEO plugin. -->","yoast_head_json":{"title":"Das Doppelbesteuerungsabkommen zwischen Liechtenstein und der Schweiz &#8226; steuerportal.ch","robots":{"index":"index","follow":"follow","max-snippet":"max-snippet:-1","max-image-preview":"max-image-preview:large","max-video-preview":"max-video-preview:-1"},"canonical":"https:\/\/steuerportal.ch\/fr\/articles-specialises\/das-doppelbesteuerungsabkommen-zwischen-liechtenstein-und-der-schweiz\/","og_locale":"fr_FR","og_type":"article","og_title":"Das Doppelbesteuerungsabkommen zwischen Liechtenstein und der Schweiz &#8226; steuerportal.ch","og_description":"Liechtenstein und die Schweiz sind seit Ende des ersten Weltkriegs durch zahlreiche bilaterale Vertr\u00e4ge eng miteinander verbunden. Der insbesondere durch den Zollvertrag von 1923 sowie den W\u00e4hrungsvertrag von 1980 umgesetzte gemeinsame Wirtschafts- und W\u00e4hrungsraum f\u00f6rdert die wirtschaftlichen Verflechtungen der beiden L\u00e4nder, die seither in umfassenden real- und finanzwirtschaftlichen Beziehungen zueinander stehen. Liechtenstein und die Schweiz verf\u00fcgen \u00fcber einen hohen Anteil an&hellip;","og_url":"https:\/\/steuerportal.ch\/fr\/articles-specialises\/das-doppelbesteuerungsabkommen-zwischen-liechtenstein-und-der-schweiz\/","og_site_name":"steuerportal.ch","article_modified_time":"2024-06-13T09:01:52+00:00","twitter_card":"summary_large_image","twitter_misc":{"Dur\u00e9e de lecture estim\u00e9e":"1 minute"},"schema":{"@context":"https:\/\/schema.org","@graph":[{"@type":"WebPage","@id":"https:\/\/steuerportal.ch\/fr\/articles-specialises\/das-doppelbesteuerungsabkommen-zwischen-liechtenstein-und-der-schweiz\/","url":"https:\/\/steuerportal.ch\/fr\/articles-specialises\/das-doppelbesteuerungsabkommen-zwischen-liechtenstein-und-der-schweiz\/","name":"Das Doppelbesteuerungsabkommen zwischen Liechtenstein und der Schweiz &#8226; steuerportal.ch","isPartOf":{"@id":"https:\/\/steuerportal.ch\/fr\/#website"},"datePublished":"2015-10-01T13:49:06+00:00","dateModified":"2024-06-13T09:01:52+00:00","breadcrumb":{"@id":"https:\/\/steuerportal.ch\/fr\/articles-specialises\/das-doppelbesteuerungsabkommen-zwischen-liechtenstein-und-der-schweiz\/#breadcrumb"},"inLanguage":"fr-FR","potentialAction":[{"@type":"ReadAction","target":["https:\/\/steuerportal.ch\/fr\/articles-specialises\/das-doppelbesteuerungsabkommen-zwischen-liechtenstein-und-der-schweiz\/"]}]},{"@type":"BreadcrumbList","@id":"https:\/\/steuerportal.ch\/fr\/articles-specialises\/das-doppelbesteuerungsabkommen-zwischen-liechtenstein-und-der-schweiz\/#breadcrumb","itemListElement":[{"@type":"ListItem","position":1,"name":"Page d'accueil","item":"https:\/\/steuerportal.ch\/fr\/"},{"@type":"ListItem","position":2,"name":"Fachartikel","item":"https:\/\/steuerportal.ch\/fr\/articles-specialises\/"},{"@type":"ListItem","position":3,"name":"Das Doppelbesteuerungsabkommen zwischen Liechtenstein und der Schweiz"}]},{"@type":"WebSite","@id":"https:\/\/steuerportal.ch\/fr\/#website","url":"https:\/\/steuerportal.ch\/fr\/","name":"steuerportal.ch","description":"Le portail suisse sp\u00e9cialis\u00e9 dans le domaine des imp\u00f4ts","publisher":{"@id":"https:\/\/steuerportal.ch\/fr\/#organization"},"potentialAction":[{"@type":"SearchAction","target":{"@type":"EntryPoint","urlTemplate":"https:\/\/steuerportal.ch\/fr\/?s={search_term_string}"},"query-input":{"@type":"PropertyValueSpecification","valueRequired":true,"valueName":"search_term_string"}}],"inLanguage":"fr-FR"},{"@type":"Organization","@id":"https:\/\/steuerportal.ch\/fr\/#organization","name":"Steuerportal (Cosmos Verlag)","url":"https:\/\/steuerportal.ch\/fr\/","logo":{"@type":"ImageObject","inLanguage":"fr-FR","@id":"https:\/\/steuerportal.ch\/fr\/#\/schema\/logo\/image\/","url":"https:\/\/steuerportal.ch\/wp-content\/uploads\/2021\/06\/cosmos_c-strich_h_positiv_bunt.svg","contentUrl":"https:\/\/steuerportal.ch\/wp-content\/uploads\/2021\/06\/cosmos_c-strich_h_positiv_bunt.svg","width":191,"height":44,"caption":"Steuerportal (Cosmos Verlag)"},"image":{"@id":"https:\/\/steuerportal.ch\/fr\/#\/schema\/logo\/image\/"}}]}},"_links":{"self":[{"href":"https:\/\/steuerportal.ch\/fr\/wp-json\/wp\/v2\/sht_proarticle\/19517","targetHints":{"allow":["GET"]}}],"collection":[{"href":"https:\/\/steuerportal.ch\/fr\/wp-json\/wp\/v2\/sht_proarticle"}],"about":[{"href":"https:\/\/steuerportal.ch\/fr\/wp-json\/wp\/v2\/types\/sht_proarticle"}],"author":[{"embeddable":true,"href":"https:\/\/steuerportal.ch\/fr\/wp-json\/wp\/v2\/users\/2371"}],"version-history":[{"count":1,"href":"https:\/\/steuerportal.ch\/fr\/wp-json\/wp\/v2\/sht_proarticle\/19517\/revisions"}],"predecessor-version":[{"id":19528,"href":"https:\/\/steuerportal.ch\/fr\/wp-json\/wp\/v2\/sht_proarticle\/19517\/revisions\/19528"}],"acf:user":[{"embeddable":true,"href":"https:\/\/steuerportal.ch\/fr\/wp-json\/wp\/v2\/users\/38"},{"embeddable":true,"href":"https:\/\/steuerportal.ch\/fr\/wp-json\/wp\/v2\/users\/2584"}],"wp:attachment":[{"href":"https:\/\/steuerportal.ch\/fr\/wp-json\/wp\/v2\/media?parent=19517"}],"wp:term":[{"taxonomy":"sht_proarticle_category","embeddable":true,"href":"https:\/\/steuerportal.ch\/fr\/wp-json\/wp\/v2\/sht_proarticle_category?post=19517"},{"taxonomy":"sht_proarticle_tag","embeddable":true,"href":"https:\/\/steuerportal.ch\/fr\/wp-json\/wp\/v2\/sht_proarticle_tag?post=19517"}],"curies":[{"name":"wp","href":"https:\/\/api.w.org\/{rel}","templated":true}]}}