{"id":19477,"date":"2015-07-15T12:06:25","date_gmt":"2015-07-15T10:06:25","guid":{"rendered":"https:\/\/steuerportal.ch\/?post_type=sht_proarticle&#038;p=19477"},"modified":"2024-06-12T10:50:10","modified_gmt":"2024-06-12T08:50:10","slug":"straflose-selbstanzeige-verweigerung-der-pauschalen-steueranrechnung","status":"publish","type":"sht_proarticle","link":"https:\/\/steuerportal.ch\/fr\/articles-specialises\/straflose-selbstanzeige-verweigerung-der-pauschalen-steueranrechnung\/","title":{"rendered":"Straflose Selbstanzeige \u2013Verweigerung der pauschalen Steueranrechnung"},"content":{"rendered":"","protected":true},"excerpt":{"rendered":"<p>Seit der Ver\u00f6ffentlichung des neuen Kreisschreibens Nr. 40 der Eidgen\u00f6ssischen Steuerverwaltung (ESTV) vom 11. M\u00e4rz 2014 in Sachen Verwirkung des Anspruchs von nat\u00fcrlichen Personen auf R\u00fcckerstattung der Verrechnungssteuer (nachfolgend KS 40) haben die kantonalen Steuerbeh\u00f6rden die f\u00fcr die Verrechnungssteuer geltende Praxis zur Verweigerung der Steuerr\u00fcckerstattung im Rahmen einer straflosen Selbstanzeige auf die Anrechenbarkeit von ausl\u00e4ndischen Steuern auf ausl\u00e4ndischen&hellip;<\/p>\n","protected":false},"author":2371,"featured_media":0,"template":"","meta":{"_acf_changed":false,"authors":[{"ID":2580,"display_name":"Edouard Maibach","first_name":"Edouard","last_name":"Maibach","description":"<p>lic. iur., dipl. Steuerexperte, Prokurist, Gfeller + Partner AG, Bern<\/p>\n","image":"https:\/\/steuerportal.ch\/wp-content\/uploads\/2024\/06\/edouard_maibach-220x220.jpg","organiser_data":[],"url":"https:\/\/steuerportal.ch\/fr\/autoren\/edouard-maibach\/"},{"ID":2579,"display_name":"Mathias Keller","first_name":"Mathias","last_name":"Keller","description":"<p>dipl. Steuerexperte, Betriebs\u00f6konom FH, Mitglied des Kaders Bommer + Partner Treuhandgesellschaft, Bern<\/p>\n","image":"https:\/\/steuerportal.ch\/wp-content\/uploads\/2024\/06\/mathias_keller-220x220.jpg","organiser_data":[],"url":"https:\/\/steuerportal.ch\/fr\/autoren\/mathias-keller-2\/"}],"related_sht_promodule":["<a href=\"https:\/\/steuerportal.ch\/fachmodule\/steuerrevue\/abhandlungen\/\">Steuer Revue &#8594; Abhandlungen<\/a>"],"pdf":"https:\/\/steuerportal.ch\/fr\/articles-specialises\/straflose-selbstanzeige-verweigerung-der-pauschalen-steueranrechnung\/shtpdf\/","language":"de"},"sht_proarticle_category":[17],"sht_proarticle_tag":[],"class_list":["post-19477","sht_proarticle","type-sht_proarticle","status-publish","hentry","sht_proarticle_category-abhandlungen"],"acf":{"authors":[2580,2579]},"shp_steuerportal_must_use":{"translations":[{"id":19477,"link":"https:\/\/steuerportal.ch\/fr\/articles-specialises\/straflose-selbstanzeige-verweigerung-der-pauschalen-steueranrechnung\/","title":{"rendered":"Straflose Selbstanzeige \u2013Verweigerung der pauschalen Steueranrechnung"},"language":"de"}]},"yoast_head":"<!-- This site is optimized with the Yoast SEO plugin v27.5 - https:\/\/yoast.com\/product\/yoast-seo-wordpress\/ -->\n<title>Straflose Selbstanzeige \u2013Verweigerung der pauschalen Steueranrechnung &#8226; steuerportal.ch<\/title>\n<meta name=\"robots\" content=\"index, follow, max-snippet:-1, max-image-preview:large, max-video-preview:-1\" \/>\n<link rel=\"canonical\" href=\"https:\/\/steuerportal.ch\/fr\/articles-specialises\/straflose-selbstanzeige-verweigerung-der-pauschalen-steueranrechnung\/\" \/>\n<meta property=\"og:locale\" content=\"fr_FR\" \/>\n<meta property=\"og:type\" content=\"article\" \/>\n<meta property=\"og:title\" content=\"Straflose Selbstanzeige \u2013Verweigerung der pauschalen Steueranrechnung &#8226; steuerportal.ch\" \/>\n<meta property=\"og:description\" content=\"Seit der Ver\u00f6ffentlichung des neuen Kreisschreibens Nr. 40 der Eidgen\u00f6ssischen Steuerverwaltung (ESTV) vom 11. M\u00e4rz 2014 in Sachen Verwirkung des Anspruchs von nat\u00fcrlichen Personen auf R\u00fcckerstattung der Verrechnungssteuer (nachfolgend KS 40) haben die kantonalen Steuerbeh\u00f6rden die f\u00fcr die Verrechnungssteuer geltende Praxis zur Verweigerung der Steuerr\u00fcckerstattung im Rahmen einer straflosen Selbstanzeige auf die Anrechenbarkeit von ausl\u00e4ndischen Steuern auf ausl\u00e4ndischen&hellip;\" \/>\n<meta property=\"og:url\" content=\"https:\/\/steuerportal.ch\/fr\/articles-specialises\/straflose-selbstanzeige-verweigerung-der-pauschalen-steueranrechnung\/\" \/>\n<meta property=\"og:site_name\" content=\"steuerportal.ch\" \/>\n<meta property=\"article:modified_time\" content=\"2024-06-12T08:50:10+00:00\" \/>\n<meta name=\"twitter:card\" content=\"summary_large_image\" \/>\n<meta name=\"twitter:label1\" content=\"Dur\u00e9e de lecture estim\u00e9e\" \/>\n\t<meta name=\"twitter:data1\" content=\"1 minute\" \/>\n<script type=\"application\/ld+json\" class=\"yoast-schema-graph\">{\"@context\":\"https:\\\/\\\/schema.org\",\"@graph\":[{\"@type\":\"WebPage\",\"@id\":\"https:\\\/\\\/steuerportal.ch\\\/fr\\\/articles-specialises\\\/straflose-selbstanzeige-verweigerung-der-pauschalen-steueranrechnung\\\/\",\"url\":\"https:\\\/\\\/steuerportal.ch\\\/fr\\\/articles-specialises\\\/straflose-selbstanzeige-verweigerung-der-pauschalen-steueranrechnung\\\/\",\"name\":\"Straflose Selbstanzeige \u2013Verweigerung der pauschalen Steueranrechnung &#8226; steuerportal.ch\",\"isPartOf\":{\"@id\":\"https:\\\/\\\/steuerportal.ch\\\/fr\\\/#website\"},\"datePublished\":\"2015-07-15T10:06:25+00:00\",\"dateModified\":\"2024-06-12T08:50:10+00:00\",\"breadcrumb\":{\"@id\":\"https:\\\/\\\/steuerportal.ch\\\/fr\\\/articles-specialises\\\/straflose-selbstanzeige-verweigerung-der-pauschalen-steueranrechnung\\\/#breadcrumb\"},\"inLanguage\":\"fr-FR\",\"potentialAction\":[{\"@type\":\"ReadAction\",\"target\":[\"https:\\\/\\\/steuerportal.ch\\\/fr\\\/articles-specialises\\\/straflose-selbstanzeige-verweigerung-der-pauschalen-steueranrechnung\\\/\"]}]},{\"@type\":\"BreadcrumbList\",\"@id\":\"https:\\\/\\\/steuerportal.ch\\\/fr\\\/articles-specialises\\\/straflose-selbstanzeige-verweigerung-der-pauschalen-steueranrechnung\\\/#breadcrumb\",\"itemListElement\":[{\"@type\":\"ListItem\",\"position\":1,\"name\":\"Page d'accueil\",\"item\":\"https:\\\/\\\/steuerportal.ch\\\/fr\\\/\"},{\"@type\":\"ListItem\",\"position\":2,\"name\":\"Fachartikel\",\"item\":\"https:\\\/\\\/steuerportal.ch\\\/fr\\\/articles-specialises\\\/\"},{\"@type\":\"ListItem\",\"position\":3,\"name\":\"Straflose Selbstanzeige \u2013Verweigerung der pauschalen Steueranrechnung\"}]},{\"@type\":\"WebSite\",\"@id\":\"https:\\\/\\\/steuerportal.ch\\\/fr\\\/#website\",\"url\":\"https:\\\/\\\/steuerportal.ch\\\/fr\\\/\",\"name\":\"steuerportal.ch\",\"description\":\"Le portail suisse sp\u00e9cialis\u00e9 dans le domaine des imp\u00f4ts\",\"publisher\":{\"@id\":\"https:\\\/\\\/steuerportal.ch\\\/fr\\\/#organization\"},\"potentialAction\":[{\"@type\":\"SearchAction\",\"target\":{\"@type\":\"EntryPoint\",\"urlTemplate\":\"https:\\\/\\\/steuerportal.ch\\\/fr\\\/?s={search_term_string}\"},\"query-input\":{\"@type\":\"PropertyValueSpecification\",\"valueRequired\":true,\"valueName\":\"search_term_string\"}}],\"inLanguage\":\"fr-FR\"},{\"@type\":\"Organization\",\"@id\":\"https:\\\/\\\/steuerportal.ch\\\/fr\\\/#organization\",\"name\":\"Steuerportal (Cosmos Verlag)\",\"url\":\"https:\\\/\\\/steuerportal.ch\\\/fr\\\/\",\"logo\":{\"@type\":\"ImageObject\",\"inLanguage\":\"fr-FR\",\"@id\":\"https:\\\/\\\/steuerportal.ch\\\/fr\\\/#\\\/schema\\\/logo\\\/image\\\/\",\"url\":\"https:\\\/\\\/steuerportal.ch\\\/wp-content\\\/uploads\\\/2021\\\/06\\\/cosmos_c-strich_h_positiv_bunt.svg\",\"contentUrl\":\"https:\\\/\\\/steuerportal.ch\\\/wp-content\\\/uploads\\\/2021\\\/06\\\/cosmos_c-strich_h_positiv_bunt.svg\",\"width\":191,\"height\":44,\"caption\":\"Steuerportal (Cosmos Verlag)\"},\"image\":{\"@id\":\"https:\\\/\\\/steuerportal.ch\\\/fr\\\/#\\\/schema\\\/logo\\\/image\\\/\"}}]}<\/script>\n<!-- \/ Yoast SEO plugin. -->","yoast_head_json":{"title":"Straflose Selbstanzeige \u2013Verweigerung der pauschalen Steueranrechnung &#8226; steuerportal.ch","robots":{"index":"index","follow":"follow","max-snippet":"max-snippet:-1","max-image-preview":"max-image-preview:large","max-video-preview":"max-video-preview:-1"},"canonical":"https:\/\/steuerportal.ch\/fr\/articles-specialises\/straflose-selbstanzeige-verweigerung-der-pauschalen-steueranrechnung\/","og_locale":"fr_FR","og_type":"article","og_title":"Straflose Selbstanzeige \u2013Verweigerung der pauschalen Steueranrechnung &#8226; steuerportal.ch","og_description":"Seit der Ver\u00f6ffentlichung des neuen Kreisschreibens Nr. 40 der Eidgen\u00f6ssischen Steuerverwaltung (ESTV) vom 11. M\u00e4rz 2014 in Sachen Verwirkung des Anspruchs von nat\u00fcrlichen Personen auf R\u00fcckerstattung der Verrechnungssteuer (nachfolgend KS 40) haben die kantonalen Steuerbeh\u00f6rden die f\u00fcr die Verrechnungssteuer geltende Praxis zur Verweigerung der Steuerr\u00fcckerstattung im Rahmen einer straflosen Selbstanzeige auf die Anrechenbarkeit von ausl\u00e4ndischen Steuern auf ausl\u00e4ndischen&hellip;","og_url":"https:\/\/steuerportal.ch\/fr\/articles-specialises\/straflose-selbstanzeige-verweigerung-der-pauschalen-steueranrechnung\/","og_site_name":"steuerportal.ch","article_modified_time":"2024-06-12T08:50:10+00:00","twitter_card":"summary_large_image","twitter_misc":{"Dur\u00e9e de lecture estim\u00e9e":"1 minute"},"schema":{"@context":"https:\/\/schema.org","@graph":[{"@type":"WebPage","@id":"https:\/\/steuerportal.ch\/fr\/articles-specialises\/straflose-selbstanzeige-verweigerung-der-pauschalen-steueranrechnung\/","url":"https:\/\/steuerportal.ch\/fr\/articles-specialises\/straflose-selbstanzeige-verweigerung-der-pauschalen-steueranrechnung\/","name":"Straflose Selbstanzeige \u2013Verweigerung der pauschalen Steueranrechnung &#8226; steuerportal.ch","isPartOf":{"@id":"https:\/\/steuerportal.ch\/fr\/#website"},"datePublished":"2015-07-15T10:06:25+00:00","dateModified":"2024-06-12T08:50:10+00:00","breadcrumb":{"@id":"https:\/\/steuerportal.ch\/fr\/articles-specialises\/straflose-selbstanzeige-verweigerung-der-pauschalen-steueranrechnung\/#breadcrumb"},"inLanguage":"fr-FR","potentialAction":[{"@type":"ReadAction","target":["https:\/\/steuerportal.ch\/fr\/articles-specialises\/straflose-selbstanzeige-verweigerung-der-pauschalen-steueranrechnung\/"]}]},{"@type":"BreadcrumbList","@id":"https:\/\/steuerportal.ch\/fr\/articles-specialises\/straflose-selbstanzeige-verweigerung-der-pauschalen-steueranrechnung\/#breadcrumb","itemListElement":[{"@type":"ListItem","position":1,"name":"Page d'accueil","item":"https:\/\/steuerportal.ch\/fr\/"},{"@type":"ListItem","position":2,"name":"Fachartikel","item":"https:\/\/steuerportal.ch\/fr\/articles-specialises\/"},{"@type":"ListItem","position":3,"name":"Straflose Selbstanzeige \u2013Verweigerung der pauschalen Steueranrechnung"}]},{"@type":"WebSite","@id":"https:\/\/steuerportal.ch\/fr\/#website","url":"https:\/\/steuerportal.ch\/fr\/","name":"steuerportal.ch","description":"Le portail suisse sp\u00e9cialis\u00e9 dans le domaine des imp\u00f4ts","publisher":{"@id":"https:\/\/steuerportal.ch\/fr\/#organization"},"potentialAction":[{"@type":"SearchAction","target":{"@type":"EntryPoint","urlTemplate":"https:\/\/steuerportal.ch\/fr\/?s={search_term_string}"},"query-input":{"@type":"PropertyValueSpecification","valueRequired":true,"valueName":"search_term_string"}}],"inLanguage":"fr-FR"},{"@type":"Organization","@id":"https:\/\/steuerportal.ch\/fr\/#organization","name":"Steuerportal (Cosmos Verlag)","url":"https:\/\/steuerportal.ch\/fr\/","logo":{"@type":"ImageObject","inLanguage":"fr-FR","@id":"https:\/\/steuerportal.ch\/fr\/#\/schema\/logo\/image\/","url":"https:\/\/steuerportal.ch\/wp-content\/uploads\/2021\/06\/cosmos_c-strich_h_positiv_bunt.svg","contentUrl":"https:\/\/steuerportal.ch\/wp-content\/uploads\/2021\/06\/cosmos_c-strich_h_positiv_bunt.svg","width":191,"height":44,"caption":"Steuerportal (Cosmos Verlag)"},"image":{"@id":"https:\/\/steuerportal.ch\/fr\/#\/schema\/logo\/image\/"}}]}},"_links":{"self":[{"href":"https:\/\/steuerportal.ch\/fr\/wp-json\/wp\/v2\/sht_proarticle\/19477","targetHints":{"allow":["GET"]}}],"collection":[{"href":"https:\/\/steuerportal.ch\/fr\/wp-json\/wp\/v2\/sht_proarticle"}],"about":[{"href":"https:\/\/steuerportal.ch\/fr\/wp-json\/wp\/v2\/types\/sht_proarticle"}],"author":[{"embeddable":true,"href":"https:\/\/steuerportal.ch\/fr\/wp-json\/wp\/v2\/users\/2371"}],"version-history":[{"count":1,"href":"https:\/\/steuerportal.ch\/fr\/wp-json\/wp\/v2\/sht_proarticle\/19477\/revisions"}],"predecessor-version":[{"id":19480,"href":"https:\/\/steuerportal.ch\/fr\/wp-json\/wp\/v2\/sht_proarticle\/19477\/revisions\/19480"}],"acf:user":[{"embeddable":true,"href":"https:\/\/steuerportal.ch\/fr\/wp-json\/wp\/v2\/users\/2579"},{"embeddable":true,"href":"https:\/\/steuerportal.ch\/fr\/wp-json\/wp\/v2\/users\/2580"}],"wp:attachment":[{"href":"https:\/\/steuerportal.ch\/fr\/wp-json\/wp\/v2\/media?parent=19477"}],"wp:term":[{"taxonomy":"sht_proarticle_category","embeddable":true,"href":"https:\/\/steuerportal.ch\/fr\/wp-json\/wp\/v2\/sht_proarticle_category?post=19477"},{"taxonomy":"sht_proarticle_tag","embeddable":true,"href":"https:\/\/steuerportal.ch\/fr\/wp-json\/wp\/v2\/sht_proarticle_tag?post=19477"}],"curies":[{"name":"wp","href":"https:\/\/api.w.org\/{rel}","templated":true}]}}