{"id":19286,"date":"2015-02-01T18:47:10","date_gmt":"2015-02-01T17:47:10","guid":{"rendered":"https:\/\/steuerportal.ch\/?post_type=sht_proarticle&#038;p=19286"},"modified":"2024-06-06T19:00:49","modified_gmt":"2024-06-06T17:00:49","slug":"zur-bundesgerichtlichen-rechtsprechung-der-ungesaeumten-verlustverrechnung","status":"publish","type":"sht_proarticle","link":"https:\/\/steuerportal.ch\/fr\/articles-specialises\/zur-bundesgerichtlichen-rechtsprechung-der-ungesaeumten-verlustverrechnung\/","title":{"rendered":"Zur bundesgerichtlichen Rechtsprechung der unges\u00e4umten Verlustverrechnung"},"content":{"rendered":"","protected":true},"excerpt":{"rendered":"<p>Die Verlustverrechnung ist eine gesetzlich vorgesehene Ausnahme zum gesetzlich gewollten Periodizit\u00e4tsprinzip. Daraus l\u00e4sst sich ableiten, dass die verrechenbaren Verluste (der vorangegangenen sieben Jahre) immer von den Gewinnen abgezogen werden k\u00f6nnen. Die Praxis stellt an die Verrechenbarkeit von Verlusten indessen zus\u00e4tzliche formelle Kriterien. H\u00e4lt sich der Steuerpflichtige nicht an die formellen Anforderungen der Verlustverrechnung, droht ihm der Verlust der verrechenbaren Verluste.<\/p>\n","protected":false},"author":2371,"featured_media":0,"template":"","meta":{"_acf_changed":false,"authors":[{"ID":737,"display_name":"Peter Fr\u00f6hlich","first_name":"Peter","last_name":"Fr\u00f6hlich","description":"<p>lic. iur., F\u00fcrsprecher, dipl. Steuerexperte, ACT Audit &amp; Tax AG, Z\u00fcrich<\/p>\n","image":"https:\/\/steuerportal.ch\/wp-content\/uploads\/2020\/09\/froehlich-220x220.png","organiser_data":[],"url":"https:\/\/steuerportal.ch\/fr\/autoren\/peter-froehlich\/"}],"related_sht_promodule":["<a href=\"https:\/\/steuerportal.ch\/fachmodule\/steuerrevue\/abhandlungen\/\">Steuer Revue &#8594; Abhandlungen<\/a>"],"pdf":"https:\/\/steuerportal.ch\/fr\/articles-specialises\/zur-bundesgerichtlichen-rechtsprechung-der-ungesaeumten-verlustverrechnung\/shtpdf\/","language":"de"},"sht_proarticle_category":[17],"sht_proarticle_tag":[],"class_list":["post-19286","sht_proarticle","type-sht_proarticle","status-publish","hentry","sht_proarticle_category-abhandlungen"],"acf":{"authors":[737]},"shp_steuerportal_must_use":{"translations":[{"id":19286,"link":"https:\/\/steuerportal.ch\/fr\/articles-specialises\/zur-bundesgerichtlichen-rechtsprechung-der-ungesaeumten-verlustverrechnung\/","title":{"rendered":"Zur bundesgerichtlichen Rechtsprechung der unges\u00e4umten Verlustverrechnung"},"language":"de"}]},"yoast_head":"<!-- This site is optimized with the Yoast SEO plugin v27.5 - https:\/\/yoast.com\/product\/yoast-seo-wordpress\/ -->\n<title>Zur bundesgerichtlichen Rechtsprechung der unges\u00e4umten Verlustverrechnung &#8226; steuerportal.ch<\/title>\n<meta name=\"robots\" content=\"index, follow, max-snippet:-1, max-image-preview:large, max-video-preview:-1\" \/>\n<link rel=\"canonical\" href=\"https:\/\/steuerportal.ch\/fr\/articles-specialises\/zur-bundesgerichtlichen-rechtsprechung-der-ungesaeumten-verlustverrechnung\/\" \/>\n<meta property=\"og:locale\" content=\"fr_FR\" \/>\n<meta property=\"og:type\" content=\"article\" \/>\n<meta property=\"og:title\" content=\"Zur bundesgerichtlichen Rechtsprechung der unges\u00e4umten Verlustverrechnung &#8226; steuerportal.ch\" \/>\n<meta property=\"og:description\" content=\"Die Verlustverrechnung ist eine gesetzlich vorgesehene Ausnahme zum gesetzlich gewollten Periodizit\u00e4tsprinzip. Daraus l\u00e4sst sich ableiten, dass die verrechenbaren Verluste (der vorangegangenen sieben Jahre) immer von den Gewinnen abgezogen werden k\u00f6nnen. Die Praxis stellt an die Verrechenbarkeit von Verlusten indessen zus\u00e4tzliche formelle Kriterien. H\u00e4lt sich der Steuerpflichtige nicht an die formellen Anforderungen der Verlustverrechnung, droht ihm der Verlust der verrechenbaren Verluste.\" \/>\n<meta property=\"og:url\" content=\"https:\/\/steuerportal.ch\/fr\/articles-specialises\/zur-bundesgerichtlichen-rechtsprechung-der-ungesaeumten-verlustverrechnung\/\" \/>\n<meta property=\"og:site_name\" content=\"steuerportal.ch\" \/>\n<meta property=\"article:modified_time\" content=\"2024-06-06T17:00:49+00:00\" \/>\n<meta name=\"twitter:card\" content=\"summary_large_image\" \/>\n<meta name=\"twitter:label1\" content=\"Dur\u00e9e de lecture estim\u00e9e\" \/>\n\t<meta name=\"twitter:data1\" content=\"1 minute\" \/>\n<script type=\"application\/ld+json\" class=\"yoast-schema-graph\">{\"@context\":\"https:\\\/\\\/schema.org\",\"@graph\":[{\"@type\":\"WebPage\",\"@id\":\"https:\\\/\\\/steuerportal.ch\\\/fr\\\/articles-specialises\\\/zur-bundesgerichtlichen-rechtsprechung-der-ungesaeumten-verlustverrechnung\\\/\",\"url\":\"https:\\\/\\\/steuerportal.ch\\\/fr\\\/articles-specialises\\\/zur-bundesgerichtlichen-rechtsprechung-der-ungesaeumten-verlustverrechnung\\\/\",\"name\":\"Zur bundesgerichtlichen Rechtsprechung der unges\u00e4umten Verlustverrechnung &#8226; steuerportal.ch\",\"isPartOf\":{\"@id\":\"https:\\\/\\\/steuerportal.ch\\\/fr\\\/#website\"},\"datePublished\":\"2015-02-01T17:47:10+00:00\",\"dateModified\":\"2024-06-06T17:00:49+00:00\",\"breadcrumb\":{\"@id\":\"https:\\\/\\\/steuerportal.ch\\\/fr\\\/articles-specialises\\\/zur-bundesgerichtlichen-rechtsprechung-der-ungesaeumten-verlustverrechnung\\\/#breadcrumb\"},\"inLanguage\":\"fr-FR\",\"potentialAction\":[{\"@type\":\"ReadAction\",\"target\":[\"https:\\\/\\\/steuerportal.ch\\\/fr\\\/articles-specialises\\\/zur-bundesgerichtlichen-rechtsprechung-der-ungesaeumten-verlustverrechnung\\\/\"]}]},{\"@type\":\"BreadcrumbList\",\"@id\":\"https:\\\/\\\/steuerportal.ch\\\/fr\\\/articles-specialises\\\/zur-bundesgerichtlichen-rechtsprechung-der-ungesaeumten-verlustverrechnung\\\/#breadcrumb\",\"itemListElement\":[{\"@type\":\"ListItem\",\"position\":1,\"name\":\"Page d'accueil\",\"item\":\"https:\\\/\\\/steuerportal.ch\\\/fr\\\/\"},{\"@type\":\"ListItem\",\"position\":2,\"name\":\"Fachartikel\",\"item\":\"https:\\\/\\\/steuerportal.ch\\\/fr\\\/articles-specialises\\\/\"},{\"@type\":\"ListItem\",\"position\":3,\"name\":\"Zur bundesgerichtlichen Rechtsprechung der unges\u00e4umten Verlustverrechnung\"}]},{\"@type\":\"WebSite\",\"@id\":\"https:\\\/\\\/steuerportal.ch\\\/fr\\\/#website\",\"url\":\"https:\\\/\\\/steuerportal.ch\\\/fr\\\/\",\"name\":\"steuerportal.ch\",\"description\":\"Le portail suisse sp\u00e9cialis\u00e9 dans le domaine des imp\u00f4ts\",\"publisher\":{\"@id\":\"https:\\\/\\\/steuerportal.ch\\\/fr\\\/#organization\"},\"potentialAction\":[{\"@type\":\"SearchAction\",\"target\":{\"@type\":\"EntryPoint\",\"urlTemplate\":\"https:\\\/\\\/steuerportal.ch\\\/fr\\\/?s={search_term_string}\"},\"query-input\":{\"@type\":\"PropertyValueSpecification\",\"valueRequired\":true,\"valueName\":\"search_term_string\"}}],\"inLanguage\":\"fr-FR\"},{\"@type\":\"Organization\",\"@id\":\"https:\\\/\\\/steuerportal.ch\\\/fr\\\/#organization\",\"name\":\"Steuerportal (Cosmos Verlag)\",\"url\":\"https:\\\/\\\/steuerportal.ch\\\/fr\\\/\",\"logo\":{\"@type\":\"ImageObject\",\"inLanguage\":\"fr-FR\",\"@id\":\"https:\\\/\\\/steuerportal.ch\\\/fr\\\/#\\\/schema\\\/logo\\\/image\\\/\",\"url\":\"https:\\\/\\\/steuerportal.ch\\\/wp-content\\\/uploads\\\/2021\\\/06\\\/cosmos_c-strich_h_positiv_bunt.svg\",\"contentUrl\":\"https:\\\/\\\/steuerportal.ch\\\/wp-content\\\/uploads\\\/2021\\\/06\\\/cosmos_c-strich_h_positiv_bunt.svg\",\"width\":191,\"height\":44,\"caption\":\"Steuerportal (Cosmos Verlag)\"},\"image\":{\"@id\":\"https:\\\/\\\/steuerportal.ch\\\/fr\\\/#\\\/schema\\\/logo\\\/image\\\/\"}}]}<\/script>\n<!-- \/ Yoast SEO plugin. -->","yoast_head_json":{"title":"Zur bundesgerichtlichen Rechtsprechung der unges\u00e4umten Verlustverrechnung &#8226; steuerportal.ch","robots":{"index":"index","follow":"follow","max-snippet":"max-snippet:-1","max-image-preview":"max-image-preview:large","max-video-preview":"max-video-preview:-1"},"canonical":"https:\/\/steuerportal.ch\/fr\/articles-specialises\/zur-bundesgerichtlichen-rechtsprechung-der-ungesaeumten-verlustverrechnung\/","og_locale":"fr_FR","og_type":"article","og_title":"Zur bundesgerichtlichen Rechtsprechung der unges\u00e4umten Verlustverrechnung &#8226; steuerportal.ch","og_description":"Die Verlustverrechnung ist eine gesetzlich vorgesehene Ausnahme zum gesetzlich gewollten Periodizit\u00e4tsprinzip. Daraus l\u00e4sst sich ableiten, dass die verrechenbaren Verluste (der vorangegangenen sieben Jahre) immer von den Gewinnen abgezogen werden k\u00f6nnen. Die Praxis stellt an die Verrechenbarkeit von Verlusten indessen zus\u00e4tzliche formelle Kriterien. H\u00e4lt sich der Steuerpflichtige nicht an die formellen Anforderungen der Verlustverrechnung, droht ihm der Verlust der verrechenbaren Verluste.","og_url":"https:\/\/steuerportal.ch\/fr\/articles-specialises\/zur-bundesgerichtlichen-rechtsprechung-der-ungesaeumten-verlustverrechnung\/","og_site_name":"steuerportal.ch","article_modified_time":"2024-06-06T17:00:49+00:00","twitter_card":"summary_large_image","twitter_misc":{"Dur\u00e9e de lecture estim\u00e9e":"1 minute"},"schema":{"@context":"https:\/\/schema.org","@graph":[{"@type":"WebPage","@id":"https:\/\/steuerportal.ch\/fr\/articles-specialises\/zur-bundesgerichtlichen-rechtsprechung-der-ungesaeumten-verlustverrechnung\/","url":"https:\/\/steuerportal.ch\/fr\/articles-specialises\/zur-bundesgerichtlichen-rechtsprechung-der-ungesaeumten-verlustverrechnung\/","name":"Zur bundesgerichtlichen Rechtsprechung der unges\u00e4umten Verlustverrechnung &#8226; steuerportal.ch","isPartOf":{"@id":"https:\/\/steuerportal.ch\/fr\/#website"},"datePublished":"2015-02-01T17:47:10+00:00","dateModified":"2024-06-06T17:00:49+00:00","breadcrumb":{"@id":"https:\/\/steuerportal.ch\/fr\/articles-specialises\/zur-bundesgerichtlichen-rechtsprechung-der-ungesaeumten-verlustverrechnung\/#breadcrumb"},"inLanguage":"fr-FR","potentialAction":[{"@type":"ReadAction","target":["https:\/\/steuerportal.ch\/fr\/articles-specialises\/zur-bundesgerichtlichen-rechtsprechung-der-ungesaeumten-verlustverrechnung\/"]}]},{"@type":"BreadcrumbList","@id":"https:\/\/steuerportal.ch\/fr\/articles-specialises\/zur-bundesgerichtlichen-rechtsprechung-der-ungesaeumten-verlustverrechnung\/#breadcrumb","itemListElement":[{"@type":"ListItem","position":1,"name":"Page d'accueil","item":"https:\/\/steuerportal.ch\/fr\/"},{"@type":"ListItem","position":2,"name":"Fachartikel","item":"https:\/\/steuerportal.ch\/fr\/articles-specialises\/"},{"@type":"ListItem","position":3,"name":"Zur bundesgerichtlichen Rechtsprechung der unges\u00e4umten Verlustverrechnung"}]},{"@type":"WebSite","@id":"https:\/\/steuerportal.ch\/fr\/#website","url":"https:\/\/steuerportal.ch\/fr\/","name":"steuerportal.ch","description":"Le portail suisse sp\u00e9cialis\u00e9 dans le domaine des imp\u00f4ts","publisher":{"@id":"https:\/\/steuerportal.ch\/fr\/#organization"},"potentialAction":[{"@type":"SearchAction","target":{"@type":"EntryPoint","urlTemplate":"https:\/\/steuerportal.ch\/fr\/?s={search_term_string}"},"query-input":{"@type":"PropertyValueSpecification","valueRequired":true,"valueName":"search_term_string"}}],"inLanguage":"fr-FR"},{"@type":"Organization","@id":"https:\/\/steuerportal.ch\/fr\/#organization","name":"Steuerportal (Cosmos Verlag)","url":"https:\/\/steuerportal.ch\/fr\/","logo":{"@type":"ImageObject","inLanguage":"fr-FR","@id":"https:\/\/steuerportal.ch\/fr\/#\/schema\/logo\/image\/","url":"https:\/\/steuerportal.ch\/wp-content\/uploads\/2021\/06\/cosmos_c-strich_h_positiv_bunt.svg","contentUrl":"https:\/\/steuerportal.ch\/wp-content\/uploads\/2021\/06\/cosmos_c-strich_h_positiv_bunt.svg","width":191,"height":44,"caption":"Steuerportal (Cosmos Verlag)"},"image":{"@id":"https:\/\/steuerportal.ch\/fr\/#\/schema\/logo\/image\/"}}]}},"_links":{"self":[{"href":"https:\/\/steuerportal.ch\/fr\/wp-json\/wp\/v2\/sht_proarticle\/19286","targetHints":{"allow":["GET"]}}],"collection":[{"href":"https:\/\/steuerportal.ch\/fr\/wp-json\/wp\/v2\/sht_proarticle"}],"about":[{"href":"https:\/\/steuerportal.ch\/fr\/wp-json\/wp\/v2\/types\/sht_proarticle"}],"author":[{"embeddable":true,"href":"https:\/\/steuerportal.ch\/fr\/wp-json\/wp\/v2\/users\/2371"}],"version-history":[{"count":0,"href":"https:\/\/steuerportal.ch\/fr\/wp-json\/wp\/v2\/sht_proarticle\/19286\/revisions"}],"acf:user":[{"embeddable":true,"href":"https:\/\/steuerportal.ch\/fr\/wp-json\/wp\/v2\/users\/737"}],"wp:attachment":[{"href":"https:\/\/steuerportal.ch\/fr\/wp-json\/wp\/v2\/media?parent=19286"}],"wp:term":[{"taxonomy":"sht_proarticle_category","embeddable":true,"href":"https:\/\/steuerportal.ch\/fr\/wp-json\/wp\/v2\/sht_proarticle_category?post=19286"},{"taxonomy":"sht_proarticle_tag","embeddable":true,"href":"https:\/\/steuerportal.ch\/fr\/wp-json\/wp\/v2\/sht_proarticle_tag?post=19286"}],"curies":[{"name":"wp","href":"https:\/\/api.w.org\/{rel}","templated":true}]}}