{"id":19283,"date":"2016-12-01T14:02:19","date_gmt":"2016-12-01T13:02:19","guid":{"rendered":"https:\/\/steuerportal.ch\/?post_type=sht_proarticle&#038;p=19283"},"modified":"2024-06-04T14:15:45","modified_gmt":"2024-06-04T12:15:45","slug":"aktuelles-von-der-verrechnungssteuer","status":"publish","type":"sht_proarticle","link":"https:\/\/steuerportal.ch\/fr\/articles-specialises\/aktuelles-von-der-verrechnungssteuer\/","title":{"rendered":"Aktuelles von der Verrechnungssteuer"},"content":{"rendered":"","protected":true},"excerpt":{"rendered":"<p>Thomas Jaussi und Markus Pfirter analysieren die konkreten Auswirkungen des DBA-FL auf die Verrechnungssteuer f\u00fcr kollektive Kapitalanlagen mit Sitz in Liechtenstein in Bezug auf Investitionen in schweizerische Aktien und Obligationen und bieten einen \u00dcberblick der Unterschiede bei der R\u00fcckforderung im Zusammenhang mit inl\u00e4ndischen und ausl\u00e4ndischen kollektiven Kapitalanlagen in Bezug auf schweizerische Anlagen und verschiedene Investoren.<\/p>\n","protected":false},"author":4,"featured_media":0,"template":"","meta":{"_acf_changed":false,"authors":[{"ID":528,"display_name":"Thomas Jaussi","first_name":"Thomas","last_name":"Jaussi","description":"<p>lic. iur., dipl. Steuerexperte, Betriebswirtschaftsingenieur HTL\/NDS,<br \/>\nGr\u00fcnder und Partner, JP Steuer AG<\/p>\n","image":"https:\/\/steuerportal.ch\/wp-content\/uploads\/2020\/07\/jaussi_sw-199x220.png","organiser_data":[],"url":"https:\/\/steuerportal.ch\/fr\/autoren\/thomas-jaussi\/"},{"ID":698,"display_name":"Markus Pfirter","first_name":"Markus","last_name":"Pfirter","description":"","image":"https:\/\/steuerportal.ch\/wp-content\/uploads\/2020\/09\/pfirter-220x220.png","organiser_data":[],"url":"https:\/\/steuerportal.ch\/fr\/autoren\/markus-pfirter\/"}],"related_sht_promodule":["<a href=\"https:\/\/steuerportal.ch\/fachmodule\/steuerrevue\/abhandlungen\/\">Steuer Revue &#8594; Abhandlungen<\/a>"],"pdf":"https:\/\/steuerportal.ch\/fr\/articles-specialises\/aktuelles-von-der-verrechnungssteuer\/shtpdf\/","language":"de"},"sht_proarticle_category":[17],"sht_proarticle_tag":[],"class_list":["post-19283","sht_proarticle","type-sht_proarticle","status-publish","hentry","sht_proarticle_category-abhandlungen"],"acf":{"authors":[528,698]},"shp_steuerportal_must_use":{"translations":[{"id":19283,"link":"https:\/\/steuerportal.ch\/fr\/articles-specialises\/aktuelles-von-der-verrechnungssteuer\/","title":{"rendered":"Aktuelles von der Verrechnungssteuer"},"language":"de"}]},"yoast_head":"<!-- This site is optimized with the Yoast SEO plugin v27.5 - https:\/\/yoast.com\/product\/yoast-seo-wordpress\/ -->\n<title>Aktuelles von der Verrechnungssteuer &#8226; steuerportal.ch<\/title>\n<meta name=\"robots\" content=\"index, follow, max-snippet:-1, max-image-preview:large, max-video-preview:-1\" \/>\n<link rel=\"canonical\" href=\"https:\/\/steuerportal.ch\/fr\/articles-specialises\/aktuelles-von-der-verrechnungssteuer\/\" \/>\n<meta property=\"og:locale\" content=\"fr_FR\" \/>\n<meta property=\"og:type\" content=\"article\" \/>\n<meta property=\"og:title\" content=\"Aktuelles von der Verrechnungssteuer &#8226; steuerportal.ch\" \/>\n<meta property=\"og:description\" content=\"Thomas Jaussi und Markus Pfirter analysieren die konkreten Auswirkungen des DBA-FL auf die Verrechnungssteuer f\u00fcr kollektive Kapitalanlagen mit Sitz in Liechtenstein in Bezug auf Investitionen in schweizerische Aktien und Obligationen und bieten einen \u00dcberblick der Unterschiede bei der R\u00fcckforderung im Zusammenhang mit inl\u00e4ndischen und ausl\u00e4ndischen kollektiven Kapitalanlagen in Bezug auf schweizerische Anlagen und verschiedene Investoren.\" \/>\n<meta property=\"og:url\" content=\"https:\/\/steuerportal.ch\/fr\/articles-specialises\/aktuelles-von-der-verrechnungssteuer\/\" \/>\n<meta property=\"og:site_name\" content=\"steuerportal.ch\" \/>\n<meta property=\"article:modified_time\" content=\"2024-06-04T12:15:45+00:00\" \/>\n<meta name=\"twitter:card\" content=\"summary_large_image\" \/>\n<meta name=\"twitter:label1\" content=\"Dur\u00e9e de lecture estim\u00e9e\" \/>\n\t<meta name=\"twitter:data1\" content=\"1 minute\" \/>\n<script type=\"application\/ld+json\" class=\"yoast-schema-graph\">{\"@context\":\"https:\\\/\\\/schema.org\",\"@graph\":[{\"@type\":\"WebPage\",\"@id\":\"https:\\\/\\\/steuerportal.ch\\\/fr\\\/articles-specialises\\\/aktuelles-von-der-verrechnungssteuer\\\/\",\"url\":\"https:\\\/\\\/steuerportal.ch\\\/fr\\\/articles-specialises\\\/aktuelles-von-der-verrechnungssteuer\\\/\",\"name\":\"Aktuelles von der Verrechnungssteuer &#8226; steuerportal.ch\",\"isPartOf\":{\"@id\":\"https:\\\/\\\/steuerportal.ch\\\/fr\\\/#website\"},\"datePublished\":\"2016-12-01T13:02:19+00:00\",\"dateModified\":\"2024-06-04T12:15:45+00:00\",\"breadcrumb\":{\"@id\":\"https:\\\/\\\/steuerportal.ch\\\/fr\\\/articles-specialises\\\/aktuelles-von-der-verrechnungssteuer\\\/#breadcrumb\"},\"inLanguage\":\"fr-FR\",\"potentialAction\":[{\"@type\":\"ReadAction\",\"target\":[\"https:\\\/\\\/steuerportal.ch\\\/fr\\\/articles-specialises\\\/aktuelles-von-der-verrechnungssteuer\\\/\"]}]},{\"@type\":\"BreadcrumbList\",\"@id\":\"https:\\\/\\\/steuerportal.ch\\\/fr\\\/articles-specialises\\\/aktuelles-von-der-verrechnungssteuer\\\/#breadcrumb\",\"itemListElement\":[{\"@type\":\"ListItem\",\"position\":1,\"name\":\"Page d'accueil\",\"item\":\"https:\\\/\\\/steuerportal.ch\\\/fr\\\/\"},{\"@type\":\"ListItem\",\"position\":2,\"name\":\"Fachartikel\",\"item\":\"https:\\\/\\\/steuerportal.ch\\\/fr\\\/articles-specialises\\\/\"},{\"@type\":\"ListItem\",\"position\":3,\"name\":\"Aktuelles von der Verrechnungssteuer\"}]},{\"@type\":\"WebSite\",\"@id\":\"https:\\\/\\\/steuerportal.ch\\\/fr\\\/#website\",\"url\":\"https:\\\/\\\/steuerportal.ch\\\/fr\\\/\",\"name\":\"steuerportal.ch\",\"description\":\"Le portail suisse sp\u00e9cialis\u00e9 dans le domaine des imp\u00f4ts\",\"publisher\":{\"@id\":\"https:\\\/\\\/steuerportal.ch\\\/fr\\\/#organization\"},\"potentialAction\":[{\"@type\":\"SearchAction\",\"target\":{\"@type\":\"EntryPoint\",\"urlTemplate\":\"https:\\\/\\\/steuerportal.ch\\\/fr\\\/?s={search_term_string}\"},\"query-input\":{\"@type\":\"PropertyValueSpecification\",\"valueRequired\":true,\"valueName\":\"search_term_string\"}}],\"inLanguage\":\"fr-FR\"},{\"@type\":\"Organization\",\"@id\":\"https:\\\/\\\/steuerportal.ch\\\/fr\\\/#organization\",\"name\":\"Steuerportal (Cosmos Verlag)\",\"url\":\"https:\\\/\\\/steuerportal.ch\\\/fr\\\/\",\"logo\":{\"@type\":\"ImageObject\",\"inLanguage\":\"fr-FR\",\"@id\":\"https:\\\/\\\/steuerportal.ch\\\/fr\\\/#\\\/schema\\\/logo\\\/image\\\/\",\"url\":\"https:\\\/\\\/steuerportal.ch\\\/wp-content\\\/uploads\\\/2021\\\/06\\\/cosmos_c-strich_h_positiv_bunt.svg\",\"contentUrl\":\"https:\\\/\\\/steuerportal.ch\\\/wp-content\\\/uploads\\\/2021\\\/06\\\/cosmos_c-strich_h_positiv_bunt.svg\",\"width\":191,\"height\":44,\"caption\":\"Steuerportal (Cosmos Verlag)\"},\"image\":{\"@id\":\"https:\\\/\\\/steuerportal.ch\\\/fr\\\/#\\\/schema\\\/logo\\\/image\\\/\"}}]}<\/script>\n<!-- \/ Yoast SEO plugin. -->","yoast_head_json":{"title":"Aktuelles von der Verrechnungssteuer &#8226; steuerportal.ch","robots":{"index":"index","follow":"follow","max-snippet":"max-snippet:-1","max-image-preview":"max-image-preview:large","max-video-preview":"max-video-preview:-1"},"canonical":"https:\/\/steuerportal.ch\/fr\/articles-specialises\/aktuelles-von-der-verrechnungssteuer\/","og_locale":"fr_FR","og_type":"article","og_title":"Aktuelles von der Verrechnungssteuer &#8226; steuerportal.ch","og_description":"Thomas Jaussi und Markus Pfirter analysieren die konkreten Auswirkungen des DBA-FL auf die Verrechnungssteuer f\u00fcr kollektive Kapitalanlagen mit Sitz in Liechtenstein in Bezug auf Investitionen in schweizerische Aktien und Obligationen und bieten einen \u00dcberblick der Unterschiede bei der R\u00fcckforderung im Zusammenhang mit inl\u00e4ndischen und ausl\u00e4ndischen kollektiven Kapitalanlagen in Bezug auf schweizerische Anlagen und verschiedene Investoren.","og_url":"https:\/\/steuerportal.ch\/fr\/articles-specialises\/aktuelles-von-der-verrechnungssteuer\/","og_site_name":"steuerportal.ch","article_modified_time":"2024-06-04T12:15:45+00:00","twitter_card":"summary_large_image","twitter_misc":{"Dur\u00e9e de lecture estim\u00e9e":"1 minute"},"schema":{"@context":"https:\/\/schema.org","@graph":[{"@type":"WebPage","@id":"https:\/\/steuerportal.ch\/fr\/articles-specialises\/aktuelles-von-der-verrechnungssteuer\/","url":"https:\/\/steuerportal.ch\/fr\/articles-specialises\/aktuelles-von-der-verrechnungssteuer\/","name":"Aktuelles von der Verrechnungssteuer &#8226; steuerportal.ch","isPartOf":{"@id":"https:\/\/steuerportal.ch\/fr\/#website"},"datePublished":"2016-12-01T13:02:19+00:00","dateModified":"2024-06-04T12:15:45+00:00","breadcrumb":{"@id":"https:\/\/steuerportal.ch\/fr\/articles-specialises\/aktuelles-von-der-verrechnungssteuer\/#breadcrumb"},"inLanguage":"fr-FR","potentialAction":[{"@type":"ReadAction","target":["https:\/\/steuerportal.ch\/fr\/articles-specialises\/aktuelles-von-der-verrechnungssteuer\/"]}]},{"@type":"BreadcrumbList","@id":"https:\/\/steuerportal.ch\/fr\/articles-specialises\/aktuelles-von-der-verrechnungssteuer\/#breadcrumb","itemListElement":[{"@type":"ListItem","position":1,"name":"Page d'accueil","item":"https:\/\/steuerportal.ch\/fr\/"},{"@type":"ListItem","position":2,"name":"Fachartikel","item":"https:\/\/steuerportal.ch\/fr\/articles-specialises\/"},{"@type":"ListItem","position":3,"name":"Aktuelles von der Verrechnungssteuer"}]},{"@type":"WebSite","@id":"https:\/\/steuerportal.ch\/fr\/#website","url":"https:\/\/steuerportal.ch\/fr\/","name":"steuerportal.ch","description":"Le portail suisse sp\u00e9cialis\u00e9 dans le domaine des imp\u00f4ts","publisher":{"@id":"https:\/\/steuerportal.ch\/fr\/#organization"},"potentialAction":[{"@type":"SearchAction","target":{"@type":"EntryPoint","urlTemplate":"https:\/\/steuerportal.ch\/fr\/?s={search_term_string}"},"query-input":{"@type":"PropertyValueSpecification","valueRequired":true,"valueName":"search_term_string"}}],"inLanguage":"fr-FR"},{"@type":"Organization","@id":"https:\/\/steuerportal.ch\/fr\/#organization","name":"Steuerportal (Cosmos Verlag)","url":"https:\/\/steuerportal.ch\/fr\/","logo":{"@type":"ImageObject","inLanguage":"fr-FR","@id":"https:\/\/steuerportal.ch\/fr\/#\/schema\/logo\/image\/","url":"https:\/\/steuerportal.ch\/wp-content\/uploads\/2021\/06\/cosmos_c-strich_h_positiv_bunt.svg","contentUrl":"https:\/\/steuerportal.ch\/wp-content\/uploads\/2021\/06\/cosmos_c-strich_h_positiv_bunt.svg","width":191,"height":44,"caption":"Steuerportal (Cosmos Verlag)"},"image":{"@id":"https:\/\/steuerportal.ch\/fr\/#\/schema\/logo\/image\/"}}]}},"_links":{"self":[{"href":"https:\/\/steuerportal.ch\/fr\/wp-json\/wp\/v2\/sht_proarticle\/19283","targetHints":{"allow":["GET"]}}],"collection":[{"href":"https:\/\/steuerportal.ch\/fr\/wp-json\/wp\/v2\/sht_proarticle"}],"about":[{"href":"https:\/\/steuerportal.ch\/fr\/wp-json\/wp\/v2\/types\/sht_proarticle"}],"author":[{"embeddable":true,"href":"https:\/\/steuerportal.ch\/fr\/wp-json\/wp\/v2\/users\/4"}],"version-history":[{"count":0,"href":"https:\/\/steuerportal.ch\/fr\/wp-json\/wp\/v2\/sht_proarticle\/19283\/revisions"}],"acf:user":[{"embeddable":true,"href":"https:\/\/steuerportal.ch\/fr\/wp-json\/wp\/v2\/users\/698"},{"embeddable":true,"href":"https:\/\/steuerportal.ch\/fr\/wp-json\/wp\/v2\/users\/528"}],"wp:attachment":[{"href":"https:\/\/steuerportal.ch\/fr\/wp-json\/wp\/v2\/media?parent=19283"}],"wp:term":[{"taxonomy":"sht_proarticle_category","embeddable":true,"href":"https:\/\/steuerportal.ch\/fr\/wp-json\/wp\/v2\/sht_proarticle_category?post=19283"},{"taxonomy":"sht_proarticle_tag","embeddable":true,"href":"https:\/\/steuerportal.ch\/fr\/wp-json\/wp\/v2\/sht_proarticle_tag?post=19283"}],"curies":[{"name":"wp","href":"https:\/\/api.w.org\/{rel}","templated":true}]}}