{"id":19116,"date":"2016-02-01T14:01:25","date_gmt":"2016-02-01T13:01:25","guid":{"rendered":"https:\/\/steuerportal.ch\/?post_type=sht_proarticle&#038;p=19116"},"modified":"2024-07-15T15:27:51","modified_gmt":"2024-07-15T13:27:51","slug":"beschraenkte-steuerpflicht-von-teilhabern-einer-personengesellschaft","status":"publish","type":"sht_proarticle","link":"https:\/\/steuerportal.ch\/fr\/articles-specialises\/beschraenkte-steuerpflicht-von-teilhabern-einer-personengesellschaft\/","title":{"rendered":"Beschr\u00e4nkte Steuerpflicht von Teilhabern einer Personengesellschaft"},"content":{"rendered":"","protected":true},"excerpt":{"rendered":"<p>Eine im inl\u00e4ndischen Handelsregister eingetragene Personengesellschaft ist auch dann ein Gesch\u00e4ftsbetrieb i. S. v. Art. 4 Abs. 1 lit. a DBG, wenn sie in der Schweiz keine festen Gesch\u00e4ftseinrichtungen unterh\u00e4lt und keine Gesch\u00e4ftst\u00e4tigkeit aus\u00fcbt. Das Genfer Ruling von 1985 ist mit Inkrafttreten des DBG als Steuerabkommen nichtig geworden und kann daher nicht angerufen werden.<\/p>\n","protected":false},"author":4,"featured_media":0,"template":"","meta":{"_acf_changed":false,"authors":[{"ID":48,"display_name":"Stefan Oesterhelt","first_name":"Stefan","last_name":"Oesterhelt","description":"<p>Rechtsanwalt, LL.M., dipl. Steuerexperte, Partner, Homburger AG, Z\u00fcrich<\/p>\n","image":"https:\/\/steuerportal.ch\/wp-content\/uploads\/2019\/11\/Oesterhelt-220x220.png","organiser_data":[],"url":"https:\/\/steuerportal.ch\/fr\/autoren\/stefan-oesterhelt\/"}],"related_sht_promodule":["<a href=\"https:\/\/steuerportal.ch\/fachmodule\/steuerrevue\/abhandlungen\/\">Steuer Revue &#8594; Abhandlungen<\/a>"],"pdf":"https:\/\/steuerportal.ch\/fr\/articles-specialises\/beschraenkte-steuerpflicht-von-teilhabern-einer-personengesellschaft\/shtpdf\/","language":"de"},"sht_proarticle_category":[17],"sht_proarticle_tag":[],"class_list":["post-19116","sht_proarticle","type-sht_proarticle","status-publish","hentry","sht_proarticle_category-abhandlungen"],"acf":{"authors":[48]},"shp_steuerportal_must_use":{"translations":[{"id":19116,"link":"https:\/\/steuerportal.ch\/fr\/articles-specialises\/beschraenkte-steuerpflicht-von-teilhabern-einer-personengesellschaft\/","title":{"rendered":"Beschr\u00e4nkte Steuerpflicht von Teilhabern einer Personengesellschaft"},"language":"de"}]},"yoast_head":"<!-- This site is optimized with the Yoast SEO plugin v27.5 - https:\/\/yoast.com\/product\/yoast-seo-wordpress\/ -->\n<title>Beschr\u00e4nkte Steuerpflicht von Teilhabern einer Personengesellschaft &#8226; steuerportal.ch<\/title>\n<meta name=\"robots\" content=\"index, follow, max-snippet:-1, max-image-preview:large, max-video-preview:-1\" \/>\n<link rel=\"canonical\" href=\"https:\/\/steuerportal.ch\/fr\/articles-specialises\/beschraenkte-steuerpflicht-von-teilhabern-einer-personengesellschaft\/\" \/>\n<meta property=\"og:locale\" content=\"fr_FR\" \/>\n<meta property=\"og:type\" content=\"article\" \/>\n<meta property=\"og:title\" content=\"Beschr\u00e4nkte Steuerpflicht von Teilhabern einer Personengesellschaft &#8226; steuerportal.ch\" \/>\n<meta property=\"og:description\" content=\"Eine im inl\u00e4ndischen Handelsregister eingetragene Personengesellschaft ist auch dann ein Gesch\u00e4ftsbetrieb i. S. v. Art. 4 Abs. 1 lit. a DBG, wenn sie in der Schweiz keine festen Gesch\u00e4ftseinrichtungen unterh\u00e4lt und keine Gesch\u00e4ftst\u00e4tigkeit aus\u00fcbt. Das Genfer Ruling von 1985 ist mit Inkrafttreten des DBG als Steuerabkommen nichtig geworden und kann daher nicht angerufen werden.\" \/>\n<meta property=\"og:url\" content=\"https:\/\/steuerportal.ch\/fr\/articles-specialises\/beschraenkte-steuerpflicht-von-teilhabern-einer-personengesellschaft\/\" \/>\n<meta property=\"og:site_name\" content=\"steuerportal.ch\" \/>\n<meta property=\"article:modified_time\" content=\"2024-07-15T13:27:51+00:00\" \/>\n<meta name=\"twitter:card\" content=\"summary_large_image\" \/>\n<meta name=\"twitter:label1\" content=\"Dur\u00e9e de lecture estim\u00e9e\" \/>\n\t<meta name=\"twitter:data1\" content=\"1 minute\" \/>\n<script type=\"application\/ld+json\" class=\"yoast-schema-graph\">{\"@context\":\"https:\\\/\\\/schema.org\",\"@graph\":[{\"@type\":\"WebPage\",\"@id\":\"https:\\\/\\\/steuerportal.ch\\\/fr\\\/articles-specialises\\\/beschraenkte-steuerpflicht-von-teilhabern-einer-personengesellschaft\\\/\",\"url\":\"https:\\\/\\\/steuerportal.ch\\\/fr\\\/articles-specialises\\\/beschraenkte-steuerpflicht-von-teilhabern-einer-personengesellschaft\\\/\",\"name\":\"Beschr\u00e4nkte Steuerpflicht von Teilhabern einer Personengesellschaft &#8226; steuerportal.ch\",\"isPartOf\":{\"@id\":\"https:\\\/\\\/steuerportal.ch\\\/fr\\\/#website\"},\"datePublished\":\"2016-02-01T13:01:25+00:00\",\"dateModified\":\"2024-07-15T13:27:51+00:00\",\"breadcrumb\":{\"@id\":\"https:\\\/\\\/steuerportal.ch\\\/fr\\\/articles-specialises\\\/beschraenkte-steuerpflicht-von-teilhabern-einer-personengesellschaft\\\/#breadcrumb\"},\"inLanguage\":\"fr-FR\",\"potentialAction\":[{\"@type\":\"ReadAction\",\"target\":[\"https:\\\/\\\/steuerportal.ch\\\/fr\\\/articles-specialises\\\/beschraenkte-steuerpflicht-von-teilhabern-einer-personengesellschaft\\\/\"]}]},{\"@type\":\"BreadcrumbList\",\"@id\":\"https:\\\/\\\/steuerportal.ch\\\/fr\\\/articles-specialises\\\/beschraenkte-steuerpflicht-von-teilhabern-einer-personengesellschaft\\\/#breadcrumb\",\"itemListElement\":[{\"@type\":\"ListItem\",\"position\":1,\"name\":\"Page d'accueil\",\"item\":\"https:\\\/\\\/steuerportal.ch\\\/fr\\\/\"},{\"@type\":\"ListItem\",\"position\":2,\"name\":\"Fachartikel\",\"item\":\"https:\\\/\\\/steuerportal.ch\\\/fr\\\/articles-specialises\\\/\"},{\"@type\":\"ListItem\",\"position\":3,\"name\":\"Beschr\u00e4nkte Steuerpflicht von Teilhabern einer Personengesellschaft\"}]},{\"@type\":\"WebSite\",\"@id\":\"https:\\\/\\\/steuerportal.ch\\\/fr\\\/#website\",\"url\":\"https:\\\/\\\/steuerportal.ch\\\/fr\\\/\",\"name\":\"steuerportal.ch\",\"description\":\"Le portail suisse sp\u00e9cialis\u00e9 dans le domaine des imp\u00f4ts\",\"publisher\":{\"@id\":\"https:\\\/\\\/steuerportal.ch\\\/fr\\\/#organization\"},\"potentialAction\":[{\"@type\":\"SearchAction\",\"target\":{\"@type\":\"EntryPoint\",\"urlTemplate\":\"https:\\\/\\\/steuerportal.ch\\\/fr\\\/?s={search_term_string}\"},\"query-input\":{\"@type\":\"PropertyValueSpecification\",\"valueRequired\":true,\"valueName\":\"search_term_string\"}}],\"inLanguage\":\"fr-FR\"},{\"@type\":\"Organization\",\"@id\":\"https:\\\/\\\/steuerportal.ch\\\/fr\\\/#organization\",\"name\":\"Steuerportal (Cosmos Verlag)\",\"url\":\"https:\\\/\\\/steuerportal.ch\\\/fr\\\/\",\"logo\":{\"@type\":\"ImageObject\",\"inLanguage\":\"fr-FR\",\"@id\":\"https:\\\/\\\/steuerportal.ch\\\/fr\\\/#\\\/schema\\\/logo\\\/image\\\/\",\"url\":\"https:\\\/\\\/steuerportal.ch\\\/wp-content\\\/uploads\\\/2021\\\/06\\\/cosmos_c-strich_h_positiv_bunt.svg\",\"contentUrl\":\"https:\\\/\\\/steuerportal.ch\\\/wp-content\\\/uploads\\\/2021\\\/06\\\/cosmos_c-strich_h_positiv_bunt.svg\",\"width\":191,\"height\":44,\"caption\":\"Steuerportal (Cosmos Verlag)\"},\"image\":{\"@id\":\"https:\\\/\\\/steuerportal.ch\\\/fr\\\/#\\\/schema\\\/logo\\\/image\\\/\"}}]}<\/script>\n<!-- \/ Yoast SEO plugin. -->","yoast_head_json":{"title":"Beschr\u00e4nkte Steuerpflicht von Teilhabern einer Personengesellschaft &#8226; steuerportal.ch","robots":{"index":"index","follow":"follow","max-snippet":"max-snippet:-1","max-image-preview":"max-image-preview:large","max-video-preview":"max-video-preview:-1"},"canonical":"https:\/\/steuerportal.ch\/fr\/articles-specialises\/beschraenkte-steuerpflicht-von-teilhabern-einer-personengesellschaft\/","og_locale":"fr_FR","og_type":"article","og_title":"Beschr\u00e4nkte Steuerpflicht von Teilhabern einer Personengesellschaft &#8226; steuerportal.ch","og_description":"Eine im inl\u00e4ndischen Handelsregister eingetragene Personengesellschaft ist auch dann ein Gesch\u00e4ftsbetrieb i. S. v. Art. 4 Abs. 1 lit. a DBG, wenn sie in der Schweiz keine festen Gesch\u00e4ftseinrichtungen unterh\u00e4lt und keine Gesch\u00e4ftst\u00e4tigkeit aus\u00fcbt. Das Genfer Ruling von 1985 ist mit Inkrafttreten des DBG als Steuerabkommen nichtig geworden und kann daher nicht angerufen werden.","og_url":"https:\/\/steuerportal.ch\/fr\/articles-specialises\/beschraenkte-steuerpflicht-von-teilhabern-einer-personengesellschaft\/","og_site_name":"steuerportal.ch","article_modified_time":"2024-07-15T13:27:51+00:00","twitter_card":"summary_large_image","twitter_misc":{"Dur\u00e9e de lecture estim\u00e9e":"1 minute"},"schema":{"@context":"https:\/\/schema.org","@graph":[{"@type":"WebPage","@id":"https:\/\/steuerportal.ch\/fr\/articles-specialises\/beschraenkte-steuerpflicht-von-teilhabern-einer-personengesellschaft\/","url":"https:\/\/steuerportal.ch\/fr\/articles-specialises\/beschraenkte-steuerpflicht-von-teilhabern-einer-personengesellschaft\/","name":"Beschr\u00e4nkte Steuerpflicht von Teilhabern einer Personengesellschaft &#8226; steuerportal.ch","isPartOf":{"@id":"https:\/\/steuerportal.ch\/fr\/#website"},"datePublished":"2016-02-01T13:01:25+00:00","dateModified":"2024-07-15T13:27:51+00:00","breadcrumb":{"@id":"https:\/\/steuerportal.ch\/fr\/articles-specialises\/beschraenkte-steuerpflicht-von-teilhabern-einer-personengesellschaft\/#breadcrumb"},"inLanguage":"fr-FR","potentialAction":[{"@type":"ReadAction","target":["https:\/\/steuerportal.ch\/fr\/articles-specialises\/beschraenkte-steuerpflicht-von-teilhabern-einer-personengesellschaft\/"]}]},{"@type":"BreadcrumbList","@id":"https:\/\/steuerportal.ch\/fr\/articles-specialises\/beschraenkte-steuerpflicht-von-teilhabern-einer-personengesellschaft\/#breadcrumb","itemListElement":[{"@type":"ListItem","position":1,"name":"Page d'accueil","item":"https:\/\/steuerportal.ch\/fr\/"},{"@type":"ListItem","position":2,"name":"Fachartikel","item":"https:\/\/steuerportal.ch\/fr\/articles-specialises\/"},{"@type":"ListItem","position":3,"name":"Beschr\u00e4nkte Steuerpflicht von Teilhabern einer Personengesellschaft"}]},{"@type":"WebSite","@id":"https:\/\/steuerportal.ch\/fr\/#website","url":"https:\/\/steuerportal.ch\/fr\/","name":"steuerportal.ch","description":"Le portail suisse sp\u00e9cialis\u00e9 dans le domaine des imp\u00f4ts","publisher":{"@id":"https:\/\/steuerportal.ch\/fr\/#organization"},"potentialAction":[{"@type":"SearchAction","target":{"@type":"EntryPoint","urlTemplate":"https:\/\/steuerportal.ch\/fr\/?s={search_term_string}"},"query-input":{"@type":"PropertyValueSpecification","valueRequired":true,"valueName":"search_term_string"}}],"inLanguage":"fr-FR"},{"@type":"Organization","@id":"https:\/\/steuerportal.ch\/fr\/#organization","name":"Steuerportal (Cosmos Verlag)","url":"https:\/\/steuerportal.ch\/fr\/","logo":{"@type":"ImageObject","inLanguage":"fr-FR","@id":"https:\/\/steuerportal.ch\/fr\/#\/schema\/logo\/image\/","url":"https:\/\/steuerportal.ch\/wp-content\/uploads\/2021\/06\/cosmos_c-strich_h_positiv_bunt.svg","contentUrl":"https:\/\/steuerportal.ch\/wp-content\/uploads\/2021\/06\/cosmos_c-strich_h_positiv_bunt.svg","width":191,"height":44,"caption":"Steuerportal (Cosmos Verlag)"},"image":{"@id":"https:\/\/steuerportal.ch\/fr\/#\/schema\/logo\/image\/"}}]}},"_links":{"self":[{"href":"https:\/\/steuerportal.ch\/fr\/wp-json\/wp\/v2\/sht_proarticle\/19116","targetHints":{"allow":["GET"]}}],"collection":[{"href":"https:\/\/steuerportal.ch\/fr\/wp-json\/wp\/v2\/sht_proarticle"}],"about":[{"href":"https:\/\/steuerportal.ch\/fr\/wp-json\/wp\/v2\/types\/sht_proarticle"}],"author":[{"embeddable":true,"href":"https:\/\/steuerportal.ch\/fr\/wp-json\/wp\/v2\/users\/4"}],"version-history":[{"count":0,"href":"https:\/\/steuerportal.ch\/fr\/wp-json\/wp\/v2\/sht_proarticle\/19116\/revisions"}],"acf:user":[{"embeddable":true,"href":"https:\/\/steuerportal.ch\/fr\/wp-json\/wp\/v2\/users\/48"}],"wp:attachment":[{"href":"https:\/\/steuerportal.ch\/fr\/wp-json\/wp\/v2\/media?parent=19116"}],"wp:term":[{"taxonomy":"sht_proarticle_category","embeddable":true,"href":"https:\/\/steuerportal.ch\/fr\/wp-json\/wp\/v2\/sht_proarticle_category?post=19116"},{"taxonomy":"sht_proarticle_tag","embeddable":true,"href":"https:\/\/steuerportal.ch\/fr\/wp-json\/wp\/v2\/sht_proarticle_tag?post=19116"}],"curies":[{"name":"wp","href":"https:\/\/api.w.org\/{rel}","templated":true}]}}