{"id":18949,"date":"2024-06-01T13:58:00","date_gmt":"2024-06-01T11:58:00","guid":{"rendered":"https:\/\/steuerportal.ch\/?post_type=sht_proarticle&#038;p=18949"},"modified":"2024-07-23T11:52:37","modified_gmt":"2024-07-23T09:52:37","slug":"masque-de-plongee-ou-bandes-dessinees-peter-lang","status":"publish","type":"sht_proarticle","link":"https:\/\/steuerportal.ch\/fr\/articles-specialises\/masque-de-plongee-ou-bandes-dessinees-peter-lang\/","title":{"rendered":"Masque de plong\u00e9e ou bandes dessin\u00e9es, Peter Lang?"},"content":{"rendered":"<div class=\"wp-block-media-text is-stacked-on-mobile\"><figure class=\"wp-block-media-text__media\"><img loading=\"lazy\" decoding=\"async\" width=\"850\" height=\"1024\" src=\"https:\/\/steuerportal.ch\/wp-content\/uploads\/2024\/05\/peter_lang_rendezvous-2-850x1024.jpg\" alt=\"\" class=\"wp-image-18950 size-full\" srcset=\"https:\/\/steuerportal.ch\/wp-content\/uploads\/2024\/05\/peter_lang_rendezvous-2-850x1024.jpg 850w, https:\/\/steuerportal.ch\/wp-content\/uploads\/2024\/05\/peter_lang_rendezvous-2-700x843.jpg 700w, https:\/\/steuerportal.ch\/wp-content\/uploads\/2024\/05\/peter_lang_rendezvous-2-768x925.jpg 768w, https:\/\/steuerportal.ch\/wp-content\/uploads\/2024\/05\/peter_lang_rendezvous-2-1275x1536.jpg 1275w, https:\/\/steuerportal.ch\/wp-content\/uploads\/2024\/05\/peter_lang_rendezvous-2-1700x2048.jpg 1700w, https:\/\/steuerportal.ch\/wp-content\/uploads\/2024\/05\/peter_lang_rendezvous-2-1280x1542.jpg 1280w, https:\/\/steuerportal.ch\/wp-content\/uploads\/2024\/05\/peter_lang_rendezvous-2-232x280.jpg 232w, https:\/\/steuerportal.ch\/wp-content\/uploads\/2024\/05\/peter_lang_rendezvous-2-628x757.jpg 628w, https:\/\/steuerportal.ch\/wp-content\/uploads\/2024\/05\/peter_lang_rendezvous-2-296x357.jpg 296w\" sizes=\"auto, (max-width: 850px) 100vw, 850px\" \/><\/figure><div class=\"wp-block-media-text__content\">\n<p><strong>Nom <\/strong>: Peter Lang<\/p>\n\n\n\n<p><strong><strong><strong>Profession\/position<\/strong><\/strong><\/strong> : Group Head of Taxation Swiss Life<\/p>\n\n\n\n<p><strong><strong><strong>Famille<\/strong><\/strong> <\/strong>: Mari&eacute; &agrave; Sabine Lang-Heimann, une fille adulte et un fils adulte<\/p>\n\n\n\n<p><strong><strong><strong>Loisirs<\/strong><\/strong> <\/strong>: les imp&ocirc;ts, la lecture, &ecirc;tre dans la nature, la plong&eacute;e, la peinture (toutefois trop peu pratiqu&eacute;e)<\/p>\n<\/div><\/div><div class=\"wp-block-group is-style-info-box has-gray-xlight-background-color has-background is-layout-constrained wp-container-core-group-is-layout-c385debf wp-block-group-is-layout-constrained\" style=\"padding-top:var(--wp--preset--spacing--20);padding-right:var(--wp--preset--spacing--20);padding-bottom:var(--wp--preset--spacing--20);padding-left:var(--wp--preset--spacing--20)\">\n<p class=\"has-primary-dark-color has-text-color\">Ce texte est une <strong>traduction automatique r&eacute;vis&eacute;e<\/strong> de l&rsquo;article original en allemand. Changez les param&egrave;tres de langue pour lire l&rsquo;article original en allemand. Vous ne voulez pas manquer un article en fran&ccedil;ais? Abonnez-vous &agrave; notre newsletter.<\/p>\n\n\n\n<div class=\"wp-block-group is-layout-flow wp-block-group-is-layout-flow\">\n<div class=\"wp-block-buttons is-layout-flex wp-block-buttons-is-layout-flex\">\n<div class=\"wp-block-button\"><a class=\"wp-block-button__link wp-element-button\" href=\"https:\/\/steuerportal.ch\/fr\/contact\/#Newsletter\" target=\"_blank\" rel=\"noreferrer noopener\">Inscription &agrave; la newsletter<\/a><\/div>\n<\/div>\n\n\n\n<div style=\"height:20px\" aria-hidden=\"true\" class=\"wp-block-spacer\"><\/div>\n<\/div>\n<\/div><p><strong><em>Pourquoi &ecirc;tes-vous devenu &laquo;&nbsp;Group Head of Taxation&nbsp;&raquo; chez Swiss Life&nbsp;? Qu&rsquo;auriez-vous fait autrement&nbsp;?<\/em><\/strong><\/p><p>Mon voyage de vie m&rsquo;a conduit &agrave; ma fonction actuelle. C&rsquo;est la cons&eacute;quence de possibilit&eacute;s d&rsquo;&eacute;volution professionnelle qui se sont pr&eacute;sent&eacute;es en m&ecirc;me temps que mon int&eacute;r&ecirc;t pour la fiscalit&eacute;. De plus, j&rsquo;ai toujours &eacute;t&eacute; fascin&eacute; par l&rsquo;assurance vie. Sa complexit&eacute; relative implique un travail d&rsquo;&eacute;quipe interdisciplinaire tr&egrave;s d&eacute;velopp&eacute;, ce qui est passionnant et qui me pla&icirc;t. Le fait que je n&rsquo;ai jamais h&eacute;sit&eacute; &agrave; parcourir le mille suppl&eacute;mentaire et que j&rsquo;ai &eacute;t&eacute; soutenu par ma femme a certainement jou&eacute; un r&ocirc;le. Nous &eacute;tions et nous sommes toujours en route ensemble, en tant qu&rsquo;&eacute;quipe.<\/p><p>Sinon, qu&rsquo;aurais-je fait ? Quand j&rsquo;&eacute;tais jeune, mon c&oelig;ur battait pour &laquo;&nbsp;l&rsquo;histoire&nbsp;&raquo;. L&rsquo;histoire &eacute;tait alors ma passion, mais j&rsquo;ai finalement opt&eacute; pour le &laquo;&nbsp;monde actuel&nbsp;&raquo; sous la forme de l&rsquo;&eacute;conomie.<\/p><p><strong><em>Vous vivez pour le droit fiscal&nbsp;?<\/em><\/strong><\/p><p>Le droit fiscal et toutes ses facettes d&eacute;terminent le contenu de mes journ&eacute;es du matin au soir, dans la mesure o&ugrave; je vis <em>avec<\/em> le droit fiscal. Mais je ne vis pas <em>pour<\/em> le droit fiscal. Il y a beaucoup de belles choses dans la vie que je trouve importantes. Ma principale raison de vivre est ma famille.<\/p><p><strong><em>Avez-vous une passion (secr&egrave;te) (en dehors du droit fiscal)&nbsp;?<\/em><\/strong><\/p><p>Quand j&rsquo;&eacute;tais jeune, je peignais des figurines en &eacute;tain de 30mm. Mon plaisir &agrave; peindre des figurines en &eacute;tain sous diff&eacute;rentes formes m&rsquo;est rest&eacute;. J&rsquo;aime travailler avec les couleurs ; c&rsquo;est pourquoi l&rsquo;un de mes objectifs dans la vie est d&rsquo;apprendre &agrave; peindre des tableaux &agrave; l&rsquo;huile r&eacute;alistes au sens d&rsquo;un m&eacute;tier. Malheureusement, je n&rsquo;en ai pas le temps dans ma phase de vie actuelle.<\/p><p>Je qualifierais &eacute;galement la lecture de passion. J&rsquo;aime avoir beaucoup de livres autour de moi. Les th&egrave;mes que j&rsquo;aborde varient en fonction de mes envies et de mon humeur. J&rsquo;aime particuli&egrave;rement la bande dessin&eacute;e. La combinaison de l&rsquo;image et du texte m&rsquo;a toujours attir&eacute; et j&rsquo;ai d&eacute;j&agrave; accumul&eacute; quelques volumes dans ma vie.<\/p><p><strong><em>Quels sont les trois mots cl&eacute;s qui d&eacute;crivent votre vie quotidienne&nbsp;?<\/em><\/strong><\/p><p>R&eacute;veil matinal &ndash; travail avec mes coll&egrave;gues &ndash; peu de temps libre.<\/p><p><strong><em>Qu&rsquo;est-ce qui vous met en col&egrave;re&nbsp;?<\/em><\/strong><\/p><p>Pour le dire poliment, je regrette que des r&eacute;glementations mal con&ccedil;ues comme &laquo;&nbsp;Pillar 2&nbsp;&raquo; puissent s&rsquo;imposer dans la politique internationale. Le rythme de mise en &oelig;uvre et le degr&eacute; de complexit&eacute; ont pris des proportions qui, de mon point de vue, sont extraordinaires. L&rsquo;id&eacute;e d&rsquo;un &laquo;&nbsp;processus l&eacute;gislatif&nbsp;&raquo; d&eacute;mocratique doit &ecirc;tre mise de c&ocirc;t&eacute; ; les int&eacute;r&ecirc;ts fiscaux des &Eacute;tats &agrave; forte imposition et les int&eacute;r&ecirc;ts propres des organisations internationales se combinent en un m&eacute;lange plut&ocirc;t difficile &agrave; mon avis&nbsp;&hellip;<\/p><p><strong><em>O&ugrave; se trouve votre destination de r&ecirc;ve&nbsp;?<\/em><\/strong><\/p><p>J&rsquo;ai eu l&rsquo;occasion de visiter plusieurs endroits du monde, de d&eacute;couvrir des cultures int&eacute;ressantes et des paysages magnifiques. Je n&rsquo;ai pas trouv&eacute; une v&eacute;ritable destination de r&ecirc;ve. Mais aujourd&rsquo;hui encore, je trouve que la Suisse, avec ses diff&eacute;rents paysages et r&eacute;gions, est un endroit merveilleux.<\/p><p>Pour moi, une &laquo;&nbsp;destination de r&ecirc;ve&nbsp;&raquo; n&rsquo;est pas tant un lieu g&eacute;ographique que le fait d&rsquo;&ecirc;tre avec des personnes qui me sont proches et de pouvoir organiser sa vie en toute connaissance de cause.<\/p><p><strong><em>Vous arrive-t-il d&rsquo;en avoir assez de votre activit&eacute; actuelle&nbsp;?<\/em><\/strong><\/p><p>J&rsquo;ai eu et j&rsquo;ai toujours le privil&egrave;ge, dans le cadre de mes activit&eacute;s professionnelles, de pouvoir m&rsquo;occuper de t&acirc;ches int&eacute;ressantes avec des coll&egrave;gues appr&eacute;ci&eacute;(e)s, que ce soit du c&ocirc;t&eacute; des entreprises ou de l&rsquo;administration. J&rsquo;ai ainsi pu d&eacute;couvrir de nouveaux domaines passionnants et &eacute;largir mon champ d&rsquo;exp&eacute;rience. Je peux donc dire qu&rsquo;aujourd&rsquo;hui encore, je me l&egrave;ve chaque matin avec plaisir et que je me rends (g&eacute;n&eacute;ralement) au travail avec motivation. Je ne suis pas s&ucirc;r que ma femme soit du m&ecirc;me avis&nbsp;&hellip;<\/p><p><strong><em>Que faites-vous de votre temps libre&nbsp;? En avez-vous vraiment&nbsp;?<\/em><\/strong><\/p><p>Comme mentionn&eacute; pr&eacute;c&eacute;demment, j&rsquo;aime lire et je lis beaucoup. En tant qu&rsquo; &laquo;&nbsp;homme de bureau&nbsp;&raquo;, j&rsquo;appr&eacute;cie d&rsquo;&ecirc;tre dans la nature de diverses mani&egrave;res, que ce soit dans notre jardin, &agrave; la montagne ou &agrave; v&eacute;lo. En tant que &laquo;&nbsp;plus de 50 ans&nbsp;&raquo;, ma femme et moi avons commenc&eacute; &agrave; faire de la plong&eacute;e. J&rsquo;appr&eacute;cie beaucoup de d&eacute;couvrir les mondes sous-marins pendant les vacances. Rester dans les montagnes ou sous l&rsquo;eau me fait sentir les limites humaines, ce qui fait du bien et conduit aussi &agrave; une certaine &laquo;&nbsp;humilit&eacute;&nbsp;&raquo;.<\/p><p><strong><em>Que prendriez-vous sur une &icirc;le d&eacute;serte (pas plus de trois choses)&nbsp;?<\/em><\/strong><\/p><p>Ma femme (qui n&rsquo;est toutefois pas une &laquo;&nbsp;chose&nbsp;&raquo;), une bo&icirc;te de peinture et mon masque de plong&eacute;e.<\/p><p><strong><em>Quel livre lisez-vous en ce moment&nbsp;?<\/em><\/strong><\/p><p>Je lis g&eacute;n&eacute;ralement plusieurs livres en parall&egrave;le, de niveaux d&rsquo;exigence diff&eacute;rents, en fonction de mon humeur du moment. Sur ma pile de lecture se trouvent actuellement Haruki Murakami, &laquo;&nbsp;La ville et son mur incertain&nbsp;&raquo;, Beat Sterchi, &laquo;&nbsp;Capricho &ndash; Un &eacute;t&eacute; dans mon jardin&nbsp;&raquo; et Team Rafale tome 8, &laquo;&nbsp;Lancement dangereux de fus&eacute;e&nbsp;&raquo; (bande dessin&eacute;e), Heinz B&uuml;tler, &laquo;&nbsp;Albert Anker vit-il encore ? &ndash; Albert Anker, artiste peintre, Ins&nbsp;&raquo;.<\/p><p><strong><em>Avez-vous un\/des mod&egrave;le(s)&nbsp;?<\/em><\/strong><\/p><p>Je n&rsquo;ai pas de mod&egrave;le. J&rsquo;essaie de trouver moi-m&ecirc;me mon chemin de vie sans &ecirc;tre influenc&eacute;, en suivant ma &laquo;&nbsp;boussole&nbsp;&raquo;.<\/p><p><strong><em>Avez-vous bien travaill&eacute; &agrave; l&rsquo;&eacute;cole&nbsp;?<\/em><\/strong><\/p><p>L&rsquo;obtention du baccalaur&eacute;at &eacute;tait pour moi plut&ocirc;t un exercice obligatoire, une &laquo;&nbsp;crampe&nbsp;&raquo; li&eacute;e &agrave; un enthousiasme mod&eacute;r&eacute;. Lorsque j&rsquo;ai pu faire co&iuml;ncider la suite de ma formation avec mes centres d&rsquo;int&eacute;r&ecirc;t, tout s&rsquo;est encha&icirc;n&eacute; rapidement et avec des r&eacute;sultats pr&eacute;sentables.<\/p><p><strong><em>Est-ce que vous croyez-vous <\/em><\/strong><strong><em>en une puissance sup&eacute;rieure&nbsp;?<\/em><\/strong><\/p><p>J&rsquo;ai un int&eacute;r&ecirc;t certain pour le concept de &laquo;&nbsp;puissance sup&eacute;rieure&nbsp;&raquo;. Les manifestations d&rsquo;une telle puissance sup&eacute;rieure ainsi que son existence &eacute;ventuelle ne sont toutefois pas claires pour moi. Je pense que, selon la situation de vie, une &laquo;&nbsp;croyance&nbsp;&raquo; peut &ecirc;tre utile &agrave; l&rsquo;homme. Personnellement, cette question n&rsquo;est cependant pas tr&egrave;s pr&eacute;sente pour moi dans ma phase de vie actuelle.<\/p><p><strong><em>Quel conseil donneriez-vous &agrave; votre jeune moi&nbsp;?<\/em><\/strong><\/p><p>Sois clair sur qui et ce qui est important pour toi dans la vie. Reste fid&egrave;le &agrave; toi-m&ecirc;me. Poursuis tes objectifs pas &agrave; pas avec discipline. Laisse-toi du temps. Reste modeste.<\/p><p><strong><em>Qu&rsquo;est-ce qui vous fait rire&nbsp;?<\/em><\/strong><\/p><p>J&rsquo;aime bien rire beaucoup, m&ecirc;me de toutes les petites choses du quotidien. Le rire est important. Cela me permet aussi de m&rsquo;amuser de moi-m&ecirc;me. A l&rsquo;incompr&eacute;hension de ma famille, je dois encore aujourd&rsquo;hui rire lors du &laquo;&nbsp;spectacle de clown&nbsp;&raquo; classique, lorsque l&rsquo;artiste tr&eacute;buche sur ses chaussures trop grandes. J&rsquo;ai int&eacute;rioris&eacute; ce &laquo;&nbsp;d&eacute;clencheur de rire&nbsp;&raquo;.<\/p><p><strong><em>Qu&rsquo;est-ce qui vous fait peur&nbsp;?<\/em><\/strong><\/p><p>&Agrave; mon avis, la peur est une mauvaise conseill&egrave;re dans la vie. Je pr&eacute;f&egrave;re le mot &laquo;&nbsp;respect&nbsp;&raquo;. J&rsquo;ai du respect pour les d&eacute;fis professionnels. Je pense qu&rsquo;il est utile de savoir que l&rsquo;on est en route avec une &eacute;quipe agile et comp&eacute;tente, de d&eacute;finir des objectifs par &eacute;tapes et de les poursuivre avec pers&eacute;v&eacute;rance.<\/p><p><em>R&eacute;vision Nicole Stucki-Racle<\/em><\/p>\n","protected":false},"excerpt":{"rendered":"<p>Peter Lang r\u00e9pond \u00e0 nos questions \u2013 pas forc\u00e9ment techniques \u2013 dans le Rendez-vous.<\/p>\n","protected":false},"author":2371,"featured_media":0,"template":"","meta":{"_acf_changed":false,"authors":[{"ID":74,"display_name":"Redaktion Steuer Revue","first_name":"","last_name":"","description":"","image":"https:\/\/steuerportal.ch\/wp-content\/uploads\/2024\/11\/StP_Profilbild_RED_DE_quadratisch.jpg","organiser_data":{"public_organiser_name":"Redaktion Steuer Revue","public_organiser_page":false,"offer":"","location":"","preamble":"","public_organiser_logo":false},"url":"https:\/\/steuerportal.ch\/fr\/autoren\/redaktion-steuer-revue\/"}],"related_sht_promodule":["<a href=\"https:\/\/steuerportal.ch\/fr\/modules-specialises\/revue-fiscale\/rendez-vous\/\">Revue fiscale &#8594; Rendez-vous<\/a>"],"pdf":"https:\/\/steuerportal.ch\/fr\/articles-specialises\/masque-de-plongee-ou-bandes-dessinees-peter-lang\/shtpdf\/","language":"fr"},"sht_proarticle_category":[271],"sht_proarticle_tag":[],"class_list":["post-18949","sht_proarticle","type-sht_proarticle","status-publish","hentry","sht_proarticle_category-rendez-vous-fr"],"acf":{"authors":[74]},"shp_steuerportal_must_use":{"translations":[{"id":18934,"link":"https:\/\/steuerportal.ch\/articles-specialises\/taucherbrille-oder-comics-peter-lang\/","title":{"rendered":"Taucherbrille oder Comics, Peter Lang?"},"language":"de"},{"id":18949,"link":"https:\/\/steuerportal.ch\/fr\/articles-specialises\/masque-de-plongee-ou-bandes-dessinees-peter-lang\/","title":{"rendered":"Masque de plong\u00e9e ou bandes dessin\u00e9es, Peter Lang?"},"language":"fr"}]},"yoast_head":"<!-- This site is optimized with the Yoast SEO plugin v27.5 - https:\/\/yoast.com\/product\/yoast-seo-wordpress\/ -->\n<title>Masque de plong\u00e9e ou bandes dessin\u00e9es, Peter Lang? &#8226; steuerportal.ch<\/title>\n<meta name=\"robots\" content=\"index, follow, max-snippet:-1, max-image-preview:large, max-video-preview:-1\" \/>\n<link rel=\"canonical\" href=\"https:\/\/steuerportal.ch\/fr\/articles-specialises\/masque-de-plongee-ou-bandes-dessinees-peter-lang\/\" \/>\n<meta property=\"og:locale\" content=\"fr_FR\" \/>\n<meta property=\"og:type\" content=\"article\" \/>\n<meta property=\"og:title\" content=\"Masque de plong\u00e9e ou bandes dessin\u00e9es, Peter Lang? &#8226; steuerportal.ch\" \/>\n<meta property=\"og:description\" content=\"Peter Lang r\u00e9pond \u00e0 nos questions \u2013 pas forc\u00e9ment techniques \u2013 dans le Rendez-vous.\" \/>\n<meta property=\"og:url\" content=\"https:\/\/steuerportal.ch\/fr\/articles-specialises\/masque-de-plongee-ou-bandes-dessinees-peter-lang\/\" \/>\n<meta property=\"og:site_name\" content=\"steuerportal.ch\" \/>\n<meta property=\"article:modified_time\" content=\"2024-07-23T09:52:37+00:00\" \/>\n<meta property=\"og:image\" content=\"https:\/\/steuerportal.ch\/wp-content\/uploads\/2024\/05\/peter_lang_rendezvous-2-850x1024.jpg\" \/>\n<meta name=\"twitter:card\" content=\"summary_large_image\" \/>\n<meta name=\"twitter:label1\" content=\"Dur\u00e9e de lecture estim\u00e9e\" \/>\n\t<meta name=\"twitter:data1\" content=\"7 minutes\" \/>\n<script type=\"application\/ld+json\" class=\"yoast-schema-graph\">{\"@context\":\"https:\\\/\\\/schema.org\",\"@graph\":[{\"@type\":\"WebPage\",\"@id\":\"https:\\\/\\\/steuerportal.ch\\\/fr\\\/articles-specialises\\\/masque-de-plongee-ou-bandes-dessinees-peter-lang\\\/\",\"url\":\"https:\\\/\\\/steuerportal.ch\\\/fr\\\/articles-specialises\\\/masque-de-plongee-ou-bandes-dessinees-peter-lang\\\/\",\"name\":\"Masque de plong\u00e9e ou bandes dessin\u00e9es, Peter Lang? &#8226; steuerportal.ch\",\"isPartOf\":{\"@id\":\"https:\\\/\\\/steuerportal.ch\\\/fr\\\/#website\"},\"primaryImageOfPage\":{\"@id\":\"https:\\\/\\\/steuerportal.ch\\\/fr\\\/articles-specialises\\\/masque-de-plongee-ou-bandes-dessinees-peter-lang\\\/#primaryimage\"},\"image\":{\"@id\":\"https:\\\/\\\/steuerportal.ch\\\/fr\\\/articles-specialises\\\/masque-de-plongee-ou-bandes-dessinees-peter-lang\\\/#primaryimage\"},\"thumbnailUrl\":\"https:\\\/\\\/steuerportal.ch\\\/wp-content\\\/uploads\\\/2024\\\/05\\\/peter_lang_rendezvous-2-850x1024.jpg\",\"datePublished\":\"2024-06-01T11:58:00+00:00\",\"dateModified\":\"2024-07-23T09:52:37+00:00\",\"breadcrumb\":{\"@id\":\"https:\\\/\\\/steuerportal.ch\\\/fr\\\/articles-specialises\\\/masque-de-plongee-ou-bandes-dessinees-peter-lang\\\/#breadcrumb\"},\"inLanguage\":\"fr-FR\",\"potentialAction\":[{\"@type\":\"ReadAction\",\"target\":[\"https:\\\/\\\/steuerportal.ch\\\/fr\\\/articles-specialises\\\/masque-de-plongee-ou-bandes-dessinees-peter-lang\\\/\"]}]},{\"@type\":\"ImageObject\",\"inLanguage\":\"fr-FR\",\"@id\":\"https:\\\/\\\/steuerportal.ch\\\/fr\\\/articles-specialises\\\/masque-de-plongee-ou-bandes-dessinees-peter-lang\\\/#primaryimage\",\"url\":\"https:\\\/\\\/steuerportal.ch\\\/wp-content\\\/uploads\\\/2024\\\/05\\\/peter_lang_rendezvous-2-850x1024.jpg\",\"contentUrl\":\"https:\\\/\\\/steuerportal.ch\\\/wp-content\\\/uploads\\\/2024\\\/05\\\/peter_lang_rendezvous-2-850x1024.jpg\"},{\"@type\":\"BreadcrumbList\",\"@id\":\"https:\\\/\\\/steuerportal.ch\\\/fr\\\/articles-specialises\\\/masque-de-plongee-ou-bandes-dessinees-peter-lang\\\/#breadcrumb\",\"itemListElement\":[{\"@type\":\"ListItem\",\"position\":1,\"name\":\"Page d'accueil\",\"item\":\"https:\\\/\\\/steuerportal.ch\\\/fr\\\/\"},{\"@type\":\"ListItem\",\"position\":2,\"name\":\"Fachartikel\",\"item\":\"https:\\\/\\\/steuerportal.ch\\\/fr\\\/articles-specialises\\\/\"},{\"@type\":\"ListItem\",\"position\":3,\"name\":\"Masque de plong\u00e9e ou bandes dessin\u00e9es, Peter Lang?\"}]},{\"@type\":\"WebSite\",\"@id\":\"https:\\\/\\\/steuerportal.ch\\\/fr\\\/#website\",\"url\":\"https:\\\/\\\/steuerportal.ch\\\/fr\\\/\",\"name\":\"steuerportal.ch\",\"description\":\"Le portail suisse sp\u00e9cialis\u00e9 dans le domaine des imp\u00f4ts\",\"publisher\":{\"@id\":\"https:\\\/\\\/steuerportal.ch\\\/fr\\\/#organization\"},\"potentialAction\":[{\"@type\":\"SearchAction\",\"target\":{\"@type\":\"EntryPoint\",\"urlTemplate\":\"https:\\\/\\\/steuerportal.ch\\\/fr\\\/?s={search_term_string}\"},\"query-input\":{\"@type\":\"PropertyValueSpecification\",\"valueRequired\":true,\"valueName\":\"search_term_string\"}}],\"inLanguage\":\"fr-FR\"},{\"@type\":\"Organization\",\"@id\":\"https:\\\/\\\/steuerportal.ch\\\/fr\\\/#organization\",\"name\":\"Steuerportal (Cosmos Verlag)\",\"url\":\"https:\\\/\\\/steuerportal.ch\\\/fr\\\/\",\"logo\":{\"@type\":\"ImageObject\",\"inLanguage\":\"fr-FR\",\"@id\":\"https:\\\/\\\/steuerportal.ch\\\/fr\\\/#\\\/schema\\\/logo\\\/image\\\/\",\"url\":\"https:\\\/\\\/steuerportal.ch\\\/wp-content\\\/uploads\\\/2021\\\/06\\\/cosmos_c-strich_h_positiv_bunt.svg\",\"contentUrl\":\"https:\\\/\\\/steuerportal.ch\\\/wp-content\\\/uploads\\\/2021\\\/06\\\/cosmos_c-strich_h_positiv_bunt.svg\",\"width\":191,\"height\":44,\"caption\":\"Steuerportal (Cosmos Verlag)\"},\"image\":{\"@id\":\"https:\\\/\\\/steuerportal.ch\\\/fr\\\/#\\\/schema\\\/logo\\\/image\\\/\"}}]}<\/script>\n<!-- \/ Yoast SEO plugin. -->","yoast_head_json":{"title":"Masque de plong\u00e9e ou bandes dessin\u00e9es, Peter Lang? &#8226; steuerportal.ch","robots":{"index":"index","follow":"follow","max-snippet":"max-snippet:-1","max-image-preview":"max-image-preview:large","max-video-preview":"max-video-preview:-1"},"canonical":"https:\/\/steuerportal.ch\/fr\/articles-specialises\/masque-de-plongee-ou-bandes-dessinees-peter-lang\/","og_locale":"fr_FR","og_type":"article","og_title":"Masque de plong\u00e9e ou bandes dessin\u00e9es, Peter Lang? &#8226; steuerportal.ch","og_description":"Peter Lang r\u00e9pond \u00e0 nos questions \u2013 pas forc\u00e9ment techniques \u2013 dans le Rendez-vous.","og_url":"https:\/\/steuerportal.ch\/fr\/articles-specialises\/masque-de-plongee-ou-bandes-dessinees-peter-lang\/","og_site_name":"steuerportal.ch","article_modified_time":"2024-07-23T09:52:37+00:00","og_image":[{"url":"https:\/\/steuerportal.ch\/wp-content\/uploads\/2024\/05\/peter_lang_rendezvous-2-850x1024.jpg","type":"","width":"","height":""}],"twitter_card":"summary_large_image","twitter_misc":{"Dur\u00e9e de lecture estim\u00e9e":"7 minutes"},"schema":{"@context":"https:\/\/schema.org","@graph":[{"@type":"WebPage","@id":"https:\/\/steuerportal.ch\/fr\/articles-specialises\/masque-de-plongee-ou-bandes-dessinees-peter-lang\/","url":"https:\/\/steuerportal.ch\/fr\/articles-specialises\/masque-de-plongee-ou-bandes-dessinees-peter-lang\/","name":"Masque de plong\u00e9e ou bandes dessin\u00e9es, Peter Lang? &#8226; steuerportal.ch","isPartOf":{"@id":"https:\/\/steuerportal.ch\/fr\/#website"},"primaryImageOfPage":{"@id":"https:\/\/steuerportal.ch\/fr\/articles-specialises\/masque-de-plongee-ou-bandes-dessinees-peter-lang\/#primaryimage"},"image":{"@id":"https:\/\/steuerportal.ch\/fr\/articles-specialises\/masque-de-plongee-ou-bandes-dessinees-peter-lang\/#primaryimage"},"thumbnailUrl":"https:\/\/steuerportal.ch\/wp-content\/uploads\/2024\/05\/peter_lang_rendezvous-2-850x1024.jpg","datePublished":"2024-06-01T11:58:00+00:00","dateModified":"2024-07-23T09:52:37+00:00","breadcrumb":{"@id":"https:\/\/steuerportal.ch\/fr\/articles-specialises\/masque-de-plongee-ou-bandes-dessinees-peter-lang\/#breadcrumb"},"inLanguage":"fr-FR","potentialAction":[{"@type":"ReadAction","target":["https:\/\/steuerportal.ch\/fr\/articles-specialises\/masque-de-plongee-ou-bandes-dessinees-peter-lang\/"]}]},{"@type":"ImageObject","inLanguage":"fr-FR","@id":"https:\/\/steuerportal.ch\/fr\/articles-specialises\/masque-de-plongee-ou-bandes-dessinees-peter-lang\/#primaryimage","url":"https:\/\/steuerportal.ch\/wp-content\/uploads\/2024\/05\/peter_lang_rendezvous-2-850x1024.jpg","contentUrl":"https:\/\/steuerportal.ch\/wp-content\/uploads\/2024\/05\/peter_lang_rendezvous-2-850x1024.jpg"},{"@type":"BreadcrumbList","@id":"https:\/\/steuerportal.ch\/fr\/articles-specialises\/masque-de-plongee-ou-bandes-dessinees-peter-lang\/#breadcrumb","itemListElement":[{"@type":"ListItem","position":1,"name":"Page d'accueil","item":"https:\/\/steuerportal.ch\/fr\/"},{"@type":"ListItem","position":2,"name":"Fachartikel","item":"https:\/\/steuerportal.ch\/fr\/articles-specialises\/"},{"@type":"ListItem","position":3,"name":"Masque de plong\u00e9e ou bandes dessin\u00e9es, Peter Lang?"}]},{"@type":"WebSite","@id":"https:\/\/steuerportal.ch\/fr\/#website","url":"https:\/\/steuerportal.ch\/fr\/","name":"steuerportal.ch","description":"Le portail suisse sp\u00e9cialis\u00e9 dans le domaine des imp\u00f4ts","publisher":{"@id":"https:\/\/steuerportal.ch\/fr\/#organization"},"potentialAction":[{"@type":"SearchAction","target":{"@type":"EntryPoint","urlTemplate":"https:\/\/steuerportal.ch\/fr\/?s={search_term_string}"},"query-input":{"@type":"PropertyValueSpecification","valueRequired":true,"valueName":"search_term_string"}}],"inLanguage":"fr-FR"},{"@type":"Organization","@id":"https:\/\/steuerportal.ch\/fr\/#organization","name":"Steuerportal (Cosmos Verlag)","url":"https:\/\/steuerportal.ch\/fr\/","logo":{"@type":"ImageObject","inLanguage":"fr-FR","@id":"https:\/\/steuerportal.ch\/fr\/#\/schema\/logo\/image\/","url":"https:\/\/steuerportal.ch\/wp-content\/uploads\/2021\/06\/cosmos_c-strich_h_positiv_bunt.svg","contentUrl":"https:\/\/steuerportal.ch\/wp-content\/uploads\/2021\/06\/cosmos_c-strich_h_positiv_bunt.svg","width":191,"height":44,"caption":"Steuerportal (Cosmos Verlag)"},"image":{"@id":"https:\/\/steuerportal.ch\/fr\/#\/schema\/logo\/image\/"}}]}},"_links":{"self":[{"href":"https:\/\/steuerportal.ch\/fr\/wp-json\/wp\/v2\/sht_proarticle\/18949","targetHints":{"allow":["GET"]}}],"collection":[{"href":"https:\/\/steuerportal.ch\/fr\/wp-json\/wp\/v2\/sht_proarticle"}],"about":[{"href":"https:\/\/steuerportal.ch\/fr\/wp-json\/wp\/v2\/types\/sht_proarticle"}],"author":[{"embeddable":true,"href":"https:\/\/steuerportal.ch\/fr\/wp-json\/wp\/v2\/users\/2371"}],"version-history":[{"count":1,"href":"https:\/\/steuerportal.ch\/fr\/wp-json\/wp\/v2\/sht_proarticle\/18949\/revisions"}],"predecessor-version":[{"id":21054,"href":"https:\/\/steuerportal.ch\/fr\/wp-json\/wp\/v2\/sht_proarticle\/18949\/revisions\/21054"}],"acf:user":[{"embeddable":true,"href":"https:\/\/steuerportal.ch\/fr\/wp-json\/wp\/v2\/users\/74"}],"wp:attachment":[{"href":"https:\/\/steuerportal.ch\/fr\/wp-json\/wp\/v2\/media?parent=18949"}],"wp:term":[{"taxonomy":"sht_proarticle_category","embeddable":true,"href":"https:\/\/steuerportal.ch\/fr\/wp-json\/wp\/v2\/sht_proarticle_category?post=18949"},{"taxonomy":"sht_proarticle_tag","embeddable":true,"href":"https:\/\/steuerportal.ch\/fr\/wp-json\/wp\/v2\/sht_proarticle_tag?post=18949"}],"curies":[{"name":"wp","href":"https:\/\/api.w.org\/{rel}","templated":true}]}}