{"id":18707,"date":"2024-05-01T00:02:00","date_gmt":"2024-04-30T22:02:00","guid":{"rendered":"https:\/\/steuerportal.ch\/?post_type=sht_proarticle&#038;p=18707"},"modified":"2024-05-02T10:19:04","modified_gmt":"2024-05-02T08:19:04","slug":"pourquoi-juge-raphaela-nanzer","status":"publish","type":"sht_proarticle","link":"https:\/\/steuerportal.ch\/fr\/articles-specialises\/pourquoi-juge-raphaela-nanzer\/","title":{"rendered":"Pourquoi juge, Rapha\u00ebla Nanzer ?"},"content":{"rendered":"<div class=\"wp-block-media-text is-stacked-on-mobile\"><figure class=\"wp-block-media-text__media\"><img loading=\"lazy\" decoding=\"async\" width=\"769\" height=\"1024\" src=\"https:\/\/steuerportal.ch\/wp-content\/uploads\/2024\/04\/raphaela_nanzer_rendezvous-769x1024.jpg\" alt=\"\" class=\"wp-image-18702 size-full\" srcset=\"https:\/\/steuerportal.ch\/wp-content\/uploads\/2024\/04\/raphaela_nanzer_rendezvous-769x1024.jpg 769w, https:\/\/steuerportal.ch\/wp-content\/uploads\/2024\/04\/raphaela_nanzer_rendezvous-700x932.jpg 700w, https:\/\/steuerportal.ch\/wp-content\/uploads\/2024\/04\/raphaela_nanzer_rendezvous-768x1022.jpg 768w, https:\/\/steuerportal.ch\/wp-content\/uploads\/2024\/04\/raphaela_nanzer_rendezvous-1154x1536.jpg 1154w, https:\/\/steuerportal.ch\/wp-content\/uploads\/2024\/04\/raphaela_nanzer_rendezvous-1539x2048.jpg 1539w, https:\/\/steuerportal.ch\/wp-content\/uploads\/2024\/04\/raphaela_nanzer_rendezvous-1280x1704.jpg 1280w, https:\/\/steuerportal.ch\/wp-content\/uploads\/2024\/04\/raphaela_nanzer_rendezvous-210x280.jpg 210w, https:\/\/steuerportal.ch\/wp-content\/uploads\/2024\/04\/raphaela_nanzer_rendezvous-628x836.jpg 628w, https:\/\/steuerportal.ch\/wp-content\/uploads\/2024\/04\/raphaela_nanzer_rendezvous-296x394.jpg 296w, https:\/\/steuerportal.ch\/wp-content\/uploads\/2024\/04\/raphaela_nanzer_rendezvous-scaled.jpg 1923w\" sizes=\"auto, (max-width: 769px) 100vw, 769px\" \/><\/figure><div class=\"wp-block-media-text__content\">\n<p><strong>Nom<\/strong> : Rapha&euml;la Nanzer<\/p>\n\n\n\n<p><strong><strong>Profession\/fonction<\/strong><\/strong> : pr&eacute;sidente du Tribunal fiscal de premi&egrave;re instance du canton de Berne<\/p>\n\n\n\n<p><strong><strong>Famille<\/strong><\/strong> : avec mon partenaire depuis 34 ans<\/p>\n\n\n\n<p><strong><strong>Loisirs<\/strong><\/strong> : sport, voyages, amis, lecture, cuisine<\/p>\n<\/div><\/div><div class=\"wp-block-group is-style-info-box has-gray-xlight-background-color has-background is-layout-constrained wp-container-core-group-is-layout-c385debf wp-block-group-is-layout-constrained\" style=\"padding-top:var(--wp--preset--spacing--20);padding-right:var(--wp--preset--spacing--20);padding-bottom:var(--wp--preset--spacing--20);padding-left:var(--wp--preset--spacing--20)\">\n<p class=\"has-primary-dark-color has-text-color\">Ce texte est une <strong>traduction automatique r&eacute;vis&eacute;e<\/strong> de l&rsquo;article original en allemand. Changez les param&egrave;tres de langue pour lire l&rsquo;article original en allemand. Vous ne voulez pas manquer un article en fran&ccedil;ais? Abonnez-vous &agrave; notre newsletter.<\/p>\n\n\n\n<div class=\"wp-block-group is-layout-flow wp-block-group-is-layout-flow\">\n<div class=\"wp-block-buttons is-layout-flex wp-block-buttons-is-layout-flex\">\n<div class=\"wp-block-button\"><a class=\"wp-block-button__link wp-element-button\" href=\"https:\/\/steuerportal.ch\/fr\/contact\/#Newsletter\" target=\"_blank\" rel=\"noreferrer noopener\">Inscription &agrave; la newsletter<\/a><\/div>\n<\/div>\n\n\n\n<div style=\"height:20px\" aria-hidden=\"true\" class=\"wp-block-spacer\"><\/div>\n<\/div>\n<\/div><p><strong><em>Pourquoi &ecirc;tes-vous devenue juge ? Que seriez-vous autrement devenue ?<\/em><\/strong><br><br>Cela peut &ecirc;tre li&eacute; &agrave; mon parcours. Apr&egrave;s avoir suivi ma formation de g&eacute;rante\/fiduciaire dipl&ocirc;m&eacute;e f&eacute;d&eacute;rale en immobilier et avoir &eacute;tudi&eacute; l&rsquo;&eacute;conomie &agrave; Berne (&agrave; la &laquo;H&ouml;here Wirtschafts- und Verwaltungsschule&raquo; [HWV] de l&rsquo;&eacute;poque), j&rsquo;ai &eacute;tudi&eacute; le droit. Dans le cadre de mon stage d&rsquo;avocat dans une &eacute;tude sp&eacute;cialis&eacute;e en droit fiscal &agrave; Berne, il s&rsquo;est av&eacute;r&eacute; que le droit fiscal &eacute;tait id&eacute;al pour r&eacute;unir les connaissances professionnelles que j&rsquo;avais acquises jusqu&rsquo;ici.<br>Lorsque, apr&egrave;s cinq ans d&rsquo;activit&eacute; comme juge suppl&eacute;ante au Tribunal fiscal de premi&egrave;re instance du canton de Berne, la possibilit&eacute; s&rsquo;est offerte de me pr&eacute;senter comme juge &agrave; plein temps, j&rsquo;ai saisi cette chance. Si cela n&rsquo;avait pas fonctionn&eacute;, je serais probablement encore avocate fiscale.<br><br><strong><em>Vous n&rsquo;avez &eacute;tudi&eacute; que dans le deuxi&egrave;me cycle de formation. Qu&rsquo;est-ce qui vous a pouss&eacute; &agrave; franchir cette deuxi&egrave;me &eacute;tape ?<\/em><\/strong><br><br>J&rsquo;avais d&eacute;j&agrave; eu une certaine affinit&eacute; dans le sens de l&rsquo;apprentissage ou des sciences du droit &agrave; l&rsquo;&eacute;cole de commerce, qui s&rsquo;est concr&eacute;tis&eacute;e au cours des &eacute;tudes &eacute;conomiques que j&rsquo;ai effectu&eacute;es en cours d&rsquo;emploi (j&rsquo;ai travaill&eacute; dans le domaine de la fiducie). La question s&rsquo;est pos&eacute;e de savoir si je souhaiterais aller plus loin dans l&rsquo;audit &eacute;conomique apr&egrave;s la conclusion de l&rsquo;HWV ou encore &eacute;tudier le droit. J&rsquo;ai alors opt&eacute; pour ce dernier point et je ne l&rsquo;ai pas regrett&eacute; &agrave; ce jour. Ma formation pr&eacute;alable et mon exp&eacute;rience professionnelle pratique dans le domaine de la comptabilit&eacute; et de la gestion ne sont certainement pas un obstacle &agrave; mon activit&eacute; actuelle.<br><br><strong><em>Qu&rsquo;est-ce qui caract&eacute;rise une juge r&eacute;ussie ?<\/em><\/strong><br><br>Un savoir-faire solide, une compr&eacute;hension rapide, le don d&rsquo;analyser et de structurer rapidement des situations complexes, un mode de travail pr&eacute;cis et un esprit d&rsquo;organisation. Il ne faut pas oublier non plus la connaissance de l&rsquo;&ecirc;tre humain &ndash; et l&rsquo;empathie.<br><br><strong><em>Vivez-vous pour le droit fiscal ?<\/em><\/strong><br><br>Outre le droit fiscal, il y a bien d&rsquo;autres choses qui sont au moins aussi importantes pour moi et pour lesquelles je m&rsquo;engage volontiers. Quoi qu&rsquo;il en soit, je peux dire que je suis tr&egrave;s int&eacute;ress&eacute;e par le droit fiscal et que j&rsquo;exerce mon activit&eacute; de juge fiscale avec beaucoup d&rsquo;enthousiasme et d&rsquo;engagement.<br><br><strong><em>O&ugrave; vous engagez-vous en dehors du droit fiscal ?<\/em><\/strong><br><br>D&rsquo;une mani&egrave;re g&eacute;n&eacute;rale, je m&rsquo;efforce au quotidien de promouvoir et d&rsquo;exiger des talents jeunes et motiv&eacute;s et de m&rsquo;engager pour eux. L&rsquo;&eacute;clatement de la guerre en Ukraine a donn&eacute; lieu &agrave; un engagement accru: Un ami qui s&rsquo;occupe de requ&eacute;rants d&rsquo;asile mineurs non accompagn&eacute;s dans le canton de Berne nous a demand&eacute; notre soutien pour h&eacute;berger des orphelins et leur personnel d&rsquo;encadrement. Nous nous sommes alors engag&eacute;s et avons trouv&eacute; des logements (abordables). Cet engagement a donn&eacute; lieu &agrave; un engagement prolong&eacute; et continu.<br><br><strong><em>&Eacute;tiez-vous bonne &agrave; l&rsquo;&eacute;cole ?<\/em><\/strong><br><br>Oui.<br><br><strong><em>Quelles &eacute;taient vos mati&egrave;res pr&eacute;f&eacute;r&eacute;es ? Y avait-il d&eacute;j&agrave; des signes &agrave; l&rsquo;&eacute;cole que vous deviendriez juge ?<\/em><\/strong><br><br>Pendant la scolarit&eacute; obligatoire, les mati&egrave;res linguistiques me plaisaient le plus. Plus tard, je me suis int&eacute;ress&eacute;e aux questions &eacute;conomiques et comptables.<br>En ce qui concerne la question de savoir s&rsquo;il existait d&eacute;j&agrave; des signes que je deviendrai juge &agrave; l&rsquo;&eacute;cole, je me suis permis de poser cette question &agrave; une amie de bonne et de longue date &ndash; et elle a dit, <br>&laquo;pour nous (coll&egrave;gues de classe), il &eacute;tait toujours clair que tu allais devenir juge ou procureur de l&rsquo;&Eacute;tat&raquo;. Pour moi, ce n&rsquo;&eacute;tait pas du tout le cas, d&rsquo;autant plus que je ne fais partie d&rsquo;aucun parti politique, ce qui n&rsquo;a pas forc&eacute;ment simplifi&eacute; la proc&eacute;dure, que l&rsquo;appartenance &agrave; un parti joue un r&ocirc;le non n&eacute;gligeable dans l&rsquo;&eacute;lection des juges.<br><br><strong><em>Avez-vous un mod&egrave;le &agrave; suivre ?<\/em><\/strong><br><br>Je n&rsquo;ai pas de mod&egrave;le concret. De nombreuses personnes m&rsquo;ont marqu&eacute;e et m&rsquo;ont soutenue tout au long de ma vie. Je leur en suis tr&egrave;s reconnaissante.<br><br><strong><em>Que faites-vous pendant votre temps libre ? En avez-vous au moins ? Quelles sont vos endroits pr&eacute;f&eacute;r&eacute;s pour vous d&eacute;tendre ?<\/em><\/strong><br><br>Pratiquer du sport, &ecirc;tre dans la nature, rencontrer des amis et faire des voyages ou des courts s&eacute;jours, lire. Je l&rsquo;appr&eacute;cie sur le lac de Neuch&acirc;tel en faisant de la voile, &agrave; la maison dans le jardin ou sur la terrasse. Autre lieu pr&eacute;f&eacute;r&eacute;: la maison en Espagne, o&ugrave; nous profitons avant tout du calme et de nous laisser porter, sans l&rsquo;agitation du quotidien et sans rendez-vous. Et parfois, il faut aussi le contraire de la tranquillit&eacute;, puis il faut se rendre dans une ville.<br><br><strong><em>Bien-&ecirc;tre ou s&eacute;jour en ville ?<\/em><\/strong><br><br>En fait, l&rsquo;un n&rsquo;exclut pas l&rsquo;autre; sinon, les voyages en ville peuvent &ecirc;tre facilement combin&eacute;s avec le shopping. \ud83d\ude42<br><br><strong><em>Avez-vous une devise de vie ?<\/em><\/strong><br><br>Le verre est &agrave; moiti&eacute; plein et non &agrave; moiti&eacute; vide.<br><br><strong><em>Bi&egrave;re ou vin rouge ? \ud83d\ude09<\/em><\/strong><br><br>Vin rouge (car je n&rsquo;aime pas la bi&egrave;re). <br><br><strong><em>Qu&rsquo;est-ce qui vous met en col&egrave;re ?<br><\/em><\/strong><br>L&rsquo;Arrogance, le manque d&rsquo;amabilit&eacute; et hostilit&eacute;; la demi-mesure et la n&eacute;gligence.<br><br><strong><em>Quel est votre destination de r&ecirc;ve ?<\/em><\/strong><br><br>Pour &ecirc;tre honn&ecirc;te, cela change de temps en temps en fonction de l&rsquo;endroit o&ugrave; un (prochain) voyage doit se d&eacute;rouler. L&rsquo;Afrique en fait certainement partie.<br><br><strong><em>Qu&rsquo;est-ce qui vous attire en Afrique ?<\/em><\/strong><br><br>La nature et la chaleur et la cordialit&eacute; des gens. Les gens expriment leur satisfaction et leur confiance, m&ecirc;me si leurs conditions de vie sont souvent tr&egrave;s difficiles. Nous avons eu tellement de belles rencontres et avons rencontr&eacute; des gens incroyables. Les contacts se poursuivent parfois jusqu&rsquo;&agrave; aujourd&rsquo;hui et sont tr&egrave;s enrichissants. Et bien s&ucirc;r, les grands animaux sauvages sont &eacute;galement stimulants s&rsquo;ils peuvent &ecirc;tre observ&eacute;s &agrave; distance.<br><br><strong><em>Qu&rsquo;emporteriez-vous sur une &icirc;le solitaire (pas plus de trois choses) ?<\/em><\/strong><br><br>Comme d&rsquo;autres personnes dans le Rendez-vous, j&rsquo;interpr&egrave;te les &laquo;choses&raquo; de mani&egrave;re g&eacute;n&eacute;reuse: mon partenaire, le natel et une couverture chaude.<br><br><strong><em>Quel livre &ecirc;tes-vous en train de lire ?<\/em><\/strong><br><br>&laquo;Filles d&rsquo;un temps nouveau&raquo; de Carmen Korn.<br><br><strong><em>Quel conseil donneriez-vous &agrave; votre jeune moi ?<\/em><\/strong><br><br>Suis ton chemin.<br><br><strong><em>Avez-vous d&eacute;j&agrave; eu de la chance ? Qu&rsquo;est-ce qui s&rsquo;est pass&eacute; ?<\/em><\/strong><br><br>Oui, lors d&rsquo;un grave accident de voiture survenu dans ma jeunesse, dont je me suis heureusement enti&egrave;rement remise.<br><br><strong><em>&Agrave; qui aimeriez-vous poser ces questions ?<\/em><\/strong><br><br>&Agrave; tous ceux qui lisent &ccedil;a.<\/p><p><em>Nachbearbeitung Nicole Stucki-Racle<\/em><br><\/p>\n","protected":false},"excerpt":{"rendered":"<p>Rapha\u00ebla Nanzer r\u00e9pond \u00e0 nos questions \u2013 pas forc\u00e9ment techniques \u2013 dans le Rendez-vous.<\/p>\n","protected":false},"author":2371,"featured_media":0,"template":"","meta":{"_acf_changed":false,"authors":[{"ID":74,"display_name":"Redaktion Steuer Revue","first_name":"","last_name":"","description":"","image":"https:\/\/steuerportal.ch\/wp-content\/uploads\/2024\/11\/StP_Profilbild_RED_DE_quadratisch.jpg","organiser_data":{"public_organiser_name":"Redaktion Steuer Revue","public_organiser_page":false,"offer":"","location":"","preamble":"","public_organiser_logo":false},"url":"https:\/\/steuerportal.ch\/fr\/autoren\/redaktion-steuer-revue\/"}],"related_sht_promodule":["<a href=\"https:\/\/steuerportal.ch\/fr\/modules-specialises\/revue-fiscale\/rendez-vous\/\">Revue fiscale &#8594; Rendez-vous<\/a>"],"pdf":"https:\/\/steuerportal.ch\/fr\/articles-specialises\/pourquoi-juge-raphaela-nanzer\/shtpdf\/","language":"fr"},"sht_proarticle_category":[271],"sht_proarticle_tag":[],"class_list":["post-18707","sht_proarticle","type-sht_proarticle","status-publish","hentry","sht_proarticle_category-rendez-vous-fr"],"acf":{"authors":[74]},"shp_steuerportal_must_use":{"translations":[{"id":18701,"link":"https:\/\/steuerportal.ch\/articles-specialises\/warum-richterin-raphaela-nanzer\/","title":{"rendered":"Warum Richterin, Rapha\u00ebla Nanzer?"},"language":"de"},{"id":18707,"link":"https:\/\/steuerportal.ch\/fr\/articles-specialises\/pourquoi-juge-raphaela-nanzer\/","title":{"rendered":"Pourquoi juge, Rapha\u00ebla Nanzer ?"},"language":"fr"}]},"yoast_head":"<!-- This site is optimized with the Yoast SEO plugin v27.5 - https:\/\/yoast.com\/product\/yoast-seo-wordpress\/ -->\n<title>Pourquoi juge, Rapha\u00ebla Nanzer ? &#8226; steuerportal.ch<\/title>\n<meta name=\"robots\" content=\"index, follow, max-snippet:-1, max-image-preview:large, max-video-preview:-1\" \/>\n<link rel=\"canonical\" href=\"https:\/\/steuerportal.ch\/fr\/articles-specialises\/pourquoi-juge-raphaela-nanzer\/\" \/>\n<meta property=\"og:locale\" content=\"fr_FR\" \/>\n<meta property=\"og:type\" content=\"article\" \/>\n<meta property=\"og:title\" content=\"Pourquoi juge, Rapha\u00ebla Nanzer ? &#8226; steuerportal.ch\" \/>\n<meta property=\"og:description\" content=\"Rapha\u00ebla Nanzer r\u00e9pond \u00e0 nos questions \u2013 pas forc\u00e9ment techniques \u2013 dans le Rendez-vous.\" \/>\n<meta property=\"og:url\" content=\"https:\/\/steuerportal.ch\/fr\/articles-specialises\/pourquoi-juge-raphaela-nanzer\/\" \/>\n<meta property=\"og:site_name\" content=\"steuerportal.ch\" \/>\n<meta property=\"article:modified_time\" content=\"2024-05-02T08:19:04+00:00\" \/>\n<meta property=\"og:image\" content=\"https:\/\/steuerportal.ch\/wp-content\/uploads\/2024\/04\/raphaela_nanzer_rendezvous-769x1024.jpg\" \/>\n<meta name=\"twitter:card\" content=\"summary_large_image\" \/>\n<meta name=\"twitter:label1\" content=\"Dur\u00e9e de lecture estim\u00e9e\" \/>\n\t<meta name=\"twitter:data1\" content=\"7 minutes\" \/>\n<script type=\"application\/ld+json\" class=\"yoast-schema-graph\">{\"@context\":\"https:\\\/\\\/schema.org\",\"@graph\":[{\"@type\":\"WebPage\",\"@id\":\"https:\\\/\\\/steuerportal.ch\\\/fr\\\/articles-specialises\\\/pourquoi-juge-raphaela-nanzer\\\/\",\"url\":\"https:\\\/\\\/steuerportal.ch\\\/fr\\\/articles-specialises\\\/pourquoi-juge-raphaela-nanzer\\\/\",\"name\":\"Pourquoi juge, Rapha\u00ebla Nanzer ? &#8226; steuerportal.ch\",\"isPartOf\":{\"@id\":\"https:\\\/\\\/steuerportal.ch\\\/fr\\\/#website\"},\"primaryImageOfPage\":{\"@id\":\"https:\\\/\\\/steuerportal.ch\\\/fr\\\/articles-specialises\\\/pourquoi-juge-raphaela-nanzer\\\/#primaryimage\"},\"image\":{\"@id\":\"https:\\\/\\\/steuerportal.ch\\\/fr\\\/articles-specialises\\\/pourquoi-juge-raphaela-nanzer\\\/#primaryimage\"},\"thumbnailUrl\":\"https:\\\/\\\/steuerportal.ch\\\/wp-content\\\/uploads\\\/2024\\\/04\\\/raphaela_nanzer_rendezvous-769x1024.jpg\",\"datePublished\":\"2024-04-30T22:02:00+00:00\",\"dateModified\":\"2024-05-02T08:19:04+00:00\",\"breadcrumb\":{\"@id\":\"https:\\\/\\\/steuerportal.ch\\\/fr\\\/articles-specialises\\\/pourquoi-juge-raphaela-nanzer\\\/#breadcrumb\"},\"inLanguage\":\"fr-FR\",\"potentialAction\":[{\"@type\":\"ReadAction\",\"target\":[\"https:\\\/\\\/steuerportal.ch\\\/fr\\\/articles-specialises\\\/pourquoi-juge-raphaela-nanzer\\\/\"]}]},{\"@type\":\"ImageObject\",\"inLanguage\":\"fr-FR\",\"@id\":\"https:\\\/\\\/steuerportal.ch\\\/fr\\\/articles-specialises\\\/pourquoi-juge-raphaela-nanzer\\\/#primaryimage\",\"url\":\"https:\\\/\\\/steuerportal.ch\\\/wp-content\\\/uploads\\\/2024\\\/04\\\/raphaela_nanzer_rendezvous-769x1024.jpg\",\"contentUrl\":\"https:\\\/\\\/steuerportal.ch\\\/wp-content\\\/uploads\\\/2024\\\/04\\\/raphaela_nanzer_rendezvous-769x1024.jpg\"},{\"@type\":\"BreadcrumbList\",\"@id\":\"https:\\\/\\\/steuerportal.ch\\\/fr\\\/articles-specialises\\\/pourquoi-juge-raphaela-nanzer\\\/#breadcrumb\",\"itemListElement\":[{\"@type\":\"ListItem\",\"position\":1,\"name\":\"Page d'accueil\",\"item\":\"https:\\\/\\\/steuerportal.ch\\\/fr\\\/\"},{\"@type\":\"ListItem\",\"position\":2,\"name\":\"Fachartikel\",\"item\":\"https:\\\/\\\/steuerportal.ch\\\/fr\\\/articles-specialises\\\/\"},{\"@type\":\"ListItem\",\"position\":3,\"name\":\"Pourquoi juge, Rapha\u00ebla Nanzer ?\"}]},{\"@type\":\"WebSite\",\"@id\":\"https:\\\/\\\/steuerportal.ch\\\/fr\\\/#website\",\"url\":\"https:\\\/\\\/steuerportal.ch\\\/fr\\\/\",\"name\":\"steuerportal.ch\",\"description\":\"Le portail suisse sp\u00e9cialis\u00e9 dans le domaine des imp\u00f4ts\",\"publisher\":{\"@id\":\"https:\\\/\\\/steuerportal.ch\\\/fr\\\/#organization\"},\"potentialAction\":[{\"@type\":\"SearchAction\",\"target\":{\"@type\":\"EntryPoint\",\"urlTemplate\":\"https:\\\/\\\/steuerportal.ch\\\/fr\\\/?s={search_term_string}\"},\"query-input\":{\"@type\":\"PropertyValueSpecification\",\"valueRequired\":true,\"valueName\":\"search_term_string\"}}],\"inLanguage\":\"fr-FR\"},{\"@type\":\"Organization\",\"@id\":\"https:\\\/\\\/steuerportal.ch\\\/fr\\\/#organization\",\"name\":\"Steuerportal (Cosmos Verlag)\",\"url\":\"https:\\\/\\\/steuerportal.ch\\\/fr\\\/\",\"logo\":{\"@type\":\"ImageObject\",\"inLanguage\":\"fr-FR\",\"@id\":\"https:\\\/\\\/steuerportal.ch\\\/fr\\\/#\\\/schema\\\/logo\\\/image\\\/\",\"url\":\"https:\\\/\\\/steuerportal.ch\\\/wp-content\\\/uploads\\\/2021\\\/06\\\/cosmos_c-strich_h_positiv_bunt.svg\",\"contentUrl\":\"https:\\\/\\\/steuerportal.ch\\\/wp-content\\\/uploads\\\/2021\\\/06\\\/cosmos_c-strich_h_positiv_bunt.svg\",\"width\":191,\"height\":44,\"caption\":\"Steuerportal (Cosmos Verlag)\"},\"image\":{\"@id\":\"https:\\\/\\\/steuerportal.ch\\\/fr\\\/#\\\/schema\\\/logo\\\/image\\\/\"}}]}<\/script>\n<!-- \/ Yoast SEO plugin. -->","yoast_head_json":{"title":"Pourquoi juge, Rapha\u00ebla Nanzer ? &#8226; steuerportal.ch","robots":{"index":"index","follow":"follow","max-snippet":"max-snippet:-1","max-image-preview":"max-image-preview:large","max-video-preview":"max-video-preview:-1"},"canonical":"https:\/\/steuerportal.ch\/fr\/articles-specialises\/pourquoi-juge-raphaela-nanzer\/","og_locale":"fr_FR","og_type":"article","og_title":"Pourquoi juge, Rapha\u00ebla Nanzer ? &#8226; steuerportal.ch","og_description":"Rapha\u00ebla Nanzer r\u00e9pond \u00e0 nos questions \u2013 pas forc\u00e9ment techniques \u2013 dans le Rendez-vous.","og_url":"https:\/\/steuerportal.ch\/fr\/articles-specialises\/pourquoi-juge-raphaela-nanzer\/","og_site_name":"steuerportal.ch","article_modified_time":"2024-05-02T08:19:04+00:00","og_image":[{"url":"https:\/\/steuerportal.ch\/wp-content\/uploads\/2024\/04\/raphaela_nanzer_rendezvous-769x1024.jpg","type":"","width":"","height":""}],"twitter_card":"summary_large_image","twitter_misc":{"Dur\u00e9e de lecture estim\u00e9e":"7 minutes"},"schema":{"@context":"https:\/\/schema.org","@graph":[{"@type":"WebPage","@id":"https:\/\/steuerportal.ch\/fr\/articles-specialises\/pourquoi-juge-raphaela-nanzer\/","url":"https:\/\/steuerportal.ch\/fr\/articles-specialises\/pourquoi-juge-raphaela-nanzer\/","name":"Pourquoi juge, Rapha\u00ebla Nanzer ? &#8226; steuerportal.ch","isPartOf":{"@id":"https:\/\/steuerportal.ch\/fr\/#website"},"primaryImageOfPage":{"@id":"https:\/\/steuerportal.ch\/fr\/articles-specialises\/pourquoi-juge-raphaela-nanzer\/#primaryimage"},"image":{"@id":"https:\/\/steuerportal.ch\/fr\/articles-specialises\/pourquoi-juge-raphaela-nanzer\/#primaryimage"},"thumbnailUrl":"https:\/\/steuerportal.ch\/wp-content\/uploads\/2024\/04\/raphaela_nanzer_rendezvous-769x1024.jpg","datePublished":"2024-04-30T22:02:00+00:00","dateModified":"2024-05-02T08:19:04+00:00","breadcrumb":{"@id":"https:\/\/steuerportal.ch\/fr\/articles-specialises\/pourquoi-juge-raphaela-nanzer\/#breadcrumb"},"inLanguage":"fr-FR","potentialAction":[{"@type":"ReadAction","target":["https:\/\/steuerportal.ch\/fr\/articles-specialises\/pourquoi-juge-raphaela-nanzer\/"]}]},{"@type":"ImageObject","inLanguage":"fr-FR","@id":"https:\/\/steuerportal.ch\/fr\/articles-specialises\/pourquoi-juge-raphaela-nanzer\/#primaryimage","url":"https:\/\/steuerportal.ch\/wp-content\/uploads\/2024\/04\/raphaela_nanzer_rendezvous-769x1024.jpg","contentUrl":"https:\/\/steuerportal.ch\/wp-content\/uploads\/2024\/04\/raphaela_nanzer_rendezvous-769x1024.jpg"},{"@type":"BreadcrumbList","@id":"https:\/\/steuerportal.ch\/fr\/articles-specialises\/pourquoi-juge-raphaela-nanzer\/#breadcrumb","itemListElement":[{"@type":"ListItem","position":1,"name":"Page d'accueil","item":"https:\/\/steuerportal.ch\/fr\/"},{"@type":"ListItem","position":2,"name":"Fachartikel","item":"https:\/\/steuerportal.ch\/fr\/articles-specialises\/"},{"@type":"ListItem","position":3,"name":"Pourquoi juge, Rapha\u00ebla Nanzer ?"}]},{"@type":"WebSite","@id":"https:\/\/steuerportal.ch\/fr\/#website","url":"https:\/\/steuerportal.ch\/fr\/","name":"steuerportal.ch","description":"Le portail suisse sp\u00e9cialis\u00e9 dans le domaine des imp\u00f4ts","publisher":{"@id":"https:\/\/steuerportal.ch\/fr\/#organization"},"potentialAction":[{"@type":"SearchAction","target":{"@type":"EntryPoint","urlTemplate":"https:\/\/steuerportal.ch\/fr\/?s={search_term_string}"},"query-input":{"@type":"PropertyValueSpecification","valueRequired":true,"valueName":"search_term_string"}}],"inLanguage":"fr-FR"},{"@type":"Organization","@id":"https:\/\/steuerportal.ch\/fr\/#organization","name":"Steuerportal (Cosmos Verlag)","url":"https:\/\/steuerportal.ch\/fr\/","logo":{"@type":"ImageObject","inLanguage":"fr-FR","@id":"https:\/\/steuerportal.ch\/fr\/#\/schema\/logo\/image\/","url":"https:\/\/steuerportal.ch\/wp-content\/uploads\/2021\/06\/cosmos_c-strich_h_positiv_bunt.svg","contentUrl":"https:\/\/steuerportal.ch\/wp-content\/uploads\/2021\/06\/cosmos_c-strich_h_positiv_bunt.svg","width":191,"height":44,"caption":"Steuerportal (Cosmos Verlag)"},"image":{"@id":"https:\/\/steuerportal.ch\/fr\/#\/schema\/logo\/image\/"}}]}},"_links":{"self":[{"href":"https:\/\/steuerportal.ch\/fr\/wp-json\/wp\/v2\/sht_proarticle\/18707","targetHints":{"allow":["GET"]}}],"collection":[{"href":"https:\/\/steuerportal.ch\/fr\/wp-json\/wp\/v2\/sht_proarticle"}],"about":[{"href":"https:\/\/steuerportal.ch\/fr\/wp-json\/wp\/v2\/types\/sht_proarticle"}],"author":[{"embeddable":true,"href":"https:\/\/steuerportal.ch\/fr\/wp-json\/wp\/v2\/users\/2371"}],"version-history":[{"count":0,"href":"https:\/\/steuerportal.ch\/fr\/wp-json\/wp\/v2\/sht_proarticle\/18707\/revisions"}],"acf:user":[{"embeddable":true,"href":"https:\/\/steuerportal.ch\/fr\/wp-json\/wp\/v2\/users\/74"}],"wp:attachment":[{"href":"https:\/\/steuerportal.ch\/fr\/wp-json\/wp\/v2\/media?parent=18707"}],"wp:term":[{"taxonomy":"sht_proarticle_category","embeddable":true,"href":"https:\/\/steuerportal.ch\/fr\/wp-json\/wp\/v2\/sht_proarticle_category?post=18707"},{"taxonomy":"sht_proarticle_tag","embeddable":true,"href":"https:\/\/steuerportal.ch\/fr\/wp-json\/wp\/v2\/sht_proarticle_tag?post=18707"}],"curies":[{"name":"wp","href":"https:\/\/api.w.org\/{rel}","templated":true}]}}