{"id":18692,"date":"2024-05-01T00:01:00","date_gmt":"2024-04-30T22:01:00","guid":{"rendered":"https:\/\/steuerportal.ch\/?post_type=sht_proarticle&#038;p=18692"},"modified":"2025-02-18T17:17:04","modified_gmt":"2025-02-18T16:17:04","slug":"nachruf-stefan-schmid","status":"publish","type":"sht_proarticle","link":"https:\/\/steuerportal.ch\/fr\/articles-specialises\/nachruf-stefan-schmid\/","title":{"rendered":"Nachruf \u2013 Stefan Schmid"},"content":{"rendered":"<div class=\"wp-block-media-text is-stacked-on-mobile\"><figure class=\"wp-block-media-text__media\"><img loading=\"lazy\" decoding=\"async\" width=\"768\" height=\"1024\" src=\"https:\/\/steuerportal.ch\/wp-content\/uploads\/2024\/04\/stefan_schmid_nachruf_v3-768x1024.jpg\" alt=\"\" class=\"wp-image-18693 size-full\" srcset=\"https:\/\/steuerportal.ch\/wp-content\/uploads\/2024\/04\/stefan_schmid_nachruf_v3-768x1024.jpg 768w, https:\/\/steuerportal.ch\/wp-content\/uploads\/2024\/04\/stefan_schmid_nachruf_v3-700x933.jpg 700w, https:\/\/steuerportal.ch\/wp-content\/uploads\/2024\/04\/stefan_schmid_nachruf_v3-1152x1536.jpg 1152w, https:\/\/steuerportal.ch\/wp-content\/uploads\/2024\/04\/stefan_schmid_nachruf_v3-1536x2048.jpg 1536w, https:\/\/steuerportal.ch\/wp-content\/uploads\/2024\/04\/stefan_schmid_nachruf_v3-1280x1707.jpg 1280w, https:\/\/steuerportal.ch\/wp-content\/uploads\/2024\/04\/stefan_schmid_nachruf_v3-210x280.jpg 210w, https:\/\/steuerportal.ch\/wp-content\/uploads\/2024\/04\/stefan_schmid_nachruf_v3-628x837.jpg 628w, https:\/\/steuerportal.ch\/wp-content\/uploads\/2024\/04\/stefan_schmid_nachruf_v3-296x395.jpg 296w, https:\/\/steuerportal.ch\/wp-content\/uploads\/2024\/04\/stefan_schmid_nachruf_v3-scaled.jpg 1920w\" sizes=\"auto, (max-width: 768px) 100vw, 768px\" \/><\/figure><div class=\"wp-block-media-text__content\">\n<p>V&ouml;llig unerwartet verstarb Stefan Schmid in der Nacht auf den 27.&nbsp;M&auml;rz 2024 im Alter von nur 54&nbsp;Jahren w&auml;hrend eines Skiurlaubs in Gr&ouml;nland. Sein viel zu fr&uuml;her Tod hinterl&auml;sst Familie, Bekannte und Arbeitsumfeld zutiefst traurig.<\/p>\n<\/div><\/div><p>Fast 30&nbsp;Jahre lang arbeitete er bei&nbsp;PwC Schweiz im Bereich der Unternehmenssteuern. In der Steuerwelt genoss er einen ausgezeichneten Ruf als verl&auml;sslicher Experte.<\/p><p>Nach der Matura im Jahr&nbsp;1988 studierte Stefan Schmid Wirtschaftswissenschaften an der Hochschule St.&thinsp;Gallen und kr&ouml;nte sein Studium mit einem Master of Business Administration (M.B.A.) mit den Schwerpunkten Rechnungswesen und Finanzen. 1994, im Jahr seines universit&auml;ren Abschlusses, begann er im Rahmen einer Entsendung in New York City als Steuerberater bei der damaligen STG-Coopers&thinsp;&amp;&thinsp;Lybrand&nbsp;LLP (heute PricewaterhouseCoopers, PwC). Stefan Schmid blickte gerne auf seine Zeit im &laquo;Big Apple&raquo; zur&uuml;ck, legte sie doch den Grundstein f&uuml;r seine berufliche Laufbahn. Seine fachliche Qualifikation rundete er 1998 mit dem Diplom zum Steuerexperten ab.<\/p><p>Stefan Schmid trug das Steuer-Gen offenbar in sich; bereits sein Vater war als Steuerfachmann in einem Basler Pharmakonzern t&auml;tig gewesen. Bei seiner ersten, letzten und einzigen Arbeitgeberin PwC erklomm Stefan Schmid s&auml;mtliche Stufen einer musterg&uuml;ltigen Karriere im Steuerbereich. 2006 wurde er vom PwC-Management zum Partner bef&ouml;rdert. Ab dem Jahr&nbsp;2017 leitete er bei&nbsp;PwC Z&uuml;rich den Bereich &laquo;International Tax Structuring&raquo;. In seiner T&auml;tigkeit im sogenannten &laquo;Inbound-Business&raquo; mit Asien und den&nbsp;USA betreute er ausl&auml;ndische Grossunternehmen, die sich f&uuml;r die Schweiz als Wirtschaftsstandort entschieden.<\/p><p>Ein besonderes Augenmerk galt dem Wirtschaftspartner China. Stefan Schmid hatte ein interdisziplin&auml;res China-Team aufgebaut und trug massgeblich dazu bei, die Schweiz in China als attraktiven Investitionsstandort zu positionieren. Er war &uuml;ber die neuesten Entwicklungen im Reich der Mitte genaustens im Bilde und baute sich &uuml;ber die Jahre ein enormes Fachwissen &uuml;ber sino-schweizerische Beziehungen und Opportunit&auml;ten auf. Dazu pflegte er einen regen Dialog mit den Kolleg:innen von PwC&nbsp;China, der Organisation f&uuml;r Exportf&ouml;rderung und Standortpromotion &laquo;Switzerland Global Enterprise&raquo;, der Handelskammer &laquo;Swiss-Chinese Chamber of&nbsp;Commerce&raquo; sowie weiteren kantonalen und nationalen Innovations-&nbsp;und Standortf&ouml;rderungsorganisationen. Auf seinen regelm&auml;ssigen Gesch&auml;ftsreisen nach China kn&uuml;pfte er wertvolle unternehmerische Kontakte. Er interessierte sich f&uuml;r die chinesische Kultur und zeigte sich der chinesischen K&uuml;che gegen&uuml;ber experimentierfreudig und offen.<\/p><p>Offenheit geh&ouml;rte denn auch zu Stefan Schmids gr&ouml;ssten St&auml;rken, ganz besonders gegen&uuml;ber seinen Partnerkolleg:innen und Teammitgliedern. Er hatte stets eine offene B&uuml;rot&uuml;r und ein offenes Ohr, wenn es ihn als Zuh&ouml;rer, Coach oder Sparring Partner brauchte. Dabei stellte er nicht sich selbst, sondern die Sache in den Mittelpunkt. Seine bescheidene und vorurteilsfreie Art und sein fundiertes Wissen bewirkten, dass man gern mit Stefan Schmid zusammen war. F&uuml;r viele galt er als grosses Vorbild.<\/p><p>Stefan Schmid war kein Mann der grossen Worte, wohl aber des grossen Engagements. Er war von einer bemerkenswerten Neugierde getrieben, in die unergr&uuml;ndlichen Tiefen aktueller und neuer Steuerthemen abzutauchen und f&uuml;r sich und seine Mandanten neue Erkenntnisse an die Oberfl&auml;che zu bef&ouml;rdern. Nach dem Motto &laquo;je komplexer, desto besser&raquo; gab er sich selten mit der erstbesten L&ouml;sung zufrieden, sondern suchte lange und gr&uuml;ndlich die beste Antwort. Dazu kombinierte er technischen Pragmatismus mit einzigartiger Konzentriertheit, der keine noch so unbedeutende Kleinigkeit entging. Ein Arbeitskollege nannte ihn einmal liebevoll &laquo;unser wandelndes Steuerlexikon, das allen und jederzeit zur Verf&uuml;gung steht&raquo;. An seinem enormen Know-how liess er die Fachwelt unter anderem als Co-Autor der Publikation &laquo;Permanent Establishments: A&nbsp;Domestic Taxation, Bilateral Tax Treaty and OECD&nbsp;Perspective&raquo; (Sixth Edition, 2018) teilhaben.<\/p><p>So leidenschaftlich Stefan Schmid seinen Beruf zur Berufung erkl&auml;rte, so passioniert und freudvoll widmete er sich seinen Hobbys. Er liebte das Skifahren und reiste gerne mit Familie, Freunden oder seinen Partnerkolleginnen und Partnerkollegen zum Skifahren in die Berge oder zum Heliskiing ins In-&nbsp;und Ausland. Auch beim Segeln mit dem Katamaran oder Windsurfen bekam er den Kopf frei. Als leidenschaftlicher Taucher mit mehreren Zertifikaten brachte er w&ouml;rtlich Licht in verborgene Sch&auml;tze der Unterwasserwelt.<\/p><p>Stefan Schmid hinterl&auml;sst eine Ehefrau und zwei erwachsene Kinder. Auf seine Tochter und seinen Sohn war er unendlich stolz. Er genoss jede Minute, die er mit seiner Familie verbringen durfte. Keine noch so sorgf&auml;ltig gew&auml;hlten Worte lassen die Zeiger seiner abgelaufenen Lebensuhr weiterticken. Doch die sch&ouml;nen Erinnerungen und kraftvollen Gedanken an einen grossartigen Vater, Partner, Freund, Arbeitskollegen, Vorgesetzten und Experten bleiben.<\/p><p><em>Dieter Wirth, Managing Partner, Leader Tax, Legal&thinsp;&amp;&thinsp;HR&nbsp;Consulting, PwC&nbsp;Schweiz<\/em><\/p>\n","protected":false},"excerpt":{"rendered":"<p>Stefan Schmid genoss in der Steuerwelt einen hervorragenden Ruf als Experte, der stets mit technischem Pragmatismus, einzigartiger Konzentriertheit und absoluter Pr\u00e4zision genau die allerbeste L\u00f6sung suchte, und war mit seiner offenen Art vielen Menschen ein Vorbild. Ende M\u00e4rz vollkommen unerwartet in Gr\u00f6nland verstorben, wird er als Vater, Partner, Freund, Arbeitskollege und Vorgesetzter sehr vermisst. Ein Nachruf von Dieter Wirth.<\/p>\n","protected":false},"author":2371,"featured_media":0,"template":"","meta":{"_acf_changed":false,"authors":[{"ID":2511,"display_name":"Dieter Wirth","first_name":"Dieter","last_name":"Wirth","description":"<p>Managing Partner, Leader Tax, Legal\u2009&amp;\u2009HR\u00a0Consulting, PwC\u00a0Schweiz<\/p>\n","image":"https:\/\/steuerportal.ch\/wp-content\/uploads\/2024\/05\/dieter_wirth-1-220x220.jpg","organiser_data":[],"url":"https:\/\/steuerportal.ch\/fr\/autoren\/dieter-wirth\/"}],"related_sht_promodule":["<a href=\"https:\/\/steuerportal.ch\/fachmodule\/steuerrevue\/diverses\/\">Steuer Revue &#8594; Diverses<\/a>"],"pdf":"https:\/\/steuerportal.ch\/fr\/articles-specialises\/nachruf-stefan-schmid\/shtpdf\/","language":"de"},"sht_proarticle_category":[20],"sht_proarticle_tag":[],"class_list":["post-18692","sht_proarticle","type-sht_proarticle","status-publish","hentry","sht_proarticle_category-diverses"],"acf":{"authors":[2511]},"shp_steuerportal_must_use":{"translations":[{"id":18692,"link":"https:\/\/steuerportal.ch\/fr\/articles-specialises\/nachruf-stefan-schmid\/","title":{"rendered":"Nachruf \u2013 Stefan Schmid"},"language":"de"}]},"yoast_head":"<!-- This site is optimized with the Yoast SEO plugin v27.4 - https:\/\/yoast.com\/product\/yoast-seo-wordpress\/ -->\n<title>Nachruf \u2013 Stefan Schmid &#8226; steuerportal.ch<\/title>\n<meta name=\"robots\" content=\"index, follow, max-snippet:-1, max-image-preview:large, max-video-preview:-1\" \/>\n<link rel=\"canonical\" href=\"https:\/\/steuerportal.ch\/fr\/articles-specialises\/nachruf-stefan-schmid\/\" \/>\n<meta property=\"og:locale\" content=\"fr_FR\" \/>\n<meta property=\"og:type\" content=\"article\" \/>\n<meta property=\"og:title\" content=\"Nachruf \u2013 Stefan Schmid &#8226; steuerportal.ch\" \/>\n<meta property=\"og:description\" content=\"Stefan Schmid genoss in der Steuerwelt einen hervorragenden Ruf als Experte, der stets mit technischem Pragmatismus, einzigartiger Konzentriertheit und absoluter Pr\u00e4zision genau die allerbeste L\u00f6sung suchte, und war mit seiner offenen Art vielen Menschen ein Vorbild. Ende M\u00e4rz vollkommen unerwartet in Gr\u00f6nland verstorben, wird er als Vater, Partner, Freund, Arbeitskollege und Vorgesetzter sehr vermisst. Ein Nachruf von Dieter Wirth.\" \/>\n<meta property=\"og:url\" content=\"https:\/\/steuerportal.ch\/fr\/articles-specialises\/nachruf-stefan-schmid\/\" \/>\n<meta property=\"og:site_name\" content=\"steuerportal.ch\" \/>\n<meta property=\"article:modified_time\" content=\"2025-02-18T16:17:04+00:00\" \/>\n<meta property=\"og:image\" content=\"https:\/\/steuerportal.ch\/wp-content\/uploads\/2024\/04\/stefan_schmid_nachruf_v3-scaled.jpg\" \/>\n\t<meta property=\"og:image:width\" content=\"1920\" \/>\n\t<meta property=\"og:image:height\" content=\"2560\" \/>\n\t<meta property=\"og:image:type\" content=\"image\/jpeg\" \/>\n<meta name=\"twitter:card\" content=\"summary_large_image\" \/>\n<meta name=\"twitter:label1\" content=\"Dur\u00e9e de lecture estim\u00e9e\" \/>\n\t<meta name=\"twitter:data1\" content=\"5 minutes\" \/>\n<script type=\"application\/ld+json\" class=\"yoast-schema-graph\">{\"@context\":\"https:\\\/\\\/schema.org\",\"@graph\":[{\"@type\":\"WebPage\",\"@id\":\"https:\\\/\\\/steuerportal.ch\\\/fr\\\/articles-specialises\\\/nachruf-stefan-schmid\\\/\",\"url\":\"https:\\\/\\\/steuerportal.ch\\\/fr\\\/articles-specialises\\\/nachruf-stefan-schmid\\\/\",\"name\":\"Nachruf \u2013 Stefan Schmid &#8226; steuerportal.ch\",\"isPartOf\":{\"@id\":\"https:\\\/\\\/steuerportal.ch\\\/fr\\\/#website\"},\"primaryImageOfPage\":{\"@id\":\"https:\\\/\\\/steuerportal.ch\\\/fr\\\/articles-specialises\\\/nachruf-stefan-schmid\\\/#primaryimage\"},\"image\":{\"@id\":\"https:\\\/\\\/steuerportal.ch\\\/fr\\\/articles-specialises\\\/nachruf-stefan-schmid\\\/#primaryimage\"},\"thumbnailUrl\":\"https:\\\/\\\/steuerportal.ch\\\/wp-content\\\/uploads\\\/2024\\\/04\\\/stefan_schmid_nachruf_v3-768x1024.jpg\",\"datePublished\":\"2024-04-30T22:01:00+00:00\",\"dateModified\":\"2025-02-18T16:17:04+00:00\",\"breadcrumb\":{\"@id\":\"https:\\\/\\\/steuerportal.ch\\\/fr\\\/articles-specialises\\\/nachruf-stefan-schmid\\\/#breadcrumb\"},\"inLanguage\":\"fr-FR\",\"potentialAction\":[{\"@type\":\"ReadAction\",\"target\":[\"https:\\\/\\\/steuerportal.ch\\\/fr\\\/articles-specialises\\\/nachruf-stefan-schmid\\\/\"]}]},{\"@type\":\"ImageObject\",\"inLanguage\":\"fr-FR\",\"@id\":\"https:\\\/\\\/steuerportal.ch\\\/fr\\\/articles-specialises\\\/nachruf-stefan-schmid\\\/#primaryimage\",\"url\":\"https:\\\/\\\/steuerportal.ch\\\/wp-content\\\/uploads\\\/2024\\\/04\\\/stefan_schmid_nachruf_v3-768x1024.jpg\",\"contentUrl\":\"https:\\\/\\\/steuerportal.ch\\\/wp-content\\\/uploads\\\/2024\\\/04\\\/stefan_schmid_nachruf_v3-768x1024.jpg\"},{\"@type\":\"BreadcrumbList\",\"@id\":\"https:\\\/\\\/steuerportal.ch\\\/fr\\\/articles-specialises\\\/nachruf-stefan-schmid\\\/#breadcrumb\",\"itemListElement\":[{\"@type\":\"ListItem\",\"position\":1,\"name\":\"Page d'accueil\",\"item\":\"https:\\\/\\\/steuerportal.ch\\\/fr\\\/\"},{\"@type\":\"ListItem\",\"position\":2,\"name\":\"Fachartikel\",\"item\":\"https:\\\/\\\/steuerportal.ch\\\/fr\\\/articles-specialises\\\/\"},{\"@type\":\"ListItem\",\"position\":3,\"name\":\"Nachruf \u2013 Stefan Schmid\"}]},{\"@type\":\"WebSite\",\"@id\":\"https:\\\/\\\/steuerportal.ch\\\/fr\\\/#website\",\"url\":\"https:\\\/\\\/steuerportal.ch\\\/fr\\\/\",\"name\":\"steuerportal.ch\",\"description\":\"Le portail suisse sp\u00e9cialis\u00e9 dans le domaine des imp\u00f4ts\",\"publisher\":{\"@id\":\"https:\\\/\\\/steuerportal.ch\\\/fr\\\/#organization\"},\"potentialAction\":[{\"@type\":\"SearchAction\",\"target\":{\"@type\":\"EntryPoint\",\"urlTemplate\":\"https:\\\/\\\/steuerportal.ch\\\/fr\\\/?s={search_term_string}\"},\"query-input\":{\"@type\":\"PropertyValueSpecification\",\"valueRequired\":true,\"valueName\":\"search_term_string\"}}],\"inLanguage\":\"fr-FR\"},{\"@type\":\"Organization\",\"@id\":\"https:\\\/\\\/steuerportal.ch\\\/fr\\\/#organization\",\"name\":\"Steuerportal (Cosmos Verlag)\",\"url\":\"https:\\\/\\\/steuerportal.ch\\\/fr\\\/\",\"logo\":{\"@type\":\"ImageObject\",\"inLanguage\":\"fr-FR\",\"@id\":\"https:\\\/\\\/steuerportal.ch\\\/fr\\\/#\\\/schema\\\/logo\\\/image\\\/\",\"url\":\"https:\\\/\\\/steuerportal.ch\\\/wp-content\\\/uploads\\\/2021\\\/06\\\/cosmos_c-strich_h_positiv_bunt.svg\",\"contentUrl\":\"https:\\\/\\\/steuerportal.ch\\\/wp-content\\\/uploads\\\/2021\\\/06\\\/cosmos_c-strich_h_positiv_bunt.svg\",\"width\":191,\"height\":44,\"caption\":\"Steuerportal (Cosmos Verlag)\"},\"image\":{\"@id\":\"https:\\\/\\\/steuerportal.ch\\\/fr\\\/#\\\/schema\\\/logo\\\/image\\\/\"}}]}<\/script>\n<!-- \/ Yoast SEO plugin. -->","yoast_head_json":{"title":"Nachruf \u2013 Stefan Schmid &#8226; steuerportal.ch","robots":{"index":"index","follow":"follow","max-snippet":"max-snippet:-1","max-image-preview":"max-image-preview:large","max-video-preview":"max-video-preview:-1"},"canonical":"https:\/\/steuerportal.ch\/fr\/articles-specialises\/nachruf-stefan-schmid\/","og_locale":"fr_FR","og_type":"article","og_title":"Nachruf \u2013 Stefan Schmid &#8226; steuerportal.ch","og_description":"Stefan Schmid genoss in der Steuerwelt einen hervorragenden Ruf als Experte, der stets mit technischem Pragmatismus, einzigartiger Konzentriertheit und absoluter Pr\u00e4zision genau die allerbeste L\u00f6sung suchte, und war mit seiner offenen Art vielen Menschen ein Vorbild. Ende M\u00e4rz vollkommen unerwartet in Gr\u00f6nland verstorben, wird er als Vater, Partner, Freund, Arbeitskollege und Vorgesetzter sehr vermisst. Ein Nachruf von Dieter Wirth.","og_url":"https:\/\/steuerportal.ch\/fr\/articles-specialises\/nachruf-stefan-schmid\/","og_site_name":"steuerportal.ch","article_modified_time":"2025-02-18T16:17:04+00:00","og_image":[{"width":1920,"height":2560,"url":"https:\/\/steuerportal.ch\/wp-content\/uploads\/2024\/04\/stefan_schmid_nachruf_v3-scaled.jpg","type":"image\/jpeg"}],"twitter_card":"summary_large_image","twitter_misc":{"Dur\u00e9e de lecture estim\u00e9e":"5 minutes"},"schema":{"@context":"https:\/\/schema.org","@graph":[{"@type":"WebPage","@id":"https:\/\/steuerportal.ch\/fr\/articles-specialises\/nachruf-stefan-schmid\/","url":"https:\/\/steuerportal.ch\/fr\/articles-specialises\/nachruf-stefan-schmid\/","name":"Nachruf \u2013 Stefan Schmid &#8226; steuerportal.ch","isPartOf":{"@id":"https:\/\/steuerportal.ch\/fr\/#website"},"primaryImageOfPage":{"@id":"https:\/\/steuerportal.ch\/fr\/articles-specialises\/nachruf-stefan-schmid\/#primaryimage"},"image":{"@id":"https:\/\/steuerportal.ch\/fr\/articles-specialises\/nachruf-stefan-schmid\/#primaryimage"},"thumbnailUrl":"https:\/\/steuerportal.ch\/wp-content\/uploads\/2024\/04\/stefan_schmid_nachruf_v3-768x1024.jpg","datePublished":"2024-04-30T22:01:00+00:00","dateModified":"2025-02-18T16:17:04+00:00","breadcrumb":{"@id":"https:\/\/steuerportal.ch\/fr\/articles-specialises\/nachruf-stefan-schmid\/#breadcrumb"},"inLanguage":"fr-FR","potentialAction":[{"@type":"ReadAction","target":["https:\/\/steuerportal.ch\/fr\/articles-specialises\/nachruf-stefan-schmid\/"]}]},{"@type":"ImageObject","inLanguage":"fr-FR","@id":"https:\/\/steuerportal.ch\/fr\/articles-specialises\/nachruf-stefan-schmid\/#primaryimage","url":"https:\/\/steuerportal.ch\/wp-content\/uploads\/2024\/04\/stefan_schmid_nachruf_v3-768x1024.jpg","contentUrl":"https:\/\/steuerportal.ch\/wp-content\/uploads\/2024\/04\/stefan_schmid_nachruf_v3-768x1024.jpg"},{"@type":"BreadcrumbList","@id":"https:\/\/steuerportal.ch\/fr\/articles-specialises\/nachruf-stefan-schmid\/#breadcrumb","itemListElement":[{"@type":"ListItem","position":1,"name":"Page d'accueil","item":"https:\/\/steuerportal.ch\/fr\/"},{"@type":"ListItem","position":2,"name":"Fachartikel","item":"https:\/\/steuerportal.ch\/fr\/articles-specialises\/"},{"@type":"ListItem","position":3,"name":"Nachruf \u2013 Stefan Schmid"}]},{"@type":"WebSite","@id":"https:\/\/steuerportal.ch\/fr\/#website","url":"https:\/\/steuerportal.ch\/fr\/","name":"steuerportal.ch","description":"Le portail suisse sp\u00e9cialis\u00e9 dans le domaine des imp\u00f4ts","publisher":{"@id":"https:\/\/steuerportal.ch\/fr\/#organization"},"potentialAction":[{"@type":"SearchAction","target":{"@type":"EntryPoint","urlTemplate":"https:\/\/steuerportal.ch\/fr\/?s={search_term_string}"},"query-input":{"@type":"PropertyValueSpecification","valueRequired":true,"valueName":"search_term_string"}}],"inLanguage":"fr-FR"},{"@type":"Organization","@id":"https:\/\/steuerportal.ch\/fr\/#organization","name":"Steuerportal (Cosmos Verlag)","url":"https:\/\/steuerportal.ch\/fr\/","logo":{"@type":"ImageObject","inLanguage":"fr-FR","@id":"https:\/\/steuerportal.ch\/fr\/#\/schema\/logo\/image\/","url":"https:\/\/steuerportal.ch\/wp-content\/uploads\/2021\/06\/cosmos_c-strich_h_positiv_bunt.svg","contentUrl":"https:\/\/steuerportal.ch\/wp-content\/uploads\/2021\/06\/cosmos_c-strich_h_positiv_bunt.svg","width":191,"height":44,"caption":"Steuerportal (Cosmos Verlag)"},"image":{"@id":"https:\/\/steuerportal.ch\/fr\/#\/schema\/logo\/image\/"}}]}},"_links":{"self":[{"href":"https:\/\/steuerportal.ch\/fr\/wp-json\/wp\/v2\/sht_proarticle\/18692","targetHints":{"allow":["GET"]}}],"collection":[{"href":"https:\/\/steuerportal.ch\/fr\/wp-json\/wp\/v2\/sht_proarticle"}],"about":[{"href":"https:\/\/steuerportal.ch\/fr\/wp-json\/wp\/v2\/types\/sht_proarticle"}],"author":[{"embeddable":true,"href":"https:\/\/steuerportal.ch\/fr\/wp-json\/wp\/v2\/users\/2371"}],"version-history":[{"count":1,"href":"https:\/\/steuerportal.ch\/fr\/wp-json\/wp\/v2\/sht_proarticle\/18692\/revisions"}],"predecessor-version":[{"id":24732,"href":"https:\/\/steuerportal.ch\/fr\/wp-json\/wp\/v2\/sht_proarticle\/18692\/revisions\/24732"}],"acf:user":[{"embeddable":true,"href":"https:\/\/steuerportal.ch\/fr\/wp-json\/wp\/v2\/users\/2511"}],"wp:attachment":[{"href":"https:\/\/steuerportal.ch\/fr\/wp-json\/wp\/v2\/media?parent=18692"}],"wp:term":[{"taxonomy":"sht_proarticle_category","embeddable":true,"href":"https:\/\/steuerportal.ch\/fr\/wp-json\/wp\/v2\/sht_proarticle_category?post=18692"},{"taxonomy":"sht_proarticle_tag","embeddable":true,"href":"https:\/\/steuerportal.ch\/fr\/wp-json\/wp\/v2\/sht_proarticle_tag?post=18692"}],"curies":[{"name":"wp","href":"https:\/\/api.w.org\/{rel}","templated":true}]}}