{"id":18332,"date":"2024-04-02T22:00:00","date_gmt":"2024-04-02T20:00:00","guid":{"rendered":"https:\/\/steuerportal.ch\/?post_type=sht_proarticle&#038;p=18332"},"modified":"2024-03-29T18:08:46","modified_gmt":"2024-03-29T17:08:46","slug":"que-faites-vous-avec-votre-temps-libre-sirgit-meier","status":"publish","type":"sht_proarticle","link":"https:\/\/steuerportal.ch\/fr\/articles-specialises\/que-faites-vous-avec-votre-temps-libre-sirgit-meier\/","title":{"rendered":"Que faites-vous avec votre temps libre, Sirgit Meier\u00a0?"},"content":{"rendered":"<div class=\"wp-block-media-text is-stacked-on-mobile\"><figure class=\"wp-block-media-text__media\"><img loading=\"lazy\" decoding=\"async\" width=\"768\" height=\"1024\" src=\"https:\/\/steuerportal.ch\/wp-content\/uploads\/2024\/03\/sirgit_meier-768x1024.jpg\" alt=\"\" class=\"wp-image-18328 size-full\" srcset=\"https:\/\/steuerportal.ch\/wp-content\/uploads\/2024\/03\/sirgit_meier-768x1024.jpg 768w, https:\/\/steuerportal.ch\/wp-content\/uploads\/2024\/03\/sirgit_meier-700x933.jpg 700w, https:\/\/steuerportal.ch\/wp-content\/uploads\/2024\/03\/sirgit_meier-1152x1536.jpg 1152w, https:\/\/steuerportal.ch\/wp-content\/uploads\/2024\/03\/sirgit_meier-210x280.jpg 210w, https:\/\/steuerportal.ch\/wp-content\/uploads\/2024\/03\/sirgit_meier-628x837.jpg 628w, https:\/\/steuerportal.ch\/wp-content\/uploads\/2024\/03\/sirgit_meier-296x395.jpg 296w, https:\/\/steuerportal.ch\/wp-content\/uploads\/2024\/03\/sirgit_meier.jpg 1200w\" sizes=\"auto, (max-width: 768px) 100vw, 768px\" \/><\/figure><div class=\"wp-block-media-text__content\">\n<p><strong>Nom :<\/strong>&nbsp;Sirgit Meier<\/p>\n\n\n\n<p><strong>Profession\/position<\/strong> <strong>:<\/strong>&nbsp;responsable du domaine droit et coordination, administration fiscale du canton de Berne<\/p>\n\n\n\n<p><strong>Famille&nbsp;:<\/strong> mari&eacute;e &agrave; Philipp Wermuth ; deux enfants adultes de premier mariage<\/p>\n\n\n\n<p><strong>Loisirs&nbsp;:<\/strong> j&rsquo;aime me tenir &agrave; l&rsquo;ext&eacute;rieur : courir avec le chien, randonner, skier<\/p>\n<\/div><\/div><div class=\"wp-block-group is-style-info-box has-gray-xlight-background-color has-background is-layout-constrained wp-container-core-group-is-layout-c385debf wp-block-group-is-layout-constrained\" style=\"padding-top:var(--wp--preset--spacing--20);padding-right:var(--wp--preset--spacing--20);padding-bottom:var(--wp--preset--spacing--20);padding-left:var(--wp--preset--spacing--20)\">\n<p class=\"has-primary-dark-color has-text-color\">Ce texte est une <strong>traduction automatique r&eacute;vis&eacute;e<\/strong> de l&rsquo;article original en allemand. Changez les param&egrave;tres de langue pour lire l&rsquo;article original en allemand. Vous ne voulez pas manquer un article en fran&ccedil;ais? Abonnez-vous &agrave; notre newsletter.<\/p>\n\n\n\n<div class=\"wp-block-group is-layout-flow wp-block-group-is-layout-flow\">\n<div class=\"wp-block-buttons is-layout-flex wp-block-buttons-is-layout-flex\">\n<div class=\"wp-block-button\"><a class=\"wp-block-button__link wp-element-button\" href=\"https:\/\/steuerportal.ch\/fr\/contact\/#Newsletter\" target=\"_blank\" rel=\"noreferrer noopener\">Inscription &agrave; la newsletter<\/a><\/div>\n<\/div>\n\n\n\n<div style=\"height:20px\" aria-hidden=\"true\" class=\"wp-block-spacer\"><\/div>\n<\/div>\n<\/div><p><strong><em>Pourquoi &ecirc;tes-vous devenue juriste ? Que seriez-vous autrement devenu&nbsp;?<\/em><\/strong><\/p><p>Pour moi, il y avait deux options : juriste ou v&eacute;t&eacute;rinaire. J&rsquo;ai opt&eacute; pour des &eacute;tudes de droit parce que je me disais qu&rsquo;apr&egrave;s une journ&eacute;e au bureau, j&rsquo;avais encore envie et de l&rsquo;&eacute;nergie pour monter &agrave; cheval le soir. Une journ&eacute;e consacr&eacute;e aux animaux m&rsquo;aurait peut-&ecirc;tre emp&ecirc;ch&eacute; de m&rsquo;occuper de mon cheval le soir. Je ne l&rsquo;ai jamais regrett&eacute;.<\/p><p><strong><em>Vivez-vous pour le droit fiscal&nbsp;?<\/em><\/strong><\/p><p>J&rsquo;ai v&eacute;cu de nombreuses ann&eacute;es dans le Jura bernois avec ma famille dans une ferme avec chevaux et chiens. C&rsquo;&eacute;tait une p&eacute;riode formidable et intense. Aujourd&rsquo;hui, j&rsquo;ai encore un cheval d&rsquo;&eacute;levage et un Jack Russell Terrier.<br>Ma vie a chang&eacute; il y a quelques ann&eacute;es. Donc, le centre d&rsquo;int&eacute;r&ecirc;t a chang&eacute;. Je n&rsquo;aime pas les demi-choses, je suis enthousiaste et je m&rsquo;engage toujours pleinement lorsque je fais quelque chose. Aujourd&rsquo;hui, c&rsquo;est le droit fiscal.<\/p><p>Dans le cadre de mon CAS sur les comp&eacute;tences en mati&egrave;re de diversit&eacute; et d&rsquo;&eacute;galit&eacute; entre les sexes &agrave; la fhnw\/Unibas\/zhaw., que je conclurai prochainement, j&rsquo;ai remarqu&eacute; que je pouvais &eacute;galement m&rsquo;enthousiasmer pour d&rsquo;autres th&egrave;mes.<\/p><p><strong><em>Droit fiscal et &eacute;galit&eacute; &ndash; voyez-vous ici aussi une intersection&nbsp;?<\/em><\/strong><\/p><p>Oui, il y a clairement une interface entre le droit fiscal et l&rsquo;&eacute;galit&eacute;. Par exemple, l&rsquo;imposition des familles et des m&eacute;nages tient souvent compte des questions d&rsquo;&eacute;galit&eacute;. Certains avantages ou inconv&eacute;nients fiscaux peuvent influencer les structures familiales et les d&eacute;cisions des couples en mati&egrave;re de partage du travail et de garde des enfants. Les r&eacute;glementations et pratiques fiscales peuvent avoir un impact consid&eacute;rable sur l&rsquo;&eacute;galit&eacute;, et inversement. Il est important que le l&eacute;gislateur et les autorit&eacute;s fiscales tiennent compte de ces corr&eacute;lations et s&rsquo;efforcent de promouvoir une politique fiscale juste et &eacute;quitable.<\/p><p><strong><em>Avez-vous une devise de vie&nbsp;?<\/em><\/strong><\/p><p>Je suis un esprit libre. C&rsquo;est pourquoi j&rsquo;aime la devise &laquo; vivre et laisser vivre &raquo;.<\/p><p><strong><em>Avez-vous une passion (secr&egrave;te) &ndash; en dehors du droit fiscal&nbsp;?<\/em><\/strong><\/p><p>Je suis une personne de famille ; nous vivons dans une maison de g&eacute;n&eacute;ration, ce qui me para&icirc;t tr&egrave;s enrichissant. Pour ma famille, j&rsquo;aime aussi me lever la nuit quand j&rsquo;en ai besoin.<\/p><p><strong><em>Quels sont les trois mots-cl&eacute;s qui d&eacute;crivent votre quotidien&nbsp;?<\/em><\/strong><\/p><p>Engagement, int&eacute;r&ecirc;t, activit&eacute; physique : j&rsquo;aime m&rsquo;engager au travail. J&rsquo;aime les gens. Pendant mon temps libre, j&rsquo;aime faire beaucoup d&rsquo;exercice dans la nature. Ces trois &eacute;l&eacute;ments me maintiennent en &eacute;quilibre.<\/p><p><strong><em>Quel est votre destination de choix&nbsp;?<\/em><\/strong><\/p><p>Je n&rsquo;ai pas le mal de voyager &ndash; mon destination de choix est la vall&eacute;e arri&egrave;re de Lauterbrunnen au le canton de Berne. Tolkien a trouv&eacute; son inspiration pour le petit hobbit. Il vaut la peine d&rsquo;y aller.<\/p><p><strong><em>Avez-vous assez de votre travail de temps en temps&nbsp;?<\/em><\/strong><\/p><p>Non, j&rsquo;aime beaucoup mon travail. Mais il y a aussi eu des influences ext&eacute;rieures qui ont rendu le travail difficile. Je pense en particulier aux circonstances qui font que ce ne sont plus les t&acirc;ches essentielles qui dominent le quotidien professionnel, mais d&rsquo;autres choses.<\/p><p><strong><em>Que faites-vous pendant votre temps libre&nbsp;?<\/em><\/strong><\/p><p>Pendant mon temps libre, j&rsquo;aime &ecirc;tre dehors : je monte &agrave; cheval depuis mon enfance et je me sens aussi bien &agrave; cheval qu&rsquo;&agrave; pied. J&rsquo;aime aussi les chiens. La passion pour les animaux m&rsquo;a &eacute;t&eacute; mise dans le berceau.<\/p><p>En hiver, nous pratiquons le ski et en &eacute;t&eacute;, nous aimons la randonn&eacute;e.<\/p><p><strong><em>Est-ce que le bonheur de la terre repose-t-il sur le dos des chevaux&nbsp;?<\/em><\/strong><\/p><p>Bien s&ucirc;r, de mon point de vue, de pr&eacute;f&eacute;rence &agrave; un rythme &eacute;lev&eacute;.<\/p><p><strong><em>Quel devrait &ecirc;tre le titre de votre autobiographie&nbsp;?<\/em><\/strong><\/p><p>&laquo; Sigi &raquo; &ndash; ou existe-t-il un titre plus frappant&nbsp;?<\/p><p><strong><em>Qu&rsquo;en serait-il de la couverture de votre autobiographie&nbsp;?<\/em><\/strong><\/p><p>Spontan&eacute;ment, des portraits de nombreuses personnes riant me viennent &agrave; l&rsquo;esprit.<\/p><p><strong><em>Si votre vie &eacute;tait film&eacute;e, quel acteur \/ quelle actrice jouerait le r&ocirc;le principal&nbsp;?<\/em><\/strong><\/p><p>Will Ferrell (joue un fonctionnaire fiscal de mani&egrave;re tr&egrave;s convaincante dans &laquo;Stranger than fiction&raquo;).<\/p><p><strong><em>Qui souhaitez-vous absolument rencontrer pour une bi&egrave;re du soir&nbsp;?<\/em><\/strong><\/p><p>Lara Gut-Behrami. Sa passion et sa d&eacute;termination la conduisent au succ&egrave;s. Ce qui me pla&icirc;t beaucoup, c&rsquo;est qu&rsquo;elle dit ce qu&rsquo;elle pense.<\/p><p><strong><em>Si vous aviez trois souhaits, lesquels&nbsp;?<\/em><\/strong><\/p><p>Une biblioth&egrave;que, un fauteuil confortable et du temps.<\/p><p><strong><em>Qu&rsquo;emporteriez-vous sur une &icirc;le solitaire (pas plus de trois choses)&nbsp;?<\/em><\/strong><\/p><p>J&rsquo;ai juste besoin d&rsquo;un bateau pour rentrer chez moi. Je n&rsquo;aime pas &ecirc;tre seule sur une &icirc;le.<\/p><p><strong><em>Quel livre &ecirc;tes-vous en train de lire&nbsp;?<\/em><\/strong><\/p><p>&laquo;&nbsp;La longue ombre du mariage des femmes au foyer : la r&eacute;sistance &agrave; la r&eacute;forme du splitting conjugal &raquo;, par Maria Wersig (&laquo;Der lange Schatten der Hausfrauenehe: Zur Reformresistenz des Ehegattensplittings&nbsp;&raquo;).<\/p><p><strong><em>La s&eacute;lection du livre est-elle une co&iuml;ncidence&nbsp;?<\/em><\/strong><\/p><p>Bien s&ucirc;r que non. Le choix est li&eacute; &agrave; mon travail de projet au CAS. J&rsquo;y examine dans quelle mesure l&rsquo;imposition individuelle contribue &agrave; r&eacute;duire les in&eacute;galit&eacute;s et les discriminations existant dans le syst&egrave;me fiscal et &agrave; ouvrir la voie &agrave; une soci&eacute;t&eacute; plus juste et plus &eacute;quitable.<\/p><p><strong><em>Y a-t-il quelque chose qui vous &eacute;nerve &eacute;norm&eacute;ment dans le domaine fiscal&nbsp;?<\/em><\/strong><\/p><p>Tout appelle &agrave; la simplification, mais le droit fiscal devient de plus en plus complexe. Ce sont les citoyens et les citoyennes qui en p&acirc;tissent.<\/p><p><strong><em>Croyez-vous en une puissance sup&eacute;rieure&nbsp;?<\/em><\/strong><\/p><p>Non, mais ma position implique une certaine croyance en l&rsquo;autorit&eacute;.<\/p><p><strong><em>Le style de direction de votre sup&eacute;rieur l&rsquo;exige-t-il&nbsp;?<\/em><\/strong><\/p><p>&laquo; Clair et direct &raquo; ne doit pas &ecirc;tre confondu avec &laquo; autoritaire &raquo;&hellip;<\/p><p>La foi d&rsquo;autorit&eacute; vis&eacute;e ici n&rsquo;a rien &agrave; voir avec la hi&eacute;rarchie organisationnelle, mais avec la structure hi&eacute;rarchique de notre Etat de droit : L&rsquo;action administrative est r&eacute;gie par la loi, dont l&rsquo;application est contr&ocirc;l&eacute;e par les tribunaux. Il n&rsquo;y a rien &agrave; y changer.<\/p><p><strong><em>Qui aimeriez-vous poser ces questions&nbsp;?<\/em><\/strong><\/p><p>J&rsquo;aimerais lire davantage de r&eacute;ponses de femmes.<\/p><p><strong><em>Quel conseil donneriez-vous &agrave; votre jeune moi&nbsp;?<\/em><\/strong><\/p><p>Prends les choses avec calme, &ccedil;a va aller.<\/p><p><em><strong>Qu&rsquo;est-ce qui vous am&egrave;ne &agrave; rire&nbsp;?<\/strong> <\/em><\/p><p>De bonnes paroles pendant la pause-caf&eacute; et &laquo;Ted &raquo; de la t&eacute;l&eacute;vision.<\/p>\n","protected":false},"excerpt":{"rendered":"<p>Sirgit Meier r\u00e9pond \u00e0 nos questions \u2013 pas forc\u00e9ment techniques \u2013 dans le Rendez-vous.<\/p>\n","protected":false},"author":2371,"featured_media":0,"template":"","meta":{"_acf_changed":false,"authors":[{"ID":74,"display_name":"Redaktion Steuer Revue","first_name":"","last_name":"","description":"","image":"https:\/\/steuerportal.ch\/wp-content\/uploads\/2024\/11\/StP_Profilbild_RED_DE_quadratisch.jpg","organiser_data":{"public_organiser_name":"Redaktion Steuer Revue","public_organiser_page":false,"offer":"","location":"","preamble":"","public_organiser_logo":false},"url":"https:\/\/steuerportal.ch\/fr\/autoren\/redaktion-steuer-revue\/"}],"related_sht_promodule":["<a href=\"https:\/\/steuerportal.ch\/fr\/modules-specialises\/revue-fiscale\/rendez-vous\/\">Revue fiscale &#8594; Rendez-vous<\/a>"],"pdf":"https:\/\/steuerportal.ch\/fr\/articles-specialises\/que-faites-vous-avec-votre-temps-libre-sirgit-meier\/shtpdf\/","language":"fr"},"sht_proarticle_category":[271],"sht_proarticle_tag":[],"class_list":["post-18332","sht_proarticle","type-sht_proarticle","status-publish","hentry","sht_proarticle_category-rendez-vous-fr"],"acf":{"authors":[74]},"shp_steuerportal_must_use":{"translations":[{"id":18327,"link":"https:\/\/steuerportal.ch\/articles-specialises\/was-tun-sie-in-ihrer-freizeit-sirgit-meier\/","title":{"rendered":"Was tun Sie in Ihrer Freizeit, Sirgit Meier?"},"language":"de"},{"id":18332,"link":"https:\/\/steuerportal.ch\/fr\/articles-specialises\/que-faites-vous-avec-votre-temps-libre-sirgit-meier\/","title":{"rendered":"Que faites-vous avec votre temps libre, Sirgit Meier\u00a0?"},"language":"fr"}]},"yoast_head":"<!-- This site is optimized with the Yoast SEO plugin v27.5 - https:\/\/yoast.com\/product\/yoast-seo-wordpress\/ -->\n<title>Que faites-vous avec votre temps libre, Sirgit Meier\u00a0? &#8226; steuerportal.ch<\/title>\n<meta name=\"robots\" content=\"index, follow, max-snippet:-1, max-image-preview:large, max-video-preview:-1\" \/>\n<link rel=\"canonical\" href=\"https:\/\/steuerportal.ch\/fr\/articles-specialises\/que-faites-vous-avec-votre-temps-libre-sirgit-meier\/\" \/>\n<meta property=\"og:locale\" content=\"fr_FR\" \/>\n<meta property=\"og:type\" content=\"article\" \/>\n<meta property=\"og:title\" content=\"Que faites-vous avec votre temps libre, Sirgit Meier\u00a0? &#8226; steuerportal.ch\" \/>\n<meta property=\"og:description\" content=\"Sirgit Meier r\u00e9pond \u00e0 nos questions \u2013 pas forc\u00e9ment techniques \u2013 dans le Rendez-vous.\" \/>\n<meta property=\"og:url\" content=\"https:\/\/steuerportal.ch\/fr\/articles-specialises\/que-faites-vous-avec-votre-temps-libre-sirgit-meier\/\" \/>\n<meta property=\"og:site_name\" content=\"steuerportal.ch\" \/>\n<meta property=\"og:image\" content=\"https:\/\/steuerportal.ch\/wp-content\/uploads\/2024\/03\/sirgit_meier-768x1024.jpg\" \/>\n<meta name=\"twitter:card\" content=\"summary_large_image\" \/>\n<meta name=\"twitter:label1\" content=\"Dur\u00e9e de lecture estim\u00e9e\" \/>\n\t<meta name=\"twitter:data1\" content=\"6 minutes\" \/>\n<script type=\"application\/ld+json\" class=\"yoast-schema-graph\">{\"@context\":\"https:\\\/\\\/schema.org\",\"@graph\":[{\"@type\":\"WebPage\",\"@id\":\"https:\\\/\\\/steuerportal.ch\\\/fr\\\/articles-specialises\\\/que-faites-vous-avec-votre-temps-libre-sirgit-meier\\\/\",\"url\":\"https:\\\/\\\/steuerportal.ch\\\/fr\\\/articles-specialises\\\/que-faites-vous-avec-votre-temps-libre-sirgit-meier\\\/\",\"name\":\"Que faites-vous avec votre temps libre, Sirgit Meier\u00a0? &#8226; steuerportal.ch\",\"isPartOf\":{\"@id\":\"https:\\\/\\\/steuerportal.ch\\\/fr\\\/#website\"},\"primaryImageOfPage\":{\"@id\":\"https:\\\/\\\/steuerportal.ch\\\/fr\\\/articles-specialises\\\/que-faites-vous-avec-votre-temps-libre-sirgit-meier\\\/#primaryimage\"},\"image\":{\"@id\":\"https:\\\/\\\/steuerportal.ch\\\/fr\\\/articles-specialises\\\/que-faites-vous-avec-votre-temps-libre-sirgit-meier\\\/#primaryimage\"},\"thumbnailUrl\":\"https:\\\/\\\/steuerportal.ch\\\/wp-content\\\/uploads\\\/2024\\\/03\\\/sirgit_meier-768x1024.jpg\",\"datePublished\":\"2024-04-02T20:00:00+00:00\",\"breadcrumb\":{\"@id\":\"https:\\\/\\\/steuerportal.ch\\\/fr\\\/articles-specialises\\\/que-faites-vous-avec-votre-temps-libre-sirgit-meier\\\/#breadcrumb\"},\"inLanguage\":\"fr-FR\",\"potentialAction\":[{\"@type\":\"ReadAction\",\"target\":[\"https:\\\/\\\/steuerportal.ch\\\/fr\\\/articles-specialises\\\/que-faites-vous-avec-votre-temps-libre-sirgit-meier\\\/\"]}]},{\"@type\":\"ImageObject\",\"inLanguage\":\"fr-FR\",\"@id\":\"https:\\\/\\\/steuerportal.ch\\\/fr\\\/articles-specialises\\\/que-faites-vous-avec-votre-temps-libre-sirgit-meier\\\/#primaryimage\",\"url\":\"https:\\\/\\\/steuerportal.ch\\\/wp-content\\\/uploads\\\/2024\\\/03\\\/sirgit_meier-768x1024.jpg\",\"contentUrl\":\"https:\\\/\\\/steuerportal.ch\\\/wp-content\\\/uploads\\\/2024\\\/03\\\/sirgit_meier-768x1024.jpg\"},{\"@type\":\"BreadcrumbList\",\"@id\":\"https:\\\/\\\/steuerportal.ch\\\/fr\\\/articles-specialises\\\/que-faites-vous-avec-votre-temps-libre-sirgit-meier\\\/#breadcrumb\",\"itemListElement\":[{\"@type\":\"ListItem\",\"position\":1,\"name\":\"Page d'accueil\",\"item\":\"https:\\\/\\\/steuerportal.ch\\\/fr\\\/\"},{\"@type\":\"ListItem\",\"position\":2,\"name\":\"Fachartikel\",\"item\":\"https:\\\/\\\/steuerportal.ch\\\/fr\\\/articles-specialises\\\/\"},{\"@type\":\"ListItem\",\"position\":3,\"name\":\"Que faites-vous avec votre temps libre, Sirgit Meier\u00a0?\"}]},{\"@type\":\"WebSite\",\"@id\":\"https:\\\/\\\/steuerportal.ch\\\/fr\\\/#website\",\"url\":\"https:\\\/\\\/steuerportal.ch\\\/fr\\\/\",\"name\":\"steuerportal.ch\",\"description\":\"Le portail suisse sp\u00e9cialis\u00e9 dans le domaine des imp\u00f4ts\",\"publisher\":{\"@id\":\"https:\\\/\\\/steuerportal.ch\\\/fr\\\/#organization\"},\"potentialAction\":[{\"@type\":\"SearchAction\",\"target\":{\"@type\":\"EntryPoint\",\"urlTemplate\":\"https:\\\/\\\/steuerportal.ch\\\/fr\\\/?s={search_term_string}\"},\"query-input\":{\"@type\":\"PropertyValueSpecification\",\"valueRequired\":true,\"valueName\":\"search_term_string\"}}],\"inLanguage\":\"fr-FR\"},{\"@type\":\"Organization\",\"@id\":\"https:\\\/\\\/steuerportal.ch\\\/fr\\\/#organization\",\"name\":\"Steuerportal (Cosmos Verlag)\",\"url\":\"https:\\\/\\\/steuerportal.ch\\\/fr\\\/\",\"logo\":{\"@type\":\"ImageObject\",\"inLanguage\":\"fr-FR\",\"@id\":\"https:\\\/\\\/steuerportal.ch\\\/fr\\\/#\\\/schema\\\/logo\\\/image\\\/\",\"url\":\"https:\\\/\\\/steuerportal.ch\\\/wp-content\\\/uploads\\\/2021\\\/06\\\/cosmos_c-strich_h_positiv_bunt.svg\",\"contentUrl\":\"https:\\\/\\\/steuerportal.ch\\\/wp-content\\\/uploads\\\/2021\\\/06\\\/cosmos_c-strich_h_positiv_bunt.svg\",\"width\":191,\"height\":44,\"caption\":\"Steuerportal (Cosmos Verlag)\"},\"image\":{\"@id\":\"https:\\\/\\\/steuerportal.ch\\\/fr\\\/#\\\/schema\\\/logo\\\/image\\\/\"}}]}<\/script>\n<!-- \/ Yoast SEO plugin. -->","yoast_head_json":{"title":"Que faites-vous avec votre temps libre, Sirgit Meier\u00a0? &#8226; steuerportal.ch","robots":{"index":"index","follow":"follow","max-snippet":"max-snippet:-1","max-image-preview":"max-image-preview:large","max-video-preview":"max-video-preview:-1"},"canonical":"https:\/\/steuerportal.ch\/fr\/articles-specialises\/que-faites-vous-avec-votre-temps-libre-sirgit-meier\/","og_locale":"fr_FR","og_type":"article","og_title":"Que faites-vous avec votre temps libre, Sirgit Meier\u00a0? &#8226; steuerportal.ch","og_description":"Sirgit Meier r\u00e9pond \u00e0 nos questions \u2013 pas forc\u00e9ment techniques \u2013 dans le Rendez-vous.","og_url":"https:\/\/steuerportal.ch\/fr\/articles-specialises\/que-faites-vous-avec-votre-temps-libre-sirgit-meier\/","og_site_name":"steuerportal.ch","og_image":[{"url":"https:\/\/steuerportal.ch\/wp-content\/uploads\/2024\/03\/sirgit_meier-768x1024.jpg","type":"","width":"","height":""}],"twitter_card":"summary_large_image","twitter_misc":{"Dur\u00e9e de lecture estim\u00e9e":"6 minutes"},"schema":{"@context":"https:\/\/schema.org","@graph":[{"@type":"WebPage","@id":"https:\/\/steuerportal.ch\/fr\/articles-specialises\/que-faites-vous-avec-votre-temps-libre-sirgit-meier\/","url":"https:\/\/steuerportal.ch\/fr\/articles-specialises\/que-faites-vous-avec-votre-temps-libre-sirgit-meier\/","name":"Que faites-vous avec votre temps libre, Sirgit Meier\u00a0? &#8226; steuerportal.ch","isPartOf":{"@id":"https:\/\/steuerportal.ch\/fr\/#website"},"primaryImageOfPage":{"@id":"https:\/\/steuerportal.ch\/fr\/articles-specialises\/que-faites-vous-avec-votre-temps-libre-sirgit-meier\/#primaryimage"},"image":{"@id":"https:\/\/steuerportal.ch\/fr\/articles-specialises\/que-faites-vous-avec-votre-temps-libre-sirgit-meier\/#primaryimage"},"thumbnailUrl":"https:\/\/steuerportal.ch\/wp-content\/uploads\/2024\/03\/sirgit_meier-768x1024.jpg","datePublished":"2024-04-02T20:00:00+00:00","breadcrumb":{"@id":"https:\/\/steuerportal.ch\/fr\/articles-specialises\/que-faites-vous-avec-votre-temps-libre-sirgit-meier\/#breadcrumb"},"inLanguage":"fr-FR","potentialAction":[{"@type":"ReadAction","target":["https:\/\/steuerportal.ch\/fr\/articles-specialises\/que-faites-vous-avec-votre-temps-libre-sirgit-meier\/"]}]},{"@type":"ImageObject","inLanguage":"fr-FR","@id":"https:\/\/steuerportal.ch\/fr\/articles-specialises\/que-faites-vous-avec-votre-temps-libre-sirgit-meier\/#primaryimage","url":"https:\/\/steuerportal.ch\/wp-content\/uploads\/2024\/03\/sirgit_meier-768x1024.jpg","contentUrl":"https:\/\/steuerportal.ch\/wp-content\/uploads\/2024\/03\/sirgit_meier-768x1024.jpg"},{"@type":"BreadcrumbList","@id":"https:\/\/steuerportal.ch\/fr\/articles-specialises\/que-faites-vous-avec-votre-temps-libre-sirgit-meier\/#breadcrumb","itemListElement":[{"@type":"ListItem","position":1,"name":"Page d'accueil","item":"https:\/\/steuerportal.ch\/fr\/"},{"@type":"ListItem","position":2,"name":"Fachartikel","item":"https:\/\/steuerportal.ch\/fr\/articles-specialises\/"},{"@type":"ListItem","position":3,"name":"Que faites-vous avec votre temps libre, Sirgit Meier\u00a0?"}]},{"@type":"WebSite","@id":"https:\/\/steuerportal.ch\/fr\/#website","url":"https:\/\/steuerportal.ch\/fr\/","name":"steuerportal.ch","description":"Le portail suisse sp\u00e9cialis\u00e9 dans le domaine des imp\u00f4ts","publisher":{"@id":"https:\/\/steuerportal.ch\/fr\/#organization"},"potentialAction":[{"@type":"SearchAction","target":{"@type":"EntryPoint","urlTemplate":"https:\/\/steuerportal.ch\/fr\/?s={search_term_string}"},"query-input":{"@type":"PropertyValueSpecification","valueRequired":true,"valueName":"search_term_string"}}],"inLanguage":"fr-FR"},{"@type":"Organization","@id":"https:\/\/steuerportal.ch\/fr\/#organization","name":"Steuerportal (Cosmos Verlag)","url":"https:\/\/steuerportal.ch\/fr\/","logo":{"@type":"ImageObject","inLanguage":"fr-FR","@id":"https:\/\/steuerportal.ch\/fr\/#\/schema\/logo\/image\/","url":"https:\/\/steuerportal.ch\/wp-content\/uploads\/2021\/06\/cosmos_c-strich_h_positiv_bunt.svg","contentUrl":"https:\/\/steuerportal.ch\/wp-content\/uploads\/2021\/06\/cosmos_c-strich_h_positiv_bunt.svg","width":191,"height":44,"caption":"Steuerportal (Cosmos Verlag)"},"image":{"@id":"https:\/\/steuerportal.ch\/fr\/#\/schema\/logo\/image\/"}}]}},"_links":{"self":[{"href":"https:\/\/steuerportal.ch\/fr\/wp-json\/wp\/v2\/sht_proarticle\/18332","targetHints":{"allow":["GET"]}}],"collection":[{"href":"https:\/\/steuerportal.ch\/fr\/wp-json\/wp\/v2\/sht_proarticle"}],"about":[{"href":"https:\/\/steuerportal.ch\/fr\/wp-json\/wp\/v2\/types\/sht_proarticle"}],"author":[{"embeddable":true,"href":"https:\/\/steuerportal.ch\/fr\/wp-json\/wp\/v2\/users\/2371"}],"version-history":[{"count":0,"href":"https:\/\/steuerportal.ch\/fr\/wp-json\/wp\/v2\/sht_proarticle\/18332\/revisions"}],"acf:user":[{"embeddable":true,"href":"https:\/\/steuerportal.ch\/fr\/wp-json\/wp\/v2\/users\/74"}],"wp:attachment":[{"href":"https:\/\/steuerportal.ch\/fr\/wp-json\/wp\/v2\/media?parent=18332"}],"wp:term":[{"taxonomy":"sht_proarticle_category","embeddable":true,"href":"https:\/\/steuerportal.ch\/fr\/wp-json\/wp\/v2\/sht_proarticle_category?post=18332"},{"taxonomy":"sht_proarticle_tag","embeddable":true,"href":"https:\/\/steuerportal.ch\/fr\/wp-json\/wp\/v2\/sht_proarticle_tag?post=18332"}],"curies":[{"name":"wp","href":"https:\/\/api.w.org\/{rel}","templated":true}]}}