{"id":17999,"date":"2024-03-01T14:55:00","date_gmt":"2024-03-01T13:55:00","guid":{"rendered":"https:\/\/steuerportal.ch\/?post_type=sht_proarticle&#038;p=17999"},"modified":"2024-03-08T14:08:00","modified_gmt":"2024-03-08T13:08:00","slug":"ou-se-trouve-votre-destination-de-reve-roger-krapf","status":"publish","type":"sht_proarticle","link":"https:\/\/steuerportal.ch\/fr\/articles-specialises\/ou-se-trouve-votre-destination-de-reve-roger-krapf\/","title":{"rendered":"O\u00f9 se trouve votre destination de r\u00eave, Roger Krapf?"},"content":{"rendered":"<div class=\"wp-block-media-text is-stacked-on-mobile\"><figure class=\"wp-block-media-text__media\"><img loading=\"lazy\" decoding=\"async\" width=\"768\" height=\"1024\" src=\"https:\/\/steuerportal.ch\/wp-content\/uploads\/2024\/02\/roger_krapf_cmyk-768x1024.jpg\" alt=\"\" class=\"wp-image-17996 size-full\" srcset=\"https:\/\/steuerportal.ch\/wp-content\/uploads\/2024\/02\/roger_krapf_cmyk-768x1024.jpg 768w, https:\/\/steuerportal.ch\/wp-content\/uploads\/2024\/02\/roger_krapf_cmyk-700x933.jpg 700w, https:\/\/steuerportal.ch\/wp-content\/uploads\/2024\/02\/roger_krapf_cmyk-1152x1536.jpg 1152w, https:\/\/steuerportal.ch\/wp-content\/uploads\/2024\/02\/roger_krapf_cmyk-1536x2048.jpg 1536w, https:\/\/steuerportal.ch\/wp-content\/uploads\/2024\/02\/roger_krapf_cmyk-1280x1707.jpg 1280w, https:\/\/steuerportal.ch\/wp-content\/uploads\/2024\/02\/roger_krapf_cmyk-210x280.jpg 210w, https:\/\/steuerportal.ch\/wp-content\/uploads\/2024\/02\/roger_krapf_cmyk-628x837.jpg 628w, https:\/\/steuerportal.ch\/wp-content\/uploads\/2024\/02\/roger_krapf_cmyk-296x395.jpg 296w, https:\/\/steuerportal.ch\/wp-content\/uploads\/2024\/02\/roger_krapf_cmyk-scaled.jpg 1920w\" sizes=\"auto, (max-width: 768px) 100vw, 768px\" \/><\/figure><div class=\"wp-block-media-text__content\">\n<p><strong>Nom:<\/strong> Roger Krapf<\/p>\n\n\n\n<p><strong>Profession\/position:<\/strong> Managing Partner Tax &amp; Legal Switzerland, EY<\/p>\n\n\n\n<p><strong>Famille:<\/strong> mari&eacute; avec Maja<\/p>\n\n\n\n<p><strong>Loisirs:<\/strong> ski et randonn&eacute;es, histoire et actualit&eacute;, art et culture, d&eacute;couvrir le monde.<\/p>\n<\/div><\/div><div class=\"wp-block-group is-style-info-box has-gray-xlight-background-color has-background is-layout-constrained wp-container-core-group-is-layout-c385debf wp-block-group-is-layout-constrained\" style=\"padding-top:var(--wp--preset--spacing--20);padding-right:var(--wp--preset--spacing--20);padding-bottom:var(--wp--preset--spacing--20);padding-left:var(--wp--preset--spacing--20)\">\n<p class=\"has-primary-dark-color has-text-color\">Ce texte est une <strong>traduction automatique r&eacute;vis&eacute;e<\/strong> de l&rsquo;article original en allemand. Changez les param&egrave;tres de langue pour lire l&rsquo;article original en allemand. Vous ne voulez pas manquer un article en fran&ccedil;ais? Abonnez-vous &agrave; notre newsletter.<\/p>\n\n\n\n<div class=\"wp-block-group is-layout-flow wp-block-group-is-layout-flow\">\n<div class=\"wp-block-buttons is-layout-flex wp-block-buttons-is-layout-flex\">\n<div class=\"wp-block-button\"><a class=\"wp-block-button__link wp-element-button\" href=\"https:\/\/steuerportal.ch\/fr\/contact\/#Newsletter\" target=\"_blank\" rel=\"noreferrer noopener\">Inscription &agrave; la newsletter<\/a><\/div>\n<\/div>\n\n\n\n<div style=\"height:20px\" aria-hidden=\"true\" class=\"wp-block-spacer\"><\/div>\n<\/div>\n<\/div><p><strong>Pourquoi &ecirc;tes-vous devenu conseiller fiscal? Qu&rsquo;auriez-vous fait autrement?<\/strong><\/p><p>J&rsquo;ai suivi la sp&eacute;cialisation de l&rsquo;&eacute;poque en r&eacute;vision et en fiduciaire &agrave; l&rsquo;universit&eacute; de Saint-Gall et je voulais devenir expert-comptable, comme cela s&rsquo;appelait &agrave; l&rsquo;&eacute;poque. Dans ce contexte, j&rsquo;ai trouv&eacute; le cours de fiscalit&eacute; du professeur Walter Jakob tr&egrave;s int&eacute;ressant et j&rsquo;ai finalement r&eacute;dig&eacute; mon travail de dipl&ocirc;me (qui correspond &agrave; l&rsquo;actuel travail de master) avec lui. Il m&rsquo;a &eacute;galement ouvert la porte pour un entretien d&rsquo;embauche dans le domaine de l&rsquo;audit chez EY. Finalement, j&rsquo;ai tout de m&ecirc;me d&eacute;cid&eacute; de d&eacute;buter ma carri&egrave;re dans le domaine de la fiscalit&eacute;. Mon histoire et celle de nombreux autres coll&egrave;gues associ&eacute;s me rappellent sans cesse que nous devons mieux pr&eacute;senter et promouvoir la profession de conseiller fiscal. Pour les &eacute;tudiantes et les &eacute;tudiants, il est presque impossible de se faire une id&eacute;e de notre activit&eacute; passionnante et cr&eacute;ative.<\/p><p><strong>Est-ce que vous vivez pour le droit fiscal?<\/strong><\/p><p>J&rsquo;ai &eacute;t&eacute; conseiller fiscal &agrave; plein temps pendant plus de 25 ans. Aujourd&rsquo;hui, j&rsquo;ai certes nettement moins de temps &agrave; consacrer au conseil fiscal proprement dit, mais les d&eacute;fis du droit fiscal me fascinent toujours autant. L&rsquo;ann&eacute;e derni&egrave;re, j&rsquo;ai notamment pu conseiller dans l&rsquo;un des rares cas de SPAC que la Suisse ait connu. Malheureusement, la transaction a &eacute;t&eacute; annul&eacute;e dans la derni&egrave;re ligne droite, comme tant d&rsquo;autres. Je consid&egrave;re &eacute;galement comme un privil&egrave;ge le fait de pouvoir conseiller en mati&egrave;re de droit fiscal suisse et liechtensteinois. Cela n&rsquo;est accord&eacute; qu&rsquo;&agrave; peu de personnes. Dans ce contexte, le conseil transfrontalier est particuli&egrave;rement passionnant &ndash; souvent dans la constellation Family Office au Liechtenstein et activit&eacute; op&eacute;rationnelle ou holding de groupe en Suisse. Enfin, je m&rsquo;engage &eacute;galement dans le domaine de la r&eacute;forme fiscale de l&rsquo;OCDE &ndash; moins dans les profondeurs des questions de tax accounting que dans la planification du point de vue des PVC d&eacute;tenues &agrave; titre priv&eacute;.<\/p><p><strong>Quels sont les trois mots-cl&eacute;s qui d&eacute;crivent votre quotidien <\/strong><\/p><p>Des entretiens &ndash; denses &ndash; bien pr&eacute;par&eacute;s: Un grand nombre de mes journ&eacute;es sont consacr&eacute;es &agrave; des entretiens ou &agrave; des appels vid&eacute;o, souvent toutes les heures ou toutes les demi-heures. Je suis tr&egrave;s heureuse de pouvoir compter sur le soutien de nombreux coll&egrave;gues motiv&eacute;(e)s, comp&eacute;tent(e)s et formidables.<\/p><p><strong>Qu&rsquo;est-ce qui vous met en col&egrave;re?<\/strong><\/p><p>Il est difficile de devoir poser des questions critiques lorsque le destinataire, de par son caract&egrave;re, ne les entend pas et qu&rsquo;il pr&eacute;f&egrave;re &agrave; la place raconter sa propre histoire de r&eacute;ussite tr&egrave;s personnelle. Cela demande un peu de patience de temps en temps.<\/p><p><strong>O&ugrave; se trouve votre destination de r&ecirc;ve?<\/strong><\/p><p>Pour ma femme et moi, la destination id&eacute;ale se trouve souvent l&agrave; o&ugrave; nos prochaines vacances nous m&egrave;neront. Nous appr&eacute;cions le changement, que ce soit une nouvelle montagne, un autre pays ou une ville que nous n&rsquo;avons jamais visit&eacute;e. Tous les quelques ans, notre chemin nous m&egrave;ne aussi en Afrique. Apr&egrave;s un safari, se retrouver dans l&rsquo;immensit&eacute; de la savane et savourer le &laquo;Sundowner&raquo; fait partie des exp&eacute;riences tr&egrave;s particuli&egrave;res.<\/p><p><strong>Qu&rsquo;est-ce qui fait le succ&egrave;s d&rsquo;un conseiller fiscal?<\/strong><\/p><p>Le domaine du droit fiscal, tel qu&rsquo;il est couvert aujourd&rsquo;hui par les Big4, est tr&egrave;s large et vari&eacute;. Je ne peux donc pas parler au nom de tous mes coll&egrave;gues fiscalistes. Mais dans le domaine traditionnel du droit fiscal international des entreprises, la combinaison des connaissances commerciales et juridiques et l&rsquo;application de ces connaissances dans la recherche cr&eacute;ative de solutions jouent certainement un r&ocirc;le d&eacute;cisif. Dans ce contexte, il faut de la patience et de la t&eacute;nacit&eacute; pour rechercher la bonne solution et la d&eacute;velopper dans le processus de n&eacute;gociation avec les autorit&eacute;s. En cons&eacute;quence, j&rsquo;ai toujours eu &agrave; c&oelig;ur, au sein de ma propre &eacute;quipe, de r&eacute;unir un m&eacute;lange &eacute;quilibr&eacute; d&rsquo;&eacute;conomistes et de juristes.<\/p><p><strong>Vous arrive-t-il d&rsquo;en avoir assez de votre activit&eacute; actuelle?<\/strong><\/p><p>Heureusement, pas jusqu&rsquo;&agrave; pr&eacute;sent. Nous sommes une &eacute;quipe fiscale tr&egrave;s dynamique, &agrave; la croissance rapide et couronn&eacute;e de succ&egrave;s, et nous avons l&rsquo;ambition d&rsquo;&ecirc;tre l&rsquo;entreprise de conseil fiscal la plus internationale de Suisse avec la &laquo;marque&raquo; la plus forte. Dans ce contexte, de nouveaux d&eacute;fis se pr&eacute;sentent en permanence et le travail avec les partenaires et les collaborateurs est tr&egrave;s agr&eacute;able.<\/p><p><strong>Que faites-vous pendant votre temps libre? En avez-vous du tout?<\/strong><\/p><p>Je peux tr&egrave;s bien me d&eacute;tendre sur les chemins de randonn&eacute;e et de montagne, que ce soit sur le Cheval Blanc au-dessus d&rsquo;Emosson, sur le chemin menant au sommet du Brisen au-dessus du lac des Quatre-Cantons ou sur le chemin menant &agrave; l&rsquo;Alvier ou &agrave; la Meglisalp, plus ou moins devant notre porte. Si le temps est mauvais, j&rsquo;appr&eacute;cie un bon livre ou je visite une exposition.<\/p><p><strong>Si vous aviez un souhait, quel serait-il?<\/strong><\/p><p>Un souhait serait certainement de pouvoir (&agrave; nouveau) parler couramment le fran&ccedil;ais. Comme pour beaucoup de gens de ma g&eacute;n&eacute;ration, mon fran&ccedil;ais &eacute;tait autrefois bien meilleur que mon anglais. C&rsquo;est en quelque sorte une d&eacute;formation professionnelle dans une soci&eacute;t&eacute; de Big 4 que l&rsquo;anglais, langue utilis&eacute;e quotidiennement, ait rel&eacute;gu&eacute; le fran&ccedil;ais au second plan au fil des ans. Aujourd&rsquo;hui, j&rsquo;appr&eacute;cierais beaucoup de pouvoir discuter dans leur langue avec mes coll&egrave;gues sur nos deux sites de Lausanne et de Gen&egrave;ve.<\/p><p><strong>Qu&rsquo;emporteriez-vous sur une &icirc;le d&eacute;serte (pas plus de trois choses)?<\/strong><\/p><p>Les &icirc;les sont souvent des destinations de voyage tr&egrave;s int&eacute;ressantes, mais il peut y avoir &agrave; mon go&ucirc;t quelques infrastructures ou une ville passionnante. En tout cas, les trois choses seraient 1) ma femme, 2) de la bonne lecture et 3) des chaussures de randonn&eacute;e pour d&eacute;couvrir l&rsquo;&icirc;le.<\/p><p><strong>Quel livre lisez-vous en ce moment?<\/strong><\/p><p>&laquo;La Chine apr&egrave;s Mao&raquo; de Frank Dik&ouml;tter. Il d&eacute;crit la politique &eacute;conomique de la Chine des derni&egrave;res d&eacute;cennies et en conclut que ni la vie politique ni le syst&egrave;me &eacute;conomique ne devraient changer dans le sens des attentes occidentales. Selon Dik&ouml;tter, tant l&rsquo;histoire des derni&egrave;res d&eacute;cennies que les d&eacute;clarations du gouvernement laissent clairement entendre qu&rsquo;il n&rsquo;y a jamais eu de doute sur la primaut&eacute; de l&rsquo;&Eacute;tat et du parti communiste. Je trouve ces d&eacute;clarations tr&egrave;s int&eacute;ressantes dans le contexte des &eacute;normes investissements des entreprises occidentales en Chine: on est li&eacute; les uns aux autres et on d&eacute;pend les uns des autres pour le succ&egrave;s &ndash; mais les syst&egrave;mes et les valeurs sont extr&ecirc;mement diff&eacute;rents et s&rsquo;&eacute;loignent plut&ocirc;t qu&rsquo;ils ne se rapprochent actuellement. Une situation de d&eacute;part passionnante pour les ann&eacute;es &agrave; venir &hellip;<\/p><p><strong>Y a-t-il quelque chose qui vous agace &eacute;norm&eacute;ment dans le domaine fiscal?<\/strong><\/p><p>Le syst&egrave;me fiscal suisse a de nombreux avantages, que nos clients appr&eacute;cient &eacute;galement. Il est tr&egrave;s stable, durable, &eacute;conomiquement performant et &eacute;quilibr&eacute;, il tient compte des minorit&eacute;s et offre moins d&rsquo;in&eacute;galit&eacute;s et d&rsquo;agitation sociale que de nombreux autres syst&egrave;mes. Parfois, on souhaiterait toutefois &ndash; et c&rsquo;est alors probablement l&rsquo;autre c&ocirc;t&eacute; de la m&eacute;daille &ndash; un peu plus de courage (et un peu moins de lobbying). Ainsi, il est difficile de comprendre pourquoi nous nous battons depuis tant d&rsquo;ann&eacute;es sur la valeur locative et pourquoi elle n&rsquo;a pas &eacute;t&eacute; rel&eacute;gu&eacute;e au mus&eacute;e avec la p&eacute;nalisation du mariage depuis longtemps.<\/p><p><strong>Avez-vous un ou des mod&egrave;les &agrave; suivre?<\/strong><\/p><p>Je ne sais toujours pas si le fait que je m&rsquo;inspire moins des autres et que je suive souvent ma propre voie est plut&ocirc;t une force ou une faiblesse.<\/p><p><strong>&Eacute;tiez-vous bon &agrave; l&rsquo;&eacute;cole?<\/strong> <\/p><p>Oui, on peut certainement dire cela. L&rsquo;une des cons&eacute;quences est que la formation de nos collaborateurs est tr&egrave;s importante pour moi.<\/p><p><em>Traduction r&eacute;vis&eacute;e par Nicole Stucki-Racle<\/em><\/p>\n","protected":false},"excerpt":{"rendered":"<p>Roger Krapf r\u00e9pond \u00e0 nos questions \u2013 pas forc\u00e9ment techniques \u2013 dans le Rendez-vous.<\/p>\n","protected":false},"author":2371,"featured_media":0,"template":"","meta":{"_acf_changed":false,"authors":[{"ID":74,"display_name":"Redaktion Steuer Revue","first_name":"","last_name":"","description":"","image":"https:\/\/steuerportal.ch\/wp-content\/uploads\/2024\/11\/StP_Profilbild_RED_DE_quadratisch.jpg","organiser_data":{"public_organiser_name":"Redaktion Steuer Revue","public_organiser_page":false,"offer":"","location":"","preamble":"","public_organiser_logo":false},"url":"https:\/\/steuerportal.ch\/fr\/autoren\/redaktion-steuer-revue\/"}],"related_sht_promodule":["<a href=\"https:\/\/steuerportal.ch\/fr\/modules-specialises\/revue-fiscale\/rendez-vous\/\">Revue fiscale &#8594; Rendez-vous<\/a>"],"pdf":"https:\/\/steuerportal.ch\/fr\/articles-specialises\/ou-se-trouve-votre-destination-de-reve-roger-krapf\/shtpdf\/","language":"fr"},"sht_proarticle_category":[271],"sht_proarticle_tag":[],"class_list":["post-17999","sht_proarticle","type-sht_proarticle","status-publish","hentry","sht_proarticle_category-rendez-vous-fr"],"acf":{"authors":[74]},"shp_steuerportal_must_use":{"translations":[{"id":17993,"link":"https:\/\/steuerportal.ch\/articles-specialises\/wo-liegt-ihr-sehnsuchtsziel-roger-krapf\/","title":{"rendered":"Wo liegt Ihr Sehnsuchtsziel, Roger Krapf?"},"language":"de"},{"id":17999,"link":"https:\/\/steuerportal.ch\/fr\/articles-specialises\/ou-se-trouve-votre-destination-de-reve-roger-krapf\/","title":{"rendered":"O\u00f9 se trouve votre destination de r\u00eave, Roger Krapf?"},"language":"fr"}]},"yoast_head":"<!-- This site is optimized with the Yoast SEO plugin v27.5 - https:\/\/yoast.com\/product\/yoast-seo-wordpress\/ -->\n<title>O\u00f9 se trouve votre destination de r\u00eave, Roger Krapf? &#8226; steuerportal.ch<\/title>\n<meta name=\"robots\" content=\"index, follow, max-snippet:-1, max-image-preview:large, max-video-preview:-1\" \/>\n<link rel=\"canonical\" href=\"https:\/\/steuerportal.ch\/fr\/articles-specialises\/ou-se-trouve-votre-destination-de-reve-roger-krapf\/\" \/>\n<meta property=\"og:locale\" content=\"fr_FR\" \/>\n<meta property=\"og:type\" content=\"article\" \/>\n<meta property=\"og:title\" content=\"O\u00f9 se trouve votre destination de r\u00eave, Roger Krapf? &#8226; steuerportal.ch\" \/>\n<meta property=\"og:description\" content=\"Roger Krapf r\u00e9pond \u00e0 nos questions \u2013 pas forc\u00e9ment techniques \u2013 dans le Rendez-vous.\" \/>\n<meta property=\"og:url\" content=\"https:\/\/steuerportal.ch\/fr\/articles-specialises\/ou-se-trouve-votre-destination-de-reve-roger-krapf\/\" \/>\n<meta property=\"og:site_name\" content=\"steuerportal.ch\" \/>\n<meta property=\"article:modified_time\" content=\"2024-03-08T13:08:00+00:00\" \/>\n<meta property=\"og:image\" content=\"https:\/\/steuerportal.ch\/wp-content\/uploads\/2024\/02\/roger_krapf_cmyk-768x1024.jpg\" \/>\n<meta name=\"twitter:card\" content=\"summary_large_image\" \/>\n<meta name=\"twitter:label1\" content=\"Dur\u00e9e de lecture estim\u00e9e\" \/>\n\t<meta name=\"twitter:data1\" content=\"8 minutes\" \/>\n<script type=\"application\/ld+json\" class=\"yoast-schema-graph\">{\"@context\":\"https:\\\/\\\/schema.org\",\"@graph\":[{\"@type\":\"WebPage\",\"@id\":\"https:\\\/\\\/steuerportal.ch\\\/fr\\\/articles-specialises\\\/ou-se-trouve-votre-destination-de-reve-roger-krapf\\\/\",\"url\":\"https:\\\/\\\/steuerportal.ch\\\/fr\\\/articles-specialises\\\/ou-se-trouve-votre-destination-de-reve-roger-krapf\\\/\",\"name\":\"O\u00f9 se trouve votre destination de r\u00eave, Roger Krapf? &#8226; steuerportal.ch\",\"isPartOf\":{\"@id\":\"https:\\\/\\\/steuerportal.ch\\\/fr\\\/#website\"},\"primaryImageOfPage\":{\"@id\":\"https:\\\/\\\/steuerportal.ch\\\/fr\\\/articles-specialises\\\/ou-se-trouve-votre-destination-de-reve-roger-krapf\\\/#primaryimage\"},\"image\":{\"@id\":\"https:\\\/\\\/steuerportal.ch\\\/fr\\\/articles-specialises\\\/ou-se-trouve-votre-destination-de-reve-roger-krapf\\\/#primaryimage\"},\"thumbnailUrl\":\"https:\\\/\\\/steuerportal.ch\\\/wp-content\\\/uploads\\\/2024\\\/02\\\/roger_krapf_cmyk-768x1024.jpg\",\"datePublished\":\"2024-03-01T13:55:00+00:00\",\"dateModified\":\"2024-03-08T13:08:00+00:00\",\"breadcrumb\":{\"@id\":\"https:\\\/\\\/steuerportal.ch\\\/fr\\\/articles-specialises\\\/ou-se-trouve-votre-destination-de-reve-roger-krapf\\\/#breadcrumb\"},\"inLanguage\":\"fr-FR\",\"potentialAction\":[{\"@type\":\"ReadAction\",\"target\":[\"https:\\\/\\\/steuerportal.ch\\\/fr\\\/articles-specialises\\\/ou-se-trouve-votre-destination-de-reve-roger-krapf\\\/\"]}]},{\"@type\":\"ImageObject\",\"inLanguage\":\"fr-FR\",\"@id\":\"https:\\\/\\\/steuerportal.ch\\\/fr\\\/articles-specialises\\\/ou-se-trouve-votre-destination-de-reve-roger-krapf\\\/#primaryimage\",\"url\":\"https:\\\/\\\/steuerportal.ch\\\/wp-content\\\/uploads\\\/2024\\\/02\\\/roger_krapf_cmyk-768x1024.jpg\",\"contentUrl\":\"https:\\\/\\\/steuerportal.ch\\\/wp-content\\\/uploads\\\/2024\\\/02\\\/roger_krapf_cmyk-768x1024.jpg\"},{\"@type\":\"BreadcrumbList\",\"@id\":\"https:\\\/\\\/steuerportal.ch\\\/fr\\\/articles-specialises\\\/ou-se-trouve-votre-destination-de-reve-roger-krapf\\\/#breadcrumb\",\"itemListElement\":[{\"@type\":\"ListItem\",\"position\":1,\"name\":\"Page d'accueil\",\"item\":\"https:\\\/\\\/steuerportal.ch\\\/fr\\\/\"},{\"@type\":\"ListItem\",\"position\":2,\"name\":\"Fachartikel\",\"item\":\"https:\\\/\\\/steuerportal.ch\\\/fr\\\/articles-specialises\\\/\"},{\"@type\":\"ListItem\",\"position\":3,\"name\":\"O\u00f9 se trouve votre destination de r\u00eave, Roger Krapf?\"}]},{\"@type\":\"WebSite\",\"@id\":\"https:\\\/\\\/steuerportal.ch\\\/fr\\\/#website\",\"url\":\"https:\\\/\\\/steuerportal.ch\\\/fr\\\/\",\"name\":\"steuerportal.ch\",\"description\":\"Le portail suisse sp\u00e9cialis\u00e9 dans le domaine des imp\u00f4ts\",\"publisher\":{\"@id\":\"https:\\\/\\\/steuerportal.ch\\\/fr\\\/#organization\"},\"potentialAction\":[{\"@type\":\"SearchAction\",\"target\":{\"@type\":\"EntryPoint\",\"urlTemplate\":\"https:\\\/\\\/steuerportal.ch\\\/fr\\\/?s={search_term_string}\"},\"query-input\":{\"@type\":\"PropertyValueSpecification\",\"valueRequired\":true,\"valueName\":\"search_term_string\"}}],\"inLanguage\":\"fr-FR\"},{\"@type\":\"Organization\",\"@id\":\"https:\\\/\\\/steuerportal.ch\\\/fr\\\/#organization\",\"name\":\"Steuerportal (Cosmos Verlag)\",\"url\":\"https:\\\/\\\/steuerportal.ch\\\/fr\\\/\",\"logo\":{\"@type\":\"ImageObject\",\"inLanguage\":\"fr-FR\",\"@id\":\"https:\\\/\\\/steuerportal.ch\\\/fr\\\/#\\\/schema\\\/logo\\\/image\\\/\",\"url\":\"https:\\\/\\\/steuerportal.ch\\\/wp-content\\\/uploads\\\/2021\\\/06\\\/cosmos_c-strich_h_positiv_bunt.svg\",\"contentUrl\":\"https:\\\/\\\/steuerportal.ch\\\/wp-content\\\/uploads\\\/2021\\\/06\\\/cosmos_c-strich_h_positiv_bunt.svg\",\"width\":191,\"height\":44,\"caption\":\"Steuerportal (Cosmos Verlag)\"},\"image\":{\"@id\":\"https:\\\/\\\/steuerportal.ch\\\/fr\\\/#\\\/schema\\\/logo\\\/image\\\/\"}}]}<\/script>\n<!-- \/ Yoast SEO plugin. -->","yoast_head_json":{"title":"O\u00f9 se trouve votre destination de r\u00eave, Roger Krapf? &#8226; steuerportal.ch","robots":{"index":"index","follow":"follow","max-snippet":"max-snippet:-1","max-image-preview":"max-image-preview:large","max-video-preview":"max-video-preview:-1"},"canonical":"https:\/\/steuerportal.ch\/fr\/articles-specialises\/ou-se-trouve-votre-destination-de-reve-roger-krapf\/","og_locale":"fr_FR","og_type":"article","og_title":"O\u00f9 se trouve votre destination de r\u00eave, Roger Krapf? &#8226; steuerportal.ch","og_description":"Roger Krapf r\u00e9pond \u00e0 nos questions \u2013 pas forc\u00e9ment techniques \u2013 dans le Rendez-vous.","og_url":"https:\/\/steuerportal.ch\/fr\/articles-specialises\/ou-se-trouve-votre-destination-de-reve-roger-krapf\/","og_site_name":"steuerportal.ch","article_modified_time":"2024-03-08T13:08:00+00:00","og_image":[{"url":"https:\/\/steuerportal.ch\/wp-content\/uploads\/2024\/02\/roger_krapf_cmyk-768x1024.jpg","type":"","width":"","height":""}],"twitter_card":"summary_large_image","twitter_misc":{"Dur\u00e9e de lecture estim\u00e9e":"8 minutes"},"schema":{"@context":"https:\/\/schema.org","@graph":[{"@type":"WebPage","@id":"https:\/\/steuerportal.ch\/fr\/articles-specialises\/ou-se-trouve-votre-destination-de-reve-roger-krapf\/","url":"https:\/\/steuerportal.ch\/fr\/articles-specialises\/ou-se-trouve-votre-destination-de-reve-roger-krapf\/","name":"O\u00f9 se trouve votre destination de r\u00eave, Roger Krapf? &#8226; steuerportal.ch","isPartOf":{"@id":"https:\/\/steuerportal.ch\/fr\/#website"},"primaryImageOfPage":{"@id":"https:\/\/steuerportal.ch\/fr\/articles-specialises\/ou-se-trouve-votre-destination-de-reve-roger-krapf\/#primaryimage"},"image":{"@id":"https:\/\/steuerportal.ch\/fr\/articles-specialises\/ou-se-trouve-votre-destination-de-reve-roger-krapf\/#primaryimage"},"thumbnailUrl":"https:\/\/steuerportal.ch\/wp-content\/uploads\/2024\/02\/roger_krapf_cmyk-768x1024.jpg","datePublished":"2024-03-01T13:55:00+00:00","dateModified":"2024-03-08T13:08:00+00:00","breadcrumb":{"@id":"https:\/\/steuerportal.ch\/fr\/articles-specialises\/ou-se-trouve-votre-destination-de-reve-roger-krapf\/#breadcrumb"},"inLanguage":"fr-FR","potentialAction":[{"@type":"ReadAction","target":["https:\/\/steuerportal.ch\/fr\/articles-specialises\/ou-se-trouve-votre-destination-de-reve-roger-krapf\/"]}]},{"@type":"ImageObject","inLanguage":"fr-FR","@id":"https:\/\/steuerportal.ch\/fr\/articles-specialises\/ou-se-trouve-votre-destination-de-reve-roger-krapf\/#primaryimage","url":"https:\/\/steuerportal.ch\/wp-content\/uploads\/2024\/02\/roger_krapf_cmyk-768x1024.jpg","contentUrl":"https:\/\/steuerportal.ch\/wp-content\/uploads\/2024\/02\/roger_krapf_cmyk-768x1024.jpg"},{"@type":"BreadcrumbList","@id":"https:\/\/steuerportal.ch\/fr\/articles-specialises\/ou-se-trouve-votre-destination-de-reve-roger-krapf\/#breadcrumb","itemListElement":[{"@type":"ListItem","position":1,"name":"Page d'accueil","item":"https:\/\/steuerportal.ch\/fr\/"},{"@type":"ListItem","position":2,"name":"Fachartikel","item":"https:\/\/steuerportal.ch\/fr\/articles-specialises\/"},{"@type":"ListItem","position":3,"name":"O\u00f9 se trouve votre destination de r\u00eave, Roger Krapf?"}]},{"@type":"WebSite","@id":"https:\/\/steuerportal.ch\/fr\/#website","url":"https:\/\/steuerportal.ch\/fr\/","name":"steuerportal.ch","description":"Le portail suisse sp\u00e9cialis\u00e9 dans le domaine des imp\u00f4ts","publisher":{"@id":"https:\/\/steuerportal.ch\/fr\/#organization"},"potentialAction":[{"@type":"SearchAction","target":{"@type":"EntryPoint","urlTemplate":"https:\/\/steuerportal.ch\/fr\/?s={search_term_string}"},"query-input":{"@type":"PropertyValueSpecification","valueRequired":true,"valueName":"search_term_string"}}],"inLanguage":"fr-FR"},{"@type":"Organization","@id":"https:\/\/steuerportal.ch\/fr\/#organization","name":"Steuerportal (Cosmos Verlag)","url":"https:\/\/steuerportal.ch\/fr\/","logo":{"@type":"ImageObject","inLanguage":"fr-FR","@id":"https:\/\/steuerportal.ch\/fr\/#\/schema\/logo\/image\/","url":"https:\/\/steuerportal.ch\/wp-content\/uploads\/2021\/06\/cosmos_c-strich_h_positiv_bunt.svg","contentUrl":"https:\/\/steuerportal.ch\/wp-content\/uploads\/2021\/06\/cosmos_c-strich_h_positiv_bunt.svg","width":191,"height":44,"caption":"Steuerportal (Cosmos Verlag)"},"image":{"@id":"https:\/\/steuerportal.ch\/fr\/#\/schema\/logo\/image\/"}}]}},"_links":{"self":[{"href":"https:\/\/steuerportal.ch\/fr\/wp-json\/wp\/v2\/sht_proarticle\/17999","targetHints":{"allow":["GET"]}}],"collection":[{"href":"https:\/\/steuerportal.ch\/fr\/wp-json\/wp\/v2\/sht_proarticle"}],"about":[{"href":"https:\/\/steuerportal.ch\/fr\/wp-json\/wp\/v2\/types\/sht_proarticle"}],"author":[{"embeddable":true,"href":"https:\/\/steuerportal.ch\/fr\/wp-json\/wp\/v2\/users\/2371"}],"version-history":[{"count":0,"href":"https:\/\/steuerportal.ch\/fr\/wp-json\/wp\/v2\/sht_proarticle\/17999\/revisions"}],"acf:user":[{"embeddable":true,"href":"https:\/\/steuerportal.ch\/fr\/wp-json\/wp\/v2\/users\/74"}],"wp:attachment":[{"href":"https:\/\/steuerportal.ch\/fr\/wp-json\/wp\/v2\/media?parent=17999"}],"wp:term":[{"taxonomy":"sht_proarticle_category","embeddable":true,"href":"https:\/\/steuerportal.ch\/fr\/wp-json\/wp\/v2\/sht_proarticle_category?post=17999"},{"taxonomy":"sht_proarticle_tag","embeddable":true,"href":"https:\/\/steuerportal.ch\/fr\/wp-json\/wp\/v2\/sht_proarticle_tag?post=17999"}],"curies":[{"name":"wp","href":"https:\/\/api.w.org\/{rel}","templated":true}]}}