{"id":16891,"date":"2023-10-03T10:00:04","date_gmt":"2023-10-03T08:00:04","guid":{"rendered":"https:\/\/steuerportal.ch\/?post_type=sht_proarticle&#038;p=16891"},"modified":"2023-10-06T10:21:35","modified_gmt":"2023-10-06T08:21:35","slug":"rezension-kommentar-zum-aargauer-steuergesetz","status":"publish","type":"sht_proarticle","link":"https:\/\/steuerportal.ch\/fr\/articles-specialises\/rezension-kommentar-zum-aargauer-steuergesetz\/","title":{"rendered":"Rezension: Kommentar zum Aargauer Steuergesetz"},"content":{"rendered":"<div class=\"wp-block-media-text is-stacked-on-mobile\"><figure class=\"wp-block-media-text__media\"><img loading=\"lazy\" decoding=\"async\" width=\"696\" height=\"1024\" src=\"https:\/\/steuerportal.ch\/wp-content\/uploads\/2023\/01\/temp-Cover-5-Aufl-Version2_2-696x1024.jpg\" alt=\"\" class=\"wp-image-15182 size-full\" srcset=\"https:\/\/steuerportal.ch\/wp-content\/uploads\/2023\/01\/temp-Cover-5-Aufl-Version2_2-696x1024.jpg 696w, https:\/\/steuerportal.ch\/wp-content\/uploads\/2023\/01\/temp-Cover-5-Aufl-Version2_2-700x1029.jpg 700w, https:\/\/steuerportal.ch\/wp-content\/uploads\/2023\/01\/temp-Cover-5-Aufl-Version2_2-768x1129.jpg 768w, https:\/\/steuerportal.ch\/wp-content\/uploads\/2023\/01\/temp-Cover-5-Aufl-Version2_2-1044x1536.jpg 1044w, https:\/\/steuerportal.ch\/wp-content\/uploads\/2023\/01\/temp-Cover-5-Aufl-Version2_2-1393x2048.jpg 1393w, https:\/\/steuerportal.ch\/wp-content\/uploads\/2023\/01\/temp-Cover-5-Aufl-Version2_2-1280x1882.jpg 1280w, https:\/\/steuerportal.ch\/wp-content\/uploads\/2023\/01\/temp-Cover-5-Aufl-Version2_2-190x280.jpg 190w, https:\/\/steuerportal.ch\/wp-content\/uploads\/2023\/01\/temp-Cover-5-Aufl-Version2_2-628x924.jpg 628w, https:\/\/steuerportal.ch\/wp-content\/uploads\/2023\/01\/temp-Cover-5-Aufl-Version2_2-296x435.jpg 296w, https:\/\/steuerportal.ch\/wp-content\/uploads\/2023\/01\/temp-Cover-5-Aufl-Version2_2-scaled.jpg 1741w\" sizes=\"auto, (max-width: 696px) 100vw, 696px\" \/><\/figure><div class=\"wp-block-media-text__content\">\n<p>Kl&ouml;ti-Weber\/Schudel\/Schwarb (Hrsg.)<\/p>\n\n\n\n<p><strong>Kommentar zum Aargauer Steuergesetz<\/strong><\/p>\n\n\n\n<p>2023 (5.&nbsp;Aufl.), 2970&nbsp;Seiten<\/p>\n\n\n\n<p>CHF&nbsp;489.&ndash;<\/p>\n\n\n\n<p>Cosmos Verlag, Muri b.&nbsp;Bern<\/p>\n\n\n\n<p>Info und Bestellung unter: <a href=\"https:\/\/www.cosmosverlag.ch\/fachmedien\/produkt\/kommentar-zum-aargauer-steuergesetz\/\" target=\"_blank\" rel=\"noreferrer noopener\">www.cosmosverlag.ch<\/a><\/p>\n<\/div><\/div><p>Der bereits in 5.&nbsp;Auflage erscheinende Kommentar zum Aargauer Steuergesetz nimmt aufgrund seines Umfangs einen besonderen Stellenwert unter den Kommentaren zu den kantonalen Steuergesetzen ein. Er ist ein verl&auml;sslicher Wegweiser zur kantonalen Gerichts- und Verwaltungspraxis, welche im Aargau im Gegensatz zu anderen Kantonen wenig zug&auml;nglich ist. Die Urteile des Verwaltungsgerichts Aargau sind n&auml;mlich nicht online verf&uuml;gbar und werden nur selten publiziert.<\/p><p>Die Aargauer Steuerverwaltung publiziert zwar diverse Merkbl&auml;tter und Richtlinien, kennt aber kein umfassendes Steuerbuch. Vor diesem Hintergrund ist besonders wertvoll, dass die von Steuerberatern verfassten Kommentierungen von der Steuerverwaltung lektoriert wurden, ohne dass dies jeweils speziell vermerkt wird. Umgekehrt wurden die von Beh&ouml;rden&shy;mitgliedern verfassten Kommentierungen von Beratern gegengelesen. Da die Schaffung von Transparenz ein erkl&auml;rtes Ziel des Kommentars zum Aargauer Steuergesetz ist, w&auml;re eine entsprechende Nennung der jeweiligen Fachlektoren w&uuml;nschenswert und sollte f&uuml;r eine weitere Auflage ins Auge gefasst werden.<\/p><p>Die Neuauflage des letztmals im Jahr 2015 erschienen Werkes steht auch im Zeichen eines Generationenwechsels. Vom Herausgebertrio der letzten drei Auflagen wirkt lediglich&nbsp;Marianne Kl&ouml;ti&nbsp;an der 5.&nbsp;Auflage mit. Dave Siegrist, der mittlerweile pensionierte, langj&auml;hrige Vorsteher des Aargauer Steueramts, wurde von seinem Amtsnachfolger&nbsp;Daniel Schudel&nbsp;ersetzt. Dieter Weber, welcher bisher die Steuerberatung im Herausgebergremium vertrat, gab den Stab an seinen B&uuml;rokollegen&nbsp;Patrik Schwarb&nbsp;weiter.<\/p><p>Auch bei den Autoren gab es zahlreiche Neuzug&auml;nge, wobei nach wie vor praktisch alle der 33&nbsp;Autoren einen engen pers&ouml;nlichen Bezug zum Kanton Aargau pflegen. Wenn es zu einem Autorenwechsel gekommen ist, so wird manchmal &ndash; aber nicht immer &ndash; der bisherige Autor trotzdem noch (an hinterster Stelle) als Autor aufgef&uuml;hrt. Da dies jeweils nicht explizit ausgewiesen wird, ist f&uuml;r den Leser mitunter nicht klar, ob alle aufgef&uuml;hrten Autoren in jedem Fall die in der Kommentierung vertretenen Auffassungen mittragen. Bei einer weiteren Neuauflage w&auml;re auch hier Transparenz w&uuml;nschenswert.<\/p><p>Aufgrund des Umfangs des Werkes ist der Kommentar zum Aargauer Steuergesetz weit mehr als bloss die kompilierte Darstellung der aargauischen Gerichts- und Verwaltungspraxis. Als umfangreichster Kommentar zu einem kantonalen Steuergesetz spielt er auch eine wichtige Rolle bei der wissenschaftlichen Auseinandersetzung mit dem harmonisierten Steuerrecht. Wie bei einem Kommentar mit einem derart grossen Autorenkollektiv nicht zu vermeiden, ist die Spannbreite der Bearbeitungstiefe relativ gross. W&auml;hrend sich gewisse Kommentatoren eingehend mit der einschl&auml;gigen steuerrechtlichen Literatur auseinandersetzen, beschr&auml;nken sich andere auf die Wiedergabe der Praxisfestlegungen der Steuerbeh&ouml;rden und der wichtigsten Gerichtsentscheide. Grosse Unterschiede zwischen den einzelnen Kommentierungen gibt es auch mit Bezug auf den Grad der Aktualisierung.<\/p><p>Seit der letzten Auflage gab es zahlreiche Gesetzesnovellen, welche eine Neuauflage n&ouml;tig machten. An erster Stelle steht hier sicherlich das Bundesgesetz &uuml;ber die Steuerreform und die AHV-Finanzierung (STAF) vom 28.&nbsp;September 2018, welches zu diversen &Auml;nderungen im Unternehmenssteuerrecht f&uuml;hrte. Da die StHG-Bestimmungen der STAF den Kantonen (bewusst) grosse Freiheit bei der Wahl und Ausgestaltung der Nachfolgeregelungen f&uuml;r die abgeschafften kantonalen Steuerprivilegien lassen, hat ein Kommentar zum kantonalen Recht trotz der eingehenden Kommentierung der StHG-Regelungen im Kommentar zum StHG<sup><a data-fnq id=\"fnq1\" href=\"#fn1\">1<\/a><\/sup>&nbsp;durchaus seine Berechtigung.<\/p><p>So geh&ouml;rt der Kanton Aargau zu den Kantonen, in denen der Handlungsspielraum f&uuml;r Senkungen des Gewinnsteuersatzes relativ klein war und wo daf&uuml;r auf eine volle Aussch&ouml;pfung der STAF-Massnahmen gesetzt wird. In den &sect;&sect;&nbsp;36a und 69a StG&nbsp;AG wurde der (fakultative) zus&auml;tzliche Abzug von Forschungs- und Entwicklungsaufwand eingef&uuml;hrt, der von&nbsp;Martin Tr&auml;nkle&nbsp;(Leiter Sektion juristische Personen des Aargauer Steueramts) praxisnah kommentiert wurde. Er kommentierte auch die &sect;&sect;&nbsp;36b und 69b zur mit dem F&amp;E-Abzug verbundenen Entlastungsbegrenzung, w&auml;hrend die Bestimmungen zur Patentbox, die vom Kanton Aargau im maximal m&ouml;glichen Umfang umgesetzt wurde, von&nbsp;Marc Vogelsang&nbsp;und somit einem Vertreter der Steuerberatung kommentiert wurden.<\/p><p>Eine weitere gewichtige Gesetzes&auml;nderung betrifft die komplette Neuregelung der &sect;&sect;&nbsp;112&ndash;141 betreffend die Quellensteuerbesteuerung f&uuml;r nat&uuml;rliche und juristische Personen, was eine vollst&auml;ndige Neukommentierung durch&nbsp;Tamara Tormen&nbsp;notwendig machte.<\/p><p>Neben eigentlichen Gesetzesnovellen mussten auch wichtige neue Kreisschreiben der ESTV eingearbeitet werden. Besondere Bedeutung hat nat&uuml;rlich das umfangsreichste Kreisschreiben der ESTV zu Umstrukturierungen, welches am 1.&nbsp;Februar 2022 als Kreisschreiben Nr.&nbsp;5a neu aufgelegt wurde. Die &Auml;nderungen im Kreisschreiben Nr.&nbsp;37 der ESTV vom 31.&nbsp;Oktober 2020 zu den Mitarbeiterbeteiligungen betreffen zwar nur einige wenige Passagen, sind aber von grosser praktischer Bedeutung. Die &sect;&sect;&nbsp;26a&ndash;d StG&nbsp;AG erfuhren durch&nbsp;C&eacute;line Martin&nbsp;eine Neukommentierung. Dies ist insbesondere deshalb zu begr&uuml;ssen, weil die kantonalen Unterschiede in diesem eigentlich harmonisierten Bereich notorisch sind.<\/p><p>Besondere Bedeutung haben Kommentare zu kantonalen Steuergesetzen in Bereichen, welche nicht oder nur teilweise harmonisiert sind. In diesem Zusammenhang muss hervorgehoben werden, dass im Aargauer Steuergesetz auch die (nicht harmonisierten) Erbschafts- und Schenkungssteuern geregelt werden, welche neu von&nbsp;Christoph Ammann, dem Leiter des Rechtsdienstes des Aargauer Steueramts, kommentiert werden.<\/p><p>Auch in der 5.&nbsp;Auflage bleibt der Kommentar zum Aargauer Steuergesetz zusammen mit dem Kommentar zum Z&uuml;rcher Steuergesetz<sup><a data-fnq id=\"fnq2\" href=\"#fn2\">2<\/a><\/sup>&nbsp;das Werk, an dem sich die &uuml;brigen Kommentare zu kantonalen Steuergesetzen messen m&uuml;ssen. Die vielerorts tiefgr&uuml;ndige Kommentierung der kantonalen Bestimmungen kommt freilich zum Preis des stattlichen Umfangs von rund 3000&nbsp;Seiten. W&auml;hrend die 3.&nbsp;Auflage noch in zwei B&auml;nde aufgeteilt war, wurde nunmehr das gesamte Werk (wie bereits in der 4.&nbsp;Auflage) in einen einzigen Band gepackt. Da das verwendete Papier deutlich dicker als in den Basler Kommentaren von vergleichbarem Umfang ist, gewinnt das Werk locker den Preis als volumin&ouml;sestes Buch in der Bibliothek des Rezensenten. Ob dadurch tats&auml;chlich die Benutzerfreundlichkeit aufrecht erhalten wird, wie von den Herausgebern beteuert, ist freilich eine andere Frage. Klar ist aber, dass niemand um den Kommentar zum Aargauer Steuergesetz herumkommt, der sich mit dem Aargauer Steuerrecht befasst.<\/p><p><em>Stefan Oesterhelt<\/em><\/p><div class=\"wp-block-sht-footnotes b-footnotes\">\n<h2 class=\"wp-block-heading\">Fussnoten<\/h2>\n\n\n\n<p id=\"fn1\" class=\"b-footnote\">Zweifel\/Beusch (Hrsg.), Kommentar zum Schweizerischen Steuerrecht, StHG, 4.&nbsp;Aufl., Basel 2022 (vgl. dazu die Rezension von Toni Amonn in der StR&nbsp;2023, 415&nbsp;f.)<\/p>\n\n\n\n<p id=\"fn2\" class=\"b-footnote\">Richner\/Frei\/Kaufmann\/Rohner, Kommentar zum Z&uuml;rcher Steuergesetz, 4.&nbsp;Aufl., Z&uuml;rich 2021 (vgl. dazu die Rezension von Stefan Oesterhelt in der StR&nbsp;2022, 260&nbsp;f.).<\/p>\n<\/div>\n","protected":false},"excerpt":{"rendered":"<p>Kl\u00f6ti-Weber\/Schudel\/Schwarb (Hrsg.): Kommentar zum Aargauer Steuergesetz. Rezension von Stefan Oesterhelt<\/p>\n","protected":false},"author":3,"featured_media":0,"template":"","meta":{"_acf_changed":false,"authors":[{"ID":48,"display_name":"Stefan Oesterhelt","first_name":"Stefan","last_name":"Oesterhelt","description":"<p>Rechtsanwalt, LL.M., dipl. Steuerexperte, Partner, Homburger AG, Z\u00fcrich<\/p>\n","image":"https:\/\/steuerportal.ch\/wp-content\/uploads\/2019\/11\/Oesterhelt-220x220.png","organiser_data":[],"url":"https:\/\/steuerportal.ch\/fr\/autoren\/stefan-oesterhelt\/"}],"related_sht_promodule":["<a href=\"https:\/\/steuerportal.ch\/fachmodule\/steuerrevue\/rezensionen\/\">Steuer Revue &#8594; Rezensionen<\/a>"],"pdf":"https:\/\/steuerportal.ch\/fr\/articles-specialises\/rezension-kommentar-zum-aargauer-steuergesetz\/shtpdf\/","language":"de"},"sht_proarticle_category":[260],"sht_proarticle_tag":[],"class_list":["post-16891","sht_proarticle","type-sht_proarticle","status-publish","hentry","sht_proarticle_category-rezensionen"],"acf":{"authors":[48]},"shp_steuerportal_must_use":{"translations":[{"id":16891,"link":"https:\/\/steuerportal.ch\/fr\/articles-specialises\/rezension-kommentar-zum-aargauer-steuergesetz\/","title":{"rendered":"Rezension: Kommentar zum Aargauer Steuergesetz"},"language":"de"}]},"yoast_head":"<!-- This site is optimized with the Yoast SEO plugin v27.5 - https:\/\/yoast.com\/product\/yoast-seo-wordpress\/ -->\n<title>Rezension: Kommentar zum Aargauer Steuergesetz &#8226; steuerportal.ch<\/title>\n<meta name=\"robots\" content=\"index, follow, max-snippet:-1, max-image-preview:large, max-video-preview:-1\" \/>\n<link rel=\"canonical\" href=\"https:\/\/steuerportal.ch\/fr\/articles-specialises\/rezension-kommentar-zum-aargauer-steuergesetz\/\" \/>\n<meta property=\"og:locale\" content=\"fr_FR\" \/>\n<meta property=\"og:type\" content=\"article\" \/>\n<meta property=\"og:title\" content=\"Rezension: Kommentar zum Aargauer Steuergesetz &#8226; steuerportal.ch\" \/>\n<meta property=\"og:description\" content=\"Kl\u00f6ti-Weber\/Schudel\/Schwarb (Hrsg.): Kommentar zum Aargauer Steuergesetz. Rezension von Stefan Oesterhelt\" \/>\n<meta property=\"og:url\" content=\"https:\/\/steuerportal.ch\/fr\/articles-specialises\/rezension-kommentar-zum-aargauer-steuergesetz\/\" \/>\n<meta property=\"og:site_name\" content=\"steuerportal.ch\" \/>\n<meta property=\"article:modified_time\" content=\"2023-10-06T08:21:35+00:00\" \/>\n<meta property=\"og:image\" content=\"https:\/\/steuerportal.ch\/wp-content\/uploads\/2023\/01\/temp-Cover-5-Aufl-Version2_2-696x1024.jpg\" \/>\n<meta name=\"twitter:card\" content=\"summary_large_image\" \/>\n<meta name=\"twitter:label1\" content=\"Dur\u00e9e de lecture estim\u00e9e\" \/>\n\t<meta name=\"twitter:data1\" content=\"6 minutes\" \/>\n<script type=\"application\/ld+json\" class=\"yoast-schema-graph\">{\"@context\":\"https:\\\/\\\/schema.org\",\"@graph\":[{\"@type\":\"WebPage\",\"@id\":\"https:\\\/\\\/steuerportal.ch\\\/fr\\\/articles-specialises\\\/rezension-kommentar-zum-aargauer-steuergesetz\\\/\",\"url\":\"https:\\\/\\\/steuerportal.ch\\\/fr\\\/articles-specialises\\\/rezension-kommentar-zum-aargauer-steuergesetz\\\/\",\"name\":\"Rezension: Kommentar zum Aargauer Steuergesetz &#8226; steuerportal.ch\",\"isPartOf\":{\"@id\":\"https:\\\/\\\/steuerportal.ch\\\/fr\\\/#website\"},\"primaryImageOfPage\":{\"@id\":\"https:\\\/\\\/steuerportal.ch\\\/fr\\\/articles-specialises\\\/rezension-kommentar-zum-aargauer-steuergesetz\\\/#primaryimage\"},\"image\":{\"@id\":\"https:\\\/\\\/steuerportal.ch\\\/fr\\\/articles-specialises\\\/rezension-kommentar-zum-aargauer-steuergesetz\\\/#primaryimage\"},\"thumbnailUrl\":\"https:\\\/\\\/steuerportal.ch\\\/wp-content\\\/uploads\\\/2023\\\/01\\\/temp-Cover-5-Aufl-Version2_2-696x1024.jpg\",\"datePublished\":\"2023-10-03T08:00:04+00:00\",\"dateModified\":\"2023-10-06T08:21:35+00:00\",\"breadcrumb\":{\"@id\":\"https:\\\/\\\/steuerportal.ch\\\/fr\\\/articles-specialises\\\/rezension-kommentar-zum-aargauer-steuergesetz\\\/#breadcrumb\"},\"inLanguage\":\"fr-FR\",\"potentialAction\":[{\"@type\":\"ReadAction\",\"target\":[\"https:\\\/\\\/steuerportal.ch\\\/fr\\\/articles-specialises\\\/rezension-kommentar-zum-aargauer-steuergesetz\\\/\"]}]},{\"@type\":\"ImageObject\",\"inLanguage\":\"fr-FR\",\"@id\":\"https:\\\/\\\/steuerportal.ch\\\/fr\\\/articles-specialises\\\/rezension-kommentar-zum-aargauer-steuergesetz\\\/#primaryimage\",\"url\":\"https:\\\/\\\/steuerportal.ch\\\/wp-content\\\/uploads\\\/2023\\\/01\\\/temp-Cover-5-Aufl-Version2_2-696x1024.jpg\",\"contentUrl\":\"https:\\\/\\\/steuerportal.ch\\\/wp-content\\\/uploads\\\/2023\\\/01\\\/temp-Cover-5-Aufl-Version2_2-696x1024.jpg\"},{\"@type\":\"BreadcrumbList\",\"@id\":\"https:\\\/\\\/steuerportal.ch\\\/fr\\\/articles-specialises\\\/rezension-kommentar-zum-aargauer-steuergesetz\\\/#breadcrumb\",\"itemListElement\":[{\"@type\":\"ListItem\",\"position\":1,\"name\":\"Page d'accueil\",\"item\":\"https:\\\/\\\/steuerportal.ch\\\/fr\\\/\"},{\"@type\":\"ListItem\",\"position\":2,\"name\":\"Fachartikel\",\"item\":\"https:\\\/\\\/steuerportal.ch\\\/fr\\\/articles-specialises\\\/\"},{\"@type\":\"ListItem\",\"position\":3,\"name\":\"Rezension: Kommentar zum Aargauer Steuergesetz\"}]},{\"@type\":\"WebSite\",\"@id\":\"https:\\\/\\\/steuerportal.ch\\\/fr\\\/#website\",\"url\":\"https:\\\/\\\/steuerportal.ch\\\/fr\\\/\",\"name\":\"steuerportal.ch\",\"description\":\"Le portail suisse sp\u00e9cialis\u00e9 dans le domaine des imp\u00f4ts\",\"publisher\":{\"@id\":\"https:\\\/\\\/steuerportal.ch\\\/fr\\\/#organization\"},\"potentialAction\":[{\"@type\":\"SearchAction\",\"target\":{\"@type\":\"EntryPoint\",\"urlTemplate\":\"https:\\\/\\\/steuerportal.ch\\\/fr\\\/?s={search_term_string}\"},\"query-input\":{\"@type\":\"PropertyValueSpecification\",\"valueRequired\":true,\"valueName\":\"search_term_string\"}}],\"inLanguage\":\"fr-FR\"},{\"@type\":\"Organization\",\"@id\":\"https:\\\/\\\/steuerportal.ch\\\/fr\\\/#organization\",\"name\":\"Steuerportal (Cosmos Verlag)\",\"url\":\"https:\\\/\\\/steuerportal.ch\\\/fr\\\/\",\"logo\":{\"@type\":\"ImageObject\",\"inLanguage\":\"fr-FR\",\"@id\":\"https:\\\/\\\/steuerportal.ch\\\/fr\\\/#\\\/schema\\\/logo\\\/image\\\/\",\"url\":\"https:\\\/\\\/steuerportal.ch\\\/wp-content\\\/uploads\\\/2021\\\/06\\\/cosmos_c-strich_h_positiv_bunt.svg\",\"contentUrl\":\"https:\\\/\\\/steuerportal.ch\\\/wp-content\\\/uploads\\\/2021\\\/06\\\/cosmos_c-strich_h_positiv_bunt.svg\",\"width\":191,\"height\":44,\"caption\":\"Steuerportal (Cosmos Verlag)\"},\"image\":{\"@id\":\"https:\\\/\\\/steuerportal.ch\\\/fr\\\/#\\\/schema\\\/logo\\\/image\\\/\"}}]}<\/script>\n<!-- \/ Yoast SEO plugin. -->","yoast_head_json":{"title":"Rezension: Kommentar zum Aargauer Steuergesetz &#8226; steuerportal.ch","robots":{"index":"index","follow":"follow","max-snippet":"max-snippet:-1","max-image-preview":"max-image-preview:large","max-video-preview":"max-video-preview:-1"},"canonical":"https:\/\/steuerportal.ch\/fr\/articles-specialises\/rezension-kommentar-zum-aargauer-steuergesetz\/","og_locale":"fr_FR","og_type":"article","og_title":"Rezension: Kommentar zum Aargauer Steuergesetz &#8226; steuerportal.ch","og_description":"Kl\u00f6ti-Weber\/Schudel\/Schwarb (Hrsg.): Kommentar zum Aargauer Steuergesetz. Rezension von Stefan Oesterhelt","og_url":"https:\/\/steuerportal.ch\/fr\/articles-specialises\/rezension-kommentar-zum-aargauer-steuergesetz\/","og_site_name":"steuerportal.ch","article_modified_time":"2023-10-06T08:21:35+00:00","og_image":[{"url":"https:\/\/steuerportal.ch\/wp-content\/uploads\/2023\/01\/temp-Cover-5-Aufl-Version2_2-696x1024.jpg","type":"","width":"","height":""}],"twitter_card":"summary_large_image","twitter_misc":{"Dur\u00e9e de lecture estim\u00e9e":"6 minutes"},"schema":{"@context":"https:\/\/schema.org","@graph":[{"@type":"WebPage","@id":"https:\/\/steuerportal.ch\/fr\/articles-specialises\/rezension-kommentar-zum-aargauer-steuergesetz\/","url":"https:\/\/steuerportal.ch\/fr\/articles-specialises\/rezension-kommentar-zum-aargauer-steuergesetz\/","name":"Rezension: Kommentar zum Aargauer Steuergesetz &#8226; steuerportal.ch","isPartOf":{"@id":"https:\/\/steuerportal.ch\/fr\/#website"},"primaryImageOfPage":{"@id":"https:\/\/steuerportal.ch\/fr\/articles-specialises\/rezension-kommentar-zum-aargauer-steuergesetz\/#primaryimage"},"image":{"@id":"https:\/\/steuerportal.ch\/fr\/articles-specialises\/rezension-kommentar-zum-aargauer-steuergesetz\/#primaryimage"},"thumbnailUrl":"https:\/\/steuerportal.ch\/wp-content\/uploads\/2023\/01\/temp-Cover-5-Aufl-Version2_2-696x1024.jpg","datePublished":"2023-10-03T08:00:04+00:00","dateModified":"2023-10-06T08:21:35+00:00","breadcrumb":{"@id":"https:\/\/steuerportal.ch\/fr\/articles-specialises\/rezension-kommentar-zum-aargauer-steuergesetz\/#breadcrumb"},"inLanguage":"fr-FR","potentialAction":[{"@type":"ReadAction","target":["https:\/\/steuerportal.ch\/fr\/articles-specialises\/rezension-kommentar-zum-aargauer-steuergesetz\/"]}]},{"@type":"ImageObject","inLanguage":"fr-FR","@id":"https:\/\/steuerportal.ch\/fr\/articles-specialises\/rezension-kommentar-zum-aargauer-steuergesetz\/#primaryimage","url":"https:\/\/steuerportal.ch\/wp-content\/uploads\/2023\/01\/temp-Cover-5-Aufl-Version2_2-696x1024.jpg","contentUrl":"https:\/\/steuerportal.ch\/wp-content\/uploads\/2023\/01\/temp-Cover-5-Aufl-Version2_2-696x1024.jpg"},{"@type":"BreadcrumbList","@id":"https:\/\/steuerportal.ch\/fr\/articles-specialises\/rezension-kommentar-zum-aargauer-steuergesetz\/#breadcrumb","itemListElement":[{"@type":"ListItem","position":1,"name":"Page d'accueil","item":"https:\/\/steuerportal.ch\/fr\/"},{"@type":"ListItem","position":2,"name":"Fachartikel","item":"https:\/\/steuerportal.ch\/fr\/articles-specialises\/"},{"@type":"ListItem","position":3,"name":"Rezension: Kommentar zum Aargauer Steuergesetz"}]},{"@type":"WebSite","@id":"https:\/\/steuerportal.ch\/fr\/#website","url":"https:\/\/steuerportal.ch\/fr\/","name":"steuerportal.ch","description":"Le portail suisse sp\u00e9cialis\u00e9 dans le domaine des imp\u00f4ts","publisher":{"@id":"https:\/\/steuerportal.ch\/fr\/#organization"},"potentialAction":[{"@type":"SearchAction","target":{"@type":"EntryPoint","urlTemplate":"https:\/\/steuerportal.ch\/fr\/?s={search_term_string}"},"query-input":{"@type":"PropertyValueSpecification","valueRequired":true,"valueName":"search_term_string"}}],"inLanguage":"fr-FR"},{"@type":"Organization","@id":"https:\/\/steuerportal.ch\/fr\/#organization","name":"Steuerportal (Cosmos Verlag)","url":"https:\/\/steuerportal.ch\/fr\/","logo":{"@type":"ImageObject","inLanguage":"fr-FR","@id":"https:\/\/steuerportal.ch\/fr\/#\/schema\/logo\/image\/","url":"https:\/\/steuerportal.ch\/wp-content\/uploads\/2021\/06\/cosmos_c-strich_h_positiv_bunt.svg","contentUrl":"https:\/\/steuerportal.ch\/wp-content\/uploads\/2021\/06\/cosmos_c-strich_h_positiv_bunt.svg","width":191,"height":44,"caption":"Steuerportal (Cosmos Verlag)"},"image":{"@id":"https:\/\/steuerportal.ch\/fr\/#\/schema\/logo\/image\/"}}]}},"_links":{"self":[{"href":"https:\/\/steuerportal.ch\/fr\/wp-json\/wp\/v2\/sht_proarticle\/16891","targetHints":{"allow":["GET"]}}],"collection":[{"href":"https:\/\/steuerportal.ch\/fr\/wp-json\/wp\/v2\/sht_proarticle"}],"about":[{"href":"https:\/\/steuerportal.ch\/fr\/wp-json\/wp\/v2\/types\/sht_proarticle"}],"author":[{"embeddable":true,"href":"https:\/\/steuerportal.ch\/fr\/wp-json\/wp\/v2\/users\/3"}],"version-history":[{"count":1,"href":"https:\/\/steuerportal.ch\/fr\/wp-json\/wp\/v2\/sht_proarticle\/16891\/revisions"}],"predecessor-version":[{"id":21731,"href":"https:\/\/steuerportal.ch\/fr\/wp-json\/wp\/v2\/sht_proarticle\/16891\/revisions\/21731"}],"acf:user":[{"embeddable":true,"href":"https:\/\/steuerportal.ch\/fr\/wp-json\/wp\/v2\/users\/48"}],"wp:attachment":[{"href":"https:\/\/steuerportal.ch\/fr\/wp-json\/wp\/v2\/media?parent=16891"}],"wp:term":[{"taxonomy":"sht_proarticle_category","embeddable":true,"href":"https:\/\/steuerportal.ch\/fr\/wp-json\/wp\/v2\/sht_proarticle_category?post=16891"},{"taxonomy":"sht_proarticle_tag","embeddable":true,"href":"https:\/\/steuerportal.ch\/fr\/wp-json\/wp\/v2\/sht_proarticle_tag?post=16891"}],"curies":[{"name":"wp","href":"https:\/\/api.w.org\/{rel}","templated":true}]}}