{"id":16716,"date":"2023-09-01T11:25:37","date_gmt":"2023-09-01T09:25:37","guid":{"rendered":"https:\/\/steuerportal.ch\/?post_type=sht_proarticle&#038;p=16716"},"modified":"2023-10-26T23:23:27","modified_gmt":"2023-10-26T21:23:27","slug":"imposition-des-installations-photovoltaiques-dans-la-fortune-privee","status":"publish","type":"sht_proarticle","link":"https:\/\/steuerportal.ch\/fr\/articles-specialises\/imposition-des-installations-photovoltaiques-dans-la-fortune-privee\/","title":{"rendered":"Imposition des installations photovolta\u00efques dans la fortune priv\u00e9e"},"content":{"rendered":"","protected":true},"excerpt":{"rendered":"<p>Le DFF d\u00e9termine quels investissements destin\u00e9s \u00e0 \u00e9conomiser l&rsquo;\u00e9nergie sont assimil\u00e9s \u00e0 des frais d&rsquo;entretien. Toni Hess fonde son \u00e9valuation fiscale des probl\u00e8mes qui en r\u00e9sultent sur des aspects de droits r\u00e9els et pr\u00e9sente un \u00e9tat des lieux des pratiques cantonales.<\/p>\n","protected":false},"author":4,"featured_media":0,"template":"","meta":{"_acf_changed":false,"authors":[{"ID":2133,"display_name":"Toni Hess","first_name":"Toni","last_name":"Hess","description":"<p>Dr.\u2009iur., Leiter Rechtsdienst und Stellvertreter des Vorstehers der Kantonalen Steuerverwaltung Graub\u00fcnden, Chur<\/p>\n","image":"https:\/\/steuerportal.ch\/wp-content\/uploads\/2024\/08\/toni_hess-220x220.jpg","organiser_data":[],"url":"https:\/\/steuerportal.ch\/fr\/autoren\/toni-hess\/"}],"related_sht_promodule":["<a href=\"https:\/\/steuerportal.ch\/fr\/modules-specialises\/revue-fiscale\/articles-de-fond\/\">Revue fiscale &#8594; Articles de fond<\/a>"],"pdf":"https:\/\/steuerportal.ch\/fr\/articles-specialises\/imposition-des-installations-photovoltaiques-dans-la-fortune-privee\/shtpdf\/","language":"fr"},"sht_proarticle_category":[266],"sht_proarticle_tag":[],"class_list":["post-16716","sht_proarticle","type-sht_proarticle","status-publish","hentry","sht_proarticle_category-articles-de-fond"],"acf":{"authors":[2133]},"shp_steuerportal_must_use":{"translations":[{"id":16711,"link":"https:\/\/steuerportal.ch\/articles-specialises\/besteuerung-von-photovoltaikanlagen-im-privatvermoegen\/","title":{"rendered":"Besteuerung von Photovoltaikanlagen im Privatverm\u00f6gen"},"language":"de"},{"id":16716,"link":"https:\/\/steuerportal.ch\/fr\/articles-specialises\/imposition-des-installations-photovoltaiques-dans-la-fortune-privee\/","title":{"rendered":"Imposition des installations photovolta\u00efques dans la fortune priv\u00e9e"},"language":"fr"}]},"yoast_head":"<!-- This site is optimized with the Yoast SEO plugin v27.5 - https:\/\/yoast.com\/product\/yoast-seo-wordpress\/ -->\n<title>Imposition des installations photovolta\u00efques dans la fortune priv\u00e9e &#8226; steuerportal.ch<\/title>\n<meta name=\"robots\" content=\"index, follow, max-snippet:-1, max-image-preview:large, max-video-preview:-1\" \/>\n<link rel=\"canonical\" href=\"https:\/\/steuerportal.ch\/fr\/articles-specialises\/imposition-des-installations-photovoltaiques-dans-la-fortune-privee\/\" \/>\n<meta property=\"og:locale\" content=\"fr_FR\" \/>\n<meta property=\"og:type\" content=\"article\" \/>\n<meta property=\"og:title\" content=\"Imposition des installations photovolta\u00efques dans la fortune priv\u00e9e &#8226; steuerportal.ch\" \/>\n<meta property=\"og:description\" content=\"Le DFF d\u00e9termine quels investissements destin\u00e9s \u00e0 \u00e9conomiser l&#039;\u00e9nergie sont assimil\u00e9s \u00e0 des frais d&#039;entretien. Toni Hess fonde son \u00e9valuation fiscale des probl\u00e8mes qui en r\u00e9sultent sur des aspects de droits r\u00e9els et pr\u00e9sente un \u00e9tat des lieux des pratiques cantonales.\" \/>\n<meta property=\"og:url\" content=\"https:\/\/steuerportal.ch\/fr\/articles-specialises\/imposition-des-installations-photovoltaiques-dans-la-fortune-privee\/\" \/>\n<meta property=\"og:site_name\" content=\"steuerportal.ch\" \/>\n<meta property=\"article:modified_time\" content=\"2023-10-26T21:23:27+00:00\" \/>\n<meta name=\"twitter:card\" content=\"summary_large_image\" \/>\n<meta name=\"twitter:label1\" content=\"Dur\u00e9e de lecture estim\u00e9e\" \/>\n\t<meta name=\"twitter:data1\" content=\"89 minutes\" \/>\n<script type=\"application\/ld+json\" class=\"yoast-schema-graph\">{\"@context\":\"https:\\\/\\\/schema.org\",\"@graph\":[{\"@type\":\"WebPage\",\"@id\":\"https:\\\/\\\/steuerportal.ch\\\/fr\\\/articles-specialises\\\/imposition-des-installations-photovoltaiques-dans-la-fortune-privee\\\/\",\"url\":\"https:\\\/\\\/steuerportal.ch\\\/fr\\\/articles-specialises\\\/imposition-des-installations-photovoltaiques-dans-la-fortune-privee\\\/\",\"name\":\"Imposition des installations photovolta\u00efques dans la fortune priv\u00e9e &#8226; steuerportal.ch\",\"isPartOf\":{\"@id\":\"https:\\\/\\\/steuerportal.ch\\\/fr\\\/#website\"},\"datePublished\":\"2023-09-01T09:25:37+00:00\",\"dateModified\":\"2023-10-26T21:23:27+00:00\",\"breadcrumb\":{\"@id\":\"https:\\\/\\\/steuerportal.ch\\\/fr\\\/articles-specialises\\\/imposition-des-installations-photovoltaiques-dans-la-fortune-privee\\\/#breadcrumb\"},\"inLanguage\":\"fr-FR\",\"potentialAction\":[{\"@type\":\"ReadAction\",\"target\":[\"https:\\\/\\\/steuerportal.ch\\\/fr\\\/articles-specialises\\\/imposition-des-installations-photovoltaiques-dans-la-fortune-privee\\\/\"]}]},{\"@type\":\"BreadcrumbList\",\"@id\":\"https:\\\/\\\/steuerportal.ch\\\/fr\\\/articles-specialises\\\/imposition-des-installations-photovoltaiques-dans-la-fortune-privee\\\/#breadcrumb\",\"itemListElement\":[{\"@type\":\"ListItem\",\"position\":1,\"name\":\"Page d'accueil\",\"item\":\"https:\\\/\\\/steuerportal.ch\\\/fr\\\/\"},{\"@type\":\"ListItem\",\"position\":2,\"name\":\"Fachartikel\",\"item\":\"https:\\\/\\\/steuerportal.ch\\\/fr\\\/articles-specialises\\\/\"},{\"@type\":\"ListItem\",\"position\":3,\"name\":\"Imposition des installations photovolta\u00efques dans la fortune priv\u00e9e\"}]},{\"@type\":\"WebSite\",\"@id\":\"https:\\\/\\\/steuerportal.ch\\\/fr\\\/#website\",\"url\":\"https:\\\/\\\/steuerportal.ch\\\/fr\\\/\",\"name\":\"steuerportal.ch\",\"description\":\"Le portail suisse sp\u00e9cialis\u00e9 dans le domaine des imp\u00f4ts\",\"publisher\":{\"@id\":\"https:\\\/\\\/steuerportal.ch\\\/fr\\\/#organization\"},\"potentialAction\":[{\"@type\":\"SearchAction\",\"target\":{\"@type\":\"EntryPoint\",\"urlTemplate\":\"https:\\\/\\\/steuerportal.ch\\\/fr\\\/?s={search_term_string}\"},\"query-input\":{\"@type\":\"PropertyValueSpecification\",\"valueRequired\":true,\"valueName\":\"search_term_string\"}}],\"inLanguage\":\"fr-FR\"},{\"@type\":\"Organization\",\"@id\":\"https:\\\/\\\/steuerportal.ch\\\/fr\\\/#organization\",\"name\":\"Steuerportal (Cosmos Verlag)\",\"url\":\"https:\\\/\\\/steuerportal.ch\\\/fr\\\/\",\"logo\":{\"@type\":\"ImageObject\",\"inLanguage\":\"fr-FR\",\"@id\":\"https:\\\/\\\/steuerportal.ch\\\/fr\\\/#\\\/schema\\\/logo\\\/image\\\/\",\"url\":\"https:\\\/\\\/steuerportal.ch\\\/wp-content\\\/uploads\\\/2021\\\/06\\\/cosmos_c-strich_h_positiv_bunt.svg\",\"contentUrl\":\"https:\\\/\\\/steuerportal.ch\\\/wp-content\\\/uploads\\\/2021\\\/06\\\/cosmos_c-strich_h_positiv_bunt.svg\",\"width\":191,\"height\":44,\"caption\":\"Steuerportal (Cosmos Verlag)\"},\"image\":{\"@id\":\"https:\\\/\\\/steuerportal.ch\\\/fr\\\/#\\\/schema\\\/logo\\\/image\\\/\"}}]}<\/script>\n<!-- \/ Yoast SEO plugin. -->","yoast_head_json":{"title":"Imposition des installations photovolta\u00efques dans la fortune priv\u00e9e &#8226; steuerportal.ch","robots":{"index":"index","follow":"follow","max-snippet":"max-snippet:-1","max-image-preview":"max-image-preview:large","max-video-preview":"max-video-preview:-1"},"canonical":"https:\/\/steuerportal.ch\/fr\/articles-specialises\/imposition-des-installations-photovoltaiques-dans-la-fortune-privee\/","og_locale":"fr_FR","og_type":"article","og_title":"Imposition des installations photovolta\u00efques dans la fortune priv\u00e9e &#8226; steuerportal.ch","og_description":"Le DFF d\u00e9termine quels investissements destin\u00e9s \u00e0 \u00e9conomiser l'\u00e9nergie sont assimil\u00e9s \u00e0 des frais d'entretien. Toni Hess fonde son \u00e9valuation fiscale des probl\u00e8mes qui en r\u00e9sultent sur des aspects de droits r\u00e9els et pr\u00e9sente un \u00e9tat des lieux des pratiques cantonales.","og_url":"https:\/\/steuerportal.ch\/fr\/articles-specialises\/imposition-des-installations-photovoltaiques-dans-la-fortune-privee\/","og_site_name":"steuerportal.ch","article_modified_time":"2023-10-26T21:23:27+00:00","twitter_card":"summary_large_image","twitter_misc":{"Dur\u00e9e de lecture estim\u00e9e":"89 minutes"},"schema":{"@context":"https:\/\/schema.org","@graph":[{"@type":"WebPage","@id":"https:\/\/steuerportal.ch\/fr\/articles-specialises\/imposition-des-installations-photovoltaiques-dans-la-fortune-privee\/","url":"https:\/\/steuerportal.ch\/fr\/articles-specialises\/imposition-des-installations-photovoltaiques-dans-la-fortune-privee\/","name":"Imposition des installations photovolta\u00efques dans la fortune priv\u00e9e &#8226; steuerportal.ch","isPartOf":{"@id":"https:\/\/steuerportal.ch\/fr\/#website"},"datePublished":"2023-09-01T09:25:37+00:00","dateModified":"2023-10-26T21:23:27+00:00","breadcrumb":{"@id":"https:\/\/steuerportal.ch\/fr\/articles-specialises\/imposition-des-installations-photovoltaiques-dans-la-fortune-privee\/#breadcrumb"},"inLanguage":"fr-FR","potentialAction":[{"@type":"ReadAction","target":["https:\/\/steuerportal.ch\/fr\/articles-specialises\/imposition-des-installations-photovoltaiques-dans-la-fortune-privee\/"]}]},{"@type":"BreadcrumbList","@id":"https:\/\/steuerportal.ch\/fr\/articles-specialises\/imposition-des-installations-photovoltaiques-dans-la-fortune-privee\/#breadcrumb","itemListElement":[{"@type":"ListItem","position":1,"name":"Page d'accueil","item":"https:\/\/steuerportal.ch\/fr\/"},{"@type":"ListItem","position":2,"name":"Fachartikel","item":"https:\/\/steuerportal.ch\/fr\/articles-specialises\/"},{"@type":"ListItem","position":3,"name":"Imposition des installations photovolta\u00efques dans la fortune priv\u00e9e"}]},{"@type":"WebSite","@id":"https:\/\/steuerportal.ch\/fr\/#website","url":"https:\/\/steuerportal.ch\/fr\/","name":"steuerportal.ch","description":"Le portail suisse sp\u00e9cialis\u00e9 dans le domaine des imp\u00f4ts","publisher":{"@id":"https:\/\/steuerportal.ch\/fr\/#organization"},"potentialAction":[{"@type":"SearchAction","target":{"@type":"EntryPoint","urlTemplate":"https:\/\/steuerportal.ch\/fr\/?s={search_term_string}"},"query-input":{"@type":"PropertyValueSpecification","valueRequired":true,"valueName":"search_term_string"}}],"inLanguage":"fr-FR"},{"@type":"Organization","@id":"https:\/\/steuerportal.ch\/fr\/#organization","name":"Steuerportal (Cosmos Verlag)","url":"https:\/\/steuerportal.ch\/fr\/","logo":{"@type":"ImageObject","inLanguage":"fr-FR","@id":"https:\/\/steuerportal.ch\/fr\/#\/schema\/logo\/image\/","url":"https:\/\/steuerportal.ch\/wp-content\/uploads\/2021\/06\/cosmos_c-strich_h_positiv_bunt.svg","contentUrl":"https:\/\/steuerportal.ch\/wp-content\/uploads\/2021\/06\/cosmos_c-strich_h_positiv_bunt.svg","width":191,"height":44,"caption":"Steuerportal (Cosmos Verlag)"},"image":{"@id":"https:\/\/steuerportal.ch\/fr\/#\/schema\/logo\/image\/"}}]}},"_links":{"self":[{"href":"https:\/\/steuerportal.ch\/fr\/wp-json\/wp\/v2\/sht_proarticle\/16716","targetHints":{"allow":["GET"]}}],"collection":[{"href":"https:\/\/steuerportal.ch\/fr\/wp-json\/wp\/v2\/sht_proarticle"}],"about":[{"href":"https:\/\/steuerportal.ch\/fr\/wp-json\/wp\/v2\/types\/sht_proarticle"}],"author":[{"embeddable":true,"href":"https:\/\/steuerportal.ch\/fr\/wp-json\/wp\/v2\/users\/4"}],"version-history":[{"count":0,"href":"https:\/\/steuerportal.ch\/fr\/wp-json\/wp\/v2\/sht_proarticle\/16716\/revisions"}],"acf:user":[{"embeddable":true,"href":"https:\/\/steuerportal.ch\/fr\/wp-json\/wp\/v2\/users\/2133"}],"wp:attachment":[{"href":"https:\/\/steuerportal.ch\/fr\/wp-json\/wp\/v2\/media?parent=16716"}],"wp:term":[{"taxonomy":"sht_proarticle_category","embeddable":true,"href":"https:\/\/steuerportal.ch\/fr\/wp-json\/wp\/v2\/sht_proarticle_category?post=16716"},{"taxonomy":"sht_proarticle_tag","embeddable":true,"href":"https:\/\/steuerportal.ch\/fr\/wp-json\/wp\/v2\/sht_proarticle_tag?post=16716"}],"curies":[{"name":"wp","href":"https:\/\/api.w.org\/{rel}","templated":true}]}}