{"id":16472,"date":"2023-07-25T10:15:19","date_gmt":"2023-07-25T08:15:19","guid":{"rendered":"https:\/\/steuerportal.ch\/?post_type=sht_proarticle&#038;p=16472"},"modified":"2023-07-25T10:17:32","modified_gmt":"2023-07-25T08:17:32","slug":"rezension-bv-kommentar","status":"publish","type":"sht_proarticle","link":"https:\/\/steuerportal.ch\/fr\/articles-specialises\/rezension-bv-kommentar\/","title":{"rendered":"Rezension: BV-Kommentar"},"content":{"rendered":"<div class=\"wp-block-media-text alignwide is-stacked-on-mobile\"><figure class=\"wp-block-media-text__media\"><img loading=\"lazy\" decoding=\"async\" width=\"822\" height=\"1024\" src=\"https:\/\/steuerportal.ch\/wp-content\/uploads\/2023\/07\/Rez_BV-822x1024.jpg\" alt=\"\" class=\"wp-image-16473 size-full\" srcset=\"https:\/\/steuerportal.ch\/wp-content\/uploads\/2023\/07\/Rez_BV-822x1024.jpg 822w, https:\/\/steuerportal.ch\/wp-content\/uploads\/2023\/07\/Rez_BV-700x872.jpg 700w, https:\/\/steuerportal.ch\/wp-content\/uploads\/2023\/07\/Rez_BV-768x956.jpg 768w, https:\/\/steuerportal.ch\/wp-content\/uploads\/2023\/07\/Rez_BV-225x280.jpg 225w, https:\/\/steuerportal.ch\/wp-content\/uploads\/2023\/07\/Rez_BV-628x782.jpg 628w, https:\/\/steuerportal.ch\/wp-content\/uploads\/2023\/07\/Rez_BV-296x369.jpg 296w, https:\/\/steuerportal.ch\/wp-content\/uploads\/2023\/07\/Rez_BV.jpg 1027w\" sizes=\"auto, (max-width: 822px) 100vw, 822px\" \/><\/figure><div class=\"wp-block-media-text__content\">\n<p>Ehrenzeller \/ Egli \/ Hettich \/ Hongler \/ Schindler \/ Schmid \/ Schweizer (Hrsg.)<\/p>\n\n\n\n<p><strong>Die schweizerische Bundesverfassung, St.&thinsp;Galler Kommentar<\/strong><\/p>\n\n\n\n<p>2023, (2.&nbsp;Aufl.), 4756&nbsp;Seiten<\/p>\n\n\n\n<p>CHF&nbsp;568.&ndash;<\/p>\n\n\n\n<p>Dike \/ Schulthess<\/p>\n\n\n\n<p>Z&uuml;rich \/ St.&thinsp;Gallen<\/p>\n\n\n\n<p><a href=\"https:\/\/www.cosmosverlag.ch\/fachmedien\/produkt\/die-schweizerische-bundesverfassung-st-galler-kommentar\/\" target=\"_blank\" rel=\"noreferrer noopener\">Bestellung bei cosmosverlag.ch<\/a><\/p>\n<\/div><\/div><p>W&auml;hrend der Basler Kommentar zur schweizerischen Bundesverfassung immer noch auf eine zweite Auflage wartet, ist der St.&thinsp;Galler Kommentar nun bereits in vierter Auflage erschienen. Doch nicht nur bez&uuml;glich Erscheinungsh&auml;ufigkeit, sondern auch hinsichtlich Umfang l&auml;sst er den Basler Kommentar weit hinter sich. Was im Jahr 2002 als einb&auml;ndiges Werk begonnen wurde, ist mittlerweile auf stolze 4756&nbsp;Seiten angewachsen. Bereits seit der zweiten Auflage wurde daher eine Aufteilung auf zwei B&auml;nde notwendig.<\/p><p>Die Bezeichnung als &laquo;St.&thinsp;Galler Kommentar&raquo;, die dieser seit der zweiten Auflage tr&auml;gt, weist auf die urspr&uuml;ngliche Domizilierung des Verlags hin.<sup><a data-fnq id=\"fnq1\" href=\"#fn1\">1<\/a><\/sup>Da der Dike Verlag aber mittlerweile vorrangig in Z&uuml;rich ans&auml;ssig ist und der Kommentar zudem eine Ko-Produktion mit dem in Z&uuml;rich ans&auml;ssigen Schulthess Verlag ist. ist,<sup><a data-fnq id=\"fnq2\" href=\"#fn2\">2<\/a><\/sup>&nbsp;ist diese Bezeichnung in erster Linie noch historisch bedingt.<sup><a data-fnq id=\"fnq3\" href=\"#fn3\">3<\/a><\/sup>&nbsp;Geblieben ist aber der (f&uuml;r schweizerische Kommentare eher un&uuml;bliche<sup><a data-fnq id=\"fnq4\" href=\"#fn4\">4<\/a><\/sup>) Umstand, dass sich die Herausgeberschaft seit jeher ausschliesslich aus Mitgliedern der juristischen Fakult&auml;t der Universit&auml;t St.&thinsp;Gallen zusammensetzt. Von der &laquo;Gr&uuml;ndergeneration&raquo; sind nur noch&nbsp;Bernhard Ehrenzeller&nbsp;und&nbsp;Rainer Schweizer&nbsp;&uuml;brig geblieben,&nbsp;Patricia Egli,&nbsp;Peter Hettich, Benjamin Schindler&nbsp;und&nbsp;Stefan Schmid&nbsp;erg&auml;nzen die Herausgeber&shy;schaft. Bei den rund neunzig Autoren wurden dagegen vereinzelt auch solche von anderen Fakult&auml;ten bzw. Landesteilen ber&uuml;cksichtigt.<\/p><p>Aus steuerrechtlicher Sicht hervorzuheben ist, dass mit&nbsp;Peter Hongler&nbsp;neu auch der Inhaber des Lehrstuhls f&uuml;r Steuerrecht an der Universit&auml;t St.&thinsp;Gallen Mitherausgeber ist. Dadurch wird der Stellung des Steuerrechts als Teil des &ouml;ffentlichen Rechts Nachachtung verliehen. Besondere Bedeutung f&uuml;r das Steuerrecht haben die in Art.&nbsp;127 bis 133 BV enthaltenen Regeln zur Finanzordnung. Die vorliegende Rezension konzentriert sich daher auf diese f&uuml;r das schweizerische Steuerrecht zentralen Bestimmungen.<\/p><p>Mitherausgeber Peter Hongler hat mit Art.&nbsp;127 BV auch die Kommentierung der wichtigsten steuerrecht&shy;lichen Bestimmung der Bundesverfassung &uuml;bernommen. Dabei handelt es sich um eine vollst&auml;ndige Neufassung der Kommentierung, welche in der vor knapp zehn Jahren erschienenen dritten Auflage noch von Klaus Vallender und Ren&eacute; Wiederkehr bearbeitet wurde. Neben dem Legalit&auml;tsprinzip (Art.&nbsp;127 Abs.&nbsp;1 BV) und dem Verbot der interkantonalen Doppelbesteuerung (Art.&nbsp;127 Abs.&nbsp;3 BV) sind in Art.&nbsp;127 Abs.&nbsp;2 BV auch die Besteuerungsgrunds&auml;tze und somit auch der Grundsatz der Besteuerung nach der wirtschaftlichen Leistungsf&auml;higkeit verankert. Da mit Peter Hongler der wohl sch&auml;rfste Kritiker<sup><a data-fnq id=\"fnq5\" href=\"#fn5\">5<\/a><\/sup>&nbsp;des Grundsatzes der Besteuerung nach der wirtschaftlichen Leistungsf&auml;higkeit in der Schweiz diese zentrale Bestimmung kommentiert, weht diesem Grundsatz seit der vierten Auflage nun deutlich mehr Gegenwind als in den Vorauflagen oder im Basler Kommentar<sup><a data-fnq id=\"fnq6\" href=\"#fn6\">6<\/a><\/sup>&nbsp;entgegen. Dabei geht die Kommentierung weit &uuml;ber die blosse Darstellung der hierzu ergangenen bundesgerichtlichen Rechtsprechung hinaus und enth&auml;lt zahlreiche neue Denkans&auml;tze. So wird etwa die Frage in den Raum gestellt, ob es nicht etwa gerecht (und mit Art.&nbsp;127 BV vereinbar) w&auml;re, wenn ein Steuerberater eine h&ouml;here Steuerbelastung erfahren w&uuml;rde als eine Kinder&auml;rztin mit gleichem Einkommen, da letztere eine wichtigere (moralische) T&auml;tigkeit aus&uuml;be. Durch eine solche Interpretation von Art.&nbsp;127 BV wird der Grundsatz der Wertneutralit&auml;t, der nach &uuml;berwiegendem Verst&auml;ndnis dem Leistungsf&auml;higkeitsprinzips zu Grunde liegt,<sup><a data-fnq id=\"fnq7\" href=\"#fn7\">7<\/a><\/sup>&nbsp;ernsthaft herausgefordert. Unter Berufung auf das Lambert&rsquo;s Conundrum wird sodann aufgezeigt, dass ein degressiver Steuersatz die existierenden Ungleichheiten in der Gesellschaft eher verringert als ein proportionaler oder ein linearer Steuersatz. Neben Art.&nbsp;127 BV kommentierte Peter Hongler auch die deutlich weniger brisanten Art.&nbsp;85a BV (Abgabe f&uuml;r die Ben&uuml;tzung der Nationalstrassen) sowie Art.&nbsp;132 (Kompetenz zur Erhebung von Stempelabgaben und Verrechnungssteuer).<\/p><p>F&uuml;r die Kommentierung von Art.&nbsp;128 BV (Kompetenz zur Erhebung der direkten Steuern) sowie Art.&nbsp;134 BV (Ausschluss kantonaler und kommunaler Besteuerung) zeichnen nach wie vor&nbsp;Vallender\/Cavelti&nbsp;verantwortlich. Dennoch blieb nicht alles beim Alten, fand doch mit Bezug auf den Ko-Autor ein Wechsel vom (mittlerweile verstorbenen) Ulrich Cavelti zu dessen Sohn&nbsp;Luzius Cavelti&nbsp;statt. Auch inhaltlich wurden teilweise neue Aspekte betont. So wird etwa das Problem der Inl&auml;nderdiskriminierung hervorgehoben, da sich im Inland ans&auml;ssige Personen bzw. Personen mit schweizerischer Staatsangeh&ouml;rigkeit nicht auf die Diskriminierungsverbote gem&auml;ss OECD-MA bzw. FZA berufen k&ouml;nnen und wegen dem Anwendungsgebot von Art.&nbsp;190 BV die Berufung auf Art.&nbsp;8 und 127 BV mit Bezug auf Bestimmungen des Bundesrechts scheitert. Diese Ungleichbehandlung wird von den Autoren als stossend bezeichnet und der Gesetzgeber dazu aufgefordert, &laquo;hier f&uuml;r gleiche M&ouml;glichkeiten [zu] sorgen&raquo;, ohne aber n&auml;her darauf einzugehen, welche Bestimmungen konkret zu &auml;ndern w&auml;ren. Da eine Abschaffung von Art.&nbsp;190 BV f&uuml;r die Autoren wohl ausser Frage stehen d&uuml;rfte, k&ouml;nnen damit wohl nur &Auml;nderungen im materiellen Steuerrecht gemeint sein.<sup><a data-fnq id=\"fnq8\" href=\"#fn8\">8<\/a><\/sup><\/p><p>F&uuml;r die bisher von&nbsp;Urs Behnisch&nbsp;verfasste Kommentierung der Kompetenznorm zur Steuerharmonisierung (Art.&nbsp;129 BV) zeichnet dieser neu in Ko-Autorschaft mit Luzius Cavelti verantwortlich. Letzterer hat auch die bisher von Urs Behnisch verfasste Kommentierung zu Art.&nbsp;131 BV (Besondere Verbrauchssteuern) &uuml;bernommen. Mit Bezug auf die (im Hinblick auf die Einf&uuml;hrung der globalen Mindeststeuer) hier und da diskutierte M&ouml;glichkeit der Einf&uuml;hrung flexibler kantonaler Gewinnsteuers&auml;tze erblicken die Autoren einen Verstoss gegen Art.&nbsp;129 Abs.&nbsp;3 BV. Nun gibt es m.&thinsp;E. durchaus berechtigte Zweifel, dass flexible Gewinnsteuers&auml;tze (trotz der in Art.&nbsp;129 Abs.&nbsp;2 BV vorgesehenen Tarifautonomie der Kantone) gegen die harmonisierungsrechtlichen Vorgaben des Bundes verstossen. Ein Verstoss gegen Art.&nbsp;129 Abs.&nbsp;3 BV, welcher lediglich dem Bund die Kompetenz zum Erlass von Vorschriften gegen ungerechtfertigte steuerliche Verg&uuml;nstigungen verschafft, ist aber nur schwer zu begr&uuml;nden.<sup><a data-fnq id=\"fnq9\" href=\"#fn9\">9<\/a><\/sup><\/p><p>Die bisher von Klaus Vallender verfasste Kommentierung der Kompetenznormen von Art.&nbsp;130 BV (Mehrwertsteuer) sowie Art.&nbsp;133 BV (Z&ouml;lle) wird neu von&nbsp;Ralf Imstepf&nbsp;und&nbsp;Michael Beusch&nbsp;verfasst. Da somit der Leiter der Rechtsabteilung der Hauptabteilung Mehrwertsteuer der ESTV sowie der f&uuml;r die bundesgerichtliche Beurteilung allf&auml;lliger Streitfragen zust&auml;ndige Bundesrichter als Autoren zeichnen, ist f&uuml;r eine praxisnahe Kommentierung gesorgt.<\/p><p>Auch in der vierten Auflage ist der St.&thinsp;Galler Kommentar zur Bundesverfassung weiterhin das Werk, an dem sich die &uuml;brigen Kommentierungen zur (neuen) Bundesverfassung messen m&uuml;ssen. Dies gilt auch f&uuml;r die Kommentierungen der Bestimmungen zur Finanzordnung. Die Neuauflage steht auch im Zeichen eines Generationenwechsels, welcher zu zahlreichen personellen Neubesetzungen gef&uuml;hrt hat. Dabei wurde aber in der Regel f&uuml;r Kontinuit&auml;t gesorgt, in dem der bisherige Autor weiterhin als Ko-Autor eingebunden blieb oder gar eine familieninterne Nachfolge erfolgte. Bei der Kommentierung des Prinzips der Besteuerung nach der wirtschaftlichen Leistungsf&auml;higkeit ging mit dem Autorenwechsel hingegen ein eigentlicher Paradigmenwechsel einher. Somit ist der Kauf der vierten Auflage des St.&thinsp;Galler Kommentars zur Bundesverfassung auch Besitzern der dritten Auflage ohne Vorbehalt empfohlen.<\/p><div class=\"wp-block-sht-footnotes b-footnotes\">\n<h2 class=\"wp-block-heading\">Fussnoten<\/h2>\n\n\n\n<p id=\"fn1\" class=\"b-footnote\">Der Standardkommentar zur alten Bundesverfassung, der von Jean-Fran&ccedil;ois Aubert et al. als Loseblattausgabe herausgegeben wurde, war dagegen noch ein Gemeinschaftswerk der drei traditionellen juristischen Verlage Helbing Lichtenhahn aus Basel, Schulthess aus Z&uuml;rich und St&auml;mpfli aus Bern und konnte somit nicht einem Verlagsort zugeordnet werden.<\/p>\n\n\n\n<p id=\"fn2\" class=\"b-footnote\">Als bibliographische Angabe wird f&uuml;r den St.&thinsp;Galler Kommentar denn auch &laquo;Z&uuml;rich\/St.&thinsp;Gallen&raquo; (Dike) bzw. &laquo;Z&uuml;rich\/Genf&raquo; (Schulthess) angegeben.<\/p>\n\n\n\n<p id=\"fn3\" class=\"b-footnote\">Was durchaus nicht un&uuml;blich ist. So ist beispielsweise der &laquo;Leipziger Kommentar&raquo; zum deutschen StGB seit dem Zweiten Weltkrieg nicht mehr in Leipzig erschienen.<\/p>\n\n\n\n<p id=\"fn4\" class=\"b-footnote\">Bemerkenswerterweise ist eine solche Verankerung an einer einzigen Fakult&auml;t auch beim &laquo;Basler Kommentar&raquo; zur Bundesverfassung auszumachen, welcher von drei Professoren der Universit&auml;t Fribourg herausgegeben wird.<\/p>\n\n\n\n<p id=\"fn5\" class=\"b-footnote\">Vgl. etwa Peter Hongler, Das Leistungsf&auml;higkeitsprinzip &ndash; eine moralische Illusion, Jusletter vom 4.11.2019; Peter Hongler, Die Besteuerung von Gl&uuml;ck, FStR 2021, 330&nbsp;ff.; kritisch hierzu Patrick Waldburger, Besteuerung nach der wirtschaftlichen Leistungsf&auml;higkeit &ndash; Steuergerechtigkeit als Illusionsfalle, ASA&nbsp;91 (2023\/2024), 647&nbsp;ff.<\/p>\n\n\n\n<p id=\"fn6\" class=\"b-footnote\">Dort wird Art.&nbsp;127 BV von Urs Behnisch kommentiert.<\/p>\n\n\n\n<p id=\"fn7\" class=\"b-footnote\">Vgl. hierzu Andrea Opel, Ist Besteuerung von Unrecht rechtens? Zum Grundsatz der sogenannten Wertneutralit&auml;t im Steuerrecht im Lichte aktueller Entwicklungen, ASA&nbsp;84 (2015\/2016), 187&nbsp;ff.<\/p>\n\n\n\n<p id=\"fn8\" class=\"b-footnote\">Denkbar w&auml;re etwa eine Abschaffung des (nur Ausl&auml;nder offenstehenden) Systems der Pauschalbesteuerung oder die Einf&uuml;hrung eines Quellensteuersystems f&uuml;r Personen mit Schweizer Staatsb&uuml;rgerschaft.<\/p>\n\n\n\n<p id=\"fn9\" class=\"b-footnote\">Vgl. auch Opel\/Hongler, Flexible Gewinnsteuers&auml;tze, StR&nbsp;2020, 254&nbsp;ff., 260&nbsp;ff.<\/p>\n<\/div><p><\/p><p><em>S<\/em><\/p>\n","protected":false},"excerpt":{"rendered":"<p>Ehrenzeller \/ Egli \/ Hettich \/ Hongler \/ Schindler \/ Schmid \/ Schweizer (Hrsg.): Die schweizerische Bundesverfassung, St.\u2009Galler Kommentar. Rezension von Stefan Oesterhelt<\/p>\n","protected":false},"author":3,"featured_media":0,"template":"","meta":{"_acf_changed":false,"authors":[{"ID":48,"display_name":"Stefan Oesterhelt","first_name":"Stefan","last_name":"Oesterhelt","description":"<p>Rechtsanwalt, LL.M., dipl. Steuerexperte, Partner, Homburger AG, Z\u00fcrich<\/p>\n","image":"https:\/\/steuerportal.ch\/wp-content\/uploads\/2019\/11\/Oesterhelt-220x220.png","organiser_data":[],"url":"https:\/\/steuerportal.ch\/fr\/autoren\/stefan-oesterhelt\/"}],"related_sht_promodule":["<a href=\"https:\/\/steuerportal.ch\/fachmodule\/steuerrevue\/rezensionen\/\">Steuer Revue &#8594; Rezensionen<\/a>"],"pdf":"https:\/\/steuerportal.ch\/fr\/articles-specialises\/rezension-bv-kommentar\/shtpdf\/","language":"de"},"sht_proarticle_category":[260],"sht_proarticle_tag":[],"class_list":["post-16472","sht_proarticle","type-sht_proarticle","status-publish","hentry","sht_proarticle_category-rezensionen"],"acf":{"authors":[48]},"shp_steuerportal_must_use":{"translations":[{"id":16472,"link":"https:\/\/steuerportal.ch\/fr\/articles-specialises\/rezension-bv-kommentar\/","title":{"rendered":"Rezension: BV-Kommentar"},"language":"de"}]},"yoast_head":"<!-- This site is optimized with the Yoast SEO plugin v27.4 - https:\/\/yoast.com\/product\/yoast-seo-wordpress\/ -->\n<title>Rezension: BV-Kommentar &#8226; steuerportal.ch<\/title>\n<meta name=\"robots\" content=\"index, follow, max-snippet:-1, max-image-preview:large, max-video-preview:-1\" \/>\n<link rel=\"canonical\" href=\"https:\/\/steuerportal.ch\/fr\/articles-specialises\/rezension-bv-kommentar\/\" \/>\n<meta property=\"og:locale\" content=\"fr_FR\" \/>\n<meta property=\"og:type\" content=\"article\" \/>\n<meta property=\"og:title\" content=\"Rezension: BV-Kommentar &#8226; steuerportal.ch\" \/>\n<meta property=\"og:description\" content=\"Ehrenzeller \/ Egli \/ Hettich \/ Hongler \/ Schindler \/ Schmid \/ Schweizer (Hrsg.): Die schweizerische Bundesverfassung, St.\u2009Galler Kommentar. Rezension von Stefan Oesterhelt\" \/>\n<meta property=\"og:url\" content=\"https:\/\/steuerportal.ch\/fr\/articles-specialises\/rezension-bv-kommentar\/\" \/>\n<meta property=\"og:site_name\" content=\"steuerportal.ch\" \/>\n<meta property=\"article:modified_time\" content=\"2023-07-25T08:17:32+00:00\" \/>\n<meta property=\"og:image\" content=\"https:\/\/steuerportal.ch\/wp-content\/uploads\/2023\/07\/Rez_BV-822x1024.jpg\" \/>\n<meta name=\"twitter:card\" content=\"summary_large_image\" \/>\n<meta name=\"twitter:label1\" content=\"Dur\u00e9e de lecture estim\u00e9e\" \/>\n\t<meta name=\"twitter:data1\" content=\"8 minutes\" \/>\n<script type=\"application\/ld+json\" class=\"yoast-schema-graph\">{\"@context\":\"https:\\\/\\\/schema.org\",\"@graph\":[{\"@type\":\"WebPage\",\"@id\":\"https:\\\/\\\/steuerportal.ch\\\/fr\\\/articles-specialises\\\/rezension-bv-kommentar\\\/\",\"url\":\"https:\\\/\\\/steuerportal.ch\\\/fr\\\/articles-specialises\\\/rezension-bv-kommentar\\\/\",\"name\":\"Rezension: BV-Kommentar &#8226; steuerportal.ch\",\"isPartOf\":{\"@id\":\"https:\\\/\\\/steuerportal.ch\\\/fr\\\/#website\"},\"primaryImageOfPage\":{\"@id\":\"https:\\\/\\\/steuerportal.ch\\\/fr\\\/articles-specialises\\\/rezension-bv-kommentar\\\/#primaryimage\"},\"image\":{\"@id\":\"https:\\\/\\\/steuerportal.ch\\\/fr\\\/articles-specialises\\\/rezension-bv-kommentar\\\/#primaryimage\"},\"thumbnailUrl\":\"https:\\\/\\\/steuerportal.ch\\\/wp-content\\\/uploads\\\/2023\\\/07\\\/Rez_BV-822x1024.jpg\",\"datePublished\":\"2023-07-25T08:15:19+00:00\",\"dateModified\":\"2023-07-25T08:17:32+00:00\",\"breadcrumb\":{\"@id\":\"https:\\\/\\\/steuerportal.ch\\\/fr\\\/articles-specialises\\\/rezension-bv-kommentar\\\/#breadcrumb\"},\"inLanguage\":\"fr-FR\",\"potentialAction\":[{\"@type\":\"ReadAction\",\"target\":[\"https:\\\/\\\/steuerportal.ch\\\/fr\\\/articles-specialises\\\/rezension-bv-kommentar\\\/\"]}]},{\"@type\":\"ImageObject\",\"inLanguage\":\"fr-FR\",\"@id\":\"https:\\\/\\\/steuerportal.ch\\\/fr\\\/articles-specialises\\\/rezension-bv-kommentar\\\/#primaryimage\",\"url\":\"https:\\\/\\\/steuerportal.ch\\\/wp-content\\\/uploads\\\/2023\\\/07\\\/Rez_BV-822x1024.jpg\",\"contentUrl\":\"https:\\\/\\\/steuerportal.ch\\\/wp-content\\\/uploads\\\/2023\\\/07\\\/Rez_BV-822x1024.jpg\"},{\"@type\":\"BreadcrumbList\",\"@id\":\"https:\\\/\\\/steuerportal.ch\\\/fr\\\/articles-specialises\\\/rezension-bv-kommentar\\\/#breadcrumb\",\"itemListElement\":[{\"@type\":\"ListItem\",\"position\":1,\"name\":\"Page d'accueil\",\"item\":\"https:\\\/\\\/steuerportal.ch\\\/fr\\\/\"},{\"@type\":\"ListItem\",\"position\":2,\"name\":\"Fachartikel\",\"item\":\"https:\\\/\\\/steuerportal.ch\\\/fr\\\/articles-specialises\\\/\"},{\"@type\":\"ListItem\",\"position\":3,\"name\":\"Rezension: BV-Kommentar\"}]},{\"@type\":\"WebSite\",\"@id\":\"https:\\\/\\\/steuerportal.ch\\\/fr\\\/#website\",\"url\":\"https:\\\/\\\/steuerportal.ch\\\/fr\\\/\",\"name\":\"steuerportal.ch\",\"description\":\"Le portail suisse sp\u00e9cialis\u00e9 dans le domaine des imp\u00f4ts\",\"publisher\":{\"@id\":\"https:\\\/\\\/steuerportal.ch\\\/fr\\\/#organization\"},\"potentialAction\":[{\"@type\":\"SearchAction\",\"target\":{\"@type\":\"EntryPoint\",\"urlTemplate\":\"https:\\\/\\\/steuerportal.ch\\\/fr\\\/?s={search_term_string}\"},\"query-input\":{\"@type\":\"PropertyValueSpecification\",\"valueRequired\":true,\"valueName\":\"search_term_string\"}}],\"inLanguage\":\"fr-FR\"},{\"@type\":\"Organization\",\"@id\":\"https:\\\/\\\/steuerportal.ch\\\/fr\\\/#organization\",\"name\":\"Steuerportal (Cosmos Verlag)\",\"url\":\"https:\\\/\\\/steuerportal.ch\\\/fr\\\/\",\"logo\":{\"@type\":\"ImageObject\",\"inLanguage\":\"fr-FR\",\"@id\":\"https:\\\/\\\/steuerportal.ch\\\/fr\\\/#\\\/schema\\\/logo\\\/image\\\/\",\"url\":\"https:\\\/\\\/steuerportal.ch\\\/wp-content\\\/uploads\\\/2021\\\/06\\\/cosmos_c-strich_h_positiv_bunt.svg\",\"contentUrl\":\"https:\\\/\\\/steuerportal.ch\\\/wp-content\\\/uploads\\\/2021\\\/06\\\/cosmos_c-strich_h_positiv_bunt.svg\",\"width\":191,\"height\":44,\"caption\":\"Steuerportal (Cosmos Verlag)\"},\"image\":{\"@id\":\"https:\\\/\\\/steuerportal.ch\\\/fr\\\/#\\\/schema\\\/logo\\\/image\\\/\"}}]}<\/script>\n<!-- \/ Yoast SEO plugin. -->","yoast_head_json":{"title":"Rezension: BV-Kommentar &#8226; steuerportal.ch","robots":{"index":"index","follow":"follow","max-snippet":"max-snippet:-1","max-image-preview":"max-image-preview:large","max-video-preview":"max-video-preview:-1"},"canonical":"https:\/\/steuerportal.ch\/fr\/articles-specialises\/rezension-bv-kommentar\/","og_locale":"fr_FR","og_type":"article","og_title":"Rezension: BV-Kommentar &#8226; steuerportal.ch","og_description":"Ehrenzeller \/ Egli \/ Hettich \/ Hongler \/ Schindler \/ Schmid \/ Schweizer (Hrsg.): Die schweizerische Bundesverfassung, St.\u2009Galler Kommentar. Rezension von Stefan Oesterhelt","og_url":"https:\/\/steuerportal.ch\/fr\/articles-specialises\/rezension-bv-kommentar\/","og_site_name":"steuerportal.ch","article_modified_time":"2023-07-25T08:17:32+00:00","og_image":[{"url":"https:\/\/steuerportal.ch\/wp-content\/uploads\/2023\/07\/Rez_BV-822x1024.jpg","type":"","width":"","height":""}],"twitter_card":"summary_large_image","twitter_misc":{"Dur\u00e9e de lecture estim\u00e9e":"8 minutes"},"schema":{"@context":"https:\/\/schema.org","@graph":[{"@type":"WebPage","@id":"https:\/\/steuerportal.ch\/fr\/articles-specialises\/rezension-bv-kommentar\/","url":"https:\/\/steuerportal.ch\/fr\/articles-specialises\/rezension-bv-kommentar\/","name":"Rezension: BV-Kommentar &#8226; steuerportal.ch","isPartOf":{"@id":"https:\/\/steuerportal.ch\/fr\/#website"},"primaryImageOfPage":{"@id":"https:\/\/steuerportal.ch\/fr\/articles-specialises\/rezension-bv-kommentar\/#primaryimage"},"image":{"@id":"https:\/\/steuerportal.ch\/fr\/articles-specialises\/rezension-bv-kommentar\/#primaryimage"},"thumbnailUrl":"https:\/\/steuerportal.ch\/wp-content\/uploads\/2023\/07\/Rez_BV-822x1024.jpg","datePublished":"2023-07-25T08:15:19+00:00","dateModified":"2023-07-25T08:17:32+00:00","breadcrumb":{"@id":"https:\/\/steuerportal.ch\/fr\/articles-specialises\/rezension-bv-kommentar\/#breadcrumb"},"inLanguage":"fr-FR","potentialAction":[{"@type":"ReadAction","target":["https:\/\/steuerportal.ch\/fr\/articles-specialises\/rezension-bv-kommentar\/"]}]},{"@type":"ImageObject","inLanguage":"fr-FR","@id":"https:\/\/steuerportal.ch\/fr\/articles-specialises\/rezension-bv-kommentar\/#primaryimage","url":"https:\/\/steuerportal.ch\/wp-content\/uploads\/2023\/07\/Rez_BV-822x1024.jpg","contentUrl":"https:\/\/steuerportal.ch\/wp-content\/uploads\/2023\/07\/Rez_BV-822x1024.jpg"},{"@type":"BreadcrumbList","@id":"https:\/\/steuerportal.ch\/fr\/articles-specialises\/rezension-bv-kommentar\/#breadcrumb","itemListElement":[{"@type":"ListItem","position":1,"name":"Page d'accueil","item":"https:\/\/steuerportal.ch\/fr\/"},{"@type":"ListItem","position":2,"name":"Fachartikel","item":"https:\/\/steuerportal.ch\/fr\/articles-specialises\/"},{"@type":"ListItem","position":3,"name":"Rezension: BV-Kommentar"}]},{"@type":"WebSite","@id":"https:\/\/steuerportal.ch\/fr\/#website","url":"https:\/\/steuerportal.ch\/fr\/","name":"steuerportal.ch","description":"Le portail suisse sp\u00e9cialis\u00e9 dans le domaine des imp\u00f4ts","publisher":{"@id":"https:\/\/steuerportal.ch\/fr\/#organization"},"potentialAction":[{"@type":"SearchAction","target":{"@type":"EntryPoint","urlTemplate":"https:\/\/steuerportal.ch\/fr\/?s={search_term_string}"},"query-input":{"@type":"PropertyValueSpecification","valueRequired":true,"valueName":"search_term_string"}}],"inLanguage":"fr-FR"},{"@type":"Organization","@id":"https:\/\/steuerportal.ch\/fr\/#organization","name":"Steuerportal (Cosmos Verlag)","url":"https:\/\/steuerportal.ch\/fr\/","logo":{"@type":"ImageObject","inLanguage":"fr-FR","@id":"https:\/\/steuerportal.ch\/fr\/#\/schema\/logo\/image\/","url":"https:\/\/steuerportal.ch\/wp-content\/uploads\/2021\/06\/cosmos_c-strich_h_positiv_bunt.svg","contentUrl":"https:\/\/steuerportal.ch\/wp-content\/uploads\/2021\/06\/cosmos_c-strich_h_positiv_bunt.svg","width":191,"height":44,"caption":"Steuerportal (Cosmos Verlag)"},"image":{"@id":"https:\/\/steuerportal.ch\/fr\/#\/schema\/logo\/image\/"}}]}},"_links":{"self":[{"href":"https:\/\/steuerportal.ch\/fr\/wp-json\/wp\/v2\/sht_proarticle\/16472","targetHints":{"allow":["GET"]}}],"collection":[{"href":"https:\/\/steuerportal.ch\/fr\/wp-json\/wp\/v2\/sht_proarticle"}],"about":[{"href":"https:\/\/steuerportal.ch\/fr\/wp-json\/wp\/v2\/types\/sht_proarticle"}],"author":[{"embeddable":true,"href":"https:\/\/steuerportal.ch\/fr\/wp-json\/wp\/v2\/users\/3"}],"version-history":[{"count":0,"href":"https:\/\/steuerportal.ch\/fr\/wp-json\/wp\/v2\/sht_proarticle\/16472\/revisions"}],"acf:user":[{"embeddable":true,"href":"https:\/\/steuerportal.ch\/fr\/wp-json\/wp\/v2\/users\/48"}],"wp:attachment":[{"href":"https:\/\/steuerportal.ch\/fr\/wp-json\/wp\/v2\/media?parent=16472"}],"wp:term":[{"taxonomy":"sht_proarticle_category","embeddable":true,"href":"https:\/\/steuerportal.ch\/fr\/wp-json\/wp\/v2\/sht_proarticle_category?post=16472"},{"taxonomy":"sht_proarticle_tag","embeddable":true,"href":"https:\/\/steuerportal.ch\/fr\/wp-json\/wp\/v2\/sht_proarticle_tag?post=16472"}],"curies":[{"name":"wp","href":"https:\/\/api.w.org\/{rel}","templated":true}]}}