{"id":16470,"date":"2023-07-25T09:42:29","date_gmt":"2023-07-25T07:42:29","guid":{"rendered":"https:\/\/steuerportal.ch\/fachartikel\/was-war-ihr-pfadiname-regula-walser\/"},"modified":"2023-08-17T15:54:32","modified_gmt":"2023-08-17T13:54:32","slug":"was-war-ihr-pfadiname-regula-walser","status":"publish","type":"sht_proarticle","link":"https:\/\/steuerportal.ch\/fr\/articles-specialises\/was-war-ihr-pfadiname-regula-walser\/","title":{"rendered":"Regula Walser, quel \u00e9tait votre nom de Scout?"},"content":{"rendered":"<div class=\"wp-block-media-text alignwide is-stacked-on-mobile\" style=\"grid-template-columns:49% auto\"><figure class=\"wp-block-media-text__media\"><img loading=\"lazy\" decoding=\"async\" width=\"799\" height=\"1024\" src=\"https:\/\/steuerportal.ch\/wp-content\/uploads\/2023\/07\/Regula_Walser_Hofstetter_persoenlich_cmyk-799x1024.jpg\" alt=\"\" class=\"wp-image-16466 size-full\" srcset=\"https:\/\/steuerportal.ch\/wp-content\/uploads\/2023\/07\/Regula_Walser_Hofstetter_persoenlich_cmyk-799x1024.jpg 799w, https:\/\/steuerportal.ch\/wp-content\/uploads\/2023\/07\/Regula_Walser_Hofstetter_persoenlich_cmyk-700x897.jpg 700w, https:\/\/steuerportal.ch\/wp-content\/uploads\/2023\/07\/Regula_Walser_Hofstetter_persoenlich_cmyk-768x984.jpg 768w, https:\/\/steuerportal.ch\/wp-content\/uploads\/2023\/07\/Regula_Walser_Hofstetter_persoenlich_cmyk-218x280.jpg 218w, https:\/\/steuerportal.ch\/wp-content\/uploads\/2023\/07\/Regula_Walser_Hofstetter_persoenlich_cmyk-628x805.jpg 628w, https:\/\/steuerportal.ch\/wp-content\/uploads\/2023\/07\/Regula_Walser_Hofstetter_persoenlich_cmyk-296x379.jpg 296w, https:\/\/steuerportal.ch\/wp-content\/uploads\/2023\/07\/Regula_Walser_Hofstetter_persoenlich_cmyk.jpg 1080w\" sizes=\"auto, (max-width: 799px) 100vw, 799px\" \/><\/figure><div class=\"wp-block-media-text__content\">\n<p><\/p>\n\n\n\n<p><strong>Nom: <\/strong>Regula Walser Hofstetter<\/p>\n\n\n\n<p><strong>Profession\/position: <\/strong> MLaw, avocate, Cheffe de la division Contr&ocirc;le externe DAT de l&rsquo;AFC<\/p>\n\n\n\n<p><strong>Famille:<\/strong> mari&eacute;e &agrave; Markus ; filles Aurelia et Lucretia, en &acirc;ge d&rsquo;aller &agrave; l&rsquo;&eacute;cole primaire ; 2 tortues grecques en pleine pubert&eacute; dans le jardin.<\/p>\n\n\n\n<p><strong>Loisirs:<\/strong> ski, randonn&eacute;e, lecture, fl&ucirc;te traversi&egrave;re<\/p>\n<\/div><\/div><div class=\"wp-block-group is-style-info-box has-gray-xlight-background-color has-background is-layout-constrained wp-container-core-group-is-layout-c385debf wp-block-group-is-layout-constrained\" style=\"padding-top:var(--wp--preset--spacing--20);padding-right:var(--wp--preset--spacing--20);padding-bottom:var(--wp--preset--spacing--20);padding-left:var(--wp--preset--spacing--20)\">\n<p class=\"has-primary-dark-color has-text-color\">Ce texte est une <strong>traduction automatique r&eacute;vis&eacute;e<\/strong> de l&rsquo;article original en allemand. Changez les param&egrave;tres de langue pour lire l&rsquo;article original en allemand. Vous ne voulez pas manquer un article en fran&ccedil;ais? Abonnez-vous &agrave; notre newsletter.<\/p>\n\n\n\n<div class=\"wp-block-group is-layout-flow wp-block-group-is-layout-flow\">\n<div class=\"wp-block-buttons is-layout-flex wp-block-buttons-is-layout-flex\">\n<div class=\"wp-block-button\"><a class=\"wp-block-button__link wp-element-button\" href=\"https:\/\/steuerportal.ch\/fr\/contact\/#Newsletter\" target=\"_blank\" rel=\"noreferrer noopener\">Inscription &agrave; la newsletter<\/a><\/div>\n<\/div>\n\n\n\n<div style=\"height:20px\" aria-hidden=\"true\" class=\"wp-block-spacer\"><\/div>\n<\/div>\n<\/div><p><strong><em>Pourquoi &ecirc;tes-vous devenue juriste et dirigez-vous maintenant un d&eacute;partement de contr&ocirc;leurs fiscaux ?<\/em><\/strong><\/p><p>Par une combinaison de clich&eacute;s et de hasard. C&rsquo;est mon sens de la justice qui m&rsquo;a pouss&eacute;e &agrave; faire des &eacute;tudes de droit, ce qui nous ram&egrave;ne au clich&eacute;. Pendant mes &eacute;tudes, j&rsquo;aurais pu imaginer beaucoup de choses, mais certainement pas que je me sentirais un jour chez moi dans le monde des imp&ocirc;ts. J&rsquo;ai d&eacute;couvert le droit fiscal par le biais de diff&eacute;rents jobs d&rsquo;&eacute;t&eacute; en tant qu&rsquo;&eacute;tudiante et par une rencontre fortuite avec un ancien coll&egrave;gue de travail. Apr&egrave;s des ann&eacute;es marquantes au sein de la division Droit DAT de l&rsquo;AFC, j&rsquo;ai cherch&eacute; du changement et je l&rsquo;ai trouv&eacute; dans la division Contr&ocirc;le externe DAT.<\/p><p><strong><em>Avez-vous une devise de vie ?<\/em><\/strong><\/p><p>Une devise de vie, c&rsquo;est bien trop peu pour toute une vie. Comme la vie, la devise de vie change au fil du temps, les choses importantes sont diff&eacute;rentes selon le moment. Ce qui reste, ce sont certaines valeurs et attitudes fondamentales qui sont toujours valables, mais pas une devise de vie. L&rsquo;honn&ecirc;tet&eacute; est certainement l&rsquo;un de mes fondements.<\/p><p><strong><em>Avez-vous une passion (secr&egrave;te) (en dehors du droit fiscal) ?<\/em><\/strong><\/p><p>Autant je n&rsquo;ai pas d&rsquo;affinit&eacute;s avec les voitures, quelle que soit leur convention, autant j&rsquo;&eacute;prouve du plaisir &agrave; pouvoir appuyer sur l&rsquo;acc&eacute;l&eacute;rateur d&rsquo;un bateau &agrave; moteur et &agrave; glisser sur les vagues.<\/p><p><strong><em>Qui ou quelle est votre muse ?<\/em><\/strong><\/p><p>Si &ccedil;a devait &ecirc;tre une personne, &ccedil;a serait Iustitia. Sinon, ce sont les montagnes qui sont ma muse, et en particulier les trois diff&eacute;rentes r&eacute;gions des Alpes qui m&rsquo;ont accompagn&eacute; toute ma vie et avec lesquelles je suis famili&egrave;re. A commencer par l&rsquo;Alpstein, et en particulier le S&auml;ntis, que j&rsquo;ai pu admirer par la fen&ecirc;tre de ma chambre d&rsquo;enfant dans le Vorderland appenzellois. Il n&rsquo;y a pas deux moments o&ugrave; cette montagne se ressemble. Ensuite, l&rsquo;Oberland bernois, dont on peut voir le panorama depuis Berne, o&ugrave; j&rsquo;habite aujourd&rsquo;hui. Enfin, les Alpes valaisannes, destination r&eacute;guli&egrave;re de nostalgie et lieu de d&eacute;connexion. Les montagnes sont pour moi le symbole de ce qui reste et, en m&ecirc;me temps, de ce qui &eacute;volue avec le temps.<\/p><p><strong><em>Quel &eacute;tait votre m&eacute;tier de r&ecirc;ve lorsque vous &eacute;tiez enfant &ndash; et pourquoi cela n&rsquo;a-t-il pas abouti ?<\/em><\/strong><\/p><p>Si j&rsquo;avais eu la possibilit&eacute; d&rsquo;exercer le m&eacute;tier de cheffe scout, je serais rest&eacute;e scoute active pour toujours. J&rsquo;ai &eacute;galement envisag&eacute; d&rsquo;&ecirc;tre arch&eacute;ologue ou p&eacute;dagogue curative, mais j&rsquo;ai abandonn&eacute; ces id&eacute;es plus tard en raison de ma patience in&eacute;puisable.<\/p><p><strong><em>Quel &eacute;tait votre nom de scout ?<\/em><\/strong><\/p><p>J&rsquo;ai &eacute;t&eacute; baptis&eacute; le loriot &ndash; l&rsquo;oiseau rare, jaune et noir, de la r&eacute;gion. Cette raret&eacute; &eacute;tait aussi la raison de mon nom de scout : Il est rare que quelqu&rsquo;un soit aussi vif et ne soit jamais &agrave; court d&rsquo;arguments, comme je l&rsquo;&eacute;tais d&eacute;j&agrave; dans mes jeunes ann&eacute;es.<\/p><p><strong><em>Qu&rsquo;est-ce qui vous met en col&egrave;re ?<\/em><\/strong><\/p><p>Je me mets en col&egrave;re lorsque je rencontre les trois &laquo;&nbsp;I&nbsp;&raquo; : incomp&eacute;tence, ignorance et intention pour les deux premiers. L&rsquo;incomp&eacute;tence &ndash; en tout cas de la part de personnes qui se vantent du contraire &ndash; ou le manque de volont&eacute; d&rsquo;accomplir quelque chose par soi-m&ecirc;me peuvent m&rsquo;&eacute;nerver.<\/p><p><strong><em>Quels sont les trois mots-cl&eacute;s qui d&eacute;crivent votre quotidien ?<\/em><\/strong><\/p><p>Int&eacute;gration travail-vie priv&eacute;e, d&eacute;marche structur&eacute;e, &eacute;change avec les gens.<\/p><p><strong><em>Qu&rsquo;est-ce qui fait qu&rsquo;une journ&eacute;e est r&eacute;ussie ?<\/em><\/strong><\/p><p>Elle commence certainement bien lorsque la coexistence organis&eacute;e du travail et de la famille peut &ecirc;tre mise en &oelig;uvre comme pr&eacute;vu. Si je parviens ensuite &agrave; relever les nouveaux d&eacute;fis quotidiens avec comp&eacute;tence, vigilance, soif de connaissances et flexibilit&eacute;, en trouvant &ndash; dans la mesure du possible &ndash; des solutions pragmatiques et cr&eacute;atives, et en traitant mes diff&eacute;rents interlocuteurs avec int&eacute;r&ecirc;t et estime, alors tous les signes sont bons pour que ma journ&eacute;e soit qualifi&eacute;e de r&eacute;ussie.<\/p><p><strong><em>Vous arrive-t-il d&rsquo;en avoir marre de votre activit&eacute; actuelle ?<\/em><\/strong><\/p><p>Non, les difficult&eacute;s me stimulent plus qu&rsquo;elles ne me d&eacute;couragent, et les d&eacute;fis sont le sel de la vie. Avec un service aussi exp&eacute;riment&eacute; que le mien derri&egrave;re moi, le plaisir l&rsquo;emporte, m&ecirc;me dans les situations difficiles.<\/p><p><strong><em>Quel serait le titre de votre autobiographie ?<\/em><\/strong><\/p><p>En r&eacute;f&eacute;rence &agrave; Tina Turner, bien s&ucirc;r : &laquo;&nbsp;Simply the Tax&nbsp;&raquo;. Je pourrais aussi m&rsquo;imaginer quelque chose de plus classique, car mon nom et ma profession ont un certain rapport, par exemple &laquo;&nbsp;Mea vita, mea regula&nbsp;&raquo; (avec mes excuses &agrave; tous ceux qui connaissent le latin). Mais ma vie ne se r&eacute;sume pas au droit (fiscal) et il est toujours bien d&rsquo;&ecirc;tre bref et concis, c&rsquo;est pourquoi je l&rsquo;intitulerais simplement &laquo;&nbsp;Ma vie&nbsp;&raquo;. Je ne m&rsquo;attends toutefois pas &agrave; ce qu&rsquo;elle fasse partie de la liste des best-sellers.<\/p><p><strong><em>Si votre vie &eacute;tait adapt&eacute;e au cin&eacute;ma, quelle actrice aurait le r&ocirc;le principal ?<\/em><\/strong><\/p><p>En tout cas, une actrice de caract&egrave;re, quelqu&rsquo;un avec de l&rsquo;esprit, de l&rsquo;humour et de la profondeur. Dans ce sens, je pense spontan&eacute;ment &agrave; Jodie Foster, Cate Blanchett ou Ursula Sch&auml;ppi.<\/p><p><strong><em>Qui aimeriez-vous rejoindre pour boire une bi&egrave;re apr&egrave;s le travail ?<\/em><\/strong><\/p><p>Ce ne sera malheureusement plus possible, mais Ruth Bader Ginsburg aurait &eacute;t&eacute; en t&ecirc;te de ma liste. Sinon, je m&rsquo;en tiendrais au Dala&iuml;-lama, qui ne boit pas d&rsquo;alcool mais qui, selon les dires, est tout de m&ecirc;me propri&eacute;taire d&rsquo;un vignoble en Valais : je pr&eacute;f&egrave;re de toute fa&ccedil;on le vin &agrave; la bi&egrave;re et nous aurions ainsi au moins un brise-glace pour ouvrir la conversation.<\/p><p><strong><em>Quel livre lisez-vous en ce moment ?<\/em><\/strong><\/p><p>&laquo;&nbsp;True Stories. Les meilleurs reportages du monde&nbsp;&raquo;. Il pr&eacute;sente les sept meilleurs textes du prix mondial de journalisme <em>True Story Award<\/em>.<\/p><p><strong><em>Y a-t-il quelque chose qui vous agace &eacute;norm&eacute;ment dans le domaine fiscal ?<\/em><\/strong><\/p><p>En raison de mon employeur, je n&rsquo;ai qu&rsquo;une seule r&eacute;ponse possible : les fraudeurs fiscaux !<\/p><p><strong><em>Avez-vous un\/des mod&egrave;le(s) ?<\/em><\/strong><\/p><p>Mon d&eacute;funt p&egrave;re, qui m&rsquo;a montr&eacute; l&rsquo;attitude de l&rsquo;ataraxie dans les situations difficiles et me l&rsquo;a enseign&eacute;e.<\/p><p><strong><em>&Agrave; qui aimeriez-vous poser ces questions ?<\/em><\/strong><\/p><p>Bien s&ucirc;r &agrave; la nouvelle directrice de l&rsquo;AFC, Tamara Pfammatter !<\/p><p><strong><em>Quel conseil donneriez-vous &agrave; votre &laquo;&nbsp;jeune moi&nbsp;&raquo; ?<\/em><\/strong><\/p><p>De profiter pleinement de sa vie d&rsquo;&eacute;tudiante et de la libert&eacute; qui en d&eacute;coule. La vie future offre encore suffisamment de possibilit&eacute;s de travailler de mani&egrave;re s&eacute;rieuse et structur&eacute;e.<\/p><p><strong><em>Qu&rsquo;est-ce qui vous fait rire ?<\/em><\/strong><\/p><p>Mes filles, le comique de tous les jours, les formules amusantes, les jeux de mots, Viktor Giacobbo&hellip; La question devrait plut&ocirc;t &ecirc;tre &laquo;&nbsp;Qu&rsquo;est-ce qui ne me fait pas rire ?&nbsp;&raquo;<\/p><p><strong><em>Qu&rsquo;est-ce qui vous fait peur ?<\/em><\/strong><\/p><p>Qu&rsquo;un jour l&rsquo;imp&ocirc;t anticip&eacute; et les droits de timbre soient supprim&eacute;s et que moi et mes collaborateurs soyons priv&eacute;s de notre travail.<\/p><p><\/p>\n","protected":false},"excerpt":{"rendered":"<p>Regula Walser Hofstetter r\u00e9pond \u00e0 nos questions \u2013 qui ne sont pas exclusivement techniques \u2013 dans le Rendez-vous.<\/p>\n","protected":false},"author":3,"featured_media":0,"template":"","meta":{"_acf_changed":false,"authors":[{"ID":74,"display_name":"Redaktion Steuer Revue","first_name":"","last_name":"","description":"","image":"https:\/\/steuerportal.ch\/wp-content\/uploads\/2024\/11\/StP_Profilbild_RED_DE_quadratisch.jpg","organiser_data":{"public_organiser_name":"Redaktion Steuer Revue","public_organiser_page":false,"offer":"","location":"","preamble":"","public_organiser_logo":false},"url":"https:\/\/steuerportal.ch\/fr\/autoren\/redaktion-steuer-revue\/"}],"related_sht_promodule":["<a href=\"https:\/\/steuerportal.ch\/fr\/modules-specialises\/revue-fiscale\/rendez-vous\/\">Revue fiscale &#8594; Rendez-vous<\/a>"],"pdf":"https:\/\/steuerportal.ch\/fr\/articles-specialises\/was-war-ihr-pfadiname-regula-walser\/shtpdf\/","language":"fr"},"sht_proarticle_category":[271],"sht_proarticle_tag":[],"class_list":["post-16470","sht_proarticle","type-sht_proarticle","status-publish","hentry","sht_proarticle_category-rendez-vous-fr"],"acf":{"authors":[74]},"shp_steuerportal_must_use":{"translations":[{"id":16465,"link":"https:\/\/steuerportal.ch\/articles-specialises\/was-war-ihr-pfadiname-regula-walser\/","title":{"rendered":"Was war Ihr Pfadiname, Regula Walser?"},"language":"de"},{"id":16470,"link":"https:\/\/steuerportal.ch\/fr\/articles-specialises\/was-war-ihr-pfadiname-regula-walser\/","title":{"rendered":"Regula Walser, quel \u00e9tait votre nom de Scout?"},"language":"fr"}]},"yoast_head":"<!-- This site is optimized with the Yoast SEO plugin v27.5 - https:\/\/yoast.com\/product\/yoast-seo-wordpress\/ -->\n<title>Regula Walser, quel \u00e9tait votre nom de Scout? &#8226; steuerportal.ch<\/title>\n<meta name=\"robots\" content=\"index, follow, max-snippet:-1, max-image-preview:large, max-video-preview:-1\" \/>\n<link rel=\"canonical\" href=\"https:\/\/steuerportal.ch\/fr\/articles-specialises\/was-war-ihr-pfadiname-regula-walser\/\" \/>\n<meta property=\"og:locale\" content=\"fr_FR\" \/>\n<meta property=\"og:type\" content=\"article\" \/>\n<meta property=\"og:title\" content=\"Regula Walser, quel \u00e9tait votre nom de Scout? &#8226; steuerportal.ch\" \/>\n<meta property=\"og:description\" content=\"Regula Walser Hofstetter r\u00e9pond \u00e0 nos questions \u2013 qui ne sont pas exclusivement techniques \u2013 dans le Rendez-vous.\" \/>\n<meta property=\"og:url\" content=\"https:\/\/steuerportal.ch\/fr\/articles-specialises\/was-war-ihr-pfadiname-regula-walser\/\" \/>\n<meta property=\"og:site_name\" content=\"steuerportal.ch\" \/>\n<meta property=\"article:modified_time\" content=\"2023-08-17T13:54:32+00:00\" \/>\n<meta property=\"og:image\" content=\"https:\/\/steuerportal.ch\/wp-content\/uploads\/2023\/07\/Regula_Walser_Hofstetter_persoenlich_cmyk-799x1024.jpg\" \/>\n<meta name=\"twitter:card\" content=\"summary_large_image\" \/>\n<meta name=\"twitter:label1\" content=\"Dur\u00e9e de lecture estim\u00e9e\" \/>\n\t<meta name=\"twitter:data1\" content=\"7 minutes\" \/>\n<script type=\"application\/ld+json\" class=\"yoast-schema-graph\">{\"@context\":\"https:\\\/\\\/schema.org\",\"@graph\":[{\"@type\":\"WebPage\",\"@id\":\"https:\\\/\\\/steuerportal.ch\\\/fr\\\/articles-specialises\\\/was-war-ihr-pfadiname-regula-walser\\\/\",\"url\":\"https:\\\/\\\/steuerportal.ch\\\/fr\\\/articles-specialises\\\/was-war-ihr-pfadiname-regula-walser\\\/\",\"name\":\"Regula Walser, quel \u00e9tait votre nom de Scout? &#8226; steuerportal.ch\",\"isPartOf\":{\"@id\":\"https:\\\/\\\/steuerportal.ch\\\/fr\\\/#website\"},\"primaryImageOfPage\":{\"@id\":\"https:\\\/\\\/steuerportal.ch\\\/fr\\\/articles-specialises\\\/was-war-ihr-pfadiname-regula-walser\\\/#primaryimage\"},\"image\":{\"@id\":\"https:\\\/\\\/steuerportal.ch\\\/fr\\\/articles-specialises\\\/was-war-ihr-pfadiname-regula-walser\\\/#primaryimage\"},\"thumbnailUrl\":\"https:\\\/\\\/steuerportal.ch\\\/wp-content\\\/uploads\\\/2023\\\/07\\\/Regula_Walser_Hofstetter_persoenlich_cmyk-799x1024.jpg\",\"datePublished\":\"2023-07-25T07:42:29+00:00\",\"dateModified\":\"2023-08-17T13:54:32+00:00\",\"breadcrumb\":{\"@id\":\"https:\\\/\\\/steuerportal.ch\\\/fr\\\/articles-specialises\\\/was-war-ihr-pfadiname-regula-walser\\\/#breadcrumb\"},\"inLanguage\":\"fr-FR\",\"potentialAction\":[{\"@type\":\"ReadAction\",\"target\":[\"https:\\\/\\\/steuerportal.ch\\\/fr\\\/articles-specialises\\\/was-war-ihr-pfadiname-regula-walser\\\/\"]}]},{\"@type\":\"ImageObject\",\"inLanguage\":\"fr-FR\",\"@id\":\"https:\\\/\\\/steuerportal.ch\\\/fr\\\/articles-specialises\\\/was-war-ihr-pfadiname-regula-walser\\\/#primaryimage\",\"url\":\"https:\\\/\\\/steuerportal.ch\\\/wp-content\\\/uploads\\\/2023\\\/07\\\/Regula_Walser_Hofstetter_persoenlich_cmyk-799x1024.jpg\",\"contentUrl\":\"https:\\\/\\\/steuerportal.ch\\\/wp-content\\\/uploads\\\/2023\\\/07\\\/Regula_Walser_Hofstetter_persoenlich_cmyk-799x1024.jpg\"},{\"@type\":\"BreadcrumbList\",\"@id\":\"https:\\\/\\\/steuerportal.ch\\\/fr\\\/articles-specialises\\\/was-war-ihr-pfadiname-regula-walser\\\/#breadcrumb\",\"itemListElement\":[{\"@type\":\"ListItem\",\"position\":1,\"name\":\"Page d'accueil\",\"item\":\"https:\\\/\\\/steuerportal.ch\\\/fr\\\/\"},{\"@type\":\"ListItem\",\"position\":2,\"name\":\"Fachartikel\",\"item\":\"https:\\\/\\\/steuerportal.ch\\\/fr\\\/articles-specialises\\\/\"},{\"@type\":\"ListItem\",\"position\":3,\"name\":\"Regula Walser, quel \u00e9tait votre nom de Scout?\"}]},{\"@type\":\"WebSite\",\"@id\":\"https:\\\/\\\/steuerportal.ch\\\/fr\\\/#website\",\"url\":\"https:\\\/\\\/steuerportal.ch\\\/fr\\\/\",\"name\":\"steuerportal.ch\",\"description\":\"Le portail suisse sp\u00e9cialis\u00e9 dans le domaine des imp\u00f4ts\",\"publisher\":{\"@id\":\"https:\\\/\\\/steuerportal.ch\\\/fr\\\/#organization\"},\"potentialAction\":[{\"@type\":\"SearchAction\",\"target\":{\"@type\":\"EntryPoint\",\"urlTemplate\":\"https:\\\/\\\/steuerportal.ch\\\/fr\\\/?s={search_term_string}\"},\"query-input\":{\"@type\":\"PropertyValueSpecification\",\"valueRequired\":true,\"valueName\":\"search_term_string\"}}],\"inLanguage\":\"fr-FR\"},{\"@type\":\"Organization\",\"@id\":\"https:\\\/\\\/steuerportal.ch\\\/fr\\\/#organization\",\"name\":\"Steuerportal (Cosmos Verlag)\",\"url\":\"https:\\\/\\\/steuerportal.ch\\\/fr\\\/\",\"logo\":{\"@type\":\"ImageObject\",\"inLanguage\":\"fr-FR\",\"@id\":\"https:\\\/\\\/steuerportal.ch\\\/fr\\\/#\\\/schema\\\/logo\\\/image\\\/\",\"url\":\"https:\\\/\\\/steuerportal.ch\\\/wp-content\\\/uploads\\\/2021\\\/06\\\/cosmos_c-strich_h_positiv_bunt.svg\",\"contentUrl\":\"https:\\\/\\\/steuerportal.ch\\\/wp-content\\\/uploads\\\/2021\\\/06\\\/cosmos_c-strich_h_positiv_bunt.svg\",\"width\":191,\"height\":44,\"caption\":\"Steuerportal (Cosmos Verlag)\"},\"image\":{\"@id\":\"https:\\\/\\\/steuerportal.ch\\\/fr\\\/#\\\/schema\\\/logo\\\/image\\\/\"}}]}<\/script>\n<!-- \/ Yoast SEO plugin. -->","yoast_head_json":{"title":"Regula Walser, quel \u00e9tait votre nom de Scout? &#8226; steuerportal.ch","robots":{"index":"index","follow":"follow","max-snippet":"max-snippet:-1","max-image-preview":"max-image-preview:large","max-video-preview":"max-video-preview:-1"},"canonical":"https:\/\/steuerportal.ch\/fr\/articles-specialises\/was-war-ihr-pfadiname-regula-walser\/","og_locale":"fr_FR","og_type":"article","og_title":"Regula Walser, quel \u00e9tait votre nom de Scout? &#8226; steuerportal.ch","og_description":"Regula Walser Hofstetter r\u00e9pond \u00e0 nos questions \u2013 qui ne sont pas exclusivement techniques \u2013 dans le Rendez-vous.","og_url":"https:\/\/steuerportal.ch\/fr\/articles-specialises\/was-war-ihr-pfadiname-regula-walser\/","og_site_name":"steuerportal.ch","article_modified_time":"2023-08-17T13:54:32+00:00","og_image":[{"url":"https:\/\/steuerportal.ch\/wp-content\/uploads\/2023\/07\/Regula_Walser_Hofstetter_persoenlich_cmyk-799x1024.jpg","type":"","width":"","height":""}],"twitter_card":"summary_large_image","twitter_misc":{"Dur\u00e9e de lecture estim\u00e9e":"7 minutes"},"schema":{"@context":"https:\/\/schema.org","@graph":[{"@type":"WebPage","@id":"https:\/\/steuerportal.ch\/fr\/articles-specialises\/was-war-ihr-pfadiname-regula-walser\/","url":"https:\/\/steuerportal.ch\/fr\/articles-specialises\/was-war-ihr-pfadiname-regula-walser\/","name":"Regula Walser, quel \u00e9tait votre nom de Scout? &#8226; steuerportal.ch","isPartOf":{"@id":"https:\/\/steuerportal.ch\/fr\/#website"},"primaryImageOfPage":{"@id":"https:\/\/steuerportal.ch\/fr\/articles-specialises\/was-war-ihr-pfadiname-regula-walser\/#primaryimage"},"image":{"@id":"https:\/\/steuerportal.ch\/fr\/articles-specialises\/was-war-ihr-pfadiname-regula-walser\/#primaryimage"},"thumbnailUrl":"https:\/\/steuerportal.ch\/wp-content\/uploads\/2023\/07\/Regula_Walser_Hofstetter_persoenlich_cmyk-799x1024.jpg","datePublished":"2023-07-25T07:42:29+00:00","dateModified":"2023-08-17T13:54:32+00:00","breadcrumb":{"@id":"https:\/\/steuerportal.ch\/fr\/articles-specialises\/was-war-ihr-pfadiname-regula-walser\/#breadcrumb"},"inLanguage":"fr-FR","potentialAction":[{"@type":"ReadAction","target":["https:\/\/steuerportal.ch\/fr\/articles-specialises\/was-war-ihr-pfadiname-regula-walser\/"]}]},{"@type":"ImageObject","inLanguage":"fr-FR","@id":"https:\/\/steuerportal.ch\/fr\/articles-specialises\/was-war-ihr-pfadiname-regula-walser\/#primaryimage","url":"https:\/\/steuerportal.ch\/wp-content\/uploads\/2023\/07\/Regula_Walser_Hofstetter_persoenlich_cmyk-799x1024.jpg","contentUrl":"https:\/\/steuerportal.ch\/wp-content\/uploads\/2023\/07\/Regula_Walser_Hofstetter_persoenlich_cmyk-799x1024.jpg"},{"@type":"BreadcrumbList","@id":"https:\/\/steuerportal.ch\/fr\/articles-specialises\/was-war-ihr-pfadiname-regula-walser\/#breadcrumb","itemListElement":[{"@type":"ListItem","position":1,"name":"Page d'accueil","item":"https:\/\/steuerportal.ch\/fr\/"},{"@type":"ListItem","position":2,"name":"Fachartikel","item":"https:\/\/steuerportal.ch\/fr\/articles-specialises\/"},{"@type":"ListItem","position":3,"name":"Regula Walser, quel \u00e9tait votre nom de Scout?"}]},{"@type":"WebSite","@id":"https:\/\/steuerportal.ch\/fr\/#website","url":"https:\/\/steuerportal.ch\/fr\/","name":"steuerportal.ch","description":"Le portail suisse sp\u00e9cialis\u00e9 dans le domaine des imp\u00f4ts","publisher":{"@id":"https:\/\/steuerportal.ch\/fr\/#organization"},"potentialAction":[{"@type":"SearchAction","target":{"@type":"EntryPoint","urlTemplate":"https:\/\/steuerportal.ch\/fr\/?s={search_term_string}"},"query-input":{"@type":"PropertyValueSpecification","valueRequired":true,"valueName":"search_term_string"}}],"inLanguage":"fr-FR"},{"@type":"Organization","@id":"https:\/\/steuerportal.ch\/fr\/#organization","name":"Steuerportal (Cosmos Verlag)","url":"https:\/\/steuerportal.ch\/fr\/","logo":{"@type":"ImageObject","inLanguage":"fr-FR","@id":"https:\/\/steuerportal.ch\/fr\/#\/schema\/logo\/image\/","url":"https:\/\/steuerportal.ch\/wp-content\/uploads\/2021\/06\/cosmos_c-strich_h_positiv_bunt.svg","contentUrl":"https:\/\/steuerportal.ch\/wp-content\/uploads\/2021\/06\/cosmos_c-strich_h_positiv_bunt.svg","width":191,"height":44,"caption":"Steuerportal (Cosmos Verlag)"},"image":{"@id":"https:\/\/steuerportal.ch\/fr\/#\/schema\/logo\/image\/"}}]}},"_links":{"self":[{"href":"https:\/\/steuerportal.ch\/fr\/wp-json\/wp\/v2\/sht_proarticle\/16470","targetHints":{"allow":["GET"]}}],"collection":[{"href":"https:\/\/steuerportal.ch\/fr\/wp-json\/wp\/v2\/sht_proarticle"}],"about":[{"href":"https:\/\/steuerportal.ch\/fr\/wp-json\/wp\/v2\/types\/sht_proarticle"}],"author":[{"embeddable":true,"href":"https:\/\/steuerportal.ch\/fr\/wp-json\/wp\/v2\/users\/3"}],"version-history":[{"count":1,"href":"https:\/\/steuerportal.ch\/fr\/wp-json\/wp\/v2\/sht_proarticle\/16470\/revisions"}],"predecessor-version":[{"id":16706,"href":"https:\/\/steuerportal.ch\/fr\/wp-json\/wp\/v2\/sht_proarticle\/16470\/revisions\/16706"}],"acf:user":[{"embeddable":true,"href":"https:\/\/steuerportal.ch\/fr\/wp-json\/wp\/v2\/users\/74"}],"wp:attachment":[{"href":"https:\/\/steuerportal.ch\/fr\/wp-json\/wp\/v2\/media?parent=16470"}],"wp:term":[{"taxonomy":"sht_proarticle_category","embeddable":true,"href":"https:\/\/steuerportal.ch\/fr\/wp-json\/wp\/v2\/sht_proarticle_category?post=16470"},{"taxonomy":"sht_proarticle_tag","embeddable":true,"href":"https:\/\/steuerportal.ch\/fr\/wp-json\/wp\/v2\/sht_proarticle_tag?post=16470"}],"curies":[{"name":"wp","href":"https:\/\/api.w.org\/{rel}","templated":true}]}}