{"id":16066,"date":"2023-05-01T09:34:17","date_gmt":"2023-05-01T07:34:17","guid":{"rendered":"https:\/\/steuerportal.ch\/?post_type=sht_proarticle&#038;p=16066"},"modified":"2023-05-16T15:26:18","modified_gmt":"2023-05-16T13:26:18","slug":"deduction-supplementaire-pour-fe-selon-lart-25a-lhid","status":"publish","type":"sht_proarticle","link":"https:\/\/steuerportal.ch\/fr\/articles-specialises\/deduction-supplementaire-pour-fe-selon-lart-25a-lhid\/","title":{"rendered":"D\u00e9duction suppl\u00e9mentaire des d\u00e9penses de R&amp;D selon l\u2019art. 25a LHID"},"content":{"rendered":"","protected":true},"excerpt":{"rendered":"<p>Avec l&rsquo;art. 25a LHID, le l\u00e9gislateur f\u00e9d\u00e9ral voulait introduire un encouragement fiscal des inputs \u00e0 bas seuil ; cependant, la d\u00e9duction est li\u00e9e \u00e0 des obligations de documentation consid\u00e9rables et les cantons posent des exigences (trop) \u00e9lev\u00e9es aux projets R&#038;D qualifiants. Livio Bucher pr\u00e9sente un \u00e9tat des lieux et met en \u00e9vidence les points faibles et les difficult\u00e9s rencontr\u00e9es dans la pratique.<\/p>\n","protected":false},"author":4,"featured_media":0,"template":"","meta":{"_acf_changed":false,"authors":[{"ID":27,"display_name":"Livio Bucher","first_name":"Livio","last_name":"Bucher","description":"<p>Dr. iur., LL.M., dipl. Steuerexperte, Bucher Tax AG, Luzern<\/p>\n","image":"https:\/\/steuerportal.ch\/wp-content\/uploads\/2023\/04\/StR-5-2023_Livio-Bucher_cut_sw-220x220.jpg","organiser_data":[],"url":"https:\/\/steuerportal.ch\/fr\/autoren\/livio-bucher\/"}],"related_sht_promodule":["<a href=\"https:\/\/steuerportal.ch\/fr\/modules-specialises\/revue-fiscale\/articles-de-fond\/\">Revue fiscale &#8594; Articles de fond<\/a>"],"pdf":"https:\/\/steuerportal.ch\/fr\/articles-specialises\/deduction-supplementaire-pour-fe-selon-lart-25a-lhid\/shtpdf\/","language":"fr"},"sht_proarticle_category":[266],"sht_proarticle_tag":[],"class_list":["post-16066","sht_proarticle","type-sht_proarticle","status-publish","hentry","sht_proarticle_category-articles-de-fond"],"acf":{"authors":[27]},"shp_steuerportal_must_use":{"translations":[{"id":16061,"link":"https:\/\/steuerportal.ch\/articles-specialises\/zusatzabzug-fuer-fe-nach-art-25a-sthg\/","title":{"rendered":"Zusatzabzug f\u00fcr F&amp;E nach Art.\u00a025a StHG"},"language":"de"},{"id":16066,"link":"https:\/\/steuerportal.ch\/fr\/articles-specialises\/deduction-supplementaire-pour-fe-selon-lart-25a-lhid\/","title":{"rendered":"D\u00e9duction suppl\u00e9mentaire des d\u00e9penses de R&amp;D selon l\u2019art. 25a LHID"},"language":"fr"}]},"yoast_head":"<!-- This site is optimized with the Yoast SEO plugin v27.4 - https:\/\/yoast.com\/product\/yoast-seo-wordpress\/ -->\n<title>D\u00e9duction suppl\u00e9mentaire des d\u00e9penses de R&amp;D selon l\u2019art. 25a LHID &#8226; steuerportal.ch<\/title>\n<meta name=\"robots\" content=\"index, follow, max-snippet:-1, max-image-preview:large, max-video-preview:-1\" \/>\n<link rel=\"canonical\" href=\"https:\/\/steuerportal.ch\/fr\/articles-specialises\/deduction-supplementaire-pour-fe-selon-lart-25a-lhid\/\" \/>\n<meta property=\"og:locale\" content=\"fr_FR\" \/>\n<meta property=\"og:type\" content=\"article\" \/>\n<meta property=\"og:title\" content=\"D\u00e9duction suppl\u00e9mentaire des d\u00e9penses de R&amp;D selon l\u2019art. 25a LHID &#8226; steuerportal.ch\" \/>\n<meta property=\"og:description\" content=\"Avec l&#039;art. 25a LHID, le l\u00e9gislateur f\u00e9d\u00e9ral voulait introduire un encouragement fiscal des inputs \u00e0 bas seuil ; cependant, la d\u00e9duction est li\u00e9e \u00e0 des obligations de documentation consid\u00e9rables et les cantons posent des exigences (trop) \u00e9lev\u00e9es aux projets R&amp;D qualifiants. Livio Bucher pr\u00e9sente un \u00e9tat des lieux et met en \u00e9vidence les points faibles et les difficult\u00e9s rencontr\u00e9es dans la pratique.\" \/>\n<meta property=\"og:url\" content=\"https:\/\/steuerportal.ch\/fr\/articles-specialises\/deduction-supplementaire-pour-fe-selon-lart-25a-lhid\/\" \/>\n<meta property=\"og:site_name\" content=\"steuerportal.ch\" \/>\n<meta property=\"article:modified_time\" content=\"2023-05-16T13:26:18+00:00\" \/>\n<meta name=\"twitter:card\" content=\"summary_large_image\" \/>\n<meta name=\"twitter:label1\" content=\"Dur\u00e9e de lecture estim\u00e9e\" \/>\n\t<meta name=\"twitter:data1\" content=\"32 minutes\" \/>\n<script type=\"application\/ld+json\" class=\"yoast-schema-graph\">{\"@context\":\"https:\\\/\\\/schema.org\",\"@graph\":[{\"@type\":\"WebPage\",\"@id\":\"https:\\\/\\\/steuerportal.ch\\\/fr\\\/articles-specialises\\\/deduction-supplementaire-pour-fe-selon-lart-25a-lhid\\\/\",\"url\":\"https:\\\/\\\/steuerportal.ch\\\/fr\\\/articles-specialises\\\/deduction-supplementaire-pour-fe-selon-lart-25a-lhid\\\/\",\"name\":\"D\u00e9duction suppl\u00e9mentaire des d\u00e9penses de R&amp;D selon l\u2019art. 25a LHID &#8226; steuerportal.ch\",\"isPartOf\":{\"@id\":\"https:\\\/\\\/steuerportal.ch\\\/fr\\\/#website\"},\"datePublished\":\"2023-05-01T07:34:17+00:00\",\"dateModified\":\"2023-05-16T13:26:18+00:00\",\"breadcrumb\":{\"@id\":\"https:\\\/\\\/steuerportal.ch\\\/fr\\\/articles-specialises\\\/deduction-supplementaire-pour-fe-selon-lart-25a-lhid\\\/#breadcrumb\"},\"inLanguage\":\"fr-FR\",\"potentialAction\":[{\"@type\":\"ReadAction\",\"target\":[\"https:\\\/\\\/steuerportal.ch\\\/fr\\\/articles-specialises\\\/deduction-supplementaire-pour-fe-selon-lart-25a-lhid\\\/\"]}]},{\"@type\":\"BreadcrumbList\",\"@id\":\"https:\\\/\\\/steuerportal.ch\\\/fr\\\/articles-specialises\\\/deduction-supplementaire-pour-fe-selon-lart-25a-lhid\\\/#breadcrumb\",\"itemListElement\":[{\"@type\":\"ListItem\",\"position\":1,\"name\":\"Page d'accueil\",\"item\":\"https:\\\/\\\/steuerportal.ch\\\/fr\\\/\"},{\"@type\":\"ListItem\",\"position\":2,\"name\":\"Fachartikel\",\"item\":\"https:\\\/\\\/steuerportal.ch\\\/fr\\\/articles-specialises\\\/\"},{\"@type\":\"ListItem\",\"position\":3,\"name\":\"D\u00e9duction suppl\u00e9mentaire des d\u00e9penses de R&amp;D selon l\u2019art. 25a LHID\"}]},{\"@type\":\"WebSite\",\"@id\":\"https:\\\/\\\/steuerportal.ch\\\/fr\\\/#website\",\"url\":\"https:\\\/\\\/steuerportal.ch\\\/fr\\\/\",\"name\":\"steuerportal.ch\",\"description\":\"Le portail suisse sp\u00e9cialis\u00e9 dans le domaine des imp\u00f4ts\",\"publisher\":{\"@id\":\"https:\\\/\\\/steuerportal.ch\\\/fr\\\/#organization\"},\"potentialAction\":[{\"@type\":\"SearchAction\",\"target\":{\"@type\":\"EntryPoint\",\"urlTemplate\":\"https:\\\/\\\/steuerportal.ch\\\/fr\\\/?s={search_term_string}\"},\"query-input\":{\"@type\":\"PropertyValueSpecification\",\"valueRequired\":true,\"valueName\":\"search_term_string\"}}],\"inLanguage\":\"fr-FR\"},{\"@type\":\"Organization\",\"@id\":\"https:\\\/\\\/steuerportal.ch\\\/fr\\\/#organization\",\"name\":\"Steuerportal (Cosmos Verlag)\",\"url\":\"https:\\\/\\\/steuerportal.ch\\\/fr\\\/\",\"logo\":{\"@type\":\"ImageObject\",\"inLanguage\":\"fr-FR\",\"@id\":\"https:\\\/\\\/steuerportal.ch\\\/fr\\\/#\\\/schema\\\/logo\\\/image\\\/\",\"url\":\"https:\\\/\\\/steuerportal.ch\\\/wp-content\\\/uploads\\\/2021\\\/06\\\/cosmos_c-strich_h_positiv_bunt.svg\",\"contentUrl\":\"https:\\\/\\\/steuerportal.ch\\\/wp-content\\\/uploads\\\/2021\\\/06\\\/cosmos_c-strich_h_positiv_bunt.svg\",\"width\":191,\"height\":44,\"caption\":\"Steuerportal (Cosmos Verlag)\"},\"image\":{\"@id\":\"https:\\\/\\\/steuerportal.ch\\\/fr\\\/#\\\/schema\\\/logo\\\/image\\\/\"}}]}<\/script>\n<!-- \/ Yoast SEO plugin. -->","yoast_head_json":{"title":"D\u00e9duction suppl\u00e9mentaire des d\u00e9penses de R&amp;D selon l\u2019art. 25a LHID &#8226; steuerportal.ch","robots":{"index":"index","follow":"follow","max-snippet":"max-snippet:-1","max-image-preview":"max-image-preview:large","max-video-preview":"max-video-preview:-1"},"canonical":"https:\/\/steuerportal.ch\/fr\/articles-specialises\/deduction-supplementaire-pour-fe-selon-lart-25a-lhid\/","og_locale":"fr_FR","og_type":"article","og_title":"D\u00e9duction suppl\u00e9mentaire des d\u00e9penses de R&amp;D selon l\u2019art. 25a LHID &#8226; steuerportal.ch","og_description":"Avec l'art. 25a LHID, le l\u00e9gislateur f\u00e9d\u00e9ral voulait introduire un encouragement fiscal des inputs \u00e0 bas seuil ; cependant, la d\u00e9duction est li\u00e9e \u00e0 des obligations de documentation consid\u00e9rables et les cantons posent des exigences (trop) \u00e9lev\u00e9es aux projets R&D qualifiants. Livio Bucher pr\u00e9sente un \u00e9tat des lieux et met en \u00e9vidence les points faibles et les difficult\u00e9s rencontr\u00e9es dans la pratique.","og_url":"https:\/\/steuerportal.ch\/fr\/articles-specialises\/deduction-supplementaire-pour-fe-selon-lart-25a-lhid\/","og_site_name":"steuerportal.ch","article_modified_time":"2023-05-16T13:26:18+00:00","twitter_card":"summary_large_image","twitter_misc":{"Dur\u00e9e de lecture estim\u00e9e":"32 minutes"},"schema":{"@context":"https:\/\/schema.org","@graph":[{"@type":"WebPage","@id":"https:\/\/steuerportal.ch\/fr\/articles-specialises\/deduction-supplementaire-pour-fe-selon-lart-25a-lhid\/","url":"https:\/\/steuerportal.ch\/fr\/articles-specialises\/deduction-supplementaire-pour-fe-selon-lart-25a-lhid\/","name":"D\u00e9duction suppl\u00e9mentaire des d\u00e9penses de R&amp;D selon l\u2019art. 25a LHID &#8226; steuerportal.ch","isPartOf":{"@id":"https:\/\/steuerportal.ch\/fr\/#website"},"datePublished":"2023-05-01T07:34:17+00:00","dateModified":"2023-05-16T13:26:18+00:00","breadcrumb":{"@id":"https:\/\/steuerportal.ch\/fr\/articles-specialises\/deduction-supplementaire-pour-fe-selon-lart-25a-lhid\/#breadcrumb"},"inLanguage":"fr-FR","potentialAction":[{"@type":"ReadAction","target":["https:\/\/steuerportal.ch\/fr\/articles-specialises\/deduction-supplementaire-pour-fe-selon-lart-25a-lhid\/"]}]},{"@type":"BreadcrumbList","@id":"https:\/\/steuerportal.ch\/fr\/articles-specialises\/deduction-supplementaire-pour-fe-selon-lart-25a-lhid\/#breadcrumb","itemListElement":[{"@type":"ListItem","position":1,"name":"Page d'accueil","item":"https:\/\/steuerportal.ch\/fr\/"},{"@type":"ListItem","position":2,"name":"Fachartikel","item":"https:\/\/steuerportal.ch\/fr\/articles-specialises\/"},{"@type":"ListItem","position":3,"name":"D\u00e9duction suppl\u00e9mentaire des d\u00e9penses de R&amp;D selon l\u2019art. 25a LHID"}]},{"@type":"WebSite","@id":"https:\/\/steuerportal.ch\/fr\/#website","url":"https:\/\/steuerportal.ch\/fr\/","name":"steuerportal.ch","description":"Le portail suisse sp\u00e9cialis\u00e9 dans le domaine des imp\u00f4ts","publisher":{"@id":"https:\/\/steuerportal.ch\/fr\/#organization"},"potentialAction":[{"@type":"SearchAction","target":{"@type":"EntryPoint","urlTemplate":"https:\/\/steuerportal.ch\/fr\/?s={search_term_string}"},"query-input":{"@type":"PropertyValueSpecification","valueRequired":true,"valueName":"search_term_string"}}],"inLanguage":"fr-FR"},{"@type":"Organization","@id":"https:\/\/steuerportal.ch\/fr\/#organization","name":"Steuerportal (Cosmos Verlag)","url":"https:\/\/steuerportal.ch\/fr\/","logo":{"@type":"ImageObject","inLanguage":"fr-FR","@id":"https:\/\/steuerportal.ch\/fr\/#\/schema\/logo\/image\/","url":"https:\/\/steuerportal.ch\/wp-content\/uploads\/2021\/06\/cosmos_c-strich_h_positiv_bunt.svg","contentUrl":"https:\/\/steuerportal.ch\/wp-content\/uploads\/2021\/06\/cosmos_c-strich_h_positiv_bunt.svg","width":191,"height":44,"caption":"Steuerportal (Cosmos Verlag)"},"image":{"@id":"https:\/\/steuerportal.ch\/fr\/#\/schema\/logo\/image\/"}}]}},"_links":{"self":[{"href":"https:\/\/steuerportal.ch\/fr\/wp-json\/wp\/v2\/sht_proarticle\/16066","targetHints":{"allow":["GET"]}}],"collection":[{"href":"https:\/\/steuerportal.ch\/fr\/wp-json\/wp\/v2\/sht_proarticle"}],"about":[{"href":"https:\/\/steuerportal.ch\/fr\/wp-json\/wp\/v2\/types\/sht_proarticle"}],"author":[{"embeddable":true,"href":"https:\/\/steuerportal.ch\/fr\/wp-json\/wp\/v2\/users\/4"}],"version-history":[{"count":0,"href":"https:\/\/steuerportal.ch\/fr\/wp-json\/wp\/v2\/sht_proarticle\/16066\/revisions"}],"acf:user":[{"embeddable":true,"href":"https:\/\/steuerportal.ch\/fr\/wp-json\/wp\/v2\/users\/27"}],"wp:attachment":[{"href":"https:\/\/steuerportal.ch\/fr\/wp-json\/wp\/v2\/media?parent=16066"}],"wp:term":[{"taxonomy":"sht_proarticle_category","embeddable":true,"href":"https:\/\/steuerportal.ch\/fr\/wp-json\/wp\/v2\/sht_proarticle_category?post=16066"},{"taxonomy":"sht_proarticle_tag","embeddable":true,"href":"https:\/\/steuerportal.ch\/fr\/wp-json\/wp\/v2\/sht_proarticle_tag?post=16066"}],"curies":[{"name":"wp","href":"https:\/\/api.w.org\/{rel}","templated":true}]}}