{"id":15796,"date":"2023-03-30T11:52:49","date_gmt":"2023-03-30T09:52:49","guid":{"rendered":"https:\/\/steuerportal.ch\/?post_type=sht_proarticle&#038;p=15796"},"modified":"2023-04-28T11:16:41","modified_gmt":"2023-04-28T09:16:41","slug":"nouvelle-reglementation-des-frais-professionnels","status":"publish","type":"sht_proarticle","link":"https:\/\/steuerportal.ch\/fr\/articles-specialises\/nouvelle-reglementation-des-frais-professionnels\/","title":{"rendered":"Nouvelle r\u00e9glementation des frais professionnels"},"content":{"rendered":"","protected":true},"excerpt":{"rendered":"<p>A l\u2019avenir, les personnes exer\u00e7ant une activit\u00e9 lucrative d\u00e9pendante pourront choisir de faire valoir leurs frais professionnels de mani\u00e8re forfaitaire ou effective. Sirgit Meier et Jennifer Herren analysent le projet qui est en consultation jusqu&rsquo;au 4 avril.<\/p>\n","protected":false},"author":4,"featured_media":0,"template":"","meta":{"_acf_changed":false,"authors":[{"ID":1561,"display_name":"Sirgit Meier","first_name":"Sirgit","last_name":"Meier","description":"<p>Lic. iur., MAS Taxation\/LL.M., Leiterin Gesch\u00e4ftsbereich Recht und Koordination, Steuerverwaltung des Kantons Bern<\/p>\n","image":"https:\/\/steuerportal.ch\/wp-content\/uploads\/2020\/08\/Sigi-Meier_Portr\u00e4t_sw-220x220.jpg","organiser_data":[],"url":"https:\/\/steuerportal.ch\/fr\/autoren\/sirgit-meier-2\/"},{"ID":1959,"display_name":"Jennifer Herren","first_name":"Jennifer","last_name":"Herren","description":"<p>M.A. HSG in Rechtswissenschaften, Rechtsanw\u00e4ltin, wissenschaftliche Mitarbeiterin Gesch\u00e4ftsbereich Recht und Koordination, Steuerverwaltung des Kantons Bern<\/p>\n","image":"https:\/\/steuerportal.ch\/wp-content\/uploads\/2023\/03\/StR-4-2023_Jennifer-Herren-220x220.jpg","organiser_data":[],"url":"https:\/\/steuerportal.ch\/fr\/autoren\/jennifer-herren\/"}],"related_sht_promodule":["<a href=\"https:\/\/steuerportal.ch\/fr\/modules-specialises\/revue-fiscale\/articles-de-fond\/\">Revue fiscale &#8594; Articles de fond<\/a>"],"pdf":"https:\/\/steuerportal.ch\/fr\/articles-specialises\/nouvelle-reglementation-des-frais-professionnels\/shtpdf\/","language":"fr"},"sht_proarticle_category":[266],"sht_proarticle_tag":[],"class_list":["post-15796","sht_proarticle","type-sht_proarticle","status-publish","hentry","sht_proarticle_category-articles-de-fond"],"acf":{"authors":[1561,1959]},"shp_steuerportal_must_use":{"translations":[{"id":15791,"link":"https:\/\/steuerportal.ch\/articles-specialises\/neuregelung-der-berufskosten\/","title":{"rendered":"Neuregelung der Berufskosten"},"language":"de"},{"id":15796,"link":"https:\/\/steuerportal.ch\/fr\/articles-specialises\/nouvelle-reglementation-des-frais-professionnels\/","title":{"rendered":"Nouvelle r\u00e9glementation des frais professionnels"},"language":"fr"}]},"yoast_head":"<!-- This site is optimized with the Yoast SEO plugin v27.5 - https:\/\/yoast.com\/product\/yoast-seo-wordpress\/ -->\n<title>Nouvelle r\u00e9glementation des frais professionnels &#8226; steuerportal.ch<\/title>\n<meta name=\"robots\" content=\"index, follow, max-snippet:-1, max-image-preview:large, max-video-preview:-1\" \/>\n<link rel=\"canonical\" href=\"https:\/\/steuerportal.ch\/fr\/articles-specialises\/nouvelle-reglementation-des-frais-professionnels\/\" \/>\n<meta property=\"og:locale\" content=\"fr_FR\" \/>\n<meta property=\"og:type\" content=\"article\" \/>\n<meta property=\"og:title\" content=\"Nouvelle r\u00e9glementation des frais professionnels &#8226; steuerportal.ch\" \/>\n<meta property=\"og:description\" content=\"A l\u2019avenir, les personnes exer\u00e7ant une activit\u00e9 lucrative d\u00e9pendante pourront choisir de faire valoir leurs frais professionnels de mani\u00e8re forfaitaire ou effective. Sirgit Meier et Jennifer Herren analysent le projet qui est en consultation jusqu&#039;au 4 avril.\" \/>\n<meta property=\"og:url\" content=\"https:\/\/steuerportal.ch\/fr\/articles-specialises\/nouvelle-reglementation-des-frais-professionnels\/\" \/>\n<meta property=\"og:site_name\" content=\"steuerportal.ch\" \/>\n<meta property=\"article:modified_time\" content=\"2023-04-28T09:16:41+00:00\" \/>\n<meta name=\"twitter:card\" content=\"summary_large_image\" \/>\n<meta name=\"twitter:label1\" content=\"Dur\u00e9e de lecture estim\u00e9e\" \/>\n\t<meta name=\"twitter:data1\" content=\"28 minutes\" \/>\n<script type=\"application\/ld+json\" class=\"yoast-schema-graph\">{\"@context\":\"https:\\\/\\\/schema.org\",\"@graph\":[{\"@type\":\"WebPage\",\"@id\":\"https:\\\/\\\/steuerportal.ch\\\/fr\\\/articles-specialises\\\/nouvelle-reglementation-des-frais-professionnels\\\/\",\"url\":\"https:\\\/\\\/steuerportal.ch\\\/fr\\\/articles-specialises\\\/nouvelle-reglementation-des-frais-professionnels\\\/\",\"name\":\"Nouvelle r\u00e9glementation des frais professionnels &#8226; steuerportal.ch\",\"isPartOf\":{\"@id\":\"https:\\\/\\\/steuerportal.ch\\\/fr\\\/#website\"},\"datePublished\":\"2023-03-30T09:52:49+00:00\",\"dateModified\":\"2023-04-28T09:16:41+00:00\",\"breadcrumb\":{\"@id\":\"https:\\\/\\\/steuerportal.ch\\\/fr\\\/articles-specialises\\\/nouvelle-reglementation-des-frais-professionnels\\\/#breadcrumb\"},\"inLanguage\":\"fr-FR\",\"potentialAction\":[{\"@type\":\"ReadAction\",\"target\":[\"https:\\\/\\\/steuerportal.ch\\\/fr\\\/articles-specialises\\\/nouvelle-reglementation-des-frais-professionnels\\\/\"]}]},{\"@type\":\"BreadcrumbList\",\"@id\":\"https:\\\/\\\/steuerportal.ch\\\/fr\\\/articles-specialises\\\/nouvelle-reglementation-des-frais-professionnels\\\/#breadcrumb\",\"itemListElement\":[{\"@type\":\"ListItem\",\"position\":1,\"name\":\"Page d'accueil\",\"item\":\"https:\\\/\\\/steuerportal.ch\\\/fr\\\/\"},{\"@type\":\"ListItem\",\"position\":2,\"name\":\"Fachartikel\",\"item\":\"https:\\\/\\\/steuerportal.ch\\\/fr\\\/articles-specialises\\\/\"},{\"@type\":\"ListItem\",\"position\":3,\"name\":\"Nouvelle r\u00e9glementation des frais professionnels\"}]},{\"@type\":\"WebSite\",\"@id\":\"https:\\\/\\\/steuerportal.ch\\\/fr\\\/#website\",\"url\":\"https:\\\/\\\/steuerportal.ch\\\/fr\\\/\",\"name\":\"steuerportal.ch\",\"description\":\"Le portail suisse sp\u00e9cialis\u00e9 dans le domaine des imp\u00f4ts\",\"publisher\":{\"@id\":\"https:\\\/\\\/steuerportal.ch\\\/fr\\\/#organization\"},\"potentialAction\":[{\"@type\":\"SearchAction\",\"target\":{\"@type\":\"EntryPoint\",\"urlTemplate\":\"https:\\\/\\\/steuerportal.ch\\\/fr\\\/?s={search_term_string}\"},\"query-input\":{\"@type\":\"PropertyValueSpecification\",\"valueRequired\":true,\"valueName\":\"search_term_string\"}}],\"inLanguage\":\"fr-FR\"},{\"@type\":\"Organization\",\"@id\":\"https:\\\/\\\/steuerportal.ch\\\/fr\\\/#organization\",\"name\":\"Steuerportal (Cosmos Verlag)\",\"url\":\"https:\\\/\\\/steuerportal.ch\\\/fr\\\/\",\"logo\":{\"@type\":\"ImageObject\",\"inLanguage\":\"fr-FR\",\"@id\":\"https:\\\/\\\/steuerportal.ch\\\/fr\\\/#\\\/schema\\\/logo\\\/image\\\/\",\"url\":\"https:\\\/\\\/steuerportal.ch\\\/wp-content\\\/uploads\\\/2021\\\/06\\\/cosmos_c-strich_h_positiv_bunt.svg\",\"contentUrl\":\"https:\\\/\\\/steuerportal.ch\\\/wp-content\\\/uploads\\\/2021\\\/06\\\/cosmos_c-strich_h_positiv_bunt.svg\",\"width\":191,\"height\":44,\"caption\":\"Steuerportal (Cosmos Verlag)\"},\"image\":{\"@id\":\"https:\\\/\\\/steuerportal.ch\\\/fr\\\/#\\\/schema\\\/logo\\\/image\\\/\"}}]}<\/script>\n<!-- \/ Yoast SEO plugin. -->","yoast_head_json":{"title":"Nouvelle r\u00e9glementation des frais professionnels &#8226; steuerportal.ch","robots":{"index":"index","follow":"follow","max-snippet":"max-snippet:-1","max-image-preview":"max-image-preview:large","max-video-preview":"max-video-preview:-1"},"canonical":"https:\/\/steuerportal.ch\/fr\/articles-specialises\/nouvelle-reglementation-des-frais-professionnels\/","og_locale":"fr_FR","og_type":"article","og_title":"Nouvelle r\u00e9glementation des frais professionnels &#8226; steuerportal.ch","og_description":"A l\u2019avenir, les personnes exer\u00e7ant une activit\u00e9 lucrative d\u00e9pendante pourront choisir de faire valoir leurs frais professionnels de mani\u00e8re forfaitaire ou effective. Sirgit Meier et Jennifer Herren analysent le projet qui est en consultation jusqu'au 4 avril.","og_url":"https:\/\/steuerportal.ch\/fr\/articles-specialises\/nouvelle-reglementation-des-frais-professionnels\/","og_site_name":"steuerportal.ch","article_modified_time":"2023-04-28T09:16:41+00:00","twitter_card":"summary_large_image","twitter_misc":{"Dur\u00e9e de lecture estim\u00e9e":"28 minutes"},"schema":{"@context":"https:\/\/schema.org","@graph":[{"@type":"WebPage","@id":"https:\/\/steuerportal.ch\/fr\/articles-specialises\/nouvelle-reglementation-des-frais-professionnels\/","url":"https:\/\/steuerportal.ch\/fr\/articles-specialises\/nouvelle-reglementation-des-frais-professionnels\/","name":"Nouvelle r\u00e9glementation des frais professionnels &#8226; steuerportal.ch","isPartOf":{"@id":"https:\/\/steuerportal.ch\/fr\/#website"},"datePublished":"2023-03-30T09:52:49+00:00","dateModified":"2023-04-28T09:16:41+00:00","breadcrumb":{"@id":"https:\/\/steuerportal.ch\/fr\/articles-specialises\/nouvelle-reglementation-des-frais-professionnels\/#breadcrumb"},"inLanguage":"fr-FR","potentialAction":[{"@type":"ReadAction","target":["https:\/\/steuerportal.ch\/fr\/articles-specialises\/nouvelle-reglementation-des-frais-professionnels\/"]}]},{"@type":"BreadcrumbList","@id":"https:\/\/steuerportal.ch\/fr\/articles-specialises\/nouvelle-reglementation-des-frais-professionnels\/#breadcrumb","itemListElement":[{"@type":"ListItem","position":1,"name":"Page d'accueil","item":"https:\/\/steuerportal.ch\/fr\/"},{"@type":"ListItem","position":2,"name":"Fachartikel","item":"https:\/\/steuerportal.ch\/fr\/articles-specialises\/"},{"@type":"ListItem","position":3,"name":"Nouvelle r\u00e9glementation des frais professionnels"}]},{"@type":"WebSite","@id":"https:\/\/steuerportal.ch\/fr\/#website","url":"https:\/\/steuerportal.ch\/fr\/","name":"steuerportal.ch","description":"Le portail suisse sp\u00e9cialis\u00e9 dans le domaine des imp\u00f4ts","publisher":{"@id":"https:\/\/steuerportal.ch\/fr\/#organization"},"potentialAction":[{"@type":"SearchAction","target":{"@type":"EntryPoint","urlTemplate":"https:\/\/steuerportal.ch\/fr\/?s={search_term_string}"},"query-input":{"@type":"PropertyValueSpecification","valueRequired":true,"valueName":"search_term_string"}}],"inLanguage":"fr-FR"},{"@type":"Organization","@id":"https:\/\/steuerportal.ch\/fr\/#organization","name":"Steuerportal (Cosmos Verlag)","url":"https:\/\/steuerportal.ch\/fr\/","logo":{"@type":"ImageObject","inLanguage":"fr-FR","@id":"https:\/\/steuerportal.ch\/fr\/#\/schema\/logo\/image\/","url":"https:\/\/steuerportal.ch\/wp-content\/uploads\/2021\/06\/cosmos_c-strich_h_positiv_bunt.svg","contentUrl":"https:\/\/steuerportal.ch\/wp-content\/uploads\/2021\/06\/cosmos_c-strich_h_positiv_bunt.svg","width":191,"height":44,"caption":"Steuerportal (Cosmos Verlag)"},"image":{"@id":"https:\/\/steuerportal.ch\/fr\/#\/schema\/logo\/image\/"}}]}},"_links":{"self":[{"href":"https:\/\/steuerportal.ch\/fr\/wp-json\/wp\/v2\/sht_proarticle\/15796","targetHints":{"allow":["GET"]}}],"collection":[{"href":"https:\/\/steuerportal.ch\/fr\/wp-json\/wp\/v2\/sht_proarticle"}],"about":[{"href":"https:\/\/steuerportal.ch\/fr\/wp-json\/wp\/v2\/types\/sht_proarticle"}],"author":[{"embeddable":true,"href":"https:\/\/steuerportal.ch\/fr\/wp-json\/wp\/v2\/users\/4"}],"version-history":[{"count":0,"href":"https:\/\/steuerportal.ch\/fr\/wp-json\/wp\/v2\/sht_proarticle\/15796\/revisions"}],"acf:user":[{"embeddable":true,"href":"https:\/\/steuerportal.ch\/fr\/wp-json\/wp\/v2\/users\/1959"},{"embeddable":true,"href":"https:\/\/steuerportal.ch\/fr\/wp-json\/wp\/v2\/users\/1561"}],"wp:attachment":[{"href":"https:\/\/steuerportal.ch\/fr\/wp-json\/wp\/v2\/media?parent=15796"}],"wp:term":[{"taxonomy":"sht_proarticle_category","embeddable":true,"href":"https:\/\/steuerportal.ch\/fr\/wp-json\/wp\/v2\/sht_proarticle_category?post=15796"},{"taxonomy":"sht_proarticle_tag","embeddable":true,"href":"https:\/\/steuerportal.ch\/fr\/wp-json\/wp\/v2\/sht_proarticle_tag?post=15796"}],"curies":[{"name":"wp","href":"https:\/\/api.w.org\/{rel}","templated":true}]}}