{"id":15790,"date":"2023-03-30T11:25:36","date_gmt":"2023-03-30T09:25:36","guid":{"rendered":"https:\/\/steuerportal.ch\/?post_type=sht_proarticle&#038;p=15790"},"modified":"2023-04-17T17:04:05","modified_gmt":"2023-04-17T15:04:05","slug":"revision-de-limposition-des-rentes-du-pilier-3b","status":"publish","type":"sht_proarticle","link":"https:\/\/steuerportal.ch\/fr\/articles-specialises\/revision-de-limposition-des-rentes-du-pilier-3b\/","title":{"rendered":"R\u00e9vision de l\u2019imposition des rentes du pilier 3b"},"content":{"rendered":"","protected":true},"excerpt":{"rendered":"<p>La r\u00e9forme de l&rsquo;imposition des rentes du pilier 3b permet la prise en compte ad\u00e9quate des fondements \u00e9conomiques dans le domaine de l&rsquo;imposition du revenu des prestations p\u00e9riodiques. Peter Lang donne un aper\u00e7u de la nouvelle conception du paquet de r\u00e9formes. <\/p>\n","protected":false},"author":4,"featured_media":0,"template":"","meta":{"_acf_changed":false,"authors":[{"ID":586,"display_name":"Peter Lang","first_name":"Peter","last_name":"Lang","description":"<p>Dr. iur., lic. oec. HSG, dipl. Steuerexperte, Leiter Steuerdienst Swiss Life, Z\u00fcrich<\/p>\n","image":"https:\/\/steuerportal.ch\/wp-content\/uploads\/2021\/07\/StR-7-8-2021_Peter-Lang-cut_sw-1-220x220.jpg","organiser_data":[],"url":"https:\/\/steuerportal.ch\/fr\/autoren\/peter-lang\/"}],"related_sht_promodule":["<a href=\"https:\/\/steuerportal.ch\/fr\/modules-specialises\/revue-fiscale\/articles-de-fond\/\">Revue fiscale &#8594; Articles de fond<\/a>"],"pdf":"https:\/\/steuerportal.ch\/fr\/articles-specialises\/revision-de-limposition-des-rentes-du-pilier-3b\/shtpdf\/","language":"fr"},"sht_proarticle_category":[266],"sht_proarticle_tag":[],"class_list":["post-15790","sht_proarticle","type-sht_proarticle","status-publish","hentry","sht_proarticle_category-articles-de-fond"],"acf":{"authors":[586]},"shp_steuerportal_must_use":{"translations":[{"id":15773,"link":"https:\/\/steuerportal.ch\/articles-specialises\/revision-rentenbesteuerung-saeule-3b\/","title":{"rendered":"Revision Rentenbesteuerung S\u00e4ule\u00a03b"},"language":"de"},{"id":15790,"link":"https:\/\/steuerportal.ch\/fr\/articles-specialises\/revision-de-limposition-des-rentes-du-pilier-3b\/","title":{"rendered":"R\u00e9vision de l\u2019imposition des rentes du pilier 3b"},"language":"fr"}]},"yoast_head":"<!-- This site is optimized with the Yoast SEO plugin v27.5 - https:\/\/yoast.com\/product\/yoast-seo-wordpress\/ -->\n<title>R\u00e9vision de l\u2019imposition des rentes du pilier 3b &#8226; steuerportal.ch<\/title>\n<meta name=\"robots\" content=\"index, follow, max-snippet:-1, max-image-preview:large, max-video-preview:-1\" \/>\n<link rel=\"canonical\" href=\"https:\/\/steuerportal.ch\/fr\/articles-specialises\/revision-de-limposition-des-rentes-du-pilier-3b\/\" \/>\n<meta property=\"og:locale\" content=\"fr_FR\" \/>\n<meta property=\"og:type\" content=\"article\" \/>\n<meta property=\"og:title\" content=\"R\u00e9vision de l\u2019imposition des rentes du pilier 3b &#8226; steuerportal.ch\" \/>\n<meta property=\"og:description\" content=\"La r\u00e9forme de l&#039;imposition des rentes du pilier 3b permet la prise en compte ad\u00e9quate des fondements \u00e9conomiques dans le domaine de l&#039;imposition du revenu des prestations p\u00e9riodiques. Peter Lang donne un aper\u00e7u de la nouvelle conception du paquet de r\u00e9formes.\" \/>\n<meta property=\"og:url\" content=\"https:\/\/steuerportal.ch\/fr\/articles-specialises\/revision-de-limposition-des-rentes-du-pilier-3b\/\" \/>\n<meta property=\"og:site_name\" content=\"steuerportal.ch\" \/>\n<meta property=\"article:modified_time\" content=\"2023-04-17T15:04:05+00:00\" \/>\n<meta property=\"og:image\" content=\"https:\/\/steuerportal.ch\/wp-content\/uploads\/2023\/03\/StR-4-2023_Lang_Formel-1-700x171.jpg\" \/>\n<meta name=\"twitter:card\" content=\"summary_large_image\" \/>\n<meta name=\"twitter:label1\" content=\"Dur\u00e9e de lecture estim\u00e9e\" \/>\n\t<meta name=\"twitter:data1\" content=\"27 minutes\" \/>\n<script type=\"application\/ld+json\" class=\"yoast-schema-graph\">{\"@context\":\"https:\\\/\\\/schema.org\",\"@graph\":[{\"@type\":\"WebPage\",\"@id\":\"https:\\\/\\\/steuerportal.ch\\\/fr\\\/articles-specialises\\\/revision-de-limposition-des-rentes-du-pilier-3b\\\/\",\"url\":\"https:\\\/\\\/steuerportal.ch\\\/fr\\\/articles-specialises\\\/revision-de-limposition-des-rentes-du-pilier-3b\\\/\",\"name\":\"R\u00e9vision de l\u2019imposition des rentes du pilier 3b &#8226; steuerportal.ch\",\"isPartOf\":{\"@id\":\"https:\\\/\\\/steuerportal.ch\\\/fr\\\/#website\"},\"primaryImageOfPage\":{\"@id\":\"https:\\\/\\\/steuerportal.ch\\\/fr\\\/articles-specialises\\\/revision-de-limposition-des-rentes-du-pilier-3b\\\/#primaryimage\"},\"image\":{\"@id\":\"https:\\\/\\\/steuerportal.ch\\\/fr\\\/articles-specialises\\\/revision-de-limposition-des-rentes-du-pilier-3b\\\/#primaryimage\"},\"thumbnailUrl\":\"https:\\\/\\\/steuerportal.ch\\\/wp-content\\\/uploads\\\/2023\\\/03\\\/StR-4-2023_Lang_Formel-1-700x171.jpg\",\"datePublished\":\"2023-03-30T09:25:36+00:00\",\"dateModified\":\"2023-04-17T15:04:05+00:00\",\"breadcrumb\":{\"@id\":\"https:\\\/\\\/steuerportal.ch\\\/fr\\\/articles-specialises\\\/revision-de-limposition-des-rentes-du-pilier-3b\\\/#breadcrumb\"},\"inLanguage\":\"fr-FR\",\"potentialAction\":[{\"@type\":\"ReadAction\",\"target\":[\"https:\\\/\\\/steuerportal.ch\\\/fr\\\/articles-specialises\\\/revision-de-limposition-des-rentes-du-pilier-3b\\\/\"]}]},{\"@type\":\"ImageObject\",\"inLanguage\":\"fr-FR\",\"@id\":\"https:\\\/\\\/steuerportal.ch\\\/fr\\\/articles-specialises\\\/revision-de-limposition-des-rentes-du-pilier-3b\\\/#primaryimage\",\"url\":\"https:\\\/\\\/steuerportal.ch\\\/wp-content\\\/uploads\\\/2023\\\/03\\\/StR-4-2023_Lang_Formel-1-700x171.jpg\",\"contentUrl\":\"https:\\\/\\\/steuerportal.ch\\\/wp-content\\\/uploads\\\/2023\\\/03\\\/StR-4-2023_Lang_Formel-1-700x171.jpg\"},{\"@type\":\"BreadcrumbList\",\"@id\":\"https:\\\/\\\/steuerportal.ch\\\/fr\\\/articles-specialises\\\/revision-de-limposition-des-rentes-du-pilier-3b\\\/#breadcrumb\",\"itemListElement\":[{\"@type\":\"ListItem\",\"position\":1,\"name\":\"Page d'accueil\",\"item\":\"https:\\\/\\\/steuerportal.ch\\\/fr\\\/\"},{\"@type\":\"ListItem\",\"position\":2,\"name\":\"Fachartikel\",\"item\":\"https:\\\/\\\/steuerportal.ch\\\/fr\\\/articles-specialises\\\/\"},{\"@type\":\"ListItem\",\"position\":3,\"name\":\"R\u00e9vision de l\u2019imposition des rentes du pilier 3b\"}]},{\"@type\":\"WebSite\",\"@id\":\"https:\\\/\\\/steuerportal.ch\\\/fr\\\/#website\",\"url\":\"https:\\\/\\\/steuerportal.ch\\\/fr\\\/\",\"name\":\"steuerportal.ch\",\"description\":\"Le portail suisse sp\u00e9cialis\u00e9 dans le domaine des imp\u00f4ts\",\"publisher\":{\"@id\":\"https:\\\/\\\/steuerportal.ch\\\/fr\\\/#organization\"},\"potentialAction\":[{\"@type\":\"SearchAction\",\"target\":{\"@type\":\"EntryPoint\",\"urlTemplate\":\"https:\\\/\\\/steuerportal.ch\\\/fr\\\/?s={search_term_string}\"},\"query-input\":{\"@type\":\"PropertyValueSpecification\",\"valueRequired\":true,\"valueName\":\"search_term_string\"}}],\"inLanguage\":\"fr-FR\"},{\"@type\":\"Organization\",\"@id\":\"https:\\\/\\\/steuerportal.ch\\\/fr\\\/#organization\",\"name\":\"Steuerportal (Cosmos Verlag)\",\"url\":\"https:\\\/\\\/steuerportal.ch\\\/fr\\\/\",\"logo\":{\"@type\":\"ImageObject\",\"inLanguage\":\"fr-FR\",\"@id\":\"https:\\\/\\\/steuerportal.ch\\\/fr\\\/#\\\/schema\\\/logo\\\/image\\\/\",\"url\":\"https:\\\/\\\/steuerportal.ch\\\/wp-content\\\/uploads\\\/2021\\\/06\\\/cosmos_c-strich_h_positiv_bunt.svg\",\"contentUrl\":\"https:\\\/\\\/steuerportal.ch\\\/wp-content\\\/uploads\\\/2021\\\/06\\\/cosmos_c-strich_h_positiv_bunt.svg\",\"width\":191,\"height\":44,\"caption\":\"Steuerportal (Cosmos Verlag)\"},\"image\":{\"@id\":\"https:\\\/\\\/steuerportal.ch\\\/fr\\\/#\\\/schema\\\/logo\\\/image\\\/\"}}]}<\/script>\n<!-- \/ Yoast SEO plugin. -->","yoast_head_json":{"title":"R\u00e9vision de l\u2019imposition des rentes du pilier 3b &#8226; steuerportal.ch","robots":{"index":"index","follow":"follow","max-snippet":"max-snippet:-1","max-image-preview":"max-image-preview:large","max-video-preview":"max-video-preview:-1"},"canonical":"https:\/\/steuerportal.ch\/fr\/articles-specialises\/revision-de-limposition-des-rentes-du-pilier-3b\/","og_locale":"fr_FR","og_type":"article","og_title":"R\u00e9vision de l\u2019imposition des rentes du pilier 3b &#8226; steuerportal.ch","og_description":"La r\u00e9forme de l'imposition des rentes du pilier 3b permet la prise en compte ad\u00e9quate des fondements \u00e9conomiques dans le domaine de l'imposition du revenu des prestations p\u00e9riodiques. Peter Lang donne un aper\u00e7u de la nouvelle conception du paquet de r\u00e9formes.","og_url":"https:\/\/steuerportal.ch\/fr\/articles-specialises\/revision-de-limposition-des-rentes-du-pilier-3b\/","og_site_name":"steuerportal.ch","article_modified_time":"2023-04-17T15:04:05+00:00","og_image":[{"url":"https:\/\/steuerportal.ch\/wp-content\/uploads\/2023\/03\/StR-4-2023_Lang_Formel-1-700x171.jpg","type":"","width":"","height":""}],"twitter_card":"summary_large_image","twitter_misc":{"Dur\u00e9e de lecture estim\u00e9e":"27 minutes"},"schema":{"@context":"https:\/\/schema.org","@graph":[{"@type":"WebPage","@id":"https:\/\/steuerportal.ch\/fr\/articles-specialises\/revision-de-limposition-des-rentes-du-pilier-3b\/","url":"https:\/\/steuerportal.ch\/fr\/articles-specialises\/revision-de-limposition-des-rentes-du-pilier-3b\/","name":"R\u00e9vision de l\u2019imposition des rentes du pilier 3b &#8226; steuerportal.ch","isPartOf":{"@id":"https:\/\/steuerportal.ch\/fr\/#website"},"primaryImageOfPage":{"@id":"https:\/\/steuerportal.ch\/fr\/articles-specialises\/revision-de-limposition-des-rentes-du-pilier-3b\/#primaryimage"},"image":{"@id":"https:\/\/steuerportal.ch\/fr\/articles-specialises\/revision-de-limposition-des-rentes-du-pilier-3b\/#primaryimage"},"thumbnailUrl":"https:\/\/steuerportal.ch\/wp-content\/uploads\/2023\/03\/StR-4-2023_Lang_Formel-1-700x171.jpg","datePublished":"2023-03-30T09:25:36+00:00","dateModified":"2023-04-17T15:04:05+00:00","breadcrumb":{"@id":"https:\/\/steuerportal.ch\/fr\/articles-specialises\/revision-de-limposition-des-rentes-du-pilier-3b\/#breadcrumb"},"inLanguage":"fr-FR","potentialAction":[{"@type":"ReadAction","target":["https:\/\/steuerportal.ch\/fr\/articles-specialises\/revision-de-limposition-des-rentes-du-pilier-3b\/"]}]},{"@type":"ImageObject","inLanguage":"fr-FR","@id":"https:\/\/steuerportal.ch\/fr\/articles-specialises\/revision-de-limposition-des-rentes-du-pilier-3b\/#primaryimage","url":"https:\/\/steuerportal.ch\/wp-content\/uploads\/2023\/03\/StR-4-2023_Lang_Formel-1-700x171.jpg","contentUrl":"https:\/\/steuerportal.ch\/wp-content\/uploads\/2023\/03\/StR-4-2023_Lang_Formel-1-700x171.jpg"},{"@type":"BreadcrumbList","@id":"https:\/\/steuerportal.ch\/fr\/articles-specialises\/revision-de-limposition-des-rentes-du-pilier-3b\/#breadcrumb","itemListElement":[{"@type":"ListItem","position":1,"name":"Page d'accueil","item":"https:\/\/steuerportal.ch\/fr\/"},{"@type":"ListItem","position":2,"name":"Fachartikel","item":"https:\/\/steuerportal.ch\/fr\/articles-specialises\/"},{"@type":"ListItem","position":3,"name":"R\u00e9vision de l\u2019imposition des rentes du pilier 3b"}]},{"@type":"WebSite","@id":"https:\/\/steuerportal.ch\/fr\/#website","url":"https:\/\/steuerportal.ch\/fr\/","name":"steuerportal.ch","description":"Le portail suisse sp\u00e9cialis\u00e9 dans le domaine des imp\u00f4ts","publisher":{"@id":"https:\/\/steuerportal.ch\/fr\/#organization"},"potentialAction":[{"@type":"SearchAction","target":{"@type":"EntryPoint","urlTemplate":"https:\/\/steuerportal.ch\/fr\/?s={search_term_string}"},"query-input":{"@type":"PropertyValueSpecification","valueRequired":true,"valueName":"search_term_string"}}],"inLanguage":"fr-FR"},{"@type":"Organization","@id":"https:\/\/steuerportal.ch\/fr\/#organization","name":"Steuerportal (Cosmos Verlag)","url":"https:\/\/steuerportal.ch\/fr\/","logo":{"@type":"ImageObject","inLanguage":"fr-FR","@id":"https:\/\/steuerportal.ch\/fr\/#\/schema\/logo\/image\/","url":"https:\/\/steuerportal.ch\/wp-content\/uploads\/2021\/06\/cosmos_c-strich_h_positiv_bunt.svg","contentUrl":"https:\/\/steuerportal.ch\/wp-content\/uploads\/2021\/06\/cosmos_c-strich_h_positiv_bunt.svg","width":191,"height":44,"caption":"Steuerportal (Cosmos Verlag)"},"image":{"@id":"https:\/\/steuerportal.ch\/fr\/#\/schema\/logo\/image\/"}}]}},"_links":{"self":[{"href":"https:\/\/steuerportal.ch\/fr\/wp-json\/wp\/v2\/sht_proarticle\/15790","targetHints":{"allow":["GET"]}}],"collection":[{"href":"https:\/\/steuerportal.ch\/fr\/wp-json\/wp\/v2\/sht_proarticle"}],"about":[{"href":"https:\/\/steuerportal.ch\/fr\/wp-json\/wp\/v2\/types\/sht_proarticle"}],"author":[{"embeddable":true,"href":"https:\/\/steuerportal.ch\/fr\/wp-json\/wp\/v2\/users\/4"}],"version-history":[{"count":0,"href":"https:\/\/steuerportal.ch\/fr\/wp-json\/wp\/v2\/sht_proarticle\/15790\/revisions"}],"acf:user":[{"embeddable":true,"href":"https:\/\/steuerportal.ch\/fr\/wp-json\/wp\/v2\/users\/586"}],"wp:attachment":[{"href":"https:\/\/steuerportal.ch\/fr\/wp-json\/wp\/v2\/media?parent=15790"}],"wp:term":[{"taxonomy":"sht_proarticle_category","embeddable":true,"href":"https:\/\/steuerportal.ch\/fr\/wp-json\/wp\/v2\/sht_proarticle_category?post=15790"},{"taxonomy":"sht_proarticle_tag","embeddable":true,"href":"https:\/\/steuerportal.ch\/fr\/wp-json\/wp\/v2\/sht_proarticle_tag?post=15790"}],"curies":[{"name":"wp","href":"https:\/\/api.w.org\/{rel}","templated":true}]}}