{"id":14916,"date":"2023-01-03T08:15:44","date_gmt":"2023-01-03T07:15:44","guid":{"rendered":"https:\/\/steuerportal.ch\/?post_type=sht_proarticle&#038;p=14916"},"modified":"2023-01-18T17:44:04","modified_gmt":"2023-01-18T16:44:04","slug":"pourquoi-netes-vous-pas-devenu-pilote-de-course-dieter-wirth","status":"publish","type":"sht_proarticle","link":"https:\/\/steuerportal.ch\/fr\/articles-specialises\/pourquoi-netes-vous-pas-devenu-pilote-de-course-dieter-wirth\/","title":{"rendered":"Dieter Wirth, pourquoi n&rsquo;\u00eates-vous pas devenu pilote de course?"},"content":{"rendered":"<div class=\"wp-block-media-text alignwide is-stacked-on-mobile\"><figure class=\"wp-block-media-text__media\"><img loading=\"lazy\" decoding=\"async\" width=\"1161\" height=\"1780\" src=\"https:\/\/steuerportal.ch\/wp-content\/uploads\/2023\/01\/StR-1-23_dieter_wirth-e1672831476628.jpg\" alt=\"\" class=\"wp-image-14912 size-full\" srcset=\"https:\/\/steuerportal.ch\/wp-content\/uploads\/2023\/01\/StR-1-23_dieter_wirth-e1672831476628.jpg 1161w, https:\/\/steuerportal.ch\/wp-content\/uploads\/2023\/01\/StR-1-23_dieter_wirth-e1672831476628-700x1073.jpg 700w, https:\/\/steuerportal.ch\/wp-content\/uploads\/2023\/01\/StR-1-23_dieter_wirth-e1672831476628-668x1024.jpg 668w, https:\/\/steuerportal.ch\/wp-content\/uploads\/2023\/01\/StR-1-23_dieter_wirth-e1672831476628-768x1177.jpg 768w, https:\/\/steuerportal.ch\/wp-content\/uploads\/2023\/01\/StR-1-23_dieter_wirth-e1672831476628-1002x1536.jpg 1002w, https:\/\/steuerportal.ch\/wp-content\/uploads\/2023\/01\/StR-1-23_dieter_wirth-e1672831476628-183x280.jpg 183w, https:\/\/steuerportal.ch\/wp-content\/uploads\/2023\/01\/StR-1-23_dieter_wirth-e1672831476628-628x963.jpg 628w, https:\/\/steuerportal.ch\/wp-content\/uploads\/2023\/01\/StR-1-23_dieter_wirth-e1672831476628-296x454.jpg 296w\" sizes=\"auto, (max-width: 1161px) 100vw, 1161px\" \/><\/figure><div class=\"wp-block-media-text__content\">\n<p><strong>Nom:<\/strong>&nbsp;Dieter Wirth<\/p>\n\n\n\n<p><strong>Profession\/position:<\/strong>&nbsp;Managing Partner; Leader Tax, Legal &amp; HR Services chez PwC Switzerland et Europe<\/p>\n\n\n\n<p><strong>Famille:<\/strong>&nbsp;mari&eacute;, une fille<\/p>\n\n\n\n<p><strong>Loisirs:<\/strong>&nbsp;ski, randonn&eacute;e, lecture, cuisine, jardinage, d&eacute;gustation de vin<\/p>\n<\/div><\/div><p><strong>Leader Tax, Legal &amp; HR Services &ndash; qu&rsquo;est-ce que cela signifie?<\/strong><\/p><p>PwC est la plus grande entreprise de conseil fiscal en Suisse. Dans la cat&eacute;gorie de poids des &laquo;&nbsp;Big Four&nbsp;&raquo;, nous occupons &agrave; nouveau la premi&egrave;re place du classement Bilan 2022 des meilleurs experts fiscaux et fiduciaires. Je dirige le domaine fiscal et juridique aussi bien chez PwC Suisse que chez PwC Europe, qui comprend l&rsquo;Allemagne, les Pays-Bas, la Belgique, l&rsquo;Autriche et la Turquie. En Suisse, je suis responsable d&rsquo;environ 800 collaborateurs. En outre, je m&rsquo;occupe directement de quelques clients en tant que conseiller fiscal.<\/p><p><strong>Vous vivez donc pour le droit fiscal?<\/strong><\/p><p>Absolument. L&rsquo;&eacute;volution constante de la l&eacute;gislation, le travail en &eacute;quipe et les grands mandats me motivent chaque jour et m&rsquo;enthousiasment toujours autant, m&ecirc;me apr&egrave;s plus de 24 ans. Le point de contact entre le droit et l&rsquo;&eacute;conomie m&rsquo;a toujours fascin&eacute;. En tant que sp&eacute;cialiste du droit fiscal international, je suis volontiers consult&eacute; pour des projets l&eacute;gislatifs. Je participe par exemple &agrave; divers groupes de travail qui s&rsquo;occupent de la mise en &oelig;uvre des r&egrave;gles GloBE. Ou encore, je d&eacute;fends les int&eacute;r&ecirc;ts de nos clients devant les tribunaux et autres autorit&eacute;s. Je trouve tr&egrave;s gratifiant de contribuer &agrave; l&rsquo;attractivit&eacute; de la Suisse dans le cadre de mon travail.<\/p><p><strong>Est-ce que c&rsquo;&eacute;tait d&eacute;j&agrave; votre m&eacute;tier de r&ecirc;ve lorsque vous &eacute;tiez enfant?<\/strong><\/p><p>Non. Je voulais bien s&ucirc;r devenir pilote de Formule 1.<\/p><p><strong>Et pourquoi cela n&rsquo;a-t-il pas abouti?<\/strong><\/p><p>Le rythme, le son, les bolides rac&eacute;s &ndash; tout cela m&rsquo;a impressionn&eacute;. Et tr&egrave;s honn&ecirc;tement, c&rsquo;est toujours le cas aujourd&rsquo;hui. Mais avec le recul, je suis content d&rsquo;avoir opt&eacute; pour un autre travail, moins dangereux et pourtant &eacute;poustouflant.<\/p><p><strong>Quels sont les trois hashtags qui d&eacute;crivent le mieux votre quotidien professionnel?<\/strong><\/p><p>#caf&eacute;, #travail d&rsquo;&eacute;quipe, #perspectives &agrave; 360 degr&eacute;s<\/p><p><strong>Qu&rsquo;est-ce qui fait le succ&egrave;s d&rsquo;un conseiller fiscal?<\/strong><\/p><p>En tant que conseiller fiscal, il faut savoir se projeter dans l&rsquo;avenir et voir venir certaines tendances &eacute;conomiques ou juridiques. Pour cela, il faut s&rsquo;int&eacute;resser aux r&egrave;gles qui &eacute;voluent tout en restant curieux des nouvelles technologies et autres sujets non fiscaux. Au c&oelig;ur d&rsquo;un bon conseil fiscal se trouve une vision holistique des mod&egrave;les d&rsquo;entreprise. Pour cela, il faut une motivation presque inn&eacute;e pour le sujet. Un bon conseiller fiscal doit aimer travailler avec les gens. Nous avons affaire chaque jour &agrave; tant de perspectives et d&rsquo;int&eacute;r&ecirc;ts diff&eacute;rents. C&rsquo;est pourquoi nous devons &ecirc;tre capables de cerner les gens et de nous remettre en question en permanence. En tant que prestataire de services, je suis naturellement tributaire des gens. Je dois les appr&eacute;cier si je veux r&eacute;ussir en tant qu&rsquo;&eacute;quipe ou entreprise. Car c&rsquo;est la seule fa&ccedil;on de nous compl&eacute;ter au lieu de nous concurrencer.<\/p><p><strong>Qu&rsquo;est-ce qui vous met en col&egrave;re?<\/strong><\/p><p>Tout ce qui n&rsquo;est pas fiable, qu&rsquo;il s&rsquo;agisse d&rsquo;ordinateurs ou de personnes. Le manque de ponctualit&eacute; m&rsquo;agace, que ce soit en avion ou dans la collaboration avec les autres. Et enfin, le manque de sinc&eacute;rit&eacute; dans la vie priv&eacute;e et dans les affaires m&rsquo;exasp&egrave;re. L&rsquo;honn&ecirc;tet&eacute; est pour moi la plus haute forme de courage.<\/p><p><strong>Qu&rsquo;est-ce qui vous ram&egrave;ne au calme?<\/strong><\/p><p>Chez moi, avec ma famille. Ou lors de randonn&eacute;es en montagne, de pr&eacute;f&eacute;rence dans les Grisons. Je peux aussi me d&eacute;tendre en faisant du ski ou en lisant.<\/p><p><strong>Que faites-vous d&rsquo;autre pendant votre temps libre?<\/strong><\/p><p>J&rsquo;aime me rendre utile en cuisine. Par exemple en p&eacute;trissant la p&acirc;te pour le pain, la pizza ou toutes les formes de p&acirc;tes. En outre, deux r&eacute;gions viticoles me plaisent particuli&egrave;rement : le Bordelais et la Seigneurie grisonne. Malheureusement, ces deux activit&eacute;s de loisirs se font ressentir sur l&rsquo;affichage de ma balance. C&rsquo;est pourquoi un r&eacute;gime &laquo;&nbsp;low carb&nbsp;&raquo; s&rsquo;impose de temps &agrave; autre.<\/p><p><strong>O&ugrave; se trouve votre destination de r&ecirc;ve?<\/strong><\/p><p>Quelque part au milieu d&rsquo;une oliveraie au bord de la M&eacute;diterran&eacute;e.<\/p><p><strong>Si votre vie &eacute;tait adapt&eacute;e au cin&eacute;ma, quel acteur aurait le r&ocirc;le principal?<\/strong><\/p><p>Mes candidats pr&eacute;f&eacute;r&eacute;s seraient bien s&ucirc;r Brad Pitt ou George Clooney. Si ces deux-l&agrave; trouvent le sc&eacute;nario trop ennuyeux, on pourrait faire appel &agrave; Rowan Atkinson, alias Mr. Bean.<\/p><p><strong>Pourquoi vous l&egrave;veriez-vous au milieu de la nuit?<\/strong><\/p><p>Pour tous types d&rsquo;actes h&eacute;ro&iuml;ques. Par exemple, pour chasser les grizzlis qui attaquent, les moustiques assoiff&eacute;s de sang ou les cauchemars qui font peur.<\/p><p><strong>Quel livre lisez-vous en ce moment? <\/strong><\/p><p><em>&laquo;What it takes <\/em>&ndash; <em>Lessons in the Pursuit of Excellence&raquo; <\/em>de Stephen A. Schwarzman, le pr&eacute;sident du conseil d&rsquo;administration, CEO et co-fondateur de la soci&eacute;t&eacute; d&rsquo;investissement Blackstone. Je trouve qu&rsquo;il r&eacute;sume parfaitement les choses. Dans le chapitre 25<em> Rules for Work and Life<\/em>, il donne de pr&eacute;cieux conseils pour r&eacute;ussir dans la vie professionnelle.<\/p>\n","protected":false},"excerpt":{"rendered":"<p>Dieter Wirth r\u00e9pond \u00e0 nos questions &#8211; m\u00eame non specialis\u00e9es.<\/p>\n","protected":false},"author":4,"featured_media":0,"template":"","meta":{"_acf_changed":false,"authors":[{"ID":74,"display_name":"Redaktion Steuer Revue","first_name":"","last_name":"","description":"","image":"https:\/\/steuerportal.ch\/wp-content\/uploads\/2024\/11\/StP_Profilbild_RED_DE_quadratisch.jpg","organiser_data":{"public_organiser_name":"Redaktion Steuer Revue","public_organiser_page":false,"offer":"","location":"","preamble":"","public_organiser_logo":false},"url":"https:\/\/steuerportal.ch\/fr\/autoren\/redaktion-steuer-revue\/"}],"related_sht_promodule":["<a href=\"https:\/\/steuerportal.ch\/fr\/modules-specialises\/revue-fiscale\/rendez-vous\/\">Revue fiscale &#8594; Rendez-vous<\/a>"],"pdf":"https:\/\/steuerportal.ch\/fr\/articles-specialises\/pourquoi-netes-vous-pas-devenu-pilote-de-course-dieter-wirth\/shtpdf\/","language":"fr"},"sht_proarticle_category":[271],"sht_proarticle_tag":[],"class_list":["post-14916","sht_proarticle","type-sht_proarticle","status-publish","hentry","sht_proarticle_category-rendez-vous-fr"],"acf":{"authors":[74]},"shp_steuerportal_must_use":{"translations":[{"id":14911,"link":"https:\/\/steuerportal.ch\/articles-specialises\/warum-sind-sie-nicht-rennfahrer-geworden-dieter-wirth\/","title":{"rendered":"Warum sind Sie nicht Rennfahrer geworden, Dieter Wirth?"},"language":"de"},{"id":14916,"link":"https:\/\/steuerportal.ch\/fr\/articles-specialises\/pourquoi-netes-vous-pas-devenu-pilote-de-course-dieter-wirth\/","title":{"rendered":"Dieter Wirth, pourquoi n&rsquo;\u00eates-vous pas devenu pilote de course?"},"language":"fr"}]},"yoast_head":"<!-- This site is optimized with the Yoast SEO plugin v27.5 - https:\/\/yoast.com\/product\/yoast-seo-wordpress\/ -->\n<title>Dieter Wirth, pourquoi n&#039;\u00eates-vous pas devenu pilote de course? &#8226; steuerportal.ch<\/title>\n<meta name=\"robots\" content=\"index, follow, max-snippet:-1, max-image-preview:large, max-video-preview:-1\" \/>\n<link rel=\"canonical\" href=\"https:\/\/steuerportal.ch\/fr\/articles-specialises\/pourquoi-netes-vous-pas-devenu-pilote-de-course-dieter-wirth\/\" \/>\n<meta property=\"og:locale\" content=\"fr_FR\" \/>\n<meta property=\"og:type\" content=\"article\" \/>\n<meta property=\"og:title\" content=\"Dieter Wirth, pourquoi n&#039;\u00eates-vous pas devenu pilote de course? &#8226; steuerportal.ch\" \/>\n<meta property=\"og:description\" content=\"Dieter Wirth r\u00e9pond \u00e0 nos questions - m\u00eame non specialis\u00e9es.\" \/>\n<meta property=\"og:url\" content=\"https:\/\/steuerportal.ch\/fr\/articles-specialises\/pourquoi-netes-vous-pas-devenu-pilote-de-course-dieter-wirth\/\" \/>\n<meta property=\"og:site_name\" content=\"steuerportal.ch\" \/>\n<meta property=\"article:modified_time\" content=\"2023-01-18T16:44:04+00:00\" \/>\n<meta property=\"og:image\" content=\"https:\/\/steuerportal.ch\/wp-content\/uploads\/2023\/01\/StR-1-23_dieter_wirth-e1672831476628.jpg\" \/>\n<meta name=\"twitter:card\" content=\"summary_large_image\" \/>\n<meta name=\"twitter:label1\" content=\"Dur\u00e9e de lecture estim\u00e9e\" \/>\n\t<meta name=\"twitter:data1\" content=\"5 minutes\" \/>\n<script type=\"application\/ld+json\" class=\"yoast-schema-graph\">{\"@context\":\"https:\\\/\\\/schema.org\",\"@graph\":[{\"@type\":\"WebPage\",\"@id\":\"https:\\\/\\\/steuerportal.ch\\\/fr\\\/articles-specialises\\\/pourquoi-netes-vous-pas-devenu-pilote-de-course-dieter-wirth\\\/\",\"url\":\"https:\\\/\\\/steuerportal.ch\\\/fr\\\/articles-specialises\\\/pourquoi-netes-vous-pas-devenu-pilote-de-course-dieter-wirth\\\/\",\"name\":\"Dieter Wirth, pourquoi n'\u00eates-vous pas devenu pilote de course? &#8226; steuerportal.ch\",\"isPartOf\":{\"@id\":\"https:\\\/\\\/steuerportal.ch\\\/fr\\\/#website\"},\"primaryImageOfPage\":{\"@id\":\"https:\\\/\\\/steuerportal.ch\\\/fr\\\/articles-specialises\\\/pourquoi-netes-vous-pas-devenu-pilote-de-course-dieter-wirth\\\/#primaryimage\"},\"image\":{\"@id\":\"https:\\\/\\\/steuerportal.ch\\\/fr\\\/articles-specialises\\\/pourquoi-netes-vous-pas-devenu-pilote-de-course-dieter-wirth\\\/#primaryimage\"},\"thumbnailUrl\":\"https:\\\/\\\/steuerportal.ch\\\/wp-content\\\/uploads\\\/2023\\\/01\\\/StR-1-23_dieter_wirth-e1672831476628.jpg\",\"datePublished\":\"2023-01-03T07:15:44+00:00\",\"dateModified\":\"2023-01-18T16:44:04+00:00\",\"breadcrumb\":{\"@id\":\"https:\\\/\\\/steuerportal.ch\\\/fr\\\/articles-specialises\\\/pourquoi-netes-vous-pas-devenu-pilote-de-course-dieter-wirth\\\/#breadcrumb\"},\"inLanguage\":\"fr-FR\",\"potentialAction\":[{\"@type\":\"ReadAction\",\"target\":[\"https:\\\/\\\/steuerportal.ch\\\/fr\\\/articles-specialises\\\/pourquoi-netes-vous-pas-devenu-pilote-de-course-dieter-wirth\\\/\"]}]},{\"@type\":\"ImageObject\",\"inLanguage\":\"fr-FR\",\"@id\":\"https:\\\/\\\/steuerportal.ch\\\/fr\\\/articles-specialises\\\/pourquoi-netes-vous-pas-devenu-pilote-de-course-dieter-wirth\\\/#primaryimage\",\"url\":\"https:\\\/\\\/steuerportal.ch\\\/wp-content\\\/uploads\\\/2023\\\/01\\\/StR-1-23_dieter_wirth-e1672831476628.jpg\",\"contentUrl\":\"https:\\\/\\\/steuerportal.ch\\\/wp-content\\\/uploads\\\/2023\\\/01\\\/StR-1-23_dieter_wirth-e1672831476628.jpg\"},{\"@type\":\"BreadcrumbList\",\"@id\":\"https:\\\/\\\/steuerportal.ch\\\/fr\\\/articles-specialises\\\/pourquoi-netes-vous-pas-devenu-pilote-de-course-dieter-wirth\\\/#breadcrumb\",\"itemListElement\":[{\"@type\":\"ListItem\",\"position\":1,\"name\":\"Page d'accueil\",\"item\":\"https:\\\/\\\/steuerportal.ch\\\/fr\\\/\"},{\"@type\":\"ListItem\",\"position\":2,\"name\":\"Fachartikel\",\"item\":\"https:\\\/\\\/steuerportal.ch\\\/fr\\\/articles-specialises\\\/\"},{\"@type\":\"ListItem\",\"position\":3,\"name\":\"Dieter Wirth, pourquoi n&#8217;\u00eates-vous pas devenu pilote de course?\"}]},{\"@type\":\"WebSite\",\"@id\":\"https:\\\/\\\/steuerportal.ch\\\/fr\\\/#website\",\"url\":\"https:\\\/\\\/steuerportal.ch\\\/fr\\\/\",\"name\":\"steuerportal.ch\",\"description\":\"Le portail suisse sp\u00e9cialis\u00e9 dans le domaine des imp\u00f4ts\",\"publisher\":{\"@id\":\"https:\\\/\\\/steuerportal.ch\\\/fr\\\/#organization\"},\"potentialAction\":[{\"@type\":\"SearchAction\",\"target\":{\"@type\":\"EntryPoint\",\"urlTemplate\":\"https:\\\/\\\/steuerportal.ch\\\/fr\\\/?s={search_term_string}\"},\"query-input\":{\"@type\":\"PropertyValueSpecification\",\"valueRequired\":true,\"valueName\":\"search_term_string\"}}],\"inLanguage\":\"fr-FR\"},{\"@type\":\"Organization\",\"@id\":\"https:\\\/\\\/steuerportal.ch\\\/fr\\\/#organization\",\"name\":\"Steuerportal (Cosmos Verlag)\",\"url\":\"https:\\\/\\\/steuerportal.ch\\\/fr\\\/\",\"logo\":{\"@type\":\"ImageObject\",\"inLanguage\":\"fr-FR\",\"@id\":\"https:\\\/\\\/steuerportal.ch\\\/fr\\\/#\\\/schema\\\/logo\\\/image\\\/\",\"url\":\"https:\\\/\\\/steuerportal.ch\\\/wp-content\\\/uploads\\\/2021\\\/06\\\/cosmos_c-strich_h_positiv_bunt.svg\",\"contentUrl\":\"https:\\\/\\\/steuerportal.ch\\\/wp-content\\\/uploads\\\/2021\\\/06\\\/cosmos_c-strich_h_positiv_bunt.svg\",\"width\":191,\"height\":44,\"caption\":\"Steuerportal (Cosmos Verlag)\"},\"image\":{\"@id\":\"https:\\\/\\\/steuerportal.ch\\\/fr\\\/#\\\/schema\\\/logo\\\/image\\\/\"}}]}<\/script>\n<!-- \/ Yoast SEO plugin. -->","yoast_head_json":{"title":"Dieter Wirth, pourquoi n'\u00eates-vous pas devenu pilote de course? &#8226; steuerportal.ch","robots":{"index":"index","follow":"follow","max-snippet":"max-snippet:-1","max-image-preview":"max-image-preview:large","max-video-preview":"max-video-preview:-1"},"canonical":"https:\/\/steuerportal.ch\/fr\/articles-specialises\/pourquoi-netes-vous-pas-devenu-pilote-de-course-dieter-wirth\/","og_locale":"fr_FR","og_type":"article","og_title":"Dieter Wirth, pourquoi n'\u00eates-vous pas devenu pilote de course? &#8226; steuerportal.ch","og_description":"Dieter Wirth r\u00e9pond \u00e0 nos questions - m\u00eame non specialis\u00e9es.","og_url":"https:\/\/steuerportal.ch\/fr\/articles-specialises\/pourquoi-netes-vous-pas-devenu-pilote-de-course-dieter-wirth\/","og_site_name":"steuerportal.ch","article_modified_time":"2023-01-18T16:44:04+00:00","og_image":[{"url":"https:\/\/steuerportal.ch\/wp-content\/uploads\/2023\/01\/StR-1-23_dieter_wirth-e1672831476628.jpg","type":"","width":"","height":""}],"twitter_card":"summary_large_image","twitter_misc":{"Dur\u00e9e de lecture estim\u00e9e":"5 minutes"},"schema":{"@context":"https:\/\/schema.org","@graph":[{"@type":"WebPage","@id":"https:\/\/steuerportal.ch\/fr\/articles-specialises\/pourquoi-netes-vous-pas-devenu-pilote-de-course-dieter-wirth\/","url":"https:\/\/steuerportal.ch\/fr\/articles-specialises\/pourquoi-netes-vous-pas-devenu-pilote-de-course-dieter-wirth\/","name":"Dieter Wirth, pourquoi n'\u00eates-vous pas devenu pilote de course? &#8226; steuerportal.ch","isPartOf":{"@id":"https:\/\/steuerportal.ch\/fr\/#website"},"primaryImageOfPage":{"@id":"https:\/\/steuerportal.ch\/fr\/articles-specialises\/pourquoi-netes-vous-pas-devenu-pilote-de-course-dieter-wirth\/#primaryimage"},"image":{"@id":"https:\/\/steuerportal.ch\/fr\/articles-specialises\/pourquoi-netes-vous-pas-devenu-pilote-de-course-dieter-wirth\/#primaryimage"},"thumbnailUrl":"https:\/\/steuerportal.ch\/wp-content\/uploads\/2023\/01\/StR-1-23_dieter_wirth-e1672831476628.jpg","datePublished":"2023-01-03T07:15:44+00:00","dateModified":"2023-01-18T16:44:04+00:00","breadcrumb":{"@id":"https:\/\/steuerportal.ch\/fr\/articles-specialises\/pourquoi-netes-vous-pas-devenu-pilote-de-course-dieter-wirth\/#breadcrumb"},"inLanguage":"fr-FR","potentialAction":[{"@type":"ReadAction","target":["https:\/\/steuerportal.ch\/fr\/articles-specialises\/pourquoi-netes-vous-pas-devenu-pilote-de-course-dieter-wirth\/"]}]},{"@type":"ImageObject","inLanguage":"fr-FR","@id":"https:\/\/steuerportal.ch\/fr\/articles-specialises\/pourquoi-netes-vous-pas-devenu-pilote-de-course-dieter-wirth\/#primaryimage","url":"https:\/\/steuerportal.ch\/wp-content\/uploads\/2023\/01\/StR-1-23_dieter_wirth-e1672831476628.jpg","contentUrl":"https:\/\/steuerportal.ch\/wp-content\/uploads\/2023\/01\/StR-1-23_dieter_wirth-e1672831476628.jpg"},{"@type":"BreadcrumbList","@id":"https:\/\/steuerportal.ch\/fr\/articles-specialises\/pourquoi-netes-vous-pas-devenu-pilote-de-course-dieter-wirth\/#breadcrumb","itemListElement":[{"@type":"ListItem","position":1,"name":"Page d'accueil","item":"https:\/\/steuerportal.ch\/fr\/"},{"@type":"ListItem","position":2,"name":"Fachartikel","item":"https:\/\/steuerportal.ch\/fr\/articles-specialises\/"},{"@type":"ListItem","position":3,"name":"Dieter Wirth, pourquoi n&#8217;\u00eates-vous pas devenu pilote de course?"}]},{"@type":"WebSite","@id":"https:\/\/steuerportal.ch\/fr\/#website","url":"https:\/\/steuerportal.ch\/fr\/","name":"steuerportal.ch","description":"Le portail suisse sp\u00e9cialis\u00e9 dans le domaine des imp\u00f4ts","publisher":{"@id":"https:\/\/steuerportal.ch\/fr\/#organization"},"potentialAction":[{"@type":"SearchAction","target":{"@type":"EntryPoint","urlTemplate":"https:\/\/steuerportal.ch\/fr\/?s={search_term_string}"},"query-input":{"@type":"PropertyValueSpecification","valueRequired":true,"valueName":"search_term_string"}}],"inLanguage":"fr-FR"},{"@type":"Organization","@id":"https:\/\/steuerportal.ch\/fr\/#organization","name":"Steuerportal (Cosmos Verlag)","url":"https:\/\/steuerportal.ch\/fr\/","logo":{"@type":"ImageObject","inLanguage":"fr-FR","@id":"https:\/\/steuerportal.ch\/fr\/#\/schema\/logo\/image\/","url":"https:\/\/steuerportal.ch\/wp-content\/uploads\/2021\/06\/cosmos_c-strich_h_positiv_bunt.svg","contentUrl":"https:\/\/steuerportal.ch\/wp-content\/uploads\/2021\/06\/cosmos_c-strich_h_positiv_bunt.svg","width":191,"height":44,"caption":"Steuerportal (Cosmos Verlag)"},"image":{"@id":"https:\/\/steuerportal.ch\/fr\/#\/schema\/logo\/image\/"}}]}},"_links":{"self":[{"href":"https:\/\/steuerportal.ch\/fr\/wp-json\/wp\/v2\/sht_proarticle\/14916","targetHints":{"allow":["GET"]}}],"collection":[{"href":"https:\/\/steuerportal.ch\/fr\/wp-json\/wp\/v2\/sht_proarticle"}],"about":[{"href":"https:\/\/steuerportal.ch\/fr\/wp-json\/wp\/v2\/types\/sht_proarticle"}],"author":[{"embeddable":true,"href":"https:\/\/steuerportal.ch\/fr\/wp-json\/wp\/v2\/users\/4"}],"version-history":[{"count":0,"href":"https:\/\/steuerportal.ch\/fr\/wp-json\/wp\/v2\/sht_proarticle\/14916\/revisions"}],"acf:user":[{"embeddable":true,"href":"https:\/\/steuerportal.ch\/fr\/wp-json\/wp\/v2\/users\/74"}],"wp:attachment":[{"href":"https:\/\/steuerportal.ch\/fr\/wp-json\/wp\/v2\/media?parent=14916"}],"wp:term":[{"taxonomy":"sht_proarticle_category","embeddable":true,"href":"https:\/\/steuerportal.ch\/fr\/wp-json\/wp\/v2\/sht_proarticle_category?post=14916"},{"taxonomy":"sht_proarticle_tag","embeddable":true,"href":"https:\/\/steuerportal.ch\/fr\/wp-json\/wp\/v2\/sht_proarticle_tag?post=14916"}],"curies":[{"name":"wp","href":"https:\/\/api.w.org\/{rel}","templated":true}]}}