{"id":14441,"date":"2022-12-01T01:50:00","date_gmt":"2022-12-01T00:50:00","guid":{"rendered":"https:\/\/steuerportal.ch\/?post_type=sht_proarticle&#038;p=14441"},"modified":"2022-12-09T15:13:39","modified_gmt":"2022-12-09T14:13:39","slug":"de-la-genese-dun-arret-du-tribunal-federal-en-matiere-fiscale","status":"publish","type":"sht_proarticle","link":"https:\/\/steuerportal.ch\/fr\/articles-specialises\/de-la-genese-dun-arret-du-tribunal-federal-en-matiere-fiscale\/","title":{"rendered":"De la gen\u00e8se d\u2019un arr\u00eat du Tribunal f\u00e9d\u00e9ral en mati\u00e8re fiscale"},"content":{"rendered":"","protected":true},"excerpt":{"rendered":"<p>M\u00eame pour les avocats et les conseillers fiscaux exp\u00e9riment\u00e9s en mati\u00e8re de proc\u00e9dure, le Tribunal f\u00e9d\u00e9ral est une sorte de \u00ab\u00a0blackbox\u00a0\u00bb: Moritz Seiler fait la lumi\u00e8re sur la vie interne et les processus de cette myst\u00e9rieuse machinerie et d\u00e9crit ce qui se passe entre la d\u00e9position du recours et de l&rsquo;avance de frais et l&rsquo;arr\u00eat et la facture pour les frais de justice.<\/p>\n","protected":false},"author":4,"featured_media":0,"template":"","meta":{"_acf_changed":false,"authors":[{"ID":742,"display_name":"Moritz Seiler","first_name":"Moritz","last_name":"Seiler","description":"<p>lic.\u2009iur., MSc, Rechtsanwalt, Gerichtsschreiber am Bundesgericht, Lausanne<\/p>\n","image":"https:\/\/steuerportal.ch\/wp-content\/uploads\/2020\/10\/Seiler_sw-220x220.jpg","organiser_data":[],"url":"https:\/\/steuerportal.ch\/fr\/autoren\/moritz-seiler\/"}],"related_sht_promodule":["<a href=\"https:\/\/steuerportal.ch\/fr\/modules-specialises\/revue-fiscale\/articles-de-fond\/\">Revue fiscale &#8594; Articles de fond<\/a>"],"pdf":"https:\/\/steuerportal.ch\/fr\/articles-specialises\/de-la-genese-dun-arret-du-tribunal-federal-en-matiere-fiscale\/shtpdf\/","language":"fr"},"sht_proarticle_category":[266],"sht_proarticle_tag":[],"class_list":["post-14441","sht_proarticle","type-sht_proarticle","status-publish","hentry","sht_proarticle_category-articles-de-fond"],"acf":{"authors":[742]},"shp_steuerportal_must_use":{"translations":[{"id":14438,"link":"https:\/\/steuerportal.ch\/articles-specialises\/wie-entsteht-ein-steuerrechtliches-urteil-des-bundesgerichts\/","title":{"rendered":"Wie entsteht ein steuerrechtliches Urteil des Bundesgerichts?"},"language":"de"},{"id":14441,"link":"https:\/\/steuerportal.ch\/fr\/articles-specialises\/de-la-genese-dun-arret-du-tribunal-federal-en-matiere-fiscale\/","title":{"rendered":"De la gen\u00e8se d\u2019un arr\u00eat du Tribunal f\u00e9d\u00e9ral en mati\u00e8re fiscale"},"language":"fr"}]},"yoast_head":"<!-- This site is optimized with the Yoast SEO plugin v27.5 - https:\/\/yoast.com\/product\/yoast-seo-wordpress\/ -->\n<title>De la gen\u00e8se d\u2019un arr\u00eat du Tribunal f\u00e9d\u00e9ral en mati\u00e8re fiscale &#8226; steuerportal.ch<\/title>\n<meta name=\"robots\" content=\"index, follow, max-snippet:-1, max-image-preview:large, max-video-preview:-1\" \/>\n<link rel=\"canonical\" href=\"https:\/\/steuerportal.ch\/fr\/articles-specialises\/de-la-genese-dun-arret-du-tribunal-federal-en-matiere-fiscale\/\" \/>\n<meta property=\"og:locale\" content=\"fr_FR\" \/>\n<meta property=\"og:type\" content=\"article\" \/>\n<meta property=\"og:title\" content=\"De la gen\u00e8se d\u2019un arr\u00eat du Tribunal f\u00e9d\u00e9ral en mati\u00e8re fiscale &#8226; steuerportal.ch\" \/>\n<meta property=\"og:description\" content=\"M\u00eame pour les avocats et les conseillers fiscaux exp\u00e9riment\u00e9s en mati\u00e8re de proc\u00e9dure, le Tribunal f\u00e9d\u00e9ral est une sorte de &quot;blackbox&quot;: Moritz Seiler fait la lumi\u00e8re sur la vie interne et les processus de cette myst\u00e9rieuse machinerie et d\u00e9crit ce qui se passe entre la d\u00e9position du recours et de l&#039;avance de frais et l&#039;arr\u00eat et la facture pour les frais de justice.\" \/>\n<meta property=\"og:url\" content=\"https:\/\/steuerportal.ch\/fr\/articles-specialises\/de-la-genese-dun-arret-du-tribunal-federal-en-matiere-fiscale\/\" \/>\n<meta property=\"og:site_name\" content=\"steuerportal.ch\" \/>\n<meta property=\"article:modified_time\" content=\"2022-12-09T14:13:39+00:00\" \/>\n<meta name=\"twitter:card\" content=\"summary_large_image\" \/>\n<meta name=\"twitter:label1\" content=\"Dur\u00e9e de lecture estim\u00e9e\" \/>\n\t<meta name=\"twitter:data1\" content=\"26 minutes\" \/>\n<script type=\"application\/ld+json\" class=\"yoast-schema-graph\">{\"@context\":\"https:\\\/\\\/schema.org\",\"@graph\":[{\"@type\":\"WebPage\",\"@id\":\"https:\\\/\\\/steuerportal.ch\\\/fr\\\/articles-specialises\\\/de-la-genese-dun-arret-du-tribunal-federal-en-matiere-fiscale\\\/\",\"url\":\"https:\\\/\\\/steuerportal.ch\\\/fr\\\/articles-specialises\\\/de-la-genese-dun-arret-du-tribunal-federal-en-matiere-fiscale\\\/\",\"name\":\"De la gen\u00e8se d\u2019un arr\u00eat du Tribunal f\u00e9d\u00e9ral en mati\u00e8re fiscale &#8226; steuerportal.ch\",\"isPartOf\":{\"@id\":\"https:\\\/\\\/steuerportal.ch\\\/fr\\\/#website\"},\"datePublished\":\"2022-12-01T00:50:00+00:00\",\"dateModified\":\"2022-12-09T14:13:39+00:00\",\"breadcrumb\":{\"@id\":\"https:\\\/\\\/steuerportal.ch\\\/fr\\\/articles-specialises\\\/de-la-genese-dun-arret-du-tribunal-federal-en-matiere-fiscale\\\/#breadcrumb\"},\"inLanguage\":\"fr-FR\",\"potentialAction\":[{\"@type\":\"ReadAction\",\"target\":[\"https:\\\/\\\/steuerportal.ch\\\/fr\\\/articles-specialises\\\/de-la-genese-dun-arret-du-tribunal-federal-en-matiere-fiscale\\\/\"]}]},{\"@type\":\"BreadcrumbList\",\"@id\":\"https:\\\/\\\/steuerportal.ch\\\/fr\\\/articles-specialises\\\/de-la-genese-dun-arret-du-tribunal-federal-en-matiere-fiscale\\\/#breadcrumb\",\"itemListElement\":[{\"@type\":\"ListItem\",\"position\":1,\"name\":\"Page d'accueil\",\"item\":\"https:\\\/\\\/steuerportal.ch\\\/fr\\\/\"},{\"@type\":\"ListItem\",\"position\":2,\"name\":\"Fachartikel\",\"item\":\"https:\\\/\\\/steuerportal.ch\\\/fr\\\/articles-specialises\\\/\"},{\"@type\":\"ListItem\",\"position\":3,\"name\":\"De la gen\u00e8se d\u2019un arr\u00eat du Tribunal f\u00e9d\u00e9ral en mati\u00e8re fiscale\"}]},{\"@type\":\"WebSite\",\"@id\":\"https:\\\/\\\/steuerportal.ch\\\/fr\\\/#website\",\"url\":\"https:\\\/\\\/steuerportal.ch\\\/fr\\\/\",\"name\":\"steuerportal.ch\",\"description\":\"Le portail suisse sp\u00e9cialis\u00e9 dans le domaine des imp\u00f4ts\",\"publisher\":{\"@id\":\"https:\\\/\\\/steuerportal.ch\\\/fr\\\/#organization\"},\"potentialAction\":[{\"@type\":\"SearchAction\",\"target\":{\"@type\":\"EntryPoint\",\"urlTemplate\":\"https:\\\/\\\/steuerportal.ch\\\/fr\\\/?s={search_term_string}\"},\"query-input\":{\"@type\":\"PropertyValueSpecification\",\"valueRequired\":true,\"valueName\":\"search_term_string\"}}],\"inLanguage\":\"fr-FR\"},{\"@type\":\"Organization\",\"@id\":\"https:\\\/\\\/steuerportal.ch\\\/fr\\\/#organization\",\"name\":\"Steuerportal (Cosmos Verlag)\",\"url\":\"https:\\\/\\\/steuerportal.ch\\\/fr\\\/\",\"logo\":{\"@type\":\"ImageObject\",\"inLanguage\":\"fr-FR\",\"@id\":\"https:\\\/\\\/steuerportal.ch\\\/fr\\\/#\\\/schema\\\/logo\\\/image\\\/\",\"url\":\"https:\\\/\\\/steuerportal.ch\\\/wp-content\\\/uploads\\\/2021\\\/06\\\/cosmos_c-strich_h_positiv_bunt.svg\",\"contentUrl\":\"https:\\\/\\\/steuerportal.ch\\\/wp-content\\\/uploads\\\/2021\\\/06\\\/cosmos_c-strich_h_positiv_bunt.svg\",\"width\":191,\"height\":44,\"caption\":\"Steuerportal (Cosmos Verlag)\"},\"image\":{\"@id\":\"https:\\\/\\\/steuerportal.ch\\\/fr\\\/#\\\/schema\\\/logo\\\/image\\\/\"}}]}<\/script>\n<!-- \/ Yoast SEO plugin. -->","yoast_head_json":{"title":"De la gen\u00e8se d\u2019un arr\u00eat du Tribunal f\u00e9d\u00e9ral en mati\u00e8re fiscale &#8226; steuerportal.ch","robots":{"index":"index","follow":"follow","max-snippet":"max-snippet:-1","max-image-preview":"max-image-preview:large","max-video-preview":"max-video-preview:-1"},"canonical":"https:\/\/steuerportal.ch\/fr\/articles-specialises\/de-la-genese-dun-arret-du-tribunal-federal-en-matiere-fiscale\/","og_locale":"fr_FR","og_type":"article","og_title":"De la gen\u00e8se d\u2019un arr\u00eat du Tribunal f\u00e9d\u00e9ral en mati\u00e8re fiscale &#8226; steuerportal.ch","og_description":"M\u00eame pour les avocats et les conseillers fiscaux exp\u00e9riment\u00e9s en mati\u00e8re de proc\u00e9dure, le Tribunal f\u00e9d\u00e9ral est une sorte de \"blackbox\": Moritz Seiler fait la lumi\u00e8re sur la vie interne et les processus de cette myst\u00e9rieuse machinerie et d\u00e9crit ce qui se passe entre la d\u00e9position du recours et de l'avance de frais et l'arr\u00eat et la facture pour les frais de justice.","og_url":"https:\/\/steuerportal.ch\/fr\/articles-specialises\/de-la-genese-dun-arret-du-tribunal-federal-en-matiere-fiscale\/","og_site_name":"steuerportal.ch","article_modified_time":"2022-12-09T14:13:39+00:00","twitter_card":"summary_large_image","twitter_misc":{"Dur\u00e9e de lecture estim\u00e9e":"26 minutes"},"schema":{"@context":"https:\/\/schema.org","@graph":[{"@type":"WebPage","@id":"https:\/\/steuerportal.ch\/fr\/articles-specialises\/de-la-genese-dun-arret-du-tribunal-federal-en-matiere-fiscale\/","url":"https:\/\/steuerportal.ch\/fr\/articles-specialises\/de-la-genese-dun-arret-du-tribunal-federal-en-matiere-fiscale\/","name":"De la gen\u00e8se d\u2019un arr\u00eat du Tribunal f\u00e9d\u00e9ral en mati\u00e8re fiscale &#8226; steuerportal.ch","isPartOf":{"@id":"https:\/\/steuerportal.ch\/fr\/#website"},"datePublished":"2022-12-01T00:50:00+00:00","dateModified":"2022-12-09T14:13:39+00:00","breadcrumb":{"@id":"https:\/\/steuerportal.ch\/fr\/articles-specialises\/de-la-genese-dun-arret-du-tribunal-federal-en-matiere-fiscale\/#breadcrumb"},"inLanguage":"fr-FR","potentialAction":[{"@type":"ReadAction","target":["https:\/\/steuerportal.ch\/fr\/articles-specialises\/de-la-genese-dun-arret-du-tribunal-federal-en-matiere-fiscale\/"]}]},{"@type":"BreadcrumbList","@id":"https:\/\/steuerportal.ch\/fr\/articles-specialises\/de-la-genese-dun-arret-du-tribunal-federal-en-matiere-fiscale\/#breadcrumb","itemListElement":[{"@type":"ListItem","position":1,"name":"Page d'accueil","item":"https:\/\/steuerportal.ch\/fr\/"},{"@type":"ListItem","position":2,"name":"Fachartikel","item":"https:\/\/steuerportal.ch\/fr\/articles-specialises\/"},{"@type":"ListItem","position":3,"name":"De la gen\u00e8se d\u2019un arr\u00eat du Tribunal f\u00e9d\u00e9ral en mati\u00e8re fiscale"}]},{"@type":"WebSite","@id":"https:\/\/steuerportal.ch\/fr\/#website","url":"https:\/\/steuerportal.ch\/fr\/","name":"steuerportal.ch","description":"Le portail suisse sp\u00e9cialis\u00e9 dans le domaine des imp\u00f4ts","publisher":{"@id":"https:\/\/steuerportal.ch\/fr\/#organization"},"potentialAction":[{"@type":"SearchAction","target":{"@type":"EntryPoint","urlTemplate":"https:\/\/steuerportal.ch\/fr\/?s={search_term_string}"},"query-input":{"@type":"PropertyValueSpecification","valueRequired":true,"valueName":"search_term_string"}}],"inLanguage":"fr-FR"},{"@type":"Organization","@id":"https:\/\/steuerportal.ch\/fr\/#organization","name":"Steuerportal (Cosmos Verlag)","url":"https:\/\/steuerportal.ch\/fr\/","logo":{"@type":"ImageObject","inLanguage":"fr-FR","@id":"https:\/\/steuerportal.ch\/fr\/#\/schema\/logo\/image\/","url":"https:\/\/steuerportal.ch\/wp-content\/uploads\/2021\/06\/cosmos_c-strich_h_positiv_bunt.svg","contentUrl":"https:\/\/steuerportal.ch\/wp-content\/uploads\/2021\/06\/cosmos_c-strich_h_positiv_bunt.svg","width":191,"height":44,"caption":"Steuerportal (Cosmos Verlag)"},"image":{"@id":"https:\/\/steuerportal.ch\/fr\/#\/schema\/logo\/image\/"}}]}},"_links":{"self":[{"href":"https:\/\/steuerportal.ch\/fr\/wp-json\/wp\/v2\/sht_proarticle\/14441","targetHints":{"allow":["GET"]}}],"collection":[{"href":"https:\/\/steuerportal.ch\/fr\/wp-json\/wp\/v2\/sht_proarticle"}],"about":[{"href":"https:\/\/steuerportal.ch\/fr\/wp-json\/wp\/v2\/types\/sht_proarticle"}],"author":[{"embeddable":true,"href":"https:\/\/steuerportal.ch\/fr\/wp-json\/wp\/v2\/users\/4"}],"version-history":[{"count":0,"href":"https:\/\/steuerportal.ch\/fr\/wp-json\/wp\/v2\/sht_proarticle\/14441\/revisions"}],"acf:user":[{"embeddable":true,"href":"https:\/\/steuerportal.ch\/fr\/wp-json\/wp\/v2\/users\/742"}],"wp:attachment":[{"href":"https:\/\/steuerportal.ch\/fr\/wp-json\/wp\/v2\/media?parent=14441"}],"wp:term":[{"taxonomy":"sht_proarticle_category","embeddable":true,"href":"https:\/\/steuerportal.ch\/fr\/wp-json\/wp\/v2\/sht_proarticle_category?post=14441"},{"taxonomy":"sht_proarticle_tag","embeddable":true,"href":"https:\/\/steuerportal.ch\/fr\/wp-json\/wp\/v2\/sht_proarticle_tag?post=14441"}],"curies":[{"name":"wp","href":"https:\/\/api.w.org\/{rel}","templated":true}]}}