{"id":14429,"date":"2022-12-01T01:40:00","date_gmt":"2022-12-01T00:40:00","guid":{"rendered":"https:\/\/steuerportal.ch\/?post_type=sht_proarticle&#038;p=14429"},"modified":"2022-12-13T20:31:40","modified_gmt":"2022-12-13T19:31:40","slug":"entree-en-matiere-ou-non-entree-en-matiere","status":"publish","type":"sht_proarticle","link":"https:\/\/steuerportal.ch\/fr\/articles-specialises\/entree-en-matiere-ou-non-entree-en-matiere\/","title":{"rendered":"Entr\u00e9e en mati\u00e8re ou non-entr\u00e9e en mati\u00e8re\u200a?"},"content":{"rendered":"","protected":true},"excerpt":{"rendered":"<p>Selon la Constitution f\u00e9d\u00e9rale, le Tribunal f\u00e9d\u00e9ral a pour mission de rendre la justice &#8211; il ne se saisit toutefois pas de l&rsquo;affaire au sens large, mais juge ce qui lui est soumis selon des r\u00e8gles strictes qui doivent garantir un d\u00e9roulement \u00e9quitable et identique dans toutes les proc\u00e9dures, et n&rsquo;entre m\u00eame pas en mati\u00e8re sur la question litigieuse dans pr\u00e8s de 30 pour cent des requ\u00eates. <\/p>\n","protected":false},"author":4,"featured_media":0,"template":"","meta":{"_acf_changed":false,"authors":[{"ID":201,"display_name":"Martin Kocher","first_name":"Martin","last_name":"Kocher","description":"<p>PD Dr. iur., LLM (Taxation, LSE), Rechtsanwalt, dipl.<br \/>\nSteuerexperte; Lehrbeauftragter f\u00fcr Abgaberecht an<br \/>\nder Universit\u00e4t Basel; Pr\u00e4sidialgerichtsschreiber Abgaben<br \/>\n\/ wissenschaftlicher Berater am Schweizerischen<br \/>\nBundesgericht<\/p>\n","image":"https:\/\/steuerportal.ch\/wp-content\/uploads\/2022\/10\/Martin-Kocher-220x220.jpg","organiser_data":[],"url":"https:\/\/steuerportal.ch\/fr\/autoren\/martin-kocher\/"}],"related_sht_promodule":["<a href=\"https:\/\/steuerportal.ch\/fr\/modules-specialises\/revue-fiscale\/articles-de-fond\/\">Revue fiscale &#8594; Articles de fond<\/a>"],"pdf":"https:\/\/steuerportal.ch\/fr\/articles-specialises\/entree-en-matiere-ou-non-entree-en-matiere\/shtpdf\/","language":"fr"},"sht_proarticle_category":[266],"sht_proarticle_tag":[],"class_list":["post-14429","sht_proarticle","type-sht_proarticle","status-publish","hentry","sht_proarticle_category-articles-de-fond"],"acf":{"authors":[201]},"shp_steuerportal_must_use":{"translations":[{"id":14425,"link":"https:\/\/steuerportal.ch\/articles-specialises\/eintreten-oder-nichteintreten\/","title":{"rendered":"Eintreten oder Nichteintreten?"},"language":"de"},{"id":14429,"link":"https:\/\/steuerportal.ch\/fr\/articles-specialises\/entree-en-matiere-ou-non-entree-en-matiere\/","title":{"rendered":"Entr\u00e9e en mati\u00e8re ou non-entr\u00e9e en mati\u00e8re\u200a?"},"language":"fr"}]},"yoast_head":"<!-- This site is optimized with the Yoast SEO plugin v27.5 - https:\/\/yoast.com\/product\/yoast-seo-wordpress\/ -->\n<title>Entr\u00e9e en mati\u00e8re ou non-entr\u00e9e en mati\u00e8re\u200a? &#8226; steuerportal.ch<\/title>\n<meta name=\"robots\" content=\"index, follow, max-snippet:-1, max-image-preview:large, max-video-preview:-1\" \/>\n<link rel=\"canonical\" href=\"https:\/\/steuerportal.ch\/fr\/articles-specialises\/entree-en-matiere-ou-non-entree-en-matiere\/\" \/>\n<meta property=\"og:locale\" content=\"fr_FR\" \/>\n<meta property=\"og:type\" content=\"article\" \/>\n<meta property=\"og:title\" content=\"Entr\u00e9e en mati\u00e8re ou non-entr\u00e9e en mati\u00e8re\u200a? &#8226; steuerportal.ch\" \/>\n<meta property=\"og:description\" content=\"Selon la Constitution f\u00e9d\u00e9rale, le Tribunal f\u00e9d\u00e9ral a pour mission de rendre la justice - il ne se saisit toutefois pas de l&#039;affaire au sens large, mais juge ce qui lui est soumis selon des r\u00e8gles strictes qui doivent garantir un d\u00e9roulement \u00e9quitable et identique dans toutes les proc\u00e9dures, et n&#039;entre m\u00eame pas en mati\u00e8re sur la question litigieuse dans pr\u00e8s de 30 pour cent des requ\u00eates.\" \/>\n<meta property=\"og:url\" content=\"https:\/\/steuerportal.ch\/fr\/articles-specialises\/entree-en-matiere-ou-non-entree-en-matiere\/\" \/>\n<meta property=\"og:site_name\" content=\"steuerportal.ch\" \/>\n<meta property=\"article:modified_time\" content=\"2022-12-13T19:31:40+00:00\" \/>\n<meta property=\"og:image\" content=\"https:\/\/steuerportal.ch\/wp-content\/uploads\/2022\/11\/StR-12-2022_Grafik-Kocher-1024x682.jpg\" \/>\n<meta name=\"twitter:card\" content=\"summary_large_image\" \/>\n<meta name=\"twitter:label1\" content=\"Dur\u00e9e de lecture estim\u00e9e\" \/>\n\t<meta name=\"twitter:data1\" content=\"29 minutes\" \/>\n<script type=\"application\/ld+json\" class=\"yoast-schema-graph\">{\"@context\":\"https:\\\/\\\/schema.org\",\"@graph\":[{\"@type\":\"WebPage\",\"@id\":\"https:\\\/\\\/steuerportal.ch\\\/fr\\\/articles-specialises\\\/entree-en-matiere-ou-non-entree-en-matiere\\\/\",\"url\":\"https:\\\/\\\/steuerportal.ch\\\/fr\\\/articles-specialises\\\/entree-en-matiere-ou-non-entree-en-matiere\\\/\",\"name\":\"Entr\u00e9e en mati\u00e8re ou non-entr\u00e9e en mati\u00e8re\u200a? &#8226; steuerportal.ch\",\"isPartOf\":{\"@id\":\"https:\\\/\\\/steuerportal.ch\\\/fr\\\/#website\"},\"primaryImageOfPage\":{\"@id\":\"https:\\\/\\\/steuerportal.ch\\\/fr\\\/articles-specialises\\\/entree-en-matiere-ou-non-entree-en-matiere\\\/#primaryimage\"},\"image\":{\"@id\":\"https:\\\/\\\/steuerportal.ch\\\/fr\\\/articles-specialises\\\/entree-en-matiere-ou-non-entree-en-matiere\\\/#primaryimage\"},\"thumbnailUrl\":\"https:\\\/\\\/steuerportal.ch\\\/wp-content\\\/uploads\\\/2022\\\/11\\\/StR-12-2022_Grafik-Kocher-1024x682.jpg\",\"datePublished\":\"2022-12-01T00:40:00+00:00\",\"dateModified\":\"2022-12-13T19:31:40+00:00\",\"breadcrumb\":{\"@id\":\"https:\\\/\\\/steuerportal.ch\\\/fr\\\/articles-specialises\\\/entree-en-matiere-ou-non-entree-en-matiere\\\/#breadcrumb\"},\"inLanguage\":\"fr-FR\",\"potentialAction\":[{\"@type\":\"ReadAction\",\"target\":[\"https:\\\/\\\/steuerportal.ch\\\/fr\\\/articles-specialises\\\/entree-en-matiere-ou-non-entree-en-matiere\\\/\"]}]},{\"@type\":\"ImageObject\",\"inLanguage\":\"fr-FR\",\"@id\":\"https:\\\/\\\/steuerportal.ch\\\/fr\\\/articles-specialises\\\/entree-en-matiere-ou-non-entree-en-matiere\\\/#primaryimage\",\"url\":\"https:\\\/\\\/steuerportal.ch\\\/wp-content\\\/uploads\\\/2022\\\/11\\\/StR-12-2022_Grafik-Kocher-1024x682.jpg\",\"contentUrl\":\"https:\\\/\\\/steuerportal.ch\\\/wp-content\\\/uploads\\\/2022\\\/11\\\/StR-12-2022_Grafik-Kocher-1024x682.jpg\"},{\"@type\":\"BreadcrumbList\",\"@id\":\"https:\\\/\\\/steuerportal.ch\\\/fr\\\/articles-specialises\\\/entree-en-matiere-ou-non-entree-en-matiere\\\/#breadcrumb\",\"itemListElement\":[{\"@type\":\"ListItem\",\"position\":1,\"name\":\"Page d'accueil\",\"item\":\"https:\\\/\\\/steuerportal.ch\\\/fr\\\/\"},{\"@type\":\"ListItem\",\"position\":2,\"name\":\"Fachartikel\",\"item\":\"https:\\\/\\\/steuerportal.ch\\\/fr\\\/articles-specialises\\\/\"},{\"@type\":\"ListItem\",\"position\":3,\"name\":\"Entr\u00e9e en mati\u00e8re ou non-entr\u00e9e en mati\u00e8re\u200a?\"}]},{\"@type\":\"WebSite\",\"@id\":\"https:\\\/\\\/steuerportal.ch\\\/fr\\\/#website\",\"url\":\"https:\\\/\\\/steuerportal.ch\\\/fr\\\/\",\"name\":\"steuerportal.ch\",\"description\":\"Le portail suisse sp\u00e9cialis\u00e9 dans le domaine des imp\u00f4ts\",\"publisher\":{\"@id\":\"https:\\\/\\\/steuerportal.ch\\\/fr\\\/#organization\"},\"potentialAction\":[{\"@type\":\"SearchAction\",\"target\":{\"@type\":\"EntryPoint\",\"urlTemplate\":\"https:\\\/\\\/steuerportal.ch\\\/fr\\\/?s={search_term_string}\"},\"query-input\":{\"@type\":\"PropertyValueSpecification\",\"valueRequired\":true,\"valueName\":\"search_term_string\"}}],\"inLanguage\":\"fr-FR\"},{\"@type\":\"Organization\",\"@id\":\"https:\\\/\\\/steuerportal.ch\\\/fr\\\/#organization\",\"name\":\"Steuerportal (Cosmos Verlag)\",\"url\":\"https:\\\/\\\/steuerportal.ch\\\/fr\\\/\",\"logo\":{\"@type\":\"ImageObject\",\"inLanguage\":\"fr-FR\",\"@id\":\"https:\\\/\\\/steuerportal.ch\\\/fr\\\/#\\\/schema\\\/logo\\\/image\\\/\",\"url\":\"https:\\\/\\\/steuerportal.ch\\\/wp-content\\\/uploads\\\/2021\\\/06\\\/cosmos_c-strich_h_positiv_bunt.svg\",\"contentUrl\":\"https:\\\/\\\/steuerportal.ch\\\/wp-content\\\/uploads\\\/2021\\\/06\\\/cosmos_c-strich_h_positiv_bunt.svg\",\"width\":191,\"height\":44,\"caption\":\"Steuerportal (Cosmos Verlag)\"},\"image\":{\"@id\":\"https:\\\/\\\/steuerportal.ch\\\/fr\\\/#\\\/schema\\\/logo\\\/image\\\/\"}}]}<\/script>\n<!-- \/ Yoast SEO plugin. -->","yoast_head_json":{"title":"Entr\u00e9e en mati\u00e8re ou non-entr\u00e9e en mati\u00e8re\u200a? &#8226; steuerportal.ch","robots":{"index":"index","follow":"follow","max-snippet":"max-snippet:-1","max-image-preview":"max-image-preview:large","max-video-preview":"max-video-preview:-1"},"canonical":"https:\/\/steuerportal.ch\/fr\/articles-specialises\/entree-en-matiere-ou-non-entree-en-matiere\/","og_locale":"fr_FR","og_type":"article","og_title":"Entr\u00e9e en mati\u00e8re ou non-entr\u00e9e en mati\u00e8re\u200a? &#8226; steuerportal.ch","og_description":"Selon la Constitution f\u00e9d\u00e9rale, le Tribunal f\u00e9d\u00e9ral a pour mission de rendre la justice - il ne se saisit toutefois pas de l'affaire au sens large, mais juge ce qui lui est soumis selon des r\u00e8gles strictes qui doivent garantir un d\u00e9roulement \u00e9quitable et identique dans toutes les proc\u00e9dures, et n'entre m\u00eame pas en mati\u00e8re sur la question litigieuse dans pr\u00e8s de 30 pour cent des requ\u00eates.","og_url":"https:\/\/steuerportal.ch\/fr\/articles-specialises\/entree-en-matiere-ou-non-entree-en-matiere\/","og_site_name":"steuerportal.ch","article_modified_time":"2022-12-13T19:31:40+00:00","og_image":[{"url":"https:\/\/steuerportal.ch\/wp-content\/uploads\/2022\/11\/StR-12-2022_Grafik-Kocher-1024x682.jpg","type":"","width":"","height":""}],"twitter_card":"summary_large_image","twitter_misc":{"Dur\u00e9e de lecture estim\u00e9e":"29 minutes"},"schema":{"@context":"https:\/\/schema.org","@graph":[{"@type":"WebPage","@id":"https:\/\/steuerportal.ch\/fr\/articles-specialises\/entree-en-matiere-ou-non-entree-en-matiere\/","url":"https:\/\/steuerportal.ch\/fr\/articles-specialises\/entree-en-matiere-ou-non-entree-en-matiere\/","name":"Entr\u00e9e en mati\u00e8re ou non-entr\u00e9e en mati\u00e8re\u200a? &#8226; steuerportal.ch","isPartOf":{"@id":"https:\/\/steuerportal.ch\/fr\/#website"},"primaryImageOfPage":{"@id":"https:\/\/steuerportal.ch\/fr\/articles-specialises\/entree-en-matiere-ou-non-entree-en-matiere\/#primaryimage"},"image":{"@id":"https:\/\/steuerportal.ch\/fr\/articles-specialises\/entree-en-matiere-ou-non-entree-en-matiere\/#primaryimage"},"thumbnailUrl":"https:\/\/steuerportal.ch\/wp-content\/uploads\/2022\/11\/StR-12-2022_Grafik-Kocher-1024x682.jpg","datePublished":"2022-12-01T00:40:00+00:00","dateModified":"2022-12-13T19:31:40+00:00","breadcrumb":{"@id":"https:\/\/steuerportal.ch\/fr\/articles-specialises\/entree-en-matiere-ou-non-entree-en-matiere\/#breadcrumb"},"inLanguage":"fr-FR","potentialAction":[{"@type":"ReadAction","target":["https:\/\/steuerportal.ch\/fr\/articles-specialises\/entree-en-matiere-ou-non-entree-en-matiere\/"]}]},{"@type":"ImageObject","inLanguage":"fr-FR","@id":"https:\/\/steuerportal.ch\/fr\/articles-specialises\/entree-en-matiere-ou-non-entree-en-matiere\/#primaryimage","url":"https:\/\/steuerportal.ch\/wp-content\/uploads\/2022\/11\/StR-12-2022_Grafik-Kocher-1024x682.jpg","contentUrl":"https:\/\/steuerportal.ch\/wp-content\/uploads\/2022\/11\/StR-12-2022_Grafik-Kocher-1024x682.jpg"},{"@type":"BreadcrumbList","@id":"https:\/\/steuerportal.ch\/fr\/articles-specialises\/entree-en-matiere-ou-non-entree-en-matiere\/#breadcrumb","itemListElement":[{"@type":"ListItem","position":1,"name":"Page d'accueil","item":"https:\/\/steuerportal.ch\/fr\/"},{"@type":"ListItem","position":2,"name":"Fachartikel","item":"https:\/\/steuerportal.ch\/fr\/articles-specialises\/"},{"@type":"ListItem","position":3,"name":"Entr\u00e9e en mati\u00e8re ou non-entr\u00e9e en mati\u00e8re\u200a?"}]},{"@type":"WebSite","@id":"https:\/\/steuerportal.ch\/fr\/#website","url":"https:\/\/steuerportal.ch\/fr\/","name":"steuerportal.ch","description":"Le portail suisse sp\u00e9cialis\u00e9 dans le domaine des imp\u00f4ts","publisher":{"@id":"https:\/\/steuerportal.ch\/fr\/#organization"},"potentialAction":[{"@type":"SearchAction","target":{"@type":"EntryPoint","urlTemplate":"https:\/\/steuerportal.ch\/fr\/?s={search_term_string}"},"query-input":{"@type":"PropertyValueSpecification","valueRequired":true,"valueName":"search_term_string"}}],"inLanguage":"fr-FR"},{"@type":"Organization","@id":"https:\/\/steuerportal.ch\/fr\/#organization","name":"Steuerportal (Cosmos Verlag)","url":"https:\/\/steuerportal.ch\/fr\/","logo":{"@type":"ImageObject","inLanguage":"fr-FR","@id":"https:\/\/steuerportal.ch\/fr\/#\/schema\/logo\/image\/","url":"https:\/\/steuerportal.ch\/wp-content\/uploads\/2021\/06\/cosmos_c-strich_h_positiv_bunt.svg","contentUrl":"https:\/\/steuerportal.ch\/wp-content\/uploads\/2021\/06\/cosmos_c-strich_h_positiv_bunt.svg","width":191,"height":44,"caption":"Steuerportal (Cosmos Verlag)"},"image":{"@id":"https:\/\/steuerportal.ch\/fr\/#\/schema\/logo\/image\/"}}]}},"_links":{"self":[{"href":"https:\/\/steuerportal.ch\/fr\/wp-json\/wp\/v2\/sht_proarticle\/14429","targetHints":{"allow":["GET"]}}],"collection":[{"href":"https:\/\/steuerportal.ch\/fr\/wp-json\/wp\/v2\/sht_proarticle"}],"about":[{"href":"https:\/\/steuerportal.ch\/fr\/wp-json\/wp\/v2\/types\/sht_proarticle"}],"author":[{"embeddable":true,"href":"https:\/\/steuerportal.ch\/fr\/wp-json\/wp\/v2\/users\/4"}],"version-history":[{"count":0,"href":"https:\/\/steuerportal.ch\/fr\/wp-json\/wp\/v2\/sht_proarticle\/14429\/revisions"}],"acf:user":[{"embeddable":true,"href":"https:\/\/steuerportal.ch\/fr\/wp-json\/wp\/v2\/users\/201"}],"wp:attachment":[{"href":"https:\/\/steuerportal.ch\/fr\/wp-json\/wp\/v2\/media?parent=14429"}],"wp:term":[{"taxonomy":"sht_proarticle_category","embeddable":true,"href":"https:\/\/steuerportal.ch\/fr\/wp-json\/wp\/v2\/sht_proarticle_category?post=14429"},{"taxonomy":"sht_proarticle_tag","embeddable":true,"href":"https:\/\/steuerportal.ch\/fr\/wp-json\/wp\/v2\/sht_proarticle_tag?post=14429"}],"curies":[{"name":"wp","href":"https:\/\/api.w.org\/{rel}","templated":true}]}}