{"id":13782,"date":"2022-09-01T07:27:00","date_gmt":"2022-09-01T05:27:00","guid":{"rendered":"https:\/\/steuerportal.ch\/?post_type=sht_proarticle&#038;p=13782"},"modified":"2022-09-07T16:13:56","modified_gmt":"2022-09-07T14:13:56","slug":"depart-a-la-retraite-progressif","status":"publish","type":"sht_proarticle","link":"https:\/\/steuerportal.ch\/fr\/articles-specialises\/depart-a-la-retraite-progressif\/","title":{"rendered":"D\u00e9part \u00e0  la retraite progressif"},"content":{"rendered":"","protected":true},"excerpt":{"rendered":"<p>Dans le cas d&rsquo;une retraite progressive, la cessation de l&rsquo;activit\u00e9 professionnelle ne se fait pas en une seule fois, mais en plusieurs \u00ab\u00a0\u00e9tapes\u00a0\u00bb \u00e0 des moments diff\u00e9rents. Par rapport au paquet l\u00e9gislatif \u00ab\u00a0Pr\u00e9voyance vieillesse 2020\u00a0\u00bb, le l\u00e9gislateur a apport\u00e9 des am\u00e9liorations significatives avec le projet AVS 21. Peter Lang explique les dispositions du droit de la pr\u00e9voyance et leurs effets sur le droit fiscal et sonde le besoin d&rsquo;adaptation par rapport \u00e0 la pratique actuelle du droit fiscal.<\/p>\n","protected":false},"author":4,"featured_media":0,"template":"","meta":{"_acf_changed":false,"authors":[{"ID":586,"display_name":"Peter Lang","first_name":"Peter","last_name":"Lang","description":"<p>Dr. iur., lic. oec. HSG, dipl. Steuerexperte, Leiter Steuerdienst Swiss Life, Z\u00fcrich<\/p>\n","image":"https:\/\/steuerportal.ch\/wp-content\/uploads\/2021\/07\/StR-7-8-2021_Peter-Lang-cut_sw-1-220x220.jpg","organiser_data":[],"url":"https:\/\/steuerportal.ch\/fr\/autoren\/peter-lang\/"}],"related_sht_promodule":["<a href=\"https:\/\/steuerportal.ch\/fr\/modules-specialises\/revue-fiscale\/articles-de-fond\/\">Revue fiscale &#8594; Articles de fond<\/a>"],"pdf":"https:\/\/steuerportal.ch\/fr\/articles-specialises\/depart-a-la-retraite-progressif\/shtpdf\/","language":"fr"},"sht_proarticle_category":[266],"sht_proarticle_tag":[],"class_list":["post-13782","sht_proarticle","type-sht_proarticle","status-publish","hentry","sht_proarticle_category-articles-de-fond"],"acf":{"authors":[586]},"shp_steuerportal_must_use":{"translations":[{"id":13775,"link":"https:\/\/steuerportal.ch\/articles-specialises\/schrittweise-pensionierung\/","title":{"rendered":"Schrittweise Pensionierung"},"language":"de"},{"id":13782,"link":"https:\/\/steuerportal.ch\/fr\/articles-specialises\/depart-a-la-retraite-progressif\/","title":{"rendered":"D\u00e9part \u00e0  la retraite progressif"},"language":"fr"}]},"yoast_head":"<!-- This site is optimized with the Yoast SEO plugin v27.5 - https:\/\/yoast.com\/product\/yoast-seo-wordpress\/ -->\n<title>D\u00e9part \u00e0 la retraite progressif &#8226; steuerportal.ch<\/title>\n<meta name=\"robots\" content=\"index, follow, max-snippet:-1, max-image-preview:large, max-video-preview:-1\" \/>\n<link rel=\"canonical\" href=\"https:\/\/steuerportal.ch\/fr\/articles-specialises\/depart-a-la-retraite-progressif\/\" \/>\n<meta property=\"og:locale\" content=\"fr_FR\" \/>\n<meta property=\"og:type\" content=\"article\" \/>\n<meta property=\"og:title\" content=\"D\u00e9part \u00e0 la retraite progressif &#8226; steuerportal.ch\" \/>\n<meta property=\"og:description\" content=\"Dans le cas d&#039;une retraite progressive, la cessation de l&#039;activit\u00e9 professionnelle ne se fait pas en une seule fois, mais en plusieurs &quot;\u00e9tapes&quot; \u00e0 des moments diff\u00e9rents. Par rapport au paquet l\u00e9gislatif &quot;Pr\u00e9voyance vieillesse 2020&quot;, le l\u00e9gislateur a apport\u00e9 des am\u00e9liorations significatives avec le projet AVS 21. Peter Lang explique les dispositions du droit de la pr\u00e9voyance et leurs effets sur le droit fiscal et sonde le besoin d&#039;adaptation par rapport \u00e0 la pratique actuelle du droit fiscal.\" \/>\n<meta property=\"og:url\" content=\"https:\/\/steuerportal.ch\/fr\/articles-specialises\/depart-a-la-retraite-progressif\/\" \/>\n<meta property=\"og:site_name\" content=\"steuerportal.ch\" \/>\n<meta property=\"article:modified_time\" content=\"2022-09-07T14:13:56+00:00\" \/>\n<meta property=\"og:image\" content=\"https:\/\/steuerportal.ch\/wp-content\/uploads\/2022\/08\/image-700x423.png\" \/>\n<meta name=\"twitter:card\" content=\"summary_large_image\" \/>\n<meta name=\"twitter:label1\" content=\"Dur\u00e9e de lecture estim\u00e9e\" \/>\n\t<meta name=\"twitter:data1\" content=\"33 minutes\" \/>\n<script type=\"application\/ld+json\" class=\"yoast-schema-graph\">{\"@context\":\"https:\\\/\\\/schema.org\",\"@graph\":[{\"@type\":\"WebPage\",\"@id\":\"https:\\\/\\\/steuerportal.ch\\\/fr\\\/articles-specialises\\\/depart-a-la-retraite-progressif\\\/\",\"url\":\"https:\\\/\\\/steuerportal.ch\\\/fr\\\/articles-specialises\\\/depart-a-la-retraite-progressif\\\/\",\"name\":\"D\u00e9part \u00e0 la retraite progressif &#8226; steuerportal.ch\",\"isPartOf\":{\"@id\":\"https:\\\/\\\/steuerportal.ch\\\/fr\\\/#website\"},\"primaryImageOfPage\":{\"@id\":\"https:\\\/\\\/steuerportal.ch\\\/fr\\\/articles-specialises\\\/depart-a-la-retraite-progressif\\\/#primaryimage\"},\"image\":{\"@id\":\"https:\\\/\\\/steuerportal.ch\\\/fr\\\/articles-specialises\\\/depart-a-la-retraite-progressif\\\/#primaryimage\"},\"thumbnailUrl\":\"https:\\\/\\\/steuerportal.ch\\\/wp-content\\\/uploads\\\/2022\\\/08\\\/image-700x423.png\",\"datePublished\":\"2022-09-01T05:27:00+00:00\",\"dateModified\":\"2022-09-07T14:13:56+00:00\",\"breadcrumb\":{\"@id\":\"https:\\\/\\\/steuerportal.ch\\\/fr\\\/articles-specialises\\\/depart-a-la-retraite-progressif\\\/#breadcrumb\"},\"inLanguage\":\"fr-FR\",\"potentialAction\":[{\"@type\":\"ReadAction\",\"target\":[\"https:\\\/\\\/steuerportal.ch\\\/fr\\\/articles-specialises\\\/depart-a-la-retraite-progressif\\\/\"]}]},{\"@type\":\"ImageObject\",\"inLanguage\":\"fr-FR\",\"@id\":\"https:\\\/\\\/steuerportal.ch\\\/fr\\\/articles-specialises\\\/depart-a-la-retraite-progressif\\\/#primaryimage\",\"url\":\"https:\\\/\\\/steuerportal.ch\\\/wp-content\\\/uploads\\\/2022\\\/08\\\/image-700x423.png\",\"contentUrl\":\"https:\\\/\\\/steuerportal.ch\\\/wp-content\\\/uploads\\\/2022\\\/08\\\/image-700x423.png\"},{\"@type\":\"BreadcrumbList\",\"@id\":\"https:\\\/\\\/steuerportal.ch\\\/fr\\\/articles-specialises\\\/depart-a-la-retraite-progressif\\\/#breadcrumb\",\"itemListElement\":[{\"@type\":\"ListItem\",\"position\":1,\"name\":\"Page d'accueil\",\"item\":\"https:\\\/\\\/steuerportal.ch\\\/fr\\\/\"},{\"@type\":\"ListItem\",\"position\":2,\"name\":\"Fachartikel\",\"item\":\"https:\\\/\\\/steuerportal.ch\\\/fr\\\/articles-specialises\\\/\"},{\"@type\":\"ListItem\",\"position\":3,\"name\":\"D\u00e9part \u00e0 la retraite progressif\"}]},{\"@type\":\"WebSite\",\"@id\":\"https:\\\/\\\/steuerportal.ch\\\/fr\\\/#website\",\"url\":\"https:\\\/\\\/steuerportal.ch\\\/fr\\\/\",\"name\":\"steuerportal.ch\",\"description\":\"Le portail suisse sp\u00e9cialis\u00e9 dans le domaine des imp\u00f4ts\",\"publisher\":{\"@id\":\"https:\\\/\\\/steuerportal.ch\\\/fr\\\/#organization\"},\"potentialAction\":[{\"@type\":\"SearchAction\",\"target\":{\"@type\":\"EntryPoint\",\"urlTemplate\":\"https:\\\/\\\/steuerportal.ch\\\/fr\\\/?s={search_term_string}\"},\"query-input\":{\"@type\":\"PropertyValueSpecification\",\"valueRequired\":true,\"valueName\":\"search_term_string\"}}],\"inLanguage\":\"fr-FR\"},{\"@type\":\"Organization\",\"@id\":\"https:\\\/\\\/steuerportal.ch\\\/fr\\\/#organization\",\"name\":\"Steuerportal (Cosmos Verlag)\",\"url\":\"https:\\\/\\\/steuerportal.ch\\\/fr\\\/\",\"logo\":{\"@type\":\"ImageObject\",\"inLanguage\":\"fr-FR\",\"@id\":\"https:\\\/\\\/steuerportal.ch\\\/fr\\\/#\\\/schema\\\/logo\\\/image\\\/\",\"url\":\"https:\\\/\\\/steuerportal.ch\\\/wp-content\\\/uploads\\\/2021\\\/06\\\/cosmos_c-strich_h_positiv_bunt.svg\",\"contentUrl\":\"https:\\\/\\\/steuerportal.ch\\\/wp-content\\\/uploads\\\/2021\\\/06\\\/cosmos_c-strich_h_positiv_bunt.svg\",\"width\":191,\"height\":44,\"caption\":\"Steuerportal (Cosmos Verlag)\"},\"image\":{\"@id\":\"https:\\\/\\\/steuerportal.ch\\\/fr\\\/#\\\/schema\\\/logo\\\/image\\\/\"}}]}<\/script>\n<!-- \/ Yoast SEO plugin. -->","yoast_head_json":{"title":"D\u00e9part \u00e0 la retraite progressif &#8226; steuerportal.ch","robots":{"index":"index","follow":"follow","max-snippet":"max-snippet:-1","max-image-preview":"max-image-preview:large","max-video-preview":"max-video-preview:-1"},"canonical":"https:\/\/steuerportal.ch\/fr\/articles-specialises\/depart-a-la-retraite-progressif\/","og_locale":"fr_FR","og_type":"article","og_title":"D\u00e9part \u00e0 la retraite progressif &#8226; steuerportal.ch","og_description":"Dans le cas d'une retraite progressive, la cessation de l'activit\u00e9 professionnelle ne se fait pas en une seule fois, mais en plusieurs \"\u00e9tapes\" \u00e0 des moments diff\u00e9rents. Par rapport au paquet l\u00e9gislatif \"Pr\u00e9voyance vieillesse 2020\", le l\u00e9gislateur a apport\u00e9 des am\u00e9liorations significatives avec le projet AVS 21. Peter Lang explique les dispositions du droit de la pr\u00e9voyance et leurs effets sur le droit fiscal et sonde le besoin d'adaptation par rapport \u00e0 la pratique actuelle du droit fiscal.","og_url":"https:\/\/steuerportal.ch\/fr\/articles-specialises\/depart-a-la-retraite-progressif\/","og_site_name":"steuerportal.ch","article_modified_time":"2022-09-07T14:13:56+00:00","og_image":[{"url":"https:\/\/steuerportal.ch\/wp-content\/uploads\/2022\/08\/image-700x423.png","type":"","width":"","height":""}],"twitter_card":"summary_large_image","twitter_misc":{"Dur\u00e9e de lecture estim\u00e9e":"33 minutes"},"schema":{"@context":"https:\/\/schema.org","@graph":[{"@type":"WebPage","@id":"https:\/\/steuerportal.ch\/fr\/articles-specialises\/depart-a-la-retraite-progressif\/","url":"https:\/\/steuerportal.ch\/fr\/articles-specialises\/depart-a-la-retraite-progressif\/","name":"D\u00e9part \u00e0 la retraite progressif &#8226; steuerportal.ch","isPartOf":{"@id":"https:\/\/steuerportal.ch\/fr\/#website"},"primaryImageOfPage":{"@id":"https:\/\/steuerportal.ch\/fr\/articles-specialises\/depart-a-la-retraite-progressif\/#primaryimage"},"image":{"@id":"https:\/\/steuerportal.ch\/fr\/articles-specialises\/depart-a-la-retraite-progressif\/#primaryimage"},"thumbnailUrl":"https:\/\/steuerportal.ch\/wp-content\/uploads\/2022\/08\/image-700x423.png","datePublished":"2022-09-01T05:27:00+00:00","dateModified":"2022-09-07T14:13:56+00:00","breadcrumb":{"@id":"https:\/\/steuerportal.ch\/fr\/articles-specialises\/depart-a-la-retraite-progressif\/#breadcrumb"},"inLanguage":"fr-FR","potentialAction":[{"@type":"ReadAction","target":["https:\/\/steuerportal.ch\/fr\/articles-specialises\/depart-a-la-retraite-progressif\/"]}]},{"@type":"ImageObject","inLanguage":"fr-FR","@id":"https:\/\/steuerportal.ch\/fr\/articles-specialises\/depart-a-la-retraite-progressif\/#primaryimage","url":"https:\/\/steuerportal.ch\/wp-content\/uploads\/2022\/08\/image-700x423.png","contentUrl":"https:\/\/steuerportal.ch\/wp-content\/uploads\/2022\/08\/image-700x423.png"},{"@type":"BreadcrumbList","@id":"https:\/\/steuerportal.ch\/fr\/articles-specialises\/depart-a-la-retraite-progressif\/#breadcrumb","itemListElement":[{"@type":"ListItem","position":1,"name":"Page d'accueil","item":"https:\/\/steuerportal.ch\/fr\/"},{"@type":"ListItem","position":2,"name":"Fachartikel","item":"https:\/\/steuerportal.ch\/fr\/articles-specialises\/"},{"@type":"ListItem","position":3,"name":"D\u00e9part \u00e0 la retraite progressif"}]},{"@type":"WebSite","@id":"https:\/\/steuerportal.ch\/fr\/#website","url":"https:\/\/steuerportal.ch\/fr\/","name":"steuerportal.ch","description":"Le portail suisse sp\u00e9cialis\u00e9 dans le domaine des imp\u00f4ts","publisher":{"@id":"https:\/\/steuerportal.ch\/fr\/#organization"},"potentialAction":[{"@type":"SearchAction","target":{"@type":"EntryPoint","urlTemplate":"https:\/\/steuerportal.ch\/fr\/?s={search_term_string}"},"query-input":{"@type":"PropertyValueSpecification","valueRequired":true,"valueName":"search_term_string"}}],"inLanguage":"fr-FR"},{"@type":"Organization","@id":"https:\/\/steuerportal.ch\/fr\/#organization","name":"Steuerportal (Cosmos Verlag)","url":"https:\/\/steuerportal.ch\/fr\/","logo":{"@type":"ImageObject","inLanguage":"fr-FR","@id":"https:\/\/steuerportal.ch\/fr\/#\/schema\/logo\/image\/","url":"https:\/\/steuerportal.ch\/wp-content\/uploads\/2021\/06\/cosmos_c-strich_h_positiv_bunt.svg","contentUrl":"https:\/\/steuerportal.ch\/wp-content\/uploads\/2021\/06\/cosmos_c-strich_h_positiv_bunt.svg","width":191,"height":44,"caption":"Steuerportal (Cosmos Verlag)"},"image":{"@id":"https:\/\/steuerportal.ch\/fr\/#\/schema\/logo\/image\/"}}]}},"_links":{"self":[{"href":"https:\/\/steuerportal.ch\/fr\/wp-json\/wp\/v2\/sht_proarticle\/13782","targetHints":{"allow":["GET"]}}],"collection":[{"href":"https:\/\/steuerportal.ch\/fr\/wp-json\/wp\/v2\/sht_proarticle"}],"about":[{"href":"https:\/\/steuerportal.ch\/fr\/wp-json\/wp\/v2\/types\/sht_proarticle"}],"author":[{"embeddable":true,"href":"https:\/\/steuerportal.ch\/fr\/wp-json\/wp\/v2\/users\/4"}],"version-history":[{"count":0,"href":"https:\/\/steuerportal.ch\/fr\/wp-json\/wp\/v2\/sht_proarticle\/13782\/revisions"}],"acf:user":[{"embeddable":true,"href":"https:\/\/steuerportal.ch\/fr\/wp-json\/wp\/v2\/users\/586"}],"wp:attachment":[{"href":"https:\/\/steuerportal.ch\/fr\/wp-json\/wp\/v2\/media?parent=13782"}],"wp:term":[{"taxonomy":"sht_proarticle_category","embeddable":true,"href":"https:\/\/steuerportal.ch\/fr\/wp-json\/wp\/v2\/sht_proarticle_category?post=13782"},{"taxonomy":"sht_proarticle_tag","embeddable":true,"href":"https:\/\/steuerportal.ch\/fr\/wp-json\/wp\/v2\/sht_proarticle_tag?post=13782"}],"curies":[{"name":"wp","href":"https:\/\/api.w.org\/{rel}","templated":true}]}}