{"id":13580,"date":"2022-07-25T15:16:00","date_gmt":"2022-07-25T13:16:00","guid":{"rendered":"https:\/\/steuerportal.ch\/?post_type=sht_proarticle&#038;p=13580"},"modified":"2025-02-20T11:52:47","modified_gmt":"2025-02-20T10:52:47","slug":"nachruf-oskar-ackermann","status":"publish","type":"sht_proarticle","link":"https:\/\/steuerportal.ch\/fr\/articles-specialises\/nachruf-oskar-ackermann\/","title":{"rendered":"Nachruf \u2013 Oskar Ackermann"},"content":{"rendered":"<figure class=\"wp-block-image size-medium is-resized\"><img loading=\"lazy\" decoding=\"async\" src=\"https:\/\/steuerportal.ch\/wp-content\/uploads\/2023\/05\/StR-7-8-2022_Oskar_Ackermann_Foto-700x1051.jpg\" alt=\"\" class=\"wp-image-16225\" width=\"350\" height=\"526\" srcset=\"https:\/\/steuerportal.ch\/wp-content\/uploads\/2023\/05\/StR-7-8-2022_Oskar_Ackermann_Foto-700x1051.jpg 700w, https:\/\/steuerportal.ch\/wp-content\/uploads\/2023\/05\/StR-7-8-2022_Oskar_Ackermann_Foto-682x1024.jpg 682w, https:\/\/steuerportal.ch\/wp-content\/uploads\/2023\/05\/StR-7-8-2022_Oskar_Ackermann_Foto-768x1154.jpg 768w, https:\/\/steuerportal.ch\/wp-content\/uploads\/2023\/05\/StR-7-8-2022_Oskar_Ackermann_Foto-1023x1536.jpg 1023w, https:\/\/steuerportal.ch\/wp-content\/uploads\/2023\/05\/StR-7-8-2022_Oskar_Ackermann_Foto-1363x2048.jpg 1363w, https:\/\/steuerportal.ch\/wp-content\/uploads\/2023\/05\/StR-7-8-2022_Oskar_Ackermann_Foto-1280x1923.jpg 1280w, https:\/\/steuerportal.ch\/wp-content\/uploads\/2023\/05\/StR-7-8-2022_Oskar_Ackermann_Foto-186x280.jpg 186w, https:\/\/steuerportal.ch\/wp-content\/uploads\/2023\/05\/StR-7-8-2022_Oskar_Ackermann_Foto-628x943.jpg 628w, https:\/\/steuerportal.ch\/wp-content\/uploads\/2023\/05\/StR-7-8-2022_Oskar_Ackermann_Foto-296x445.jpg 296w, https:\/\/steuerportal.ch\/wp-content\/uploads\/2023\/05\/StR-7-8-2022_Oskar_Ackermann_Foto-scaled.jpg 1704w\" sizes=\"auto, (max-width: 350px) 100vw, 350px\" \/><\/figure><p>Auf einer Jogging-Tour am sp&auml;ten Nachmittag des 7.&nbsp;Mai 2022 verstarb Oskar Ackermann in seinem 61.&nbsp;Altersjahr pl&ouml;tzlich und v&ouml;llig unerwartet. Der viel zu fr&uuml;he Tod war nicht nur f&uuml;r seine Familie ein Schock, sondern auch f&uuml;r sein Arbeitsumfeld. Oskar Ackermann hat &uuml;ber 25&nbsp;Jahre lang die Abteilung Juristische Personen des kantonalen Steueramtes Solothurn gef&uuml;hrt. Er pflegte ein breites Netzwerk und war engagiert in der Schweizerischen Steuerkonferenz, insbesondere in der Arbeitsgruppe Unternehmenssteuern (AGUN), der er &uuml;ber zehn Jahre angeh&ouml;rte.<\/p><p>In seiner Arbeit setzte sich Oskar Ackermann fachlich stark mit Fragen der Verrechnungspreisthematik auseinander. Sein besonderes Interesse galt dabei der Besteuerung von &lsaquo;Partnerwerken&rsaquo; in der Elektrizit&auml;tswirtschaft, mit der er sich seit vielen Jahren bezogen auf konkrete Veranlagungsf&auml;lle besch&auml;ftigte. Er entwickelte das sog. &lsaquo;Solothurner Modell&rsaquo; basierend auf der in der Zwischenzeit auch vom Bundesgericht ausdr&uuml;cklich als anwendbar erkl&auml;rten Kostenaufschlagsmethode und gestaltete den Aufschlag ebenso differenziert wie praktisch gut umsetzbar aus. Das Modell wurde von betroffenen Partnerwerkkantonen jedoch verworfen, die einen h&ouml;heren Gewinnanteil f&uuml;r sich beanspruchten.<\/p><p>Oskar Ackermman &ndash; oder &laquo;Oski&raquo;, wie ihn alle, die n&auml;her mit ihm zu tun hatten, nannten &ndash; war ein Praktiker, der sich von klaren Wertvorstellungen leiten liess. Das Legalit&auml;tsprinzip und die Rechtsgleichheit einerseits sowie betriebswirtschaftlich einwandfreie Grundlagen andererseits hielt Oskar Ackermann in seiner T&auml;tigkeit als Abteilungsleiter und Verantwortlicher f&uuml;r die Veranlagung von juristischen Personen im Kanton Solothurn immer hoch und forderte diese Grunds&auml;tze auch bei seinen Mitarbeitenden ein. Er f&uuml;hlte sich ganz dem Dienst am Staat verpflichtet, und doch war er nie ein ausgepr&auml;gter Fiskalist. Die Beziehung zwischen dem Staat und der steuerpflichtigen juristischen Person sollte f&uuml;r beide Seiten einen Mehrwert bringen. Oskar Ackermann suchte dieser &Uuml;berzeugung folgend den Austausch mit den Vertreterinnen und Vertretern aus Wirtschaft und Politik und er wollte die Herausforderungen, denen sich die Unternehmen aus den verschiedenen Branchen am Markt stellen mussten, verstehen und nachvollziehen k&ouml;nnen. Das Verst&auml;ndnis f&uuml;r die Bed&uuml;rfnisse der Unternehmen war ihm wichtig. W&auml;hrend seiner lang&auml;hrigen T&auml;tigkeit f&uuml;r den Kanton Solothurn gelang es ihm einige Male, seinem Credo gerecht zu werden und es im Rahmen von Ansiedlungsgesch&auml;ften in die Praxis umzusetzen. Die vorstehend aufgezeigten Grunds&auml;tze konnte er zudem im Rahmen der Umsetzung der Bundes- und Kantonsgesetzgebung konkretisieren, insbesondere bei der Ausgestaltung von Kreisschreiben und Praxisfestlegungen, gerade auch in der AGUN in diversen Bereichen.<\/p><p>Oskar Ackermann machte zuerst eine Banklehre, bildete sich dann weiter zum Buchhalter und Treuh&auml;nder und erlangte schliesslich das eidgen&ouml;ssische Diplom des Wirtschaftspr&uuml;fers. Im Jahr 1990 wechselte er von der Privatwirtschaft zum Steueramt des Kantons Solothurn und bildete sich zum eidgen&ouml;ssisch diplomierten Steuerexperten weiter. 1997 schliesslich &uuml;bernahm er die Leitung der Abteilung Juristische Personen. Auch nach dieser langen Zeit war ihm keinerlei Amtsm&uuml;digkeit anzumerken. Ganz im Gegenteil: Oskar Ackermann &uuml;bte seine T&auml;tigkeit mit Leidenschaft aus. Er war stets offen f&uuml;r neue Ideen und Konzepte. Mit viel Elan setzte er sich mit Gesetzgebungsprojekten auseinander. Die Umsetzung der Steuerreform und AHV-Finanzierung (STAF) im Kanton Solothurn war sein letztes grosses Projekt. Der Schreibende erinnert sich gerne an &auml;usserst intensive und zuweilen anstrengende Sitzungen mit Oskar Ackermann zur&uuml;ck, bei denen es darum ging, seine klaren Vorstellungen in die kantonalen Ausf&uuml;hrungsbestimmungen zu &uuml;bersetzen. Trotz seiner reichen Erfahrung und seinem grossen Wissen waren solche Besprechungen nie nur einseitig. Oskar Ackermann suchte auch hier den Austausch und ging auf die Vorstellungen des um einige Jahre j&uuml;ngeren Juristen ein. Dementsprechend lehrreich war die Zusammenarbeit.<\/p><p>An seinem vertieften Wissen im Unternehmenssteuerrecht und den Herausforderungen der Verwaltung bei der Umsetzung der Gesetzesnovellen liess er auch ein breites Fachpublikum an diversen Weiterbildungsveranstaltungen teilhaben (etwa diplomierte Steuerexperten im Rahmen von&nbsp;<em>bewest<\/em>). Auch an internen Weiterbildungen und in Fachkursen der Schweizerischen Steuerkonferenz war er als Referent t&auml;tig. Oski war ein guter Lehrer und Mentor. Er unterst&uuml;tzte und f&ouml;rderte &uuml;ber die Jahre gezielt viele junge Mitarbeitende und freute sich &uuml;ber deren eigene Entwicklung und die bleibenden Kontakte.<\/p><p>Oski hinterl&auml;sst seine Ehefrau und seine zwei erwachsenen S&ouml;hne. Zusammen mit seiner Familie bereiste er mehrmals den nordamerikanischen Kontinent. Auch in diesem Sommer war eine wegen Corona verschobene Reise nach Kanada geplant. Diese und noch viele weitere Reisen, die nach seiner baldigen Pensionierung h&auml;tten stattfinden sollen, sind ihm nun nicht mehr verg&ouml;nnt.<\/p><p><em>Thomas B. Fischer, lic. iur., Rechtsanwalt, Steuerexperte SSK, Chef Steueramt Kanton Solothurn<\/em><\/p>\n","protected":false},"excerpt":{"rendered":"<p>Oskar Ackermann, der in seinem 61. Lebensjahr v\u00f6llig unerwartet verstorben ist, hat \u00fcber 25 Jahre lang mit klaren Wertvorstellungen und immer dem Dienst am Staat verpflichtet die Abteilung Juristische Personen des kantonalen Steueramtes Solothurn gef\u00fchrt und ein breites Netzwerk gepflegt.<br \/>\nEin Nachruf von Thomas B. Fischer.<\/p>\n","protected":false},"author":4,"featured_media":0,"template":"","meta":{"_acf_changed":false,"authors":[{"ID":1638,"display_name":"Thomas B. Fischer","first_name":"Thomas B.","last_name":"Fischer","description":"<p>lic. iur., Rechtsanwalt, Steuerexperte SSK, Chef Steueramt Kanton Solothurn<\/p>\n","image":false,"organiser_data":[],"url":"https:\/\/steuerportal.ch\/fr\/autoren\/thomas-b-fischer\/"}],"related_sht_promodule":["<a href=\"https:\/\/steuerportal.ch\/fachmodule\/steuerrevue\/diverses\/\">Steuer Revue &#8594; Diverses<\/a>"],"pdf":"https:\/\/steuerportal.ch\/fr\/articles-specialises\/nachruf-oskar-ackermann\/shtpdf\/","language":"de"},"sht_proarticle_category":[20],"sht_proarticle_tag":[],"class_list":["post-13580","sht_proarticle","type-sht_proarticle","status-publish","hentry","sht_proarticle_category-diverses"],"acf":{"authors":[1638]},"shp_steuerportal_must_use":{"translations":[{"id":13580,"link":"https:\/\/steuerportal.ch\/fr\/articles-specialises\/nachruf-oskar-ackermann\/","title":{"rendered":"Nachruf \u2013 Oskar Ackermann"},"language":"de"}]},"yoast_head":"<!-- This site is optimized with the Yoast SEO plugin v27.4 - https:\/\/yoast.com\/product\/yoast-seo-wordpress\/ -->\n<title>Nachruf \u2013 Oskar Ackermann &#8226; steuerportal.ch<\/title>\n<meta name=\"robots\" content=\"index, follow, max-snippet:-1, max-image-preview:large, max-video-preview:-1\" \/>\n<link rel=\"canonical\" href=\"https:\/\/steuerportal.ch\/fr\/articles-specialises\/nachruf-oskar-ackermann\/\" \/>\n<meta property=\"og:locale\" content=\"fr_FR\" \/>\n<meta property=\"og:type\" content=\"article\" \/>\n<meta property=\"og:title\" content=\"Nachruf \u2013 Oskar Ackermann &#8226; steuerportal.ch\" \/>\n<meta property=\"og:description\" content=\"Oskar Ackermann, der in seinem 61. Lebensjahr v\u00f6llig unerwartet verstorben ist, hat \u00fcber 25 Jahre lang mit klaren Wertvorstellungen und immer dem Dienst am Staat verpflichtet die Abteilung Juristische Personen des kantonalen Steueramtes Solothurn gef\u00fchrt und ein breites Netzwerk gepflegt. Ein Nachruf von Thomas B. Fischer.\" \/>\n<meta property=\"og:url\" content=\"https:\/\/steuerportal.ch\/fr\/articles-specialises\/nachruf-oskar-ackermann\/\" \/>\n<meta property=\"og:site_name\" content=\"steuerportal.ch\" \/>\n<meta property=\"article:modified_time\" content=\"2025-02-20T10:52:47+00:00\" \/>\n<meta property=\"og:image\" content=\"https:\/\/steuerportal.ch\/wp-content\/uploads\/2023\/05\/StR-7-8-2022_Oskar_Ackermann_Foto-scaled.jpg\" \/>\n\t<meta property=\"og:image:width\" content=\"1704\" \/>\n\t<meta property=\"og:image:height\" content=\"2560\" \/>\n\t<meta property=\"og:image:type\" content=\"image\/jpeg\" \/>\n<meta name=\"twitter:card\" content=\"summary_large_image\" \/>\n<meta name=\"twitter:label1\" content=\"Dur\u00e9e de lecture estim\u00e9e\" \/>\n\t<meta name=\"twitter:data1\" content=\"5 minutes\" \/>\n<script type=\"application\/ld+json\" class=\"yoast-schema-graph\">{\"@context\":\"https:\\\/\\\/schema.org\",\"@graph\":[{\"@type\":\"WebPage\",\"@id\":\"https:\\\/\\\/steuerportal.ch\\\/fr\\\/articles-specialises\\\/nachruf-oskar-ackermann\\\/\",\"url\":\"https:\\\/\\\/steuerportal.ch\\\/fr\\\/articles-specialises\\\/nachruf-oskar-ackermann\\\/\",\"name\":\"Nachruf \u2013 Oskar Ackermann &#8226; steuerportal.ch\",\"isPartOf\":{\"@id\":\"https:\\\/\\\/steuerportal.ch\\\/fr\\\/#website\"},\"primaryImageOfPage\":{\"@id\":\"https:\\\/\\\/steuerportal.ch\\\/fr\\\/articles-specialises\\\/nachruf-oskar-ackermann\\\/#primaryimage\"},\"image\":{\"@id\":\"https:\\\/\\\/steuerportal.ch\\\/fr\\\/articles-specialises\\\/nachruf-oskar-ackermann\\\/#primaryimage\"},\"thumbnailUrl\":\"https:\\\/\\\/steuerportal.ch\\\/wp-content\\\/uploads\\\/2023\\\/05\\\/StR-7-8-2022_Oskar_Ackermann_Foto-700x1051.jpg\",\"datePublished\":\"2022-07-25T13:16:00+00:00\",\"dateModified\":\"2025-02-20T10:52:47+00:00\",\"breadcrumb\":{\"@id\":\"https:\\\/\\\/steuerportal.ch\\\/fr\\\/articles-specialises\\\/nachruf-oskar-ackermann\\\/#breadcrumb\"},\"inLanguage\":\"fr-FR\",\"potentialAction\":[{\"@type\":\"ReadAction\",\"target\":[\"https:\\\/\\\/steuerportal.ch\\\/fr\\\/articles-specialises\\\/nachruf-oskar-ackermann\\\/\"]}]},{\"@type\":\"ImageObject\",\"inLanguage\":\"fr-FR\",\"@id\":\"https:\\\/\\\/steuerportal.ch\\\/fr\\\/articles-specialises\\\/nachruf-oskar-ackermann\\\/#primaryimage\",\"url\":\"https:\\\/\\\/steuerportal.ch\\\/wp-content\\\/uploads\\\/2023\\\/05\\\/StR-7-8-2022_Oskar_Ackermann_Foto-700x1051.jpg\",\"contentUrl\":\"https:\\\/\\\/steuerportal.ch\\\/wp-content\\\/uploads\\\/2023\\\/05\\\/StR-7-8-2022_Oskar_Ackermann_Foto-700x1051.jpg\"},{\"@type\":\"BreadcrumbList\",\"@id\":\"https:\\\/\\\/steuerportal.ch\\\/fr\\\/articles-specialises\\\/nachruf-oskar-ackermann\\\/#breadcrumb\",\"itemListElement\":[{\"@type\":\"ListItem\",\"position\":1,\"name\":\"Page d'accueil\",\"item\":\"https:\\\/\\\/steuerportal.ch\\\/fr\\\/\"},{\"@type\":\"ListItem\",\"position\":2,\"name\":\"Fachartikel\",\"item\":\"https:\\\/\\\/steuerportal.ch\\\/fr\\\/articles-specialises\\\/\"},{\"@type\":\"ListItem\",\"position\":3,\"name\":\"Nachruf \u2013 Oskar Ackermann\"}]},{\"@type\":\"WebSite\",\"@id\":\"https:\\\/\\\/steuerportal.ch\\\/fr\\\/#website\",\"url\":\"https:\\\/\\\/steuerportal.ch\\\/fr\\\/\",\"name\":\"steuerportal.ch\",\"description\":\"Le portail suisse sp\u00e9cialis\u00e9 dans le domaine des imp\u00f4ts\",\"publisher\":{\"@id\":\"https:\\\/\\\/steuerportal.ch\\\/fr\\\/#organization\"},\"potentialAction\":[{\"@type\":\"SearchAction\",\"target\":{\"@type\":\"EntryPoint\",\"urlTemplate\":\"https:\\\/\\\/steuerportal.ch\\\/fr\\\/?s={search_term_string}\"},\"query-input\":{\"@type\":\"PropertyValueSpecification\",\"valueRequired\":true,\"valueName\":\"search_term_string\"}}],\"inLanguage\":\"fr-FR\"},{\"@type\":\"Organization\",\"@id\":\"https:\\\/\\\/steuerportal.ch\\\/fr\\\/#organization\",\"name\":\"Steuerportal (Cosmos Verlag)\",\"url\":\"https:\\\/\\\/steuerportal.ch\\\/fr\\\/\",\"logo\":{\"@type\":\"ImageObject\",\"inLanguage\":\"fr-FR\",\"@id\":\"https:\\\/\\\/steuerportal.ch\\\/fr\\\/#\\\/schema\\\/logo\\\/image\\\/\",\"url\":\"https:\\\/\\\/steuerportal.ch\\\/wp-content\\\/uploads\\\/2021\\\/06\\\/cosmos_c-strich_h_positiv_bunt.svg\",\"contentUrl\":\"https:\\\/\\\/steuerportal.ch\\\/wp-content\\\/uploads\\\/2021\\\/06\\\/cosmos_c-strich_h_positiv_bunt.svg\",\"width\":191,\"height\":44,\"caption\":\"Steuerportal (Cosmos Verlag)\"},\"image\":{\"@id\":\"https:\\\/\\\/steuerportal.ch\\\/fr\\\/#\\\/schema\\\/logo\\\/image\\\/\"}}]}<\/script>\n<!-- \/ Yoast SEO plugin. -->","yoast_head_json":{"title":"Nachruf \u2013 Oskar Ackermann &#8226; steuerportal.ch","robots":{"index":"index","follow":"follow","max-snippet":"max-snippet:-1","max-image-preview":"max-image-preview:large","max-video-preview":"max-video-preview:-1"},"canonical":"https:\/\/steuerportal.ch\/fr\/articles-specialises\/nachruf-oskar-ackermann\/","og_locale":"fr_FR","og_type":"article","og_title":"Nachruf \u2013 Oskar Ackermann &#8226; steuerportal.ch","og_description":"Oskar Ackermann, der in seinem 61. Lebensjahr v\u00f6llig unerwartet verstorben ist, hat \u00fcber 25 Jahre lang mit klaren Wertvorstellungen und immer dem Dienst am Staat verpflichtet die Abteilung Juristische Personen des kantonalen Steueramtes Solothurn gef\u00fchrt und ein breites Netzwerk gepflegt. Ein Nachruf von Thomas B. Fischer.","og_url":"https:\/\/steuerportal.ch\/fr\/articles-specialises\/nachruf-oskar-ackermann\/","og_site_name":"steuerportal.ch","article_modified_time":"2025-02-20T10:52:47+00:00","og_image":[{"width":1704,"height":2560,"url":"https:\/\/steuerportal.ch\/wp-content\/uploads\/2023\/05\/StR-7-8-2022_Oskar_Ackermann_Foto-scaled.jpg","type":"image\/jpeg"}],"twitter_card":"summary_large_image","twitter_misc":{"Dur\u00e9e de lecture estim\u00e9e":"5 minutes"},"schema":{"@context":"https:\/\/schema.org","@graph":[{"@type":"WebPage","@id":"https:\/\/steuerportal.ch\/fr\/articles-specialises\/nachruf-oskar-ackermann\/","url":"https:\/\/steuerportal.ch\/fr\/articles-specialises\/nachruf-oskar-ackermann\/","name":"Nachruf \u2013 Oskar Ackermann &#8226; steuerportal.ch","isPartOf":{"@id":"https:\/\/steuerportal.ch\/fr\/#website"},"primaryImageOfPage":{"@id":"https:\/\/steuerportal.ch\/fr\/articles-specialises\/nachruf-oskar-ackermann\/#primaryimage"},"image":{"@id":"https:\/\/steuerportal.ch\/fr\/articles-specialises\/nachruf-oskar-ackermann\/#primaryimage"},"thumbnailUrl":"https:\/\/steuerportal.ch\/wp-content\/uploads\/2023\/05\/StR-7-8-2022_Oskar_Ackermann_Foto-700x1051.jpg","datePublished":"2022-07-25T13:16:00+00:00","dateModified":"2025-02-20T10:52:47+00:00","breadcrumb":{"@id":"https:\/\/steuerportal.ch\/fr\/articles-specialises\/nachruf-oskar-ackermann\/#breadcrumb"},"inLanguage":"fr-FR","potentialAction":[{"@type":"ReadAction","target":["https:\/\/steuerportal.ch\/fr\/articles-specialises\/nachruf-oskar-ackermann\/"]}]},{"@type":"ImageObject","inLanguage":"fr-FR","@id":"https:\/\/steuerportal.ch\/fr\/articles-specialises\/nachruf-oskar-ackermann\/#primaryimage","url":"https:\/\/steuerportal.ch\/wp-content\/uploads\/2023\/05\/StR-7-8-2022_Oskar_Ackermann_Foto-700x1051.jpg","contentUrl":"https:\/\/steuerportal.ch\/wp-content\/uploads\/2023\/05\/StR-7-8-2022_Oskar_Ackermann_Foto-700x1051.jpg"},{"@type":"BreadcrumbList","@id":"https:\/\/steuerportal.ch\/fr\/articles-specialises\/nachruf-oskar-ackermann\/#breadcrumb","itemListElement":[{"@type":"ListItem","position":1,"name":"Page d'accueil","item":"https:\/\/steuerportal.ch\/fr\/"},{"@type":"ListItem","position":2,"name":"Fachartikel","item":"https:\/\/steuerportal.ch\/fr\/articles-specialises\/"},{"@type":"ListItem","position":3,"name":"Nachruf \u2013 Oskar Ackermann"}]},{"@type":"WebSite","@id":"https:\/\/steuerportal.ch\/fr\/#website","url":"https:\/\/steuerportal.ch\/fr\/","name":"steuerportal.ch","description":"Le portail suisse sp\u00e9cialis\u00e9 dans le domaine des imp\u00f4ts","publisher":{"@id":"https:\/\/steuerportal.ch\/fr\/#organization"},"potentialAction":[{"@type":"SearchAction","target":{"@type":"EntryPoint","urlTemplate":"https:\/\/steuerportal.ch\/fr\/?s={search_term_string}"},"query-input":{"@type":"PropertyValueSpecification","valueRequired":true,"valueName":"search_term_string"}}],"inLanguage":"fr-FR"},{"@type":"Organization","@id":"https:\/\/steuerportal.ch\/fr\/#organization","name":"Steuerportal (Cosmos Verlag)","url":"https:\/\/steuerportal.ch\/fr\/","logo":{"@type":"ImageObject","inLanguage":"fr-FR","@id":"https:\/\/steuerportal.ch\/fr\/#\/schema\/logo\/image\/","url":"https:\/\/steuerportal.ch\/wp-content\/uploads\/2021\/06\/cosmos_c-strich_h_positiv_bunt.svg","contentUrl":"https:\/\/steuerportal.ch\/wp-content\/uploads\/2021\/06\/cosmos_c-strich_h_positiv_bunt.svg","width":191,"height":44,"caption":"Steuerportal (Cosmos Verlag)"},"image":{"@id":"https:\/\/steuerportal.ch\/fr\/#\/schema\/logo\/image\/"}}]}},"_links":{"self":[{"href":"https:\/\/steuerportal.ch\/fr\/wp-json\/wp\/v2\/sht_proarticle\/13580","targetHints":{"allow":["GET"]}}],"collection":[{"href":"https:\/\/steuerportal.ch\/fr\/wp-json\/wp\/v2\/sht_proarticle"}],"about":[{"href":"https:\/\/steuerportal.ch\/fr\/wp-json\/wp\/v2\/types\/sht_proarticle"}],"author":[{"embeddable":true,"href":"https:\/\/steuerportal.ch\/fr\/wp-json\/wp\/v2\/users\/4"}],"version-history":[{"count":1,"href":"https:\/\/steuerportal.ch\/fr\/wp-json\/wp\/v2\/sht_proarticle\/13580\/revisions"}],"predecessor-version":[{"id":24739,"href":"https:\/\/steuerportal.ch\/fr\/wp-json\/wp\/v2\/sht_proarticle\/13580\/revisions\/24739"}],"acf:user":[{"embeddable":true,"href":"https:\/\/steuerportal.ch\/fr\/wp-json\/wp\/v2\/users\/1638"}],"wp:attachment":[{"href":"https:\/\/steuerportal.ch\/fr\/wp-json\/wp\/v2\/media?parent=13580"}],"wp:term":[{"taxonomy":"sht_proarticle_category","embeddable":true,"href":"https:\/\/steuerportal.ch\/fr\/wp-json\/wp\/v2\/sht_proarticle_category?post=13580"},{"taxonomy":"sht_proarticle_tag","embeddable":true,"href":"https:\/\/steuerportal.ch\/fr\/wp-json\/wp\/v2\/sht_proarticle_tag?post=13580"}],"curies":[{"name":"wp","href":"https:\/\/api.w.org\/{rel}","templated":true}]}}