{"id":13390,"date":"2022-07-02T10:53:00","date_gmt":"2022-07-02T08:53:00","guid":{"rendered":"https:\/\/steuerportal.ch\/?post_type=sht_proarticle&#038;p=13390"},"modified":"2022-07-03T09:56:16","modified_gmt":"2022-07-03T07:56:16","slug":"in-kuerze-2-2022","status":"publish","type":"sht_proarticle","link":"https:\/\/steuerportal.ch\/fr\/articles-specialises\/in-kuerze-2-2022\/","title":{"rendered":"In K\u00fcrze 2\/2022"},"content":{"rendered":"<p class=\"is-style-subtitle\">Liebe Leserschaft<\/p><p><strong>In eigener Sache &hellip;<\/strong><\/p><p>Seit fast sechs Jahren verantworte ich mit Thomas Stadelmann und Michael Beusch als Mitherausgebern die Zoll + MWST Revue, bis auf wenige Monate davon auch als Chefredakteurin. In dieser Zeit haben wir gemeinsam aus einer Idee zuerst ein erstes Konzept, dann eine Erstausgabe und schliesslich ein regelm&auml;ssiges Heft entwickelt. Die letzte Neuerung &ndash; die Erweiterung um das Thema Mehrwertsteuer hin zur Zoll + MWST Revue &ndash; war eine logische Weiterentwicklung dieses spannenden Weges. Nun ist der richtige Zeitpunkt gekommen, um den Stab weiterzureichen.<\/p><p>Konkret heisst das, dass ich nach der Ausgabe dieses Heftes die&nbsp;<strong>Funktion der Chefredaktion an meinen Nachfolger<\/strong>&nbsp;&uuml;bergeben kann und ich bin sehr froh, mit&nbsp;<strong>Markus Metzger<\/strong>&nbsp;ein Redaktionsmitglied gewonnen zu haben; er wird diese Aufgabe zus&auml;tzlich &uuml;bernehmen.<\/p><p><strong>Markus<\/strong>&nbsp;wird von mir seit vielen Jahren als Berufskollege und Mensch sehr gesch&auml;tzt und ich weiss, dass er die Entwicklung unserer Zeitschrift erfolgreich fortsetzen wird. Ich pers&ouml;nlich werde der Zoll + MWST Revue als Mitherausgeberin verbunden bleiben und so auch ihre weitere Entwicklung verfolgen k&ouml;nnen.<\/p><p><strong>Markus<\/strong>danke ich sehr f&uuml;r seine Zusage und w&uuml;nsche ihm viel Freude und Erfolg bei seiner weiteren Aufgabe und&nbsp;<strong>von Ihnen w&uuml;nsche ich mir<\/strong>, dass Sie &ndash; als treue Leserschaft &ndash;&nbsp;<strong>ihm dieselbe Unterst&uuml;tzung zukommen lassen<\/strong>, die Sie mir gew&auml;hrt haben.&nbsp;<strong>Herzlichen Dank!<\/strong><\/p><p><strong>Ihre Regine Schluckebier<\/strong><\/p><div style=\"height:50px\" aria-hidden=\"true\" class=\"wp-block-spacer\"><\/div><p>___________________<\/p><div style=\"height:50px\" aria-hidden=\"true\" class=\"wp-block-spacer\"><\/div><p>Ich bin &ndash; wie viele von Ihnen &ndash; von Anfang ein treuer Leser der Zoll Revue. Mit der Erweiterung um das Thema Mehrwertsteuer hat die Herausgeberschaft die Weichen f&uuml;r die weitere erfolgreiche Zukunft der Zoll + MWST Revue gelegt und das Heft entscheidend bereichert.<\/p><p>Umso mehr hat es mich sehr gefreut, als&nbsp;<strong>Regine<\/strong>&nbsp;mich letztes Jahr angefragt hatte, als Mitglied der Redaktion mitzuwirken. Nach &uuml;ber zwanzig Jahren in der nationalen und internationalen Mehrwertsteuerberatung und der ebenso langen T&auml;tigkeit in der Aus- und Weiterbildung im Bereich der Mehrwertsteuer freue ich mich, nun auch den Stab der Chefredaktion von&nbsp;<strong>Regine<\/strong>&nbsp;zu &uuml;bernehmen und an der Weiterentwicklung der Zoll + MWST Revue noch tatkr&auml;ftiger mitwirken zu k&ouml;nnen.<\/p><p>Ich danke&nbsp;<strong>Regine<\/strong>&nbsp;f&uuml;r ihre jahrelange Aufbauarbeit und f&uuml;r das, was die Zoll + MWST Revue heute ist: eine Fachzeitschrift mit aktuellen, interessanten und lesenswerten Artikeln, am Puls der Zeit.<\/p><p>Ich freue mich, dass Sie, gesch&auml;tzte Leserinnen und Leser, der Zoll + MWST Revue treu bleiben und bin f&uuml;r Ihre Anregungen gerne offen.<\/p><p>In der heutigen Ausgabe zeigt&nbsp;<strong>Stefan Vorderbank<\/strong>&nbsp;als erstes im zweiten Teil seiner Ausf&uuml;hrungen zu den &Auml;nderungen im&nbsp;<strong>E-Commerce<\/strong>&nbsp;die verschiedenen Varianten bei&nbsp;<strong>Sendungen mit einem Wert von bis zu EUR&nbsp;150.&ndash;<\/strong>&nbsp;auf. Ein sehr aktueller Beitrag, dessen Thematik viele H&auml;ndler in der Schweiz seit letztem Jahr stark besch&auml;ftigt oder noch besch&auml;ftigen wird.<\/p><p>In einem weiteren sehr aktuellen Beitrag mit einem geheimnisvollen Titel befasst sich&nbsp;<strong>Philippe Weber-Lortsch<\/strong>&nbsp;<strong>und Laura Kaschny<\/strong>&nbsp;mit dem&nbsp;<strong>Bereitstellungsverbot<\/strong>&nbsp;von wirtschaftlichen Ressourcen an in Sanktionslisten aufgef&uuml;hrte Personen und dessen Auslegung, insbesondere mit der Frage:&nbsp;<strong>Wie weit ist &laquo;sehr weit&raquo;?<\/strong><\/p><p>Von den&nbsp;<strong>Vereinfachungen bei Dreiecksgesch&auml;ften<\/strong>&nbsp;m&ouml;chten viele Unternehmungen profitieren, darum ist das in &Ouml;sterreich erstmals durch das h&ouml;chste Gericht gef&auml;llte Urteil im Zusammenhang mit dem mittleren Unternehmer ein wichtiger und auch richtiger Entscheid.&nbsp;<strong>Peter Pichler und Julia Wagenthaler<\/strong>&nbsp;beschreiben die Konsequenzen insbesondere auch f&uuml;r Unternehmungen aus der Schweiz.<\/p><p>Wie gewohnt finden Sie am Schluss die&nbsp;<strong>Rechtsprechung Schweiz<\/strong>&nbsp;(mit sechs Urteilen und einem Kurzhinweis) und die&nbsp;<strong>Rechtsprechung Ausland<\/strong>&nbsp;(ebenfalls sechs Urteile) mit zahlreichen Erl&auml;uterungen.<\/p><p>Ich w&uuml;nsche Ihnen einen sch&ouml;nen Sommer.<\/p><p><strong>Ihr Markus Metzger<\/strong><\/p>\n","protected":false},"excerpt":{"rendered":"<p>Regine Schluckebier und Markus Metzger \u00fcber den Wechsel in der Redaktion und die aktuelle Ausgabe.<\/p>\n","protected":false},"author":4,"featured_media":0,"template":"","meta":{"_acf_changed":false,"authors":[{"ID":52,"display_name":"Regine Schluckebier","first_name":"Regine","last_name":"Schluckebier","description":"<p>Rechtsanw\u00e4ltin,<br \/>\nMWST-Expertin FH, Chefredaktorin der Zoll + MWST Revue<\/p>\n","image":"https:\/\/steuerportal.ch\/wp-content\/uploads\/2019\/11\/Regine_Schluckebier_sw2-220x220.jpg","organiser_data":[],"url":"https:\/\/steuerportal.ch\/fr\/autoren\/regine-schluckebier\/"},{"ID":1180,"display_name":"Markus Metzger","first_name":"Markus","last_name":"Metzger","description":"<p>Betriebs\u00f6konom FH, dipl. Steuerexperte, MWST-Experte, eMBA Uni Z\u00fcrich, Partner Tax Team AG, Mitglied Subkommission MWST von EXPERTsuisse<\/p>\n","image":"https:\/\/steuerportal.ch\/wp-content\/uploads\/2021\/07\/Markus-Metzger_1_retuschiert_Kopf-gross_sw-220x220.jpg","organiser_data":[],"url":"https:\/\/steuerportal.ch\/fr\/autoren\/markus-metzger\/"}],"related_sht_promodule":["<a href=\"https:\/\/steuerportal.ch\/fachmodule\/zollrevue\/abhandlungen\/\">Zoll Revue &#8594; Abhandlungen<\/a>"],"pdf":"https:\/\/steuerportal.ch\/fr\/articles-specialises\/in-kuerze-2-2022\/shtpdf\/","language":"de"},"sht_proarticle_category":[281],"sht_proarticle_tag":[],"class_list":["post-13390","sht_proarticle","type-sht_proarticle","status-publish","hentry","sht_proarticle_category-abhandlungen-2"],"acf":{"authors":[52,1180]},"shp_steuerportal_must_use":{"translations":[{"id":13390,"link":"https:\/\/steuerportal.ch\/fr\/articles-specialises\/in-kuerze-2-2022\/","title":{"rendered":"In K\u00fcrze 2\/2022"},"language":"de"}]},"yoast_head":"<!-- This site is optimized with the Yoast SEO plugin v27.4 - https:\/\/yoast.com\/product\/yoast-seo-wordpress\/ -->\n<title>In K\u00fcrze 2\/2022 &#8226; steuerportal.ch<\/title>\n<meta name=\"robots\" content=\"index, follow, max-snippet:-1, max-image-preview:large, max-video-preview:-1\" \/>\n<link rel=\"canonical\" href=\"https:\/\/steuerportal.ch\/fr\/articles-specialises\/in-kuerze-2-2022\/\" \/>\n<meta property=\"og:locale\" content=\"fr_FR\" \/>\n<meta property=\"og:type\" content=\"article\" \/>\n<meta property=\"og:title\" content=\"In K\u00fcrze 2\/2022 &#8226; steuerportal.ch\" \/>\n<meta property=\"og:description\" content=\"Regine Schluckebier und Markus Metzger \u00fcber den Wechsel in der Redaktion und die aktuelle Ausgabe.\" \/>\n<meta property=\"og:url\" content=\"https:\/\/steuerportal.ch\/fr\/articles-specialises\/in-kuerze-2-2022\/\" \/>\n<meta property=\"og:site_name\" content=\"steuerportal.ch\" \/>\n<meta property=\"article:modified_time\" content=\"2022-07-03T07:56:16+00:00\" \/>\n<meta name=\"twitter:card\" content=\"summary_large_image\" \/>\n<meta name=\"twitter:label1\" content=\"Dur\u00e9e de lecture estim\u00e9e\" \/>\n\t<meta name=\"twitter:data1\" content=\"4 minutes\" \/>\n<script type=\"application\/ld+json\" class=\"yoast-schema-graph\">{\"@context\":\"https:\\\/\\\/schema.org\",\"@graph\":[{\"@type\":\"WebPage\",\"@id\":\"https:\\\/\\\/steuerportal.ch\\\/fr\\\/articles-specialises\\\/in-kuerze-2-2022\\\/\",\"url\":\"https:\\\/\\\/steuerportal.ch\\\/fr\\\/articles-specialises\\\/in-kuerze-2-2022\\\/\",\"name\":\"In K\u00fcrze 2\\\/2022 &#8226; steuerportal.ch\",\"isPartOf\":{\"@id\":\"https:\\\/\\\/steuerportal.ch\\\/fr\\\/#website\"},\"datePublished\":\"2022-07-02T08:53:00+00:00\",\"dateModified\":\"2022-07-03T07:56:16+00:00\",\"breadcrumb\":{\"@id\":\"https:\\\/\\\/steuerportal.ch\\\/fr\\\/articles-specialises\\\/in-kuerze-2-2022\\\/#breadcrumb\"},\"inLanguage\":\"fr-FR\",\"potentialAction\":[{\"@type\":\"ReadAction\",\"target\":[\"https:\\\/\\\/steuerportal.ch\\\/fr\\\/articles-specialises\\\/in-kuerze-2-2022\\\/\"]}]},{\"@type\":\"BreadcrumbList\",\"@id\":\"https:\\\/\\\/steuerportal.ch\\\/fr\\\/articles-specialises\\\/in-kuerze-2-2022\\\/#breadcrumb\",\"itemListElement\":[{\"@type\":\"ListItem\",\"position\":1,\"name\":\"Page d'accueil\",\"item\":\"https:\\\/\\\/steuerportal.ch\\\/fr\\\/\"},{\"@type\":\"ListItem\",\"position\":2,\"name\":\"Fachartikel\",\"item\":\"https:\\\/\\\/steuerportal.ch\\\/fr\\\/articles-specialises\\\/\"},{\"@type\":\"ListItem\",\"position\":3,\"name\":\"In K\u00fcrze 2\\\/2022\"}]},{\"@type\":\"WebSite\",\"@id\":\"https:\\\/\\\/steuerportal.ch\\\/fr\\\/#website\",\"url\":\"https:\\\/\\\/steuerportal.ch\\\/fr\\\/\",\"name\":\"steuerportal.ch\",\"description\":\"Le portail suisse sp\u00e9cialis\u00e9 dans le domaine des imp\u00f4ts\",\"publisher\":{\"@id\":\"https:\\\/\\\/steuerportal.ch\\\/fr\\\/#organization\"},\"potentialAction\":[{\"@type\":\"SearchAction\",\"target\":{\"@type\":\"EntryPoint\",\"urlTemplate\":\"https:\\\/\\\/steuerportal.ch\\\/fr\\\/?s={search_term_string}\"},\"query-input\":{\"@type\":\"PropertyValueSpecification\",\"valueRequired\":true,\"valueName\":\"search_term_string\"}}],\"inLanguage\":\"fr-FR\"},{\"@type\":\"Organization\",\"@id\":\"https:\\\/\\\/steuerportal.ch\\\/fr\\\/#organization\",\"name\":\"Steuerportal (Cosmos Verlag)\",\"url\":\"https:\\\/\\\/steuerportal.ch\\\/fr\\\/\",\"logo\":{\"@type\":\"ImageObject\",\"inLanguage\":\"fr-FR\",\"@id\":\"https:\\\/\\\/steuerportal.ch\\\/fr\\\/#\\\/schema\\\/logo\\\/image\\\/\",\"url\":\"https:\\\/\\\/steuerportal.ch\\\/wp-content\\\/uploads\\\/2021\\\/06\\\/cosmos_c-strich_h_positiv_bunt.svg\",\"contentUrl\":\"https:\\\/\\\/steuerportal.ch\\\/wp-content\\\/uploads\\\/2021\\\/06\\\/cosmos_c-strich_h_positiv_bunt.svg\",\"width\":191,\"height\":44,\"caption\":\"Steuerportal (Cosmos Verlag)\"},\"image\":{\"@id\":\"https:\\\/\\\/steuerportal.ch\\\/fr\\\/#\\\/schema\\\/logo\\\/image\\\/\"}}]}<\/script>\n<!-- \/ Yoast SEO plugin. -->","yoast_head_json":{"title":"In K\u00fcrze 2\/2022 &#8226; steuerportal.ch","robots":{"index":"index","follow":"follow","max-snippet":"max-snippet:-1","max-image-preview":"max-image-preview:large","max-video-preview":"max-video-preview:-1"},"canonical":"https:\/\/steuerportal.ch\/fr\/articles-specialises\/in-kuerze-2-2022\/","og_locale":"fr_FR","og_type":"article","og_title":"In K\u00fcrze 2\/2022 &#8226; steuerportal.ch","og_description":"Regine Schluckebier und Markus Metzger \u00fcber den Wechsel in der Redaktion und die aktuelle Ausgabe.","og_url":"https:\/\/steuerportal.ch\/fr\/articles-specialises\/in-kuerze-2-2022\/","og_site_name":"steuerportal.ch","article_modified_time":"2022-07-03T07:56:16+00:00","twitter_card":"summary_large_image","twitter_misc":{"Dur\u00e9e de lecture estim\u00e9e":"4 minutes"},"schema":{"@context":"https:\/\/schema.org","@graph":[{"@type":"WebPage","@id":"https:\/\/steuerportal.ch\/fr\/articles-specialises\/in-kuerze-2-2022\/","url":"https:\/\/steuerportal.ch\/fr\/articles-specialises\/in-kuerze-2-2022\/","name":"In K\u00fcrze 2\/2022 &#8226; steuerportal.ch","isPartOf":{"@id":"https:\/\/steuerportal.ch\/fr\/#website"},"datePublished":"2022-07-02T08:53:00+00:00","dateModified":"2022-07-03T07:56:16+00:00","breadcrumb":{"@id":"https:\/\/steuerportal.ch\/fr\/articles-specialises\/in-kuerze-2-2022\/#breadcrumb"},"inLanguage":"fr-FR","potentialAction":[{"@type":"ReadAction","target":["https:\/\/steuerportal.ch\/fr\/articles-specialises\/in-kuerze-2-2022\/"]}]},{"@type":"BreadcrumbList","@id":"https:\/\/steuerportal.ch\/fr\/articles-specialises\/in-kuerze-2-2022\/#breadcrumb","itemListElement":[{"@type":"ListItem","position":1,"name":"Page d'accueil","item":"https:\/\/steuerportal.ch\/fr\/"},{"@type":"ListItem","position":2,"name":"Fachartikel","item":"https:\/\/steuerportal.ch\/fr\/articles-specialises\/"},{"@type":"ListItem","position":3,"name":"In K\u00fcrze 2\/2022"}]},{"@type":"WebSite","@id":"https:\/\/steuerportal.ch\/fr\/#website","url":"https:\/\/steuerportal.ch\/fr\/","name":"steuerportal.ch","description":"Le portail suisse sp\u00e9cialis\u00e9 dans le domaine des imp\u00f4ts","publisher":{"@id":"https:\/\/steuerportal.ch\/fr\/#organization"},"potentialAction":[{"@type":"SearchAction","target":{"@type":"EntryPoint","urlTemplate":"https:\/\/steuerportal.ch\/fr\/?s={search_term_string}"},"query-input":{"@type":"PropertyValueSpecification","valueRequired":true,"valueName":"search_term_string"}}],"inLanguage":"fr-FR"},{"@type":"Organization","@id":"https:\/\/steuerportal.ch\/fr\/#organization","name":"Steuerportal (Cosmos Verlag)","url":"https:\/\/steuerportal.ch\/fr\/","logo":{"@type":"ImageObject","inLanguage":"fr-FR","@id":"https:\/\/steuerportal.ch\/fr\/#\/schema\/logo\/image\/","url":"https:\/\/steuerportal.ch\/wp-content\/uploads\/2021\/06\/cosmos_c-strich_h_positiv_bunt.svg","contentUrl":"https:\/\/steuerportal.ch\/wp-content\/uploads\/2021\/06\/cosmos_c-strich_h_positiv_bunt.svg","width":191,"height":44,"caption":"Steuerportal (Cosmos Verlag)"},"image":{"@id":"https:\/\/steuerportal.ch\/fr\/#\/schema\/logo\/image\/"}}]}},"_links":{"self":[{"href":"https:\/\/steuerportal.ch\/fr\/wp-json\/wp\/v2\/sht_proarticle\/13390","targetHints":{"allow":["GET"]}}],"collection":[{"href":"https:\/\/steuerportal.ch\/fr\/wp-json\/wp\/v2\/sht_proarticle"}],"about":[{"href":"https:\/\/steuerportal.ch\/fr\/wp-json\/wp\/v2\/types\/sht_proarticle"}],"author":[{"embeddable":true,"href":"https:\/\/steuerportal.ch\/fr\/wp-json\/wp\/v2\/users\/4"}],"version-history":[{"count":0,"href":"https:\/\/steuerportal.ch\/fr\/wp-json\/wp\/v2\/sht_proarticle\/13390\/revisions"}],"acf:user":[{"embeddable":true,"href":"https:\/\/steuerportal.ch\/fr\/wp-json\/wp\/v2\/users\/1180"},{"embeddable":true,"href":"https:\/\/steuerportal.ch\/fr\/wp-json\/wp\/v2\/users\/52"}],"wp:attachment":[{"href":"https:\/\/steuerportal.ch\/fr\/wp-json\/wp\/v2\/media?parent=13390"}],"wp:term":[{"taxonomy":"sht_proarticle_category","embeddable":true,"href":"https:\/\/steuerportal.ch\/fr\/wp-json\/wp\/v2\/sht_proarticle_category?post=13390"},{"taxonomy":"sht_proarticle_tag","embeddable":true,"href":"https:\/\/steuerportal.ch\/fr\/wp-json\/wp\/v2\/sht_proarticle_tag?post=13390"}],"curies":[{"name":"wp","href":"https:\/\/api.w.org\/{rel}","templated":true}]}}