{"id":13363,"date":"2022-07-02T09:29:00","date_gmt":"2022-07-02T07:29:00","guid":{"rendered":"https:\/\/steuerportal.ch\/?post_type=sht_proarticle&#038;p=13363"},"modified":"2022-07-03T09:06:29","modified_gmt":"2022-07-03T07:06:29","slug":"neue-entwicklungen-beim-umsatzsteuerlichen-dreiecksgeschaeft-in-oesterreich","status":"publish","type":"sht_proarticle","link":"https:\/\/steuerportal.ch\/fr\/articles-specialises\/neue-entwicklungen-beim-umsatzsteuerlichen-dreiecksgeschaeft-in-oesterreich\/","title":{"rendered":"Neue Entwicklungen beim umsatzsteuerlichen Dreiecksgesch\u00e4ft in \u00d6sterreich"},"content":{"rendered":"","protected":true},"excerpt":{"rendered":"<p>Die Vereinfachungsregelungen f\u00fcr Dreiecksgesch\u00e4fte sind nach j\u00fcngster Auffassung des \u00f6sterreichischen VwGH auch dann anwendbar, wenn der mittlere Unternehmer bereits im Bestimmungsland zur Umsatzsteuer registriert (jedoch nicht ans\u00e4ssig) ist, im konkreten Fall aber die UID-Nummer eines anderen Mitgliedstaats verwendet. Peter Pichler und Julia Wagenthaler analysieren die Relevanz dieser neuen Entwicklungen aus der Sicht von Schweizer Unternehmen.<\/p>\n","protected":false},"author":4,"featured_media":0,"template":"","meta":{"_acf_changed":false,"authors":[{"ID":1608,"display_name":"Peter Pichler","first_name":"Peter","last_name":"Pichler","description":"<p>Dr. iur., Partner bei LeitnerLeitner, Linz<\/p>\n","image":"https:\/\/steuerportal.ch\/wp-content\/uploads\/2022\/07\/Pichler-Peter_sw-220x220.jpg","organiser_data":[],"url":"https:\/\/steuerportal.ch\/fr\/autoren\/peter-pichler\/"},{"ID":1609,"display_name":"Julia Wagenthaler","first_name":"Julia","last_name":"Wagenthaler","description":"<p>Mag. iur., Assistant VAT bei LeitnerLeitner, Linz<\/p>\n","image":"https:\/\/steuerportal.ch\/wp-content\/uploads\/2022\/07\/Wagenthaler-Julia_sw-220x220.jpg","organiser_data":[],"url":"https:\/\/steuerportal.ch\/fr\/autoren\/julia-wagenthaler\/"}],"related_sht_promodule":["<a href=\"https:\/\/steuerportal.ch\/fachmodule\/zollrevue\/abhandlungen\/\">Zoll Revue &#8594; Abhandlungen<\/a>"],"pdf":"https:\/\/steuerportal.ch\/fr\/articles-specialises\/neue-entwicklungen-beim-umsatzsteuerlichen-dreiecksgeschaeft-in-oesterreich\/shtpdf\/","language":"de"},"sht_proarticle_category":[281],"sht_proarticle_tag":[],"class_list":["post-13363","sht_proarticle","type-sht_proarticle","status-publish","hentry","sht_proarticle_category-abhandlungen-2"],"acf":{"authors":[1608,1609]},"shp_steuerportal_must_use":{"translations":[{"id":13363,"link":"https:\/\/steuerportal.ch\/fr\/articles-specialises\/neue-entwicklungen-beim-umsatzsteuerlichen-dreiecksgeschaeft-in-oesterreich\/","title":{"rendered":"Neue Entwicklungen beim umsatzsteuerlichen Dreiecksgesch\u00e4ft in \u00d6sterreich"},"language":"de"}]},"yoast_head":"<!-- This site is optimized with the Yoast SEO plugin v27.5 - https:\/\/yoast.com\/product\/yoast-seo-wordpress\/ -->\n<title>Neue Entwicklungen beim umsatzsteuerlichen Dreiecksgesch\u00e4ft in \u00d6sterreich &#8226; steuerportal.ch<\/title>\n<meta name=\"robots\" content=\"index, follow, max-snippet:-1, max-image-preview:large, max-video-preview:-1\" \/>\n<link rel=\"canonical\" href=\"https:\/\/steuerportal.ch\/fr\/articles-specialises\/neue-entwicklungen-beim-umsatzsteuerlichen-dreiecksgeschaeft-in-oesterreich\/\" \/>\n<meta property=\"og:locale\" content=\"fr_FR\" \/>\n<meta property=\"og:type\" content=\"article\" \/>\n<meta property=\"og:title\" content=\"Neue Entwicklungen beim umsatzsteuerlichen Dreiecksgesch\u00e4ft in \u00d6sterreich &#8226; steuerportal.ch\" \/>\n<meta property=\"og:description\" content=\"Die Vereinfachungsregelungen f\u00fcr Dreiecksgesch\u00e4fte sind nach j\u00fcngster Auffassung des \u00f6sterreichischen VwGH auch dann anwendbar, wenn der mittlere Unternehmer bereits im Bestimmungsland zur Umsatzsteuer registriert (jedoch nicht ans\u00e4ssig) ist, im konkreten Fall aber die UID-Nummer eines anderen Mitgliedstaats verwendet. Peter Pichler und Julia Wagenthaler analysieren die Relevanz dieser neuen Entwicklungen aus der Sicht von Schweizer Unternehmen.\" \/>\n<meta property=\"og:url\" content=\"https:\/\/steuerportal.ch\/fr\/articles-specialises\/neue-entwicklungen-beim-umsatzsteuerlichen-dreiecksgeschaeft-in-oesterreich\/\" \/>\n<meta property=\"og:site_name\" content=\"steuerportal.ch\" \/>\n<meta property=\"article:modified_time\" content=\"2022-07-03T07:06:29+00:00\" \/>\n<meta property=\"og:image\" content=\"https:\/\/steuerportal.ch\/wp-content\/uploads\/2022\/07\/ZMR-2-2022_Pichler-Wagenthaler_Grafik-1.jpg\" \/>\n<meta name=\"twitter:card\" content=\"summary_large_image\" \/>\n<meta name=\"twitter:label1\" content=\"Dur\u00e9e de lecture estim\u00e9e\" \/>\n\t<meta name=\"twitter:data1\" content=\"15 minutes\" \/>\n<script type=\"application\/ld+json\" class=\"yoast-schema-graph\">{\"@context\":\"https:\\\/\\\/schema.org\",\"@graph\":[{\"@type\":\"WebPage\",\"@id\":\"https:\\\/\\\/steuerportal.ch\\\/fr\\\/articles-specialises\\\/neue-entwicklungen-beim-umsatzsteuerlichen-dreiecksgeschaeft-in-oesterreich\\\/\",\"url\":\"https:\\\/\\\/steuerportal.ch\\\/fr\\\/articles-specialises\\\/neue-entwicklungen-beim-umsatzsteuerlichen-dreiecksgeschaeft-in-oesterreich\\\/\",\"name\":\"Neue Entwicklungen beim umsatzsteuerlichen Dreiecksgesch\u00e4ft in \u00d6sterreich &#8226; steuerportal.ch\",\"isPartOf\":{\"@id\":\"https:\\\/\\\/steuerportal.ch\\\/fr\\\/#website\"},\"primaryImageOfPage\":{\"@id\":\"https:\\\/\\\/steuerportal.ch\\\/fr\\\/articles-specialises\\\/neue-entwicklungen-beim-umsatzsteuerlichen-dreiecksgeschaeft-in-oesterreich\\\/#primaryimage\"},\"image\":{\"@id\":\"https:\\\/\\\/steuerportal.ch\\\/fr\\\/articles-specialises\\\/neue-entwicklungen-beim-umsatzsteuerlichen-dreiecksgeschaeft-in-oesterreich\\\/#primaryimage\"},\"thumbnailUrl\":\"https:\\\/\\\/steuerportal.ch\\\/wp-content\\\/uploads\\\/2022\\\/07\\\/ZMR-2-2022_Pichler-Wagenthaler_Grafik-1.jpg\",\"datePublished\":\"2022-07-02T07:29:00+00:00\",\"dateModified\":\"2022-07-03T07:06:29+00:00\",\"breadcrumb\":{\"@id\":\"https:\\\/\\\/steuerportal.ch\\\/fr\\\/articles-specialises\\\/neue-entwicklungen-beim-umsatzsteuerlichen-dreiecksgeschaeft-in-oesterreich\\\/#breadcrumb\"},\"inLanguage\":\"fr-FR\",\"potentialAction\":[{\"@type\":\"ReadAction\",\"target\":[\"https:\\\/\\\/steuerportal.ch\\\/fr\\\/articles-specialises\\\/neue-entwicklungen-beim-umsatzsteuerlichen-dreiecksgeschaeft-in-oesterreich\\\/\"]}]},{\"@type\":\"ImageObject\",\"inLanguage\":\"fr-FR\",\"@id\":\"https:\\\/\\\/steuerportal.ch\\\/fr\\\/articles-specialises\\\/neue-entwicklungen-beim-umsatzsteuerlichen-dreiecksgeschaeft-in-oesterreich\\\/#primaryimage\",\"url\":\"https:\\\/\\\/steuerportal.ch\\\/wp-content\\\/uploads\\\/2022\\\/07\\\/ZMR-2-2022_Pichler-Wagenthaler_Grafik-1.jpg\",\"contentUrl\":\"https:\\\/\\\/steuerportal.ch\\\/wp-content\\\/uploads\\\/2022\\\/07\\\/ZMR-2-2022_Pichler-Wagenthaler_Grafik-1.jpg\"},{\"@type\":\"BreadcrumbList\",\"@id\":\"https:\\\/\\\/steuerportal.ch\\\/fr\\\/articles-specialises\\\/neue-entwicklungen-beim-umsatzsteuerlichen-dreiecksgeschaeft-in-oesterreich\\\/#breadcrumb\",\"itemListElement\":[{\"@type\":\"ListItem\",\"position\":1,\"name\":\"Page d'accueil\",\"item\":\"https:\\\/\\\/steuerportal.ch\\\/fr\\\/\"},{\"@type\":\"ListItem\",\"position\":2,\"name\":\"Fachartikel\",\"item\":\"https:\\\/\\\/steuerportal.ch\\\/fr\\\/articles-specialises\\\/\"},{\"@type\":\"ListItem\",\"position\":3,\"name\":\"Neue Entwicklungen beim umsatzsteuerlichen Dreiecksgesch\u00e4ft in \u00d6sterreich\"}]},{\"@type\":\"WebSite\",\"@id\":\"https:\\\/\\\/steuerportal.ch\\\/fr\\\/#website\",\"url\":\"https:\\\/\\\/steuerportal.ch\\\/fr\\\/\",\"name\":\"steuerportal.ch\",\"description\":\"Le portail suisse sp\u00e9cialis\u00e9 dans le domaine des imp\u00f4ts\",\"publisher\":{\"@id\":\"https:\\\/\\\/steuerportal.ch\\\/fr\\\/#organization\"},\"potentialAction\":[{\"@type\":\"SearchAction\",\"target\":{\"@type\":\"EntryPoint\",\"urlTemplate\":\"https:\\\/\\\/steuerportal.ch\\\/fr\\\/?s={search_term_string}\"},\"query-input\":{\"@type\":\"PropertyValueSpecification\",\"valueRequired\":true,\"valueName\":\"search_term_string\"}}],\"inLanguage\":\"fr-FR\"},{\"@type\":\"Organization\",\"@id\":\"https:\\\/\\\/steuerportal.ch\\\/fr\\\/#organization\",\"name\":\"Steuerportal (Cosmos Verlag)\",\"url\":\"https:\\\/\\\/steuerportal.ch\\\/fr\\\/\",\"logo\":{\"@type\":\"ImageObject\",\"inLanguage\":\"fr-FR\",\"@id\":\"https:\\\/\\\/steuerportal.ch\\\/fr\\\/#\\\/schema\\\/logo\\\/image\\\/\",\"url\":\"https:\\\/\\\/steuerportal.ch\\\/wp-content\\\/uploads\\\/2021\\\/06\\\/cosmos_c-strich_h_positiv_bunt.svg\",\"contentUrl\":\"https:\\\/\\\/steuerportal.ch\\\/wp-content\\\/uploads\\\/2021\\\/06\\\/cosmos_c-strich_h_positiv_bunt.svg\",\"width\":191,\"height\":44,\"caption\":\"Steuerportal (Cosmos Verlag)\"},\"image\":{\"@id\":\"https:\\\/\\\/steuerportal.ch\\\/fr\\\/#\\\/schema\\\/logo\\\/image\\\/\"}}]}<\/script>\n<!-- \/ Yoast SEO plugin. -->","yoast_head_json":{"title":"Neue Entwicklungen beim umsatzsteuerlichen Dreiecksgesch\u00e4ft in \u00d6sterreich &#8226; steuerportal.ch","robots":{"index":"index","follow":"follow","max-snippet":"max-snippet:-1","max-image-preview":"max-image-preview:large","max-video-preview":"max-video-preview:-1"},"canonical":"https:\/\/steuerportal.ch\/fr\/articles-specialises\/neue-entwicklungen-beim-umsatzsteuerlichen-dreiecksgeschaeft-in-oesterreich\/","og_locale":"fr_FR","og_type":"article","og_title":"Neue Entwicklungen beim umsatzsteuerlichen Dreiecksgesch\u00e4ft in \u00d6sterreich &#8226; steuerportal.ch","og_description":"Die Vereinfachungsregelungen f\u00fcr Dreiecksgesch\u00e4fte sind nach j\u00fcngster Auffassung des \u00f6sterreichischen VwGH auch dann anwendbar, wenn der mittlere Unternehmer bereits im Bestimmungsland zur Umsatzsteuer registriert (jedoch nicht ans\u00e4ssig) ist, im konkreten Fall aber die UID-Nummer eines anderen Mitgliedstaats verwendet. Peter Pichler und Julia Wagenthaler analysieren die Relevanz dieser neuen Entwicklungen aus der Sicht von Schweizer Unternehmen.","og_url":"https:\/\/steuerportal.ch\/fr\/articles-specialises\/neue-entwicklungen-beim-umsatzsteuerlichen-dreiecksgeschaeft-in-oesterreich\/","og_site_name":"steuerportal.ch","article_modified_time":"2022-07-03T07:06:29+00:00","og_image":[{"url":"https:\/\/steuerportal.ch\/wp-content\/uploads\/2022\/07\/ZMR-2-2022_Pichler-Wagenthaler_Grafik-1.jpg","type":"","width":"","height":""}],"twitter_card":"summary_large_image","twitter_misc":{"Dur\u00e9e de lecture estim\u00e9e":"15 minutes"},"schema":{"@context":"https:\/\/schema.org","@graph":[{"@type":"WebPage","@id":"https:\/\/steuerportal.ch\/fr\/articles-specialises\/neue-entwicklungen-beim-umsatzsteuerlichen-dreiecksgeschaeft-in-oesterreich\/","url":"https:\/\/steuerportal.ch\/fr\/articles-specialises\/neue-entwicklungen-beim-umsatzsteuerlichen-dreiecksgeschaeft-in-oesterreich\/","name":"Neue Entwicklungen beim umsatzsteuerlichen Dreiecksgesch\u00e4ft in \u00d6sterreich &#8226; steuerportal.ch","isPartOf":{"@id":"https:\/\/steuerportal.ch\/fr\/#website"},"primaryImageOfPage":{"@id":"https:\/\/steuerportal.ch\/fr\/articles-specialises\/neue-entwicklungen-beim-umsatzsteuerlichen-dreiecksgeschaeft-in-oesterreich\/#primaryimage"},"image":{"@id":"https:\/\/steuerportal.ch\/fr\/articles-specialises\/neue-entwicklungen-beim-umsatzsteuerlichen-dreiecksgeschaeft-in-oesterreich\/#primaryimage"},"thumbnailUrl":"https:\/\/steuerportal.ch\/wp-content\/uploads\/2022\/07\/ZMR-2-2022_Pichler-Wagenthaler_Grafik-1.jpg","datePublished":"2022-07-02T07:29:00+00:00","dateModified":"2022-07-03T07:06:29+00:00","breadcrumb":{"@id":"https:\/\/steuerportal.ch\/fr\/articles-specialises\/neue-entwicklungen-beim-umsatzsteuerlichen-dreiecksgeschaeft-in-oesterreich\/#breadcrumb"},"inLanguage":"fr-FR","potentialAction":[{"@type":"ReadAction","target":["https:\/\/steuerportal.ch\/fr\/articles-specialises\/neue-entwicklungen-beim-umsatzsteuerlichen-dreiecksgeschaeft-in-oesterreich\/"]}]},{"@type":"ImageObject","inLanguage":"fr-FR","@id":"https:\/\/steuerportal.ch\/fr\/articles-specialises\/neue-entwicklungen-beim-umsatzsteuerlichen-dreiecksgeschaeft-in-oesterreich\/#primaryimage","url":"https:\/\/steuerportal.ch\/wp-content\/uploads\/2022\/07\/ZMR-2-2022_Pichler-Wagenthaler_Grafik-1.jpg","contentUrl":"https:\/\/steuerportal.ch\/wp-content\/uploads\/2022\/07\/ZMR-2-2022_Pichler-Wagenthaler_Grafik-1.jpg"},{"@type":"BreadcrumbList","@id":"https:\/\/steuerportal.ch\/fr\/articles-specialises\/neue-entwicklungen-beim-umsatzsteuerlichen-dreiecksgeschaeft-in-oesterreich\/#breadcrumb","itemListElement":[{"@type":"ListItem","position":1,"name":"Page d'accueil","item":"https:\/\/steuerportal.ch\/fr\/"},{"@type":"ListItem","position":2,"name":"Fachartikel","item":"https:\/\/steuerportal.ch\/fr\/articles-specialises\/"},{"@type":"ListItem","position":3,"name":"Neue Entwicklungen beim umsatzsteuerlichen Dreiecksgesch\u00e4ft in \u00d6sterreich"}]},{"@type":"WebSite","@id":"https:\/\/steuerportal.ch\/fr\/#website","url":"https:\/\/steuerportal.ch\/fr\/","name":"steuerportal.ch","description":"Le portail suisse sp\u00e9cialis\u00e9 dans le domaine des imp\u00f4ts","publisher":{"@id":"https:\/\/steuerportal.ch\/fr\/#organization"},"potentialAction":[{"@type":"SearchAction","target":{"@type":"EntryPoint","urlTemplate":"https:\/\/steuerportal.ch\/fr\/?s={search_term_string}"},"query-input":{"@type":"PropertyValueSpecification","valueRequired":true,"valueName":"search_term_string"}}],"inLanguage":"fr-FR"},{"@type":"Organization","@id":"https:\/\/steuerportal.ch\/fr\/#organization","name":"Steuerportal (Cosmos Verlag)","url":"https:\/\/steuerportal.ch\/fr\/","logo":{"@type":"ImageObject","inLanguage":"fr-FR","@id":"https:\/\/steuerportal.ch\/fr\/#\/schema\/logo\/image\/","url":"https:\/\/steuerportal.ch\/wp-content\/uploads\/2021\/06\/cosmos_c-strich_h_positiv_bunt.svg","contentUrl":"https:\/\/steuerportal.ch\/wp-content\/uploads\/2021\/06\/cosmos_c-strich_h_positiv_bunt.svg","width":191,"height":44,"caption":"Steuerportal (Cosmos Verlag)"},"image":{"@id":"https:\/\/steuerportal.ch\/fr\/#\/schema\/logo\/image\/"}}]}},"_links":{"self":[{"href":"https:\/\/steuerportal.ch\/fr\/wp-json\/wp\/v2\/sht_proarticle\/13363","targetHints":{"allow":["GET"]}}],"collection":[{"href":"https:\/\/steuerportal.ch\/fr\/wp-json\/wp\/v2\/sht_proarticle"}],"about":[{"href":"https:\/\/steuerportal.ch\/fr\/wp-json\/wp\/v2\/types\/sht_proarticle"}],"author":[{"embeddable":true,"href":"https:\/\/steuerportal.ch\/fr\/wp-json\/wp\/v2\/users\/4"}],"version-history":[{"count":0,"href":"https:\/\/steuerportal.ch\/fr\/wp-json\/wp\/v2\/sht_proarticle\/13363\/revisions"}],"acf:user":[{"embeddable":true,"href":"https:\/\/steuerportal.ch\/fr\/wp-json\/wp\/v2\/users\/1609"},{"embeddable":true,"href":"https:\/\/steuerportal.ch\/fr\/wp-json\/wp\/v2\/users\/1608"}],"wp:attachment":[{"href":"https:\/\/steuerportal.ch\/fr\/wp-json\/wp\/v2\/media?parent=13363"}],"wp:term":[{"taxonomy":"sht_proarticle_category","embeddable":true,"href":"https:\/\/steuerportal.ch\/fr\/wp-json\/wp\/v2\/sht_proarticle_category?post=13363"},{"taxonomy":"sht_proarticle_tag","embeddable":true,"href":"https:\/\/steuerportal.ch\/fr\/wp-json\/wp\/v2\/sht_proarticle_tag?post=13363"}],"curies":[{"name":"wp","href":"https:\/\/api.w.org\/{rel}","templated":true}]}}