{"id":10158,"date":"2022-01-03T13:31:00","date_gmt":"2022-01-03T12:31:00","guid":{"rendered":"https:\/\/steuerportal.ch\/?post_type=sht_proarticle&#038;p=10158"},"modified":"2022-01-10T13:52:17","modified_gmt":"2022-01-10T12:52:17","slug":"degrevement-de-l-impot-anticipe-selon-la-lecf","status":"publish","type":"sht_proarticle","link":"https:\/\/steuerportal.ch\/fr\/articles-specialises\/degrevement-de-l-impot-anticipe-selon-la-lecf\/","title":{"rendered":"D\u00e9gr\u00e8vement de l\u2019imp\u00f4t anticip\u00e9 selon la LECF"},"content":{"rendered":"","protected":true},"excerpt":{"rendered":"<p>Stefan Oesterhelt soumet la LECF, entr\u00e9e en vigueur le 1er janvier, et les dispositions proc\u00e9durales qu&rsquo;elle contient pour la r\u00e9cup\u00e9ration de l&rsquo;imp\u00f4t anticip\u00e9 dans les relations internationales \u00e0 un examen et une critique approfondis.<\/p>\n","protected":false},"author":4,"featured_media":0,"template":"","meta":{"_acf_changed":false,"authors":[{"ID":48,"display_name":"Stefan Oesterhelt","first_name":"Stefan","last_name":"Oesterhelt","description":"<p>Rechtsanwalt, LL.M., dipl. Steuerexperte, Partner, Homburger AG, Z\u00fcrich<\/p>\n","image":"https:\/\/steuerportal.ch\/wp-content\/uploads\/2019\/11\/Oesterhelt-220x220.png","organiser_data":[],"url":"https:\/\/steuerportal.ch\/fr\/autoren\/stefan-oesterhelt\/"}],"related_sht_promodule":["<a href=\"https:\/\/steuerportal.ch\/fr\/modules-specialises\/revue-fiscale\/articles-de-fond\/\">Revue fiscale &#8594; Articles de fond<\/a>"],"pdf":"https:\/\/steuerportal.ch\/fr\/articles-specialises\/degrevement-de-l-impot-anticipe-selon-la-lecf\/shtpdf\/","language":"fr"},"sht_proarticle_category":[266],"sht_proarticle_tag":[],"class_list":["post-10158","sht_proarticle","type-sht_proarticle","status-publish","hentry","sht_proarticle_category-articles-de-fond"],"acf":{"authors":[48]},"shp_steuerportal_must_use":{"translations":[{"id":10155,"link":"https:\/\/steuerportal.ch\/articles-specialises\/entlastung-von-der-verrechnungssteuer-nach-stadg\/","title":{"rendered":"Entlastung von der Verrechnungssteuer nach StADG"},"language":"de"},{"id":10158,"link":"https:\/\/steuerportal.ch\/fr\/articles-specialises\/degrevement-de-l-impot-anticipe-selon-la-lecf\/","title":{"rendered":"D\u00e9gr\u00e8vement de l\u2019imp\u00f4t anticip\u00e9 selon la LECF"},"language":"fr"}]},"yoast_head":"<!-- This site is optimized with the Yoast SEO plugin v27.4 - https:\/\/yoast.com\/product\/yoast-seo-wordpress\/ -->\n<title>D\u00e9gr\u00e8vement de l\u2019imp\u00f4t anticip\u00e9 selon la LECF &#8226; steuerportal.ch<\/title>\n<meta name=\"robots\" content=\"index, follow, max-snippet:-1, max-image-preview:large, max-video-preview:-1\" \/>\n<link rel=\"canonical\" href=\"https:\/\/steuerportal.ch\/fr\/articles-specialises\/degrevement-de-l-impot-anticipe-selon-la-lecf\/\" \/>\n<meta property=\"og:locale\" content=\"fr_FR\" \/>\n<meta property=\"og:type\" content=\"article\" \/>\n<meta property=\"og:title\" content=\"D\u00e9gr\u00e8vement de l\u2019imp\u00f4t anticip\u00e9 selon la LECF &#8226; steuerportal.ch\" \/>\n<meta property=\"og:description\" content=\"Stefan Oesterhelt soumet la LECF, entr\u00e9e en vigueur le 1er janvier, et les dispositions proc\u00e9durales qu&#039;elle contient pour la r\u00e9cup\u00e9ration de l&#039;imp\u00f4t anticip\u00e9 dans les relations internationales \u00e0 un examen et une critique approfondis.\" \/>\n<meta property=\"og:url\" content=\"https:\/\/steuerportal.ch\/fr\/articles-specialises\/degrevement-de-l-impot-anticipe-selon-la-lecf\/\" \/>\n<meta property=\"og:site_name\" content=\"steuerportal.ch\" \/>\n<meta property=\"article:modified_time\" content=\"2022-01-10T12:52:17+00:00\" \/>\n<meta name=\"twitter:card\" content=\"summary_large_image\" \/>\n<meta name=\"twitter:label1\" content=\"Dur\u00e9e de lecture estim\u00e9e\" \/>\n\t<meta name=\"twitter:data1\" content=\"43 minutes\" \/>\n<script type=\"application\/ld+json\" class=\"yoast-schema-graph\">{\"@context\":\"https:\\\/\\\/schema.org\",\"@graph\":[{\"@type\":\"WebPage\",\"@id\":\"https:\\\/\\\/steuerportal.ch\\\/fr\\\/articles-specialises\\\/degrevement-de-l-impot-anticipe-selon-la-lecf\\\/\",\"url\":\"https:\\\/\\\/steuerportal.ch\\\/fr\\\/articles-specialises\\\/degrevement-de-l-impot-anticipe-selon-la-lecf\\\/\",\"name\":\"D\u00e9gr\u00e8vement de l\u2019imp\u00f4t anticip\u00e9 selon la LECF &#8226; steuerportal.ch\",\"isPartOf\":{\"@id\":\"https:\\\/\\\/steuerportal.ch\\\/fr\\\/#website\"},\"datePublished\":\"2022-01-03T12:31:00+00:00\",\"dateModified\":\"2022-01-10T12:52:17+00:00\",\"breadcrumb\":{\"@id\":\"https:\\\/\\\/steuerportal.ch\\\/fr\\\/articles-specialises\\\/degrevement-de-l-impot-anticipe-selon-la-lecf\\\/#breadcrumb\"},\"inLanguage\":\"fr-FR\",\"potentialAction\":[{\"@type\":\"ReadAction\",\"target\":[\"https:\\\/\\\/steuerportal.ch\\\/fr\\\/articles-specialises\\\/degrevement-de-l-impot-anticipe-selon-la-lecf\\\/\"]}]},{\"@type\":\"BreadcrumbList\",\"@id\":\"https:\\\/\\\/steuerportal.ch\\\/fr\\\/articles-specialises\\\/degrevement-de-l-impot-anticipe-selon-la-lecf\\\/#breadcrumb\",\"itemListElement\":[{\"@type\":\"ListItem\",\"position\":1,\"name\":\"Page d'accueil\",\"item\":\"https:\\\/\\\/steuerportal.ch\\\/fr\\\/\"},{\"@type\":\"ListItem\",\"position\":2,\"name\":\"Fachartikel\",\"item\":\"https:\\\/\\\/steuerportal.ch\\\/fr\\\/articles-specialises\\\/\"},{\"@type\":\"ListItem\",\"position\":3,\"name\":\"D\u00e9gr\u00e8vement de l\u2019imp\u00f4t anticip\u00e9 selon la LECF\"}]},{\"@type\":\"WebSite\",\"@id\":\"https:\\\/\\\/steuerportal.ch\\\/fr\\\/#website\",\"url\":\"https:\\\/\\\/steuerportal.ch\\\/fr\\\/\",\"name\":\"steuerportal.ch\",\"description\":\"Le portail suisse sp\u00e9cialis\u00e9 dans le domaine des imp\u00f4ts\",\"publisher\":{\"@id\":\"https:\\\/\\\/steuerportal.ch\\\/fr\\\/#organization\"},\"potentialAction\":[{\"@type\":\"SearchAction\",\"target\":{\"@type\":\"EntryPoint\",\"urlTemplate\":\"https:\\\/\\\/steuerportal.ch\\\/fr\\\/?s={search_term_string}\"},\"query-input\":{\"@type\":\"PropertyValueSpecification\",\"valueRequired\":true,\"valueName\":\"search_term_string\"}}],\"inLanguage\":\"fr-FR\"},{\"@type\":\"Organization\",\"@id\":\"https:\\\/\\\/steuerportal.ch\\\/fr\\\/#organization\",\"name\":\"Steuerportal (Cosmos Verlag)\",\"url\":\"https:\\\/\\\/steuerportal.ch\\\/fr\\\/\",\"logo\":{\"@type\":\"ImageObject\",\"inLanguage\":\"fr-FR\",\"@id\":\"https:\\\/\\\/steuerportal.ch\\\/fr\\\/#\\\/schema\\\/logo\\\/image\\\/\",\"url\":\"https:\\\/\\\/steuerportal.ch\\\/wp-content\\\/uploads\\\/2021\\\/06\\\/cosmos_c-strich_h_positiv_bunt.svg\",\"contentUrl\":\"https:\\\/\\\/steuerportal.ch\\\/wp-content\\\/uploads\\\/2021\\\/06\\\/cosmos_c-strich_h_positiv_bunt.svg\",\"width\":191,\"height\":44,\"caption\":\"Steuerportal (Cosmos Verlag)\"},\"image\":{\"@id\":\"https:\\\/\\\/steuerportal.ch\\\/fr\\\/#\\\/schema\\\/logo\\\/image\\\/\"}}]}<\/script>\n<!-- \/ Yoast SEO plugin. -->","yoast_head_json":{"title":"D\u00e9gr\u00e8vement de l\u2019imp\u00f4t anticip\u00e9 selon la LECF &#8226; steuerportal.ch","robots":{"index":"index","follow":"follow","max-snippet":"max-snippet:-1","max-image-preview":"max-image-preview:large","max-video-preview":"max-video-preview:-1"},"canonical":"https:\/\/steuerportal.ch\/fr\/articles-specialises\/degrevement-de-l-impot-anticipe-selon-la-lecf\/","og_locale":"fr_FR","og_type":"article","og_title":"D\u00e9gr\u00e8vement de l\u2019imp\u00f4t anticip\u00e9 selon la LECF &#8226; steuerportal.ch","og_description":"Stefan Oesterhelt soumet la LECF, entr\u00e9e en vigueur le 1er janvier, et les dispositions proc\u00e9durales qu'elle contient pour la r\u00e9cup\u00e9ration de l'imp\u00f4t anticip\u00e9 dans les relations internationales \u00e0 un examen et une critique approfondis.","og_url":"https:\/\/steuerportal.ch\/fr\/articles-specialises\/degrevement-de-l-impot-anticipe-selon-la-lecf\/","og_site_name":"steuerportal.ch","article_modified_time":"2022-01-10T12:52:17+00:00","twitter_card":"summary_large_image","twitter_misc":{"Dur\u00e9e de lecture estim\u00e9e":"43 minutes"},"schema":{"@context":"https:\/\/schema.org","@graph":[{"@type":"WebPage","@id":"https:\/\/steuerportal.ch\/fr\/articles-specialises\/degrevement-de-l-impot-anticipe-selon-la-lecf\/","url":"https:\/\/steuerportal.ch\/fr\/articles-specialises\/degrevement-de-l-impot-anticipe-selon-la-lecf\/","name":"D\u00e9gr\u00e8vement de l\u2019imp\u00f4t anticip\u00e9 selon la LECF &#8226; steuerportal.ch","isPartOf":{"@id":"https:\/\/steuerportal.ch\/fr\/#website"},"datePublished":"2022-01-03T12:31:00+00:00","dateModified":"2022-01-10T12:52:17+00:00","breadcrumb":{"@id":"https:\/\/steuerportal.ch\/fr\/articles-specialises\/degrevement-de-l-impot-anticipe-selon-la-lecf\/#breadcrumb"},"inLanguage":"fr-FR","potentialAction":[{"@type":"ReadAction","target":["https:\/\/steuerportal.ch\/fr\/articles-specialises\/degrevement-de-l-impot-anticipe-selon-la-lecf\/"]}]},{"@type":"BreadcrumbList","@id":"https:\/\/steuerportal.ch\/fr\/articles-specialises\/degrevement-de-l-impot-anticipe-selon-la-lecf\/#breadcrumb","itemListElement":[{"@type":"ListItem","position":1,"name":"Page d'accueil","item":"https:\/\/steuerportal.ch\/fr\/"},{"@type":"ListItem","position":2,"name":"Fachartikel","item":"https:\/\/steuerportal.ch\/fr\/articles-specialises\/"},{"@type":"ListItem","position":3,"name":"D\u00e9gr\u00e8vement de l\u2019imp\u00f4t anticip\u00e9 selon la LECF"}]},{"@type":"WebSite","@id":"https:\/\/steuerportal.ch\/fr\/#website","url":"https:\/\/steuerportal.ch\/fr\/","name":"steuerportal.ch","description":"Le portail suisse sp\u00e9cialis\u00e9 dans le domaine des imp\u00f4ts","publisher":{"@id":"https:\/\/steuerportal.ch\/fr\/#organization"},"potentialAction":[{"@type":"SearchAction","target":{"@type":"EntryPoint","urlTemplate":"https:\/\/steuerportal.ch\/fr\/?s={search_term_string}"},"query-input":{"@type":"PropertyValueSpecification","valueRequired":true,"valueName":"search_term_string"}}],"inLanguage":"fr-FR"},{"@type":"Organization","@id":"https:\/\/steuerportal.ch\/fr\/#organization","name":"Steuerportal (Cosmos Verlag)","url":"https:\/\/steuerportal.ch\/fr\/","logo":{"@type":"ImageObject","inLanguage":"fr-FR","@id":"https:\/\/steuerportal.ch\/fr\/#\/schema\/logo\/image\/","url":"https:\/\/steuerportal.ch\/wp-content\/uploads\/2021\/06\/cosmos_c-strich_h_positiv_bunt.svg","contentUrl":"https:\/\/steuerportal.ch\/wp-content\/uploads\/2021\/06\/cosmos_c-strich_h_positiv_bunt.svg","width":191,"height":44,"caption":"Steuerportal (Cosmos Verlag)"},"image":{"@id":"https:\/\/steuerportal.ch\/fr\/#\/schema\/logo\/image\/"}}]}},"_links":{"self":[{"href":"https:\/\/steuerportal.ch\/fr\/wp-json\/wp\/v2\/sht_proarticle\/10158","targetHints":{"allow":["GET"]}}],"collection":[{"href":"https:\/\/steuerportal.ch\/fr\/wp-json\/wp\/v2\/sht_proarticle"}],"about":[{"href":"https:\/\/steuerportal.ch\/fr\/wp-json\/wp\/v2\/types\/sht_proarticle"}],"author":[{"embeddable":true,"href":"https:\/\/steuerportal.ch\/fr\/wp-json\/wp\/v2\/users\/4"}],"version-history":[{"count":0,"href":"https:\/\/steuerportal.ch\/fr\/wp-json\/wp\/v2\/sht_proarticle\/10158\/revisions"}],"acf:user":[{"embeddable":true,"href":"https:\/\/steuerportal.ch\/fr\/wp-json\/wp\/v2\/users\/48"}],"wp:attachment":[{"href":"https:\/\/steuerportal.ch\/fr\/wp-json\/wp\/v2\/media?parent=10158"}],"wp:term":[{"taxonomy":"sht_proarticle_category","embeddable":true,"href":"https:\/\/steuerportal.ch\/fr\/wp-json\/wp\/v2\/sht_proarticle_category?post=10158"},{"taxonomy":"sht_proarticle_tag","embeddable":true,"href":"https:\/\/steuerportal.ch\/fr\/wp-json\/wp\/v2\/sht_proarticle_tag?post=10158"}],"curies":[{"name":"wp","href":"https:\/\/api.w.org\/{rel}","templated":true}]}}